{"id":73,"date":"2017-08-08T18:45:43","date_gmt":"2017-08-08T18:45:43","guid":{"rendered":"http:\/\/volcanes.net\/?p=73"},"modified":"2017-08-08T18:45:43","modified_gmt":"2017-08-08T18:45:43","slug":"parque-museo-del-ferrocarril-abre-sus-puertas-a-los-mexiquenses-en-huehuetoca","status":"publish","type":"post","link":"https:\/\/volcanes.net\/?p=73","title":{"rendered":"Parque Museo del Ferrocarril abre sus puertas a los mexiquenses en Huehuetoca"},"content":{"rendered":"<div style=\"margin-top: 0px; margin-bottom: 0px;\" class=\"sharethis-inline-share-buttons\" ><\/div><p>Como parte del\u00a0<strong>Programa de Recuperaci\u00f3n de Espacios P\u00fablicos<\/strong>, la Secretar\u00eda del Medio Ambiente estatal inaugur\u00f3 el\u00a0<strong>Parque Museo del Ferrocarril<\/strong>, en la antigua estaci\u00f3n del tren de Huehuetoca, para que los mexiquenses tengan m\u00e1s lugares de esparcimiento y convivencia.<\/p>\n<p>El predio en el que se construy\u00f3 dicha obra est\u00e1 registrado ante el Instituto Nacional de Antropolog\u00eda e Historia como\u00a0 Monumento Hist\u00f3rico, pues fue construido en 1888, por lo que la Secretar\u00eda del Medio Ambiente rehabilit\u00f3 las edificaciones, respetando los sistemas constructivos y acabados originales. Tambi\u00e9n en las instalaciones del Parque Museo se montaron piezas de exhibici\u00f3n aut\u00e9nticas de la \u00e9poca del\u00a0 ferrocarril en M\u00e9xico.<\/p>\n<p>Por su parte, Fidel Vel\u00e1zquez, coordinador de Conservaci\u00f3n Ecol\u00f3gica, detall\u00f3 que adem\u00e1s de la obra civil, el parque fue equipado con pisos de concreto, guarnici\u00f3n perimetral, luminarias solares, bancas, m\u00f3dulos de recolecci\u00f3n de residuos, andadores y una cisterna para regar las cerca de 12 mil especies vegetales que se plantaron en el sitio. Destac\u00f3 que esta obra marca un referente, no s\u00f3lo a nivel estatal, sino nacional en lo que se refiere a materia de recreaci\u00f3n social y\u00a0 medio ambiente, adem\u00e1s de que beneficiar\u00e1 a cerca de 3 mil 500 habitantes.<\/p>\n<p>Por ello, se\u00f1al\u00f3 la importancia del Programa de Recuperaci\u00f3n de Espacios P\u00fablicos, a trav\u00e9s del cual la CGCE ha rehabilitado 57\u00a0<strong>\u00c1reas Verdes Urbanas<\/strong>\u00a0en lo que va de la administraci\u00f3n estatal.<\/p>\n","protected":false},"excerpt":{"rendered":"<p>Como parte del\u00a0Programa de Recuperaci\u00f3n de Espacios P\u00fablicos, la Secretar\u00eda del Medio Ambiente estatal inaugur\u00f3<\/p>\n","protected":false},"author":1,"featured_media":74,"comment_status":"open","ping_status":"open","sticky":false,"template":"","format":"standard","meta":{"footnotes":""},"categories":[3],"tags":[],"class_list":["post-73","post","type-post","status-publish","format-standard","has-post-thumbnail","hentry","category-estatales"],"yoast_head":"<!-- This site is optimized with the Yoast SEO plugin v25.3 - https:\/\/yoast.com\/wordpress\/plugins\/seo\/ -->\n<title>Parque Museo del Ferrocarril abre sus puertas a los mexiquenses en Huehuetoca - Volcanes<\/title>\n<meta name=\"robots\" content=\"index, follow, max-snippet:-1, max-image-preview:large, max-video-preview:-1\" \/>\n<link rel=\"canonical\" href=\"https:\/\/volcanes.net\/?p=73\" \/>\n<meta property=\"og:locale\" content=\"es_MX\" \/>\n<meta property=\"og:type\" content=\"article\" \/>\n<meta property=\"og:title\" content=\"Parque Museo del Ferrocarril abre sus puertas a los mexiquenses en Huehuetoca - Volcanes\" \/>\n<meta property=\"og:description\" content=\"Como parte del\u00a0Programa de Recuperaci\u00f3n de Espacios P\u00fablicos, la Secretar\u00eda del Medio Ambiente estatal inaugur\u00f3\" \/>\n<meta property=\"og:url\" content=\"https:\/\/volcanes.net\/?p=73\" \/>\n<meta property=\"og:site_name\" content=\"Volcanes\" \/>\n<meta property=\"article:publisher\" content=\"https:\/\/www.facebook.com\/volcanes.net\/\" \/>\n<meta property=\"article:published_time\" content=\"2017-08-08T18:45:43+00:00\" \/>\n<meta property=\"og:image\" content=\"https:\/\/volcanes.net\/wp-content\/uploads\/2017\/08\/museo-del-ferrocarril.jpg\" \/>\n\t<meta property=\"og:image:width\" content=\"448\" \/>\n\t<meta property=\"og:image:height\" content=\"304\" \/>\n\t<meta property=\"og:image:type\" content=\"image\/jpeg\" \/>\n<meta name=\"author\" content=\"admin\" \/>\n<meta name=\"twitter:card\" content=\"summary_large_image\" \/>\n<meta name=\"twitter:label1\" content=\"Escrito por\" \/>\n\t<meta name=\"twitter:data1\" content=\"admin\" \/>\n\t<meta name=\"twitter:label2\" content=\"Tiempo de lectura\" \/>\n\t<meta name=\"twitter:data2\" content=\"1 minuto\" \/>\n<script type=\"application\/ld+json\" class=\"yoast-schema-graph\">{\"@context\":\"https:\/\/schema.org\",\"@graph\":[{\"@type\":\"Article\",\"@id\":\"https:\/\/volcanes.net\/?p=73#article\",\"isPartOf\":{\"@id\":\"https:\/\/volcanes.net\/?p=73\"},\"author\":{\"name\":\"admin\",\"@id\":\"https:\/\/volcanes.net\/#\/schema\/person\/4bf0f383940966a4abd53f5048c0e6b9\"},\"headline\":\"Parque Museo del Ferrocarril abre sus puertas a los mexiquenses en Huehuetoca\",\"datePublished\":\"2017-08-08T18:45:43+00:00\",\"mainEntityOfPage\":{\"@id\":\"https:\/\/volcanes.net\/?p=73\"},\"wordCount\":262,\"commentCount\":0,\"publisher\":{\"@id\":\"https:\/\/volcanes.net\/#organization\"},\"image\":{\"@id\":\"https:\/\/volcanes.net\/?p=73#primaryimage\"},\"thumbnailUrl\":\"https:\/\/volcanes.net\/wp-content\/uploads\/2017\/08\/museo-del-ferrocarril.jpg\",\"articleSection\":[\"Estatales\"],\"inLanguage\":\"es\",\"potentialAction\":[{\"@type\":\"CommentAction\",\"name\":\"Comment\",\"target\":[\"https:\/\/volcanes.net\/?p=73#respond\"]}]},{\"@type\":\"WebPage\",\"@id\":\"https:\/\/volcanes.net\/?p=73\",\"url\":\"https:\/\/volcanes.net\/?p=73\",\"name\":\"Parque Museo del Ferrocarril abre sus puertas a los mexiquenses en Huehuetoca - Volcanes\",\"isPartOf\":{\"@id\":\"https:\/\/volcanes.net\/#website\"},\"primaryImageOfPage\":{\"@id\":\"https:\/\/volcanes.net\/?p=73#primaryimage\"},\"image\":{\"@id\":\"https:\/\/volcanes.net\/?p=73#primaryimage\"},\"thumbnailUrl\":\"https:\/\/volcanes.net\/wp-content\/uploads\/2017\/08\/museo-del-ferrocarril.jpg\",\"datePublished\":\"2017-08-08T18:45:43+00:00\",\"breadcrumb\":{\"@id\":\"https:\/\/volcanes.net\/?p=73#breadcrumb\"},\"inLanguage\":\"es\",\"potentialAction\":[{\"@type\":\"ReadAction\",\"target\":[\"https:\/\/volcanes.net\/?p=73\"]}]},{\"@type\":\"ImageObject\",\"inLanguage\":\"es\",\"@id\":\"https:\/\/volcanes.net\/?p=73#primaryimage\",\"url\":\"https:\/\/volcanes.net\/wp-content\/uploads\/2017\/08\/museo-del-ferrocarril.jpg\",\"contentUrl\":\"https:\/\/volcanes.net\/wp-content\/uploads\/2017\/08\/museo-del-ferrocarril.jpg\",\"width\":448,\"height\":304},{\"@type\":\"BreadcrumbList\",\"@id\":\"https:\/\/volcanes.net\/?p=73#breadcrumb\",\"itemListElement\":[{\"@type\":\"ListItem\",\"position\":1,\"name\":\"Portada\",\"item\":\"https:\/\/volcanes.net\/\"},{\"@type\":\"ListItem\",\"position\":2,\"name\":\"Parque Museo del Ferrocarril abre sus puertas a los mexiquenses en Huehuetoca\"}]},{\"@type\":\"WebSite\",\"@id\":\"https:\/\/volcanes.net\/#website\",\"url\":\"https:\/\/volcanes.net\/\",\"name\":\"Volcanes.Net\",\"description\":\"Periodismo Profesional\",\"publisher\":{\"@id\":\"https:\/\/volcanes.net\/#organization\"},\"potentialAction\":[{\"@type\":\"SearchAction\",\"target\":{\"@type\":\"EntryPoint\",\"urlTemplate\":\"https:\/\/volcanes.net\/?s={search_term_string}\"},\"query-input\":{\"@type\":\"PropertyValueSpecification\",\"valueRequired\":true,\"valueName\":\"search_term_string\"}}],\"inLanguage\":\"es\"},{\"@type\":\"Organization\",\"@id\":\"https:\/\/volcanes.net\/#organization\",\"name\":\"Grupo Volcanes\",\"url\":\"https:\/\/volcanes.net\/\",\"logo\":{\"@type\":\"ImageObject\",\"inLanguage\":\"es\",\"@id\":\"https:\/\/volcanes.net\/#\/schema\/logo\/image\/\",\"url\":\"http:\/\/volcanes.net\/wp-content\/uploads\/2017\/12\/Avatar2.jpg\",\"contentUrl\":\"http:\/\/volcanes.net\/wp-content\/uploads\/2017\/12\/Avatar2.jpg\",\"width\":378,\"height\":378,\"caption\":\"Grupo Volcanes\"},\"image\":{\"@id\":\"https:\/\/volcanes.net\/#\/schema\/logo\/image\/\"},\"sameAs\":[\"https:\/\/www.facebook.com\/volcanes.net\/\"]},{\"@type\":\"Person\",\"@id\":\"https:\/\/volcanes.net\/#\/schema\/person\/4bf0f383940966a4abd53f5048c0e6b9\",\"name\":\"admin\",\"image\":{\"@type\":\"ImageObject\",\"inLanguage\":\"es\",\"@id\":\"https:\/\/volcanes.net\/#\/schema\/person\/image\/\",\"url\":\"https:\/\/secure.gravatar.com\/avatar\/ca004e6cba8462b8cb7abc86e382930c?s=96&d=mm&r=g\",\"contentUrl\":\"https:\/\/secure.gravatar.com\/avatar\/ca004e6cba8462b8cb7abc86e382930c?s=96&d=mm&r=g\",\"caption\":\"admin\"}}]}<\/script>\n<!-- \/ Yoast SEO plugin. -->","yoast_head_json":{"title":"Parque Museo del Ferrocarril abre sus puertas a los mexiquenses en Huehuetoca - Volcanes","robots":{"index":"index","follow":"follow","max-snippet":"max-snippet:-1","max-image-preview":"max-image-preview:large","max-video-preview":"max-video-preview:-1"},"canonical":"https:\/\/volcanes.net\/?p=73","og_locale":"es_MX","og_type":"article","og_title":"Parque Museo del Ferrocarril abre sus puertas a los mexiquenses en Huehuetoca - Volcanes","og_description":"Como parte del\u00a0Programa de Recuperaci\u00f3n de Espacios P\u00fablicos, la Secretar\u00eda del Medio Ambiente estatal inaugur\u00f3","og_url":"https:\/\/volcanes.net\/?p=73","og_site_name":"Volcanes","article_publisher":"https:\/\/www.facebook.com\/volcanes.net\/","article_published_time":"2017-08-08T18:45:43+00:00","og_image":[{"width":448,"height":304,"url":"https:\/\/volcanes.net\/wp-content\/uploads\/2017\/08\/museo-del-ferrocarril.jpg","type":"image\/jpeg"}],"author":"admin","twitter_card":"summary_large_image","twitter_misc":{"Escrito por":"admin","Tiempo de lectura":"1 minuto"},"schema":{"@context":"https:\/\/schema.org","@graph":[{"@type":"Article","@id":"https:\/\/volcanes.net\/?p=73#article","isPartOf":{"@id":"https:\/\/volcanes.net\/?p=73"},"author":{"name":"admin","@id":"https:\/\/volcanes.net\/#\/schema\/person\/4bf0f383940966a4abd53f5048c0e6b9"},"headline":"Parque Museo del Ferrocarril abre sus puertas a los mexiquenses en Huehuetoca","datePublished":"2017-08-08T18:45:43+00:00","mainEntityOfPage":{"@id":"https:\/\/volcanes.net\/?p=73"},"wordCount":262,"commentCount":0,"publisher":{"@id":"https:\/\/volcanes.net\/#organization"},"image":{"@id":"https:\/\/volcanes.net\/?p=73#primaryimage"},"thumbnailUrl":"https:\/\/volcanes.net\/wp-content\/uploads\/2017\/08\/museo-del-ferrocarril.jpg","articleSection":["Estatales"],"inLanguage":"es","potentialAction":[{"@type":"CommentAction","name":"Comment","target":["https:\/\/volcanes.net\/?p=73#respond"]}]},{"@type":"WebPage","@id":"https:\/\/volcanes.net\/?p=73","url":"https:\/\/volcanes.net\/?p=73","name":"Parque Museo del Ferrocarril abre sus puertas a los mexiquenses en Huehuetoca - Volcanes","isPartOf":{"@id":"https:\/\/volcanes.net\/#website"},"primaryImageOfPage":{"@id":"https:\/\/volcanes.net\/?p=73#primaryimage"},"image":{"@id":"https:\/\/volcanes.net\/?p=73#primaryimage"},"thumbnailUrl":"https:\/\/volcanes.net\/wp-content\/uploads\/2017\/08\/museo-del-ferrocarril.jpg","datePublished":"2017-08-08T18:45:43+00:00","breadcrumb":{"@id":"https:\/\/volcanes.net\/?p=73#breadcrumb"},"inLanguage":"es","potentialAction":[{"@type":"ReadAction","target":["https:\/\/volcanes.net\/?p=73"]}]},{"@type":"ImageObject","inLanguage":"es","@id":"https:\/\/volcanes.net\/?p=73#primaryimage","url":"https:\/\/volcanes.net\/wp-content\/uploads\/2017\/08\/museo-del-ferrocarril.jpg","contentUrl":"https:\/\/volcanes.net\/wp-content\/uploads\/2017\/08\/museo-del-ferrocarril.jpg","width":448,"height":304},{"@type":"BreadcrumbList","@id":"https:\/\/volcanes.net\/?p=73#breadcrumb","itemListElement":[{"@type":"ListItem","position":1,"name":"Portada","item":"https:\/\/volcanes.net\/"},{"@type":"ListItem","position":2,"name":"Parque Museo del Ferrocarril abre sus puertas a los mexiquenses en Huehuetoca"}]},{"@type":"WebSite","@id":"https:\/\/volcanes.net\/#website","url":"https:\/\/volcanes.net\/","name":"Volcanes.Net","description":"Periodismo Profesional","publisher":{"@id":"https:\/\/volcanes.net\/#organization"},"potentialAction":[{"@type":"SearchAction","target":{"@type":"EntryPoint","urlTemplate":"https:\/\/volcanes.net\/?s={search_term_string}"},"query-input":{"@type":"PropertyValueSpecification","valueRequired":true,"valueName":"search_term_string"}}],"inLanguage":"es"},{"@type":"Organization","@id":"https:\/\/volcanes.net\/#organization","name":"Grupo Volcanes","url":"https:\/\/volcanes.net\/","logo":{"@type":"ImageObject","inLanguage":"es","@id":"https:\/\/volcanes.net\/#\/schema\/logo\/image\/","url":"http:\/\/volcanes.net\/wp-content\/uploads\/2017\/12\/Avatar2.jpg","contentUrl":"http:\/\/volcanes.net\/wp-content\/uploads\/2017\/12\/Avatar2.jpg","width":378,"height":378,"caption":"Grupo Volcanes"},"image":{"@id":"https:\/\/volcanes.net\/#\/schema\/logo\/image\/"},"sameAs":["https:\/\/www.facebook.com\/volcanes.net\/"]},{"@type":"Person","@id":"https:\/\/volcanes.net\/#\/schema\/person\/4bf0f383940966a4abd53f5048c0e6b9","name":"admin","image":{"@type":"ImageObject","inLanguage":"es","@id":"https:\/\/volcanes.net\/#\/schema\/person\/image\/","url":"https:\/\/secure.gravatar.com\/avatar\/ca004e6cba8462b8cb7abc86e382930c?s=96&d=mm&r=g","contentUrl":"https:\/\/secure.gravatar.com\/avatar\/ca004e6cba8462b8cb7abc86e382930c?s=96&d=mm&r=g","caption":"admin"}}]}},"_links":{"self":[{"href":"https:\/\/volcanes.net\/index.php?rest_route=\/wp\/v2\/posts\/73"}],"collection":[{"href":"https:\/\/volcanes.net\/index.php?rest_route=\/wp\/v2\/posts"}],"about":[{"href":"https:\/\/volcanes.net\/index.php?rest_route=\/wp\/v2\/types\/post"}],"author":[{"embeddable":true,"href":"https:\/\/volcanes.net\/index.php?rest_route=\/wp\/v2\/users\/1"}],"replies":[{"embeddable":true,"href":"https:\/\/volcanes.net\/index.php?rest_route=%2Fwp%2Fv2%2Fcomments&post=73"}],"version-history":[{"count":1,"href":"https:\/\/volcanes.net\/index.php?rest_route=\/wp\/v2\/posts\/73\/revisions"}],"predecessor-version":[{"id":75,"href":"https:\/\/volcanes.net\/index.php?rest_route=\/wp\/v2\/posts\/73\/revisions\/75"}],"wp:featuredmedia":[{"embeddable":true,"href":"https:\/\/volcanes.net\/index.php?rest_route=\/wp\/v2\/media\/74"}],"wp:attachment":[{"href":"https:\/\/volcanes.net\/index.php?rest_route=%2Fwp%2Fv2%2Fmedia&parent=73"}],"wp:term":[{"taxonomy":"category","embeddable":true,"href":"https:\/\/volcanes.net\/index.php?rest_route=%2Fwp%2Fv2%2Fcategories&post=73"},{"taxonomy":"post_tag","embeddable":true,"href":"https:\/\/volcanes.net\/index.php?rest_route=%2Fwp%2Fv2%2Ftags&post=73"}],"curies":[{"name":"wp","href":"https:\/\/api.w.org\/{rel}","templated":true}]}}