{"id":7351,"date":"2020-06-26T10:24:11","date_gmt":"2020-06-26T16:24:11","guid":{"rendered":"http:\/\/volcanes.net\/?p=7351"},"modified":"2020-06-26T10:24:11","modified_gmt":"2020-06-26T16:24:11","slug":"alcalde-da-a-conocer-acciones-emprendidas-durante-la-pandemia-en-valledechalco","status":"publish","type":"post","link":"https:\/\/volcanes.net\/?p=7351","title":{"rendered":"Alcalde da a conocer acciones emprendidas durante la pandemia en #ValleDeChalco"},"content":{"rendered":"<div style=\"margin-top: 0px; margin-bottom: 0px;\" class=\"sharethis-inline-share-buttons\" ><\/div><p>junio 26, 2020<\/p>\n<p>.-\u00a0Armando Garc\u00eda M\u00e9ndez, \u00a0inform\u00f3 que adem\u00e1s de las medidas de higiene y sanitizaci\u00f3n se hizo entrega de verduras y productos c\u00e1rnicos a la poblaci\u00f3n<\/p>\n<p>VALLE DE CHALCO, M\u00e9x.- En car\u00e1cter de titular del Comit\u00e9 Interno Municipal para la Protecci\u00f3n Contra Riesgos Sanitarios, que se encarga de atender y orientar a la poblaci\u00f3n en esta emergencia sanitaria; as\u00ed como jefe del Ejecutivo municipal, en esta localidad, el presidente Armando Garc\u00eda M\u00e9ndez, dio a conocer informe de las actividades emprendidas por su gobierno, durante los d\u00edas que lleva vigente la pandemia por COVID-19.<\/p>\n<p>En todo momento \u2013 resalt\u00f3- buscando reducir la afectaci\u00f3n y creo que, con la participaci\u00f3n de la poblaci\u00f3n, as\u00ed como de servidores p\u00fablicos, lo hemos logrado, precis\u00f3 Armando Garc\u00eda, que la tarea en busca de abatir el contagio del SARS-CoV2, inici\u00f3 el 18 de marzo, con la integraci\u00f3n de dicho comit\u00e9 interno municipal, en donde participan regidores, directores de \u00e1rea y servidores p\u00fablicos.<\/p>\n<p>Indic\u00f3 el alcalde que de inmediato se integrara la brigada blanca, encargada de repartir cubre bocas, gel antibacterial y distribuci\u00f3n de informaci\u00f3n impresa con el objetivo de propagar orientaci\u00f3n a la ciudadan\u00eda de cualquier forma.<\/p>\n<p>Con alto contenido en medidas a adoptar, durante la pandemia, en beneficio propio y de la familia, ante el peligro anunciado que acompa\u00f1a al contagio del Coronavirus.<\/p>\n<p>M\u00e1s adelante indic\u00f3 el alcalde Garc\u00eda M\u00e9ndez, contando con el pleno de integrantes del mencionado comit\u00e9 interno, se atendi\u00f3 el llamado de cuarentena al interior de la administraci\u00f3n p\u00fablica 2019-2021 enviando al 60 por ciento de la planilla laboral a casa, entre ellos mujeres embarazadas, adultos mayores, personas con alguna discapacidad y con enfermedades cr\u00f3nico degenerativas, para reducir el contagio de la enfermedad, se emprende la sanitizaci\u00f3n del Palacio local de Gobierno, organismos descentralizados as\u00ed como de mercados y delegaciones, que hasta el momento se aplic\u00f3 en dos ocasiones.<\/p>\n<p>\u201cSe cont\u00f3 con la adecuaci\u00f3n de ambulancias COVID-19, dot\u00e1ndolas con c\u00e1psula de aislamiento, a fin de contar con infraestructura material, para atender de inmediato las necesidades de la poblaci\u00f3n, a consecuencia del nuevo padecimiento, adem\u00e1s de dotar a elementos de Protecci\u00f3n Civil y Bomberos, del equipo correspondiente, para evitar contagio entre ciudadanos y personal de auxilio\u201d. Indic\u00f3 el edil de Valle de Chalco.<\/p>\n<p>Se entreg\u00f3 a personas de la tercera edad, kits de higiene para aseo constante de manos, se coloc\u00f3 botes con agua, jab\u00f3n y gel en puntos concurridos del municipio.<\/p>\n<p>En el mismo orden de ideas, resalt\u00f3 el Presiente que, atendiendo el exhorto de Salubridad federal y estatal, se invit\u00f3 al comercio local no esencial por el momento a suspender actividades, aqu\u00ed agradeci\u00f3 la respuesta de sus propietarios por su importante aceptaci\u00f3n. \u2013 \u201cPor primera vez en la historia establecimientos y tianguis, suspendieron temporalmente sus actividades, algo que reconozco y agradezco, resalt\u00f3 el jefe del ejecutivo de Valle de Chalco\u201d.<\/p>\n<p>Por lo que en ayuda a la econom\u00eda local se crea un sitio alterno al gubernamental\u00a0<a href=\"https:\/\/minegocio.valledechalco.gob.mx\/\">https:\/\/minegocio.valledechalco.gob.mx\/<\/a>\u00a0con \u00a0el objetivo de activar la econom\u00eda en la zona.<\/p>\n<p>En dicho informe, resalta Armando Garc\u00eda, que se aplic\u00f3 importante campa\u00f1a publicitaria recurriendo a lugares concurridos, con uso de lonas, bardas, publicidad auditiva y contenido en la p\u00e1gina y Red Social oficial, para orientar a la ciudadan\u00eda. Destac\u00f3 la participaci\u00f3n del Gobierno Federal a trav\u00e9s de los operativos realizados con la Guardia Nacional, la coordinaci\u00f3n con el \u00a0Estado de M\u00e9xico con la presencia de elementos de la polic\u00eda Estatal en el municipio as\u00ed como para con profesionales del ISEM crear cerco sanitario que se aplic\u00f3 en los cuatro principales accesos al municipio, para con equipo detectar, posible padecimiento del SARS-CoV2 entre transe\u00fantes y usuarios de transporte p\u00fablico. En el mismo orden de ideas, destac\u00f3 haber festejado de forma virtual a ni\u00f1as, ni\u00f1os y mam\u00e1s, con regalos que fueron entregados, en la puerta de los hogares. La entrega de Apoyo Alimentario para familias en confinamiento \u201cCasa por casa\u201d, adem\u00e1s del programa emergente para personas vulnerables vallechalquenses, apoyo que puede ser solicitado a trav\u00e9s de dos\u00a0 l\u00edneas telef\u00f3nicas que se habilitaron, as\u00ed como enviando mensaje de petici\u00f3n a la red social oficial del Ayuntamiento.<\/p>\n<p>Adem\u00e1s de la entrega de verduras y productos c\u00e1rnicos, esto como parte de otorgar apoyo a la ciudadan\u00eda en situaci\u00f3n de emergencia, explic\u00f3 el alcalde. Posteriormente, cit\u00f3, que luego del sismo que cubri\u00f3 al territorio nacional el pasado martes 23 de junio, aplic\u00f3 recorrido por la localidad, en busca de da\u00f1os; \u201csolamente fueron \u00e1rboles y postes ladeados\u201d.<\/p>\n<p>Sin embargo \u00a0-a\u00f1adi\u00f3- La colonia ampliaci\u00f3n Santa Catarina, fue la mayormente afectada por el problema de suelo que desde a\u00f1os atr\u00e1s le identifica. Mi gobierno, tocar\u00e1 puertas con los habitantes del sector, para buscar resolver la situaci\u00f3n, puntualiz\u00f3.<\/p>\n<p>Para desarrollar el punto 3 del orden del d\u00eda, la vocal y tambi\u00e9n regidora, Joanna Arlette Cruz Escamilla, anunci\u00f3 la reapertura de las actividades deportivas conforme a los lineamientos que dict\u00f3 el gobierno federal y estatal, y se fij\u00f3 el 1 de julio. Sobre este punto en particular, la vocal del Comit\u00e9, Teresita de Jes\u00fas Garc\u00eda Rodr\u00edguez, resalt\u00f3 que los parques y centros deportivos ser\u00e1n abiertos, pero que es importante que la ciudadan\u00eda observe que el aforo m\u00e1ximo de personas es del 30 por ciento y que con orden se avanza con rumbo a la nueva normalidad, porque se reconoce la necesidad de la pr\u00e1ctica del deporte y de ejercitar el cuerpo, pero se har\u00e1 de acuerdo a los protocolos preventivos, que eviten rebrote de la pandemia, subray\u00f3 la funcionaria. Antes de proceder a la clausura de los trabajos de la cuarta sesi\u00f3n ordinaria del Comit\u00e9 Interno Municipal Contra Riesgos Sanitarios, el Presidente Municipal fue enf\u00e1tico al subrayar: \u201chay que mantener la fecha del 1 de julio con cautela; seguir atentos a las disposiciones del gobierno federal y estatal. Tenemos que ser muy cautos\u201d.<\/p>\n<p>&nbsp;<\/p>\n","protected":false},"excerpt":{"rendered":"<p>junio 26, 2020 .-\u00a0Armando Garc\u00eda M\u00e9ndez, \u00a0inform\u00f3 que adem\u00e1s de las medidas de higiene y<\/p>\n","protected":false},"author":1,"featured_media":7352,"comment_status":"open","ping_status":"open","sticky":false,"template":"","format":"standard","meta":{"footnotes":""},"categories":[1],"tags":[5],"class_list":["post-7351","post","type-post","status-publish","format-standard","has-post-thumbnail","hentry","category-municipales","tag-valle-de-chalco"],"yoast_head":"<!-- This site is optimized with the Yoast SEO plugin v25.3 - https:\/\/yoast.com\/wordpress\/plugins\/seo\/ -->\n<title>Alcalde da a conocer acciones emprendidas durante la pandemia en #ValleDeChalco - Volcanes<\/title>\n<meta name=\"robots\" content=\"index, follow, max-snippet:-1, max-image-preview:large, max-video-preview:-1\" \/>\n<link rel=\"canonical\" href=\"https:\/\/volcanes.net\/?p=7351\" \/>\n<meta property=\"og:locale\" content=\"es_MX\" \/>\n<meta property=\"og:type\" content=\"article\" \/>\n<meta property=\"og:title\" content=\"Alcalde da a conocer acciones emprendidas durante la pandemia en #ValleDeChalco - Volcanes\" \/>\n<meta property=\"og:description\" content=\"junio 26, 2020 .-\u00a0Armando Garc\u00eda M\u00e9ndez, \u00a0inform\u00f3 que adem\u00e1s de las medidas de higiene y\" \/>\n<meta property=\"og:url\" content=\"https:\/\/volcanes.net\/?p=7351\" \/>\n<meta property=\"og:site_name\" content=\"Volcanes\" \/>\n<meta property=\"article:publisher\" content=\"https:\/\/www.facebook.com\/volcanes.net\/\" \/>\n<meta property=\"article:published_time\" content=\"2020-06-26T16:24:11+00:00\" \/>\n<meta property=\"og:image\" content=\"https:\/\/volcanes.net\/wp-content\/uploads\/2020\/06\/v.-chalco-1.jpg\" \/>\n\t<meta property=\"og:image:width\" content=\"550\" \/>\n\t<meta property=\"og:image:height\" content=\"350\" \/>\n\t<meta property=\"og:image:type\" content=\"image\/jpeg\" \/>\n<meta name=\"author\" content=\"admin\" \/>\n<meta name=\"twitter:card\" content=\"summary_large_image\" \/>\n<meta name=\"twitter:label1\" content=\"Escrito por\" \/>\n\t<meta name=\"twitter:data1\" content=\"admin\" \/>\n\t<meta name=\"twitter:label2\" content=\"Tiempo de lectura\" \/>\n\t<meta name=\"twitter:data2\" content=\"5 minutos\" \/>\n<script type=\"application\/ld+json\" class=\"yoast-schema-graph\">{\"@context\":\"https:\/\/schema.org\",\"@graph\":[{\"@type\":\"Article\",\"@id\":\"https:\/\/volcanes.net\/?p=7351#article\",\"isPartOf\":{\"@id\":\"https:\/\/volcanes.net\/?p=7351\"},\"author\":{\"name\":\"admin\",\"@id\":\"https:\/\/volcanes.net\/#\/schema\/person\/4bf0f383940966a4abd53f5048c0e6b9\"},\"headline\":\"Alcalde da a conocer acciones emprendidas durante la pandemia en #ValleDeChalco\",\"datePublished\":\"2020-06-26T16:24:11+00:00\",\"mainEntityOfPage\":{\"@id\":\"https:\/\/volcanes.net\/?p=7351\"},\"wordCount\":1049,\"commentCount\":0,\"publisher\":{\"@id\":\"https:\/\/volcanes.net\/#organization\"},\"image\":{\"@id\":\"https:\/\/volcanes.net\/?p=7351#primaryimage\"},\"thumbnailUrl\":\"https:\/\/volcanes.net\/wp-content\/uploads\/2020\/06\/v.-chalco-1.jpg\",\"keywords\":[\"Valle de Chalco\"],\"articleSection\":[\"Municipales\"],\"inLanguage\":\"es\",\"potentialAction\":[{\"@type\":\"CommentAction\",\"name\":\"Comment\",\"target\":[\"https:\/\/volcanes.net\/?p=7351#respond\"]}]},{\"@type\":\"WebPage\",\"@id\":\"https:\/\/volcanes.net\/?p=7351\",\"url\":\"https:\/\/volcanes.net\/?p=7351\",\"name\":\"Alcalde da a conocer acciones emprendidas durante la pandemia en #ValleDeChalco - Volcanes\",\"isPartOf\":{\"@id\":\"https:\/\/volcanes.net\/#website\"},\"primaryImageOfPage\":{\"@id\":\"https:\/\/volcanes.net\/?p=7351#primaryimage\"},\"image\":{\"@id\":\"https:\/\/volcanes.net\/?p=7351#primaryimage\"},\"thumbnailUrl\":\"https:\/\/volcanes.net\/wp-content\/uploads\/2020\/06\/v.-chalco-1.jpg\",\"datePublished\":\"2020-06-26T16:24:11+00:00\",\"breadcrumb\":{\"@id\":\"https:\/\/volcanes.net\/?p=7351#breadcrumb\"},\"inLanguage\":\"es\",\"potentialAction\":[{\"@type\":\"ReadAction\",\"target\":[\"https:\/\/volcanes.net\/?p=7351\"]}]},{\"@type\":\"ImageObject\",\"inLanguage\":\"es\",\"@id\":\"https:\/\/volcanes.net\/?p=7351#primaryimage\",\"url\":\"https:\/\/volcanes.net\/wp-content\/uploads\/2020\/06\/v.-chalco-1.jpg\",\"contentUrl\":\"https:\/\/volcanes.net\/wp-content\/uploads\/2020\/06\/v.-chalco-1.jpg\",\"width\":550,\"height\":350},{\"@type\":\"BreadcrumbList\",\"@id\":\"https:\/\/volcanes.net\/?p=7351#breadcrumb\",\"itemListElement\":[{\"@type\":\"ListItem\",\"position\":1,\"name\":\"Portada\",\"item\":\"https:\/\/volcanes.net\/\"},{\"@type\":\"ListItem\",\"position\":2,\"name\":\"Alcalde da a conocer acciones emprendidas durante la pandemia en #ValleDeChalco\"}]},{\"@type\":\"WebSite\",\"@id\":\"https:\/\/volcanes.net\/#website\",\"url\":\"https:\/\/volcanes.net\/\",\"name\":\"Volcanes.Net\",\"description\":\"Periodismo Profesional\",\"publisher\":{\"@id\":\"https:\/\/volcanes.net\/#organization\"},\"potentialAction\":[{\"@type\":\"SearchAction\",\"target\":{\"@type\":\"EntryPoint\",\"urlTemplate\":\"https:\/\/volcanes.net\/?s={search_term_string}\"},\"query-input\":{\"@type\":\"PropertyValueSpecification\",\"valueRequired\":true,\"valueName\":\"search_term_string\"}}],\"inLanguage\":\"es\"},{\"@type\":\"Organization\",\"@id\":\"https:\/\/volcanes.net\/#organization\",\"name\":\"Grupo Volcanes\",\"url\":\"https:\/\/volcanes.net\/\",\"logo\":{\"@type\":\"ImageObject\",\"inLanguage\":\"es\",\"@id\":\"https:\/\/volcanes.net\/#\/schema\/logo\/image\/\",\"url\":\"http:\/\/volcanes.net\/wp-content\/uploads\/2017\/12\/Avatar2.jpg\",\"contentUrl\":\"http:\/\/volcanes.net\/wp-content\/uploads\/2017\/12\/Avatar2.jpg\",\"width\":378,\"height\":378,\"caption\":\"Grupo Volcanes\"},\"image\":{\"@id\":\"https:\/\/volcanes.net\/#\/schema\/logo\/image\/\"},\"sameAs\":[\"https:\/\/www.facebook.com\/volcanes.net\/\"]},{\"@type\":\"Person\",\"@id\":\"https:\/\/volcanes.net\/#\/schema\/person\/4bf0f383940966a4abd53f5048c0e6b9\",\"name\":\"admin\",\"image\":{\"@type\":\"ImageObject\",\"inLanguage\":\"es\",\"@id\":\"https:\/\/volcanes.net\/#\/schema\/person\/image\/\",\"url\":\"https:\/\/secure.gravatar.com\/avatar\/ca004e6cba8462b8cb7abc86e382930c?s=96&d=mm&r=g\",\"contentUrl\":\"https:\/\/secure.gravatar.com\/avatar\/ca004e6cba8462b8cb7abc86e382930c?s=96&d=mm&r=g\",\"caption\":\"admin\"}}]}<\/script>\n<!-- \/ Yoast SEO plugin. -->","yoast_head_json":{"title":"Alcalde da a conocer acciones emprendidas durante la pandemia en #ValleDeChalco - Volcanes","robots":{"index":"index","follow":"follow","max-snippet":"max-snippet:-1","max-image-preview":"max-image-preview:large","max-video-preview":"max-video-preview:-1"},"canonical":"https:\/\/volcanes.net\/?p=7351","og_locale":"es_MX","og_type":"article","og_title":"Alcalde da a conocer acciones emprendidas durante la pandemia en #ValleDeChalco - Volcanes","og_description":"junio 26, 2020 .-\u00a0Armando Garc\u00eda M\u00e9ndez, \u00a0inform\u00f3 que adem\u00e1s de las medidas de higiene y","og_url":"https:\/\/volcanes.net\/?p=7351","og_site_name":"Volcanes","article_publisher":"https:\/\/www.facebook.com\/volcanes.net\/","article_published_time":"2020-06-26T16:24:11+00:00","og_image":[{"width":550,"height":350,"url":"https:\/\/volcanes.net\/wp-content\/uploads\/2020\/06\/v.-chalco-1.jpg","type":"image\/jpeg"}],"author":"admin","twitter_card":"summary_large_image","twitter_misc":{"Escrito por":"admin","Tiempo de lectura":"5 minutos"},"schema":{"@context":"https:\/\/schema.org","@graph":[{"@type":"Article","@id":"https:\/\/volcanes.net\/?p=7351#article","isPartOf":{"@id":"https:\/\/volcanes.net\/?p=7351"},"author":{"name":"admin","@id":"https:\/\/volcanes.net\/#\/schema\/person\/4bf0f383940966a4abd53f5048c0e6b9"},"headline":"Alcalde da a conocer acciones emprendidas durante la pandemia en #ValleDeChalco","datePublished":"2020-06-26T16:24:11+00:00","mainEntityOfPage":{"@id":"https:\/\/volcanes.net\/?p=7351"},"wordCount":1049,"commentCount":0,"publisher":{"@id":"https:\/\/volcanes.net\/#organization"},"image":{"@id":"https:\/\/volcanes.net\/?p=7351#primaryimage"},"thumbnailUrl":"https:\/\/volcanes.net\/wp-content\/uploads\/2020\/06\/v.-chalco-1.jpg","keywords":["Valle de Chalco"],"articleSection":["Municipales"],"inLanguage":"es","potentialAction":[{"@type":"CommentAction","name":"Comment","target":["https:\/\/volcanes.net\/?p=7351#respond"]}]},{"@type":"WebPage","@id":"https:\/\/volcanes.net\/?p=7351","url":"https:\/\/volcanes.net\/?p=7351","name":"Alcalde da a conocer acciones emprendidas durante la pandemia en #ValleDeChalco - Volcanes","isPartOf":{"@id":"https:\/\/volcanes.net\/#website"},"primaryImageOfPage":{"@id":"https:\/\/volcanes.net\/?p=7351#primaryimage"},"image":{"@id":"https:\/\/volcanes.net\/?p=7351#primaryimage"},"thumbnailUrl":"https:\/\/volcanes.net\/wp-content\/uploads\/2020\/06\/v.-chalco-1.jpg","datePublished":"2020-06-26T16:24:11+00:00","breadcrumb":{"@id":"https:\/\/volcanes.net\/?p=7351#breadcrumb"},"inLanguage":"es","potentialAction":[{"@type":"ReadAction","target":["https:\/\/volcanes.net\/?p=7351"]}]},{"@type":"ImageObject","inLanguage":"es","@id":"https:\/\/volcanes.net\/?p=7351#primaryimage","url":"https:\/\/volcanes.net\/wp-content\/uploads\/2020\/06\/v.-chalco-1.jpg","contentUrl":"https:\/\/volcanes.net\/wp-content\/uploads\/2020\/06\/v.-chalco-1.jpg","width":550,"height":350},{"@type":"BreadcrumbList","@id":"https:\/\/volcanes.net\/?p=7351#breadcrumb","itemListElement":[{"@type":"ListItem","position":1,"name":"Portada","item":"https:\/\/volcanes.net\/"},{"@type":"ListItem","position":2,"name":"Alcalde da a conocer acciones emprendidas durante la pandemia en #ValleDeChalco"}]},{"@type":"WebSite","@id":"https:\/\/volcanes.net\/#website","url":"https:\/\/volcanes.net\/","name":"Volcanes.Net","description":"Periodismo Profesional","publisher":{"@id":"https:\/\/volcanes.net\/#organization"},"potentialAction":[{"@type":"SearchAction","target":{"@type":"EntryPoint","urlTemplate":"https:\/\/volcanes.net\/?s={search_term_string}"},"query-input":{"@type":"PropertyValueSpecification","valueRequired":true,"valueName":"search_term_string"}}],"inLanguage":"es"},{"@type":"Organization","@id":"https:\/\/volcanes.net\/#organization","name":"Grupo Volcanes","url":"https:\/\/volcanes.net\/","logo":{"@type":"ImageObject","inLanguage":"es","@id":"https:\/\/volcanes.net\/#\/schema\/logo\/image\/","url":"http:\/\/volcanes.net\/wp-content\/uploads\/2017\/12\/Avatar2.jpg","contentUrl":"http:\/\/volcanes.net\/wp-content\/uploads\/2017\/12\/Avatar2.jpg","width":378,"height":378,"caption":"Grupo Volcanes"},"image":{"@id":"https:\/\/volcanes.net\/#\/schema\/logo\/image\/"},"sameAs":["https:\/\/www.facebook.com\/volcanes.net\/"]},{"@type":"Person","@id":"https:\/\/volcanes.net\/#\/schema\/person\/4bf0f383940966a4abd53f5048c0e6b9","name":"admin","image":{"@type":"ImageObject","inLanguage":"es","@id":"https:\/\/volcanes.net\/#\/schema\/person\/image\/","url":"https:\/\/secure.gravatar.com\/avatar\/ca004e6cba8462b8cb7abc86e382930c?s=96&d=mm&r=g","contentUrl":"https:\/\/secure.gravatar.com\/avatar\/ca004e6cba8462b8cb7abc86e382930c?s=96&d=mm&r=g","caption":"admin"}}]}},"_links":{"self":[{"href":"https:\/\/volcanes.net\/index.php?rest_route=\/wp\/v2\/posts\/7351"}],"collection":[{"href":"https:\/\/volcanes.net\/index.php?rest_route=\/wp\/v2\/posts"}],"about":[{"href":"https:\/\/volcanes.net\/index.php?rest_route=\/wp\/v2\/types\/post"}],"author":[{"embeddable":true,"href":"https:\/\/volcanes.net\/index.php?rest_route=\/wp\/v2\/users\/1"}],"replies":[{"embeddable":true,"href":"https:\/\/volcanes.net\/index.php?rest_route=%2Fwp%2Fv2%2Fcomments&post=7351"}],"version-history":[{"count":1,"href":"https:\/\/volcanes.net\/index.php?rest_route=\/wp\/v2\/posts\/7351\/revisions"}],"predecessor-version":[{"id":7353,"href":"https:\/\/volcanes.net\/index.php?rest_route=\/wp\/v2\/posts\/7351\/revisions\/7353"}],"wp:featuredmedia":[{"embeddable":true,"href":"https:\/\/volcanes.net\/index.php?rest_route=\/wp\/v2\/media\/7352"}],"wp:attachment":[{"href":"https:\/\/volcanes.net\/index.php?rest_route=%2Fwp%2Fv2%2Fmedia&parent=7351"}],"wp:term":[{"taxonomy":"category","embeddable":true,"href":"https:\/\/volcanes.net\/index.php?rest_route=%2Fwp%2Fv2%2Fcategories&post=7351"},{"taxonomy":"post_tag","embeddable":true,"href":"https:\/\/volcanes.net\/index.php?rest_route=%2Fwp%2Fv2%2Ftags&post=7351"}],"curies":[{"name":"wp","href":"https:\/\/api.w.org\/{rel}","templated":true}]}}