{"id":7357,"date":"2020-06-26T13:16:11","date_gmt":"2020-06-26T19:16:11","guid":{"rendered":"http:\/\/volcanes.net\/?p=7357"},"modified":"2020-06-26T13:16:11","modified_gmt":"2020-06-26T19:16:11","slug":"gobierno-municipal-de-tenango-del-aire-celebra-200-anos-de-la-ereccion-municipal","status":"publish","type":"post","link":"https:\/\/volcanes.net\/?p=7357","title":{"rendered":"Gobierno Municipal de Tenango del Aire celebra  200 a\u00f1os de la erecci\u00f3n municipal"},"content":{"rendered":"<div style=\"margin-top: 0px; margin-bottom: 0px;\" class=\"sharethis-inline-share-buttons\" ><\/div><div id=\"af-search-wrap\">\n<div class=\"af-search-box table-block\">\n<div class=\"table-block-child v-center text-center\">\n<form class=\"search-form\" role=\"search\" action=\"http:\/\/mexiquenses.com\/\" method=\"get\"><\/form>\n<\/div>\n<\/div>\n<\/div>\n<div id=\"content\" class=\"site-content\">\n<div id=\"primary\" class=\"content-area\"><main id=\"main\" class=\"site-main\"><\/p>\n<article id=\"post-17270\" class=\"post-17270 post type-post status-publish format-standard has-post-thumbnail hentry category-municipales tag-tenango-del-aire\">\n<div class=\"entry-content-wrap\">\n<div class=\"entry-content\">\n<div id=\"st-1\" class=\"sharethis-inline-share-buttons st-center st-lang-es st-has-labels  st-inline-share-buttons st-animated\">\n<div class=\"st-btn  st-remove-label\" data-network=\"whatsapp\"><img decoding=\"async\" src=\"https:\/\/platform-cdn.sharethis.com\/img\/whatsapp.svg\" alt=\"whatsapp sharing button\" \/><\/div>\n<div class=\"st-btn st-last  st-remove-label\" data-network=\"sharethis\">En el marco de los 200 a\u00f1os de la erecci\u00f3n municipal de Tenango del Aire, el Gobierno Municipal de Tenango del Aire presenta el siguiente poema:<\/div>\n<\/div>\n<div class=\"pf-content\">\n<p>Tengo el sol en la piel.<br \/>\nsudor en la frente<br \/>\ny las manos gastadas.<\/p>\n<p>Mi ropa es de labriego y con la<br \/>\ncara alzada presumo su desgaste<br \/>\nporque son las marcas que mi<br \/>\nesfuerzo deja.<\/p>\n<p>Mi sangre espesa reviste los<br \/>\ncampos donde luch\u00f3 mi gente.<br \/>\nMi nombre es grito de sudor<br \/>\ny sangre.<\/p>\n<p>Soy patria de grandes hombres.<br \/>\nEn mis cunas crecieron los sabios se\u00f1ores.<\/p>\n<p>He visto la luna y al sol cruzar<br \/>\npor mis templos y le di al cielo<br \/>\nnuevo entendimiento.<\/p>\n<p>soy un pueblo incansable de lucha,<br \/>\nsoy todos los paisajes del mundo;<br \/>\nlas vivencias de 200 a\u00f1os,<br \/>\nlos deseos de hombres, mujeres y ni\u00f1os,<br \/>\nque escriben mi historia.<br \/>\nSoy agua, soy cielo, soy tierra.<\/p>\n<p>\u00a1Soy M\u00e9xico, pero ante todo soy Tenango del Aire!<\/p>\n<p>Celebremos el bicentenario de nuestra erecci\u00f3n como municipio, siendo el pueblo que nos da identidad como habitantes, reconozcamos el orgullo de ser tenanguenses.<\/p>\n<p>Muchas felicidades municipio de Tenango del Aire.<\/p>\n<\/div>\n<\/div>\n<\/div>\n<\/article>\n<p><\/main><\/div>\n<\/div>\n","protected":false},"excerpt":{"rendered":"<p>En el marco de los 200 a\u00f1os de la erecci\u00f3n municipal de Tenango del Aire,<\/p>\n","protected":false},"author":1,"featured_media":7358,"comment_status":"open","ping_status":"open","sticky":false,"template":"","format":"standard","meta":{"footnotes":""},"categories":[1],"tags":[17],"class_list":["post-7357","post","type-post","status-publish","format-standard","has-post-thumbnail","hentry","category-municipales","tag-tenango-del-aire"],"yoast_head":"<!-- This site is optimized with the Yoast SEO plugin v25.3 - https:\/\/yoast.com\/wordpress\/plugins\/seo\/ -->\n<title>Gobierno Municipal de Tenango del Aire celebra 200 a\u00f1os de la erecci\u00f3n municipal - Volcanes<\/title>\n<meta name=\"robots\" content=\"index, follow, max-snippet:-1, max-image-preview:large, max-video-preview:-1\" \/>\n<link rel=\"canonical\" href=\"https:\/\/volcanes.net\/?p=7357\" \/>\n<meta property=\"og:locale\" content=\"es_MX\" \/>\n<meta property=\"og:type\" content=\"article\" \/>\n<meta property=\"og:title\" content=\"Gobierno Municipal de Tenango del Aire celebra 200 a\u00f1os de la erecci\u00f3n municipal - Volcanes\" \/>\n<meta property=\"og:description\" content=\"En el marco de los 200 a\u00f1os de la erecci\u00f3n municipal de Tenango del Aire,\" \/>\n<meta property=\"og:url\" content=\"https:\/\/volcanes.net\/?p=7357\" \/>\n<meta property=\"og:site_name\" content=\"Volcanes\" \/>\n<meta property=\"article:publisher\" content=\"https:\/\/www.facebook.com\/volcanes.net\/\" \/>\n<meta property=\"article:published_time\" content=\"2020-06-26T19:16:11+00:00\" \/>\n<meta property=\"og:image\" content=\"https:\/\/volcanes.net\/wp-content\/uploads\/2020\/06\/IMG-20200626-WA0030_opt.jpg\" \/>\n\t<meta property=\"og:image:width\" content=\"400\" \/>\n\t<meta property=\"og:image:height\" content=\"393\" \/>\n\t<meta property=\"og:image:type\" content=\"image\/jpeg\" \/>\n<meta name=\"author\" content=\"admin\" \/>\n<meta name=\"twitter:card\" content=\"summary_large_image\" \/>\n<meta name=\"twitter:label1\" content=\"Escrito por\" \/>\n\t<meta name=\"twitter:data1\" content=\"admin\" \/>\n\t<meta name=\"twitter:label2\" content=\"Tiempo de lectura\" \/>\n\t<meta name=\"twitter:data2\" content=\"1 minuto\" \/>\n<script type=\"application\/ld+json\" class=\"yoast-schema-graph\">{\"@context\":\"https:\/\/schema.org\",\"@graph\":[{\"@type\":\"Article\",\"@id\":\"https:\/\/volcanes.net\/?p=7357#article\",\"isPartOf\":{\"@id\":\"https:\/\/volcanes.net\/?p=7357\"},\"author\":{\"name\":\"admin\",\"@id\":\"https:\/\/volcanes.net\/#\/schema\/person\/4bf0f383940966a4abd53f5048c0e6b9\"},\"headline\":\"Gobierno Municipal de Tenango del Aire celebra 200 a\u00f1os de la erecci\u00f3n municipal\",\"datePublished\":\"2020-06-26T19:16:11+00:00\",\"mainEntityOfPage\":{\"@id\":\"https:\/\/volcanes.net\/?p=7357\"},\"wordCount\":201,\"commentCount\":0,\"publisher\":{\"@id\":\"https:\/\/volcanes.net\/#organization\"},\"image\":{\"@id\":\"https:\/\/volcanes.net\/?p=7357#primaryimage\"},\"thumbnailUrl\":\"https:\/\/volcanes.net\/wp-content\/uploads\/2020\/06\/IMG-20200626-WA0030_opt.jpg\",\"keywords\":[\"Tenango del Aire\"],\"articleSection\":[\"Municipales\"],\"inLanguage\":\"es\",\"potentialAction\":[{\"@type\":\"CommentAction\",\"name\":\"Comment\",\"target\":[\"https:\/\/volcanes.net\/?p=7357#respond\"]}]},{\"@type\":\"WebPage\",\"@id\":\"https:\/\/volcanes.net\/?p=7357\",\"url\":\"https:\/\/volcanes.net\/?p=7357\",\"name\":\"Gobierno Municipal de Tenango del Aire celebra 200 a\u00f1os de la erecci\u00f3n municipal - Volcanes\",\"isPartOf\":{\"@id\":\"https:\/\/volcanes.net\/#website\"},\"primaryImageOfPage\":{\"@id\":\"https:\/\/volcanes.net\/?p=7357#primaryimage\"},\"image\":{\"@id\":\"https:\/\/volcanes.net\/?p=7357#primaryimage\"},\"thumbnailUrl\":\"https:\/\/volcanes.net\/wp-content\/uploads\/2020\/06\/IMG-20200626-WA0030_opt.jpg\",\"datePublished\":\"2020-06-26T19:16:11+00:00\",\"breadcrumb\":{\"@id\":\"https:\/\/volcanes.net\/?p=7357#breadcrumb\"},\"inLanguage\":\"es\",\"potentialAction\":[{\"@type\":\"ReadAction\",\"target\":[\"https:\/\/volcanes.net\/?p=7357\"]}]},{\"@type\":\"ImageObject\",\"inLanguage\":\"es\",\"@id\":\"https:\/\/volcanes.net\/?p=7357#primaryimage\",\"url\":\"https:\/\/volcanes.net\/wp-content\/uploads\/2020\/06\/IMG-20200626-WA0030_opt.jpg\",\"contentUrl\":\"https:\/\/volcanes.net\/wp-content\/uploads\/2020\/06\/IMG-20200626-WA0030_opt.jpg\",\"width\":400,\"height\":393},{\"@type\":\"BreadcrumbList\",\"@id\":\"https:\/\/volcanes.net\/?p=7357#breadcrumb\",\"itemListElement\":[{\"@type\":\"ListItem\",\"position\":1,\"name\":\"Portada\",\"item\":\"https:\/\/volcanes.net\/\"},{\"@type\":\"ListItem\",\"position\":2,\"name\":\"Gobierno Municipal de Tenango del Aire celebra 200 a\u00f1os de la erecci\u00f3n municipal\"}]},{\"@type\":\"WebSite\",\"@id\":\"https:\/\/volcanes.net\/#website\",\"url\":\"https:\/\/volcanes.net\/\",\"name\":\"Volcanes.Net\",\"description\":\"Periodismo Profesional\",\"publisher\":{\"@id\":\"https:\/\/volcanes.net\/#organization\"},\"potentialAction\":[{\"@type\":\"SearchAction\",\"target\":{\"@type\":\"EntryPoint\",\"urlTemplate\":\"https:\/\/volcanes.net\/?s={search_term_string}\"},\"query-input\":{\"@type\":\"PropertyValueSpecification\",\"valueRequired\":true,\"valueName\":\"search_term_string\"}}],\"inLanguage\":\"es\"},{\"@type\":\"Organization\",\"@id\":\"https:\/\/volcanes.net\/#organization\",\"name\":\"Grupo Volcanes\",\"url\":\"https:\/\/volcanes.net\/\",\"logo\":{\"@type\":\"ImageObject\",\"inLanguage\":\"es\",\"@id\":\"https:\/\/volcanes.net\/#\/schema\/logo\/image\/\",\"url\":\"http:\/\/volcanes.net\/wp-content\/uploads\/2017\/12\/Avatar2.jpg\",\"contentUrl\":\"http:\/\/volcanes.net\/wp-content\/uploads\/2017\/12\/Avatar2.jpg\",\"width\":378,\"height\":378,\"caption\":\"Grupo Volcanes\"},\"image\":{\"@id\":\"https:\/\/volcanes.net\/#\/schema\/logo\/image\/\"},\"sameAs\":[\"https:\/\/www.facebook.com\/volcanes.net\/\"]},{\"@type\":\"Person\",\"@id\":\"https:\/\/volcanes.net\/#\/schema\/person\/4bf0f383940966a4abd53f5048c0e6b9\",\"name\":\"admin\",\"image\":{\"@type\":\"ImageObject\",\"inLanguage\":\"es\",\"@id\":\"https:\/\/volcanes.net\/#\/schema\/person\/image\/\",\"url\":\"https:\/\/secure.gravatar.com\/avatar\/ca004e6cba8462b8cb7abc86e382930c?s=96&d=mm&r=g\",\"contentUrl\":\"https:\/\/secure.gravatar.com\/avatar\/ca004e6cba8462b8cb7abc86e382930c?s=96&d=mm&r=g\",\"caption\":\"admin\"}}]}<\/script>\n<!-- \/ Yoast SEO plugin. -->","yoast_head_json":{"title":"Gobierno Municipal de Tenango del Aire celebra 200 a\u00f1os de la erecci\u00f3n municipal - Volcanes","robots":{"index":"index","follow":"follow","max-snippet":"max-snippet:-1","max-image-preview":"max-image-preview:large","max-video-preview":"max-video-preview:-1"},"canonical":"https:\/\/volcanes.net\/?p=7357","og_locale":"es_MX","og_type":"article","og_title":"Gobierno Municipal de Tenango del Aire celebra 200 a\u00f1os de la erecci\u00f3n municipal - Volcanes","og_description":"En el marco de los 200 a\u00f1os de la erecci\u00f3n municipal de Tenango del Aire,","og_url":"https:\/\/volcanes.net\/?p=7357","og_site_name":"Volcanes","article_publisher":"https:\/\/www.facebook.com\/volcanes.net\/","article_published_time":"2020-06-26T19:16:11+00:00","og_image":[{"width":400,"height":393,"url":"https:\/\/volcanes.net\/wp-content\/uploads\/2020\/06\/IMG-20200626-WA0030_opt.jpg","type":"image\/jpeg"}],"author":"admin","twitter_card":"summary_large_image","twitter_misc":{"Escrito por":"admin","Tiempo de lectura":"1 minuto"},"schema":{"@context":"https:\/\/schema.org","@graph":[{"@type":"Article","@id":"https:\/\/volcanes.net\/?p=7357#article","isPartOf":{"@id":"https:\/\/volcanes.net\/?p=7357"},"author":{"name":"admin","@id":"https:\/\/volcanes.net\/#\/schema\/person\/4bf0f383940966a4abd53f5048c0e6b9"},"headline":"Gobierno Municipal de Tenango del Aire celebra 200 a\u00f1os de la erecci\u00f3n municipal","datePublished":"2020-06-26T19:16:11+00:00","mainEntityOfPage":{"@id":"https:\/\/volcanes.net\/?p=7357"},"wordCount":201,"commentCount":0,"publisher":{"@id":"https:\/\/volcanes.net\/#organization"},"image":{"@id":"https:\/\/volcanes.net\/?p=7357#primaryimage"},"thumbnailUrl":"https:\/\/volcanes.net\/wp-content\/uploads\/2020\/06\/IMG-20200626-WA0030_opt.jpg","keywords":["Tenango del Aire"],"articleSection":["Municipales"],"inLanguage":"es","potentialAction":[{"@type":"CommentAction","name":"Comment","target":["https:\/\/volcanes.net\/?p=7357#respond"]}]},{"@type":"WebPage","@id":"https:\/\/volcanes.net\/?p=7357","url":"https:\/\/volcanes.net\/?p=7357","name":"Gobierno Municipal de Tenango del Aire celebra 200 a\u00f1os de la erecci\u00f3n municipal - Volcanes","isPartOf":{"@id":"https:\/\/volcanes.net\/#website"},"primaryImageOfPage":{"@id":"https:\/\/volcanes.net\/?p=7357#primaryimage"},"image":{"@id":"https:\/\/volcanes.net\/?p=7357#primaryimage"},"thumbnailUrl":"https:\/\/volcanes.net\/wp-content\/uploads\/2020\/06\/IMG-20200626-WA0030_opt.jpg","datePublished":"2020-06-26T19:16:11+00:00","breadcrumb":{"@id":"https:\/\/volcanes.net\/?p=7357#breadcrumb"},"inLanguage":"es","potentialAction":[{"@type":"ReadAction","target":["https:\/\/volcanes.net\/?p=7357"]}]},{"@type":"ImageObject","inLanguage":"es","@id":"https:\/\/volcanes.net\/?p=7357#primaryimage","url":"https:\/\/volcanes.net\/wp-content\/uploads\/2020\/06\/IMG-20200626-WA0030_opt.jpg","contentUrl":"https:\/\/volcanes.net\/wp-content\/uploads\/2020\/06\/IMG-20200626-WA0030_opt.jpg","width":400,"height":393},{"@type":"BreadcrumbList","@id":"https:\/\/volcanes.net\/?p=7357#breadcrumb","itemListElement":[{"@type":"ListItem","position":1,"name":"Portada","item":"https:\/\/volcanes.net\/"},{"@type":"ListItem","position":2,"name":"Gobierno Municipal de Tenango del Aire celebra 200 a\u00f1os de la erecci\u00f3n municipal"}]},{"@type":"WebSite","@id":"https:\/\/volcanes.net\/#website","url":"https:\/\/volcanes.net\/","name":"Volcanes.Net","description":"Periodismo Profesional","publisher":{"@id":"https:\/\/volcanes.net\/#organization"},"potentialAction":[{"@type":"SearchAction","target":{"@type":"EntryPoint","urlTemplate":"https:\/\/volcanes.net\/?s={search_term_string}"},"query-input":{"@type":"PropertyValueSpecification","valueRequired":true,"valueName":"search_term_string"}}],"inLanguage":"es"},{"@type":"Organization","@id":"https:\/\/volcanes.net\/#organization","name":"Grupo Volcanes","url":"https:\/\/volcanes.net\/","logo":{"@type":"ImageObject","inLanguage":"es","@id":"https:\/\/volcanes.net\/#\/schema\/logo\/image\/","url":"http:\/\/volcanes.net\/wp-content\/uploads\/2017\/12\/Avatar2.jpg","contentUrl":"http:\/\/volcanes.net\/wp-content\/uploads\/2017\/12\/Avatar2.jpg","width":378,"height":378,"caption":"Grupo Volcanes"},"image":{"@id":"https:\/\/volcanes.net\/#\/schema\/logo\/image\/"},"sameAs":["https:\/\/www.facebook.com\/volcanes.net\/"]},{"@type":"Person","@id":"https:\/\/volcanes.net\/#\/schema\/person\/4bf0f383940966a4abd53f5048c0e6b9","name":"admin","image":{"@type":"ImageObject","inLanguage":"es","@id":"https:\/\/volcanes.net\/#\/schema\/person\/image\/","url":"https:\/\/secure.gravatar.com\/avatar\/ca004e6cba8462b8cb7abc86e382930c?s=96&d=mm&r=g","contentUrl":"https:\/\/secure.gravatar.com\/avatar\/ca004e6cba8462b8cb7abc86e382930c?s=96&d=mm&r=g","caption":"admin"}}]}},"_links":{"self":[{"href":"https:\/\/volcanes.net\/index.php?rest_route=\/wp\/v2\/posts\/7357"}],"collection":[{"href":"https:\/\/volcanes.net\/index.php?rest_route=\/wp\/v2\/posts"}],"about":[{"href":"https:\/\/volcanes.net\/index.php?rest_route=\/wp\/v2\/types\/post"}],"author":[{"embeddable":true,"href":"https:\/\/volcanes.net\/index.php?rest_route=\/wp\/v2\/users\/1"}],"replies":[{"embeddable":true,"href":"https:\/\/volcanes.net\/index.php?rest_route=%2Fwp%2Fv2%2Fcomments&post=7357"}],"version-history":[{"count":1,"href":"https:\/\/volcanes.net\/index.php?rest_route=\/wp\/v2\/posts\/7357\/revisions"}],"predecessor-version":[{"id":7359,"href":"https:\/\/volcanes.net\/index.php?rest_route=\/wp\/v2\/posts\/7357\/revisions\/7359"}],"wp:featuredmedia":[{"embeddable":true,"href":"https:\/\/volcanes.net\/index.php?rest_route=\/wp\/v2\/media\/7358"}],"wp:attachment":[{"href":"https:\/\/volcanes.net\/index.php?rest_route=%2Fwp%2Fv2%2Fmedia&parent=7357"}],"wp:term":[{"taxonomy":"category","embeddable":true,"href":"https:\/\/volcanes.net\/index.php?rest_route=%2Fwp%2Fv2%2Fcategories&post=7357"},{"taxonomy":"post_tag","embeddable":true,"href":"https:\/\/volcanes.net\/index.php?rest_route=%2Fwp%2Fv2%2Ftags&post=7357"}],"curies":[{"name":"wp","href":"https:\/\/api.w.org\/{rel}","templated":true}]}}