{"id":7390,"date":"2020-06-29T16:23:48","date_gmt":"2020-06-29T22:23:48","guid":{"rendered":"http:\/\/volcanes.net\/?p=7390"},"modified":"2020-06-29T16:23:48","modified_gmt":"2020-06-29T22:23:48","slug":"cierran-taxistas-centro-de-amecameca-para-no-pagar-derechos","status":"publish","type":"post","link":"https:\/\/volcanes.net\/?p=7390","title":{"rendered":"Cierran taxistas centro de Amecameca para no pagar derechos"},"content":{"rendered":"<div style=\"margin-top: 0px; margin-bottom: 0px;\" class=\"sharethis-inline-share-buttons\" ><\/div><p>Amecameca de Ju\u00e1rez, Estado de M\u00e9xico a 29 de junio de 2020.- Para evitar pagar por el uso de la v\u00eda p\u00fablica, poco m\u00e1s de 20 unidades de taxis representados por Pedro S\u00e1nchez De la Rosa bloquearon por casi una hora las principales vialidades del primer cuadro del municipio afectando a cientos de vecinos, aunque finalmente, y luego de ser atendidos por la Direcci\u00f3n de Vialidad, acordaron realizar dicho pago en la Tesorer\u00eda Municipal.<\/p>\n<p>Por su parte personal de la Direcci\u00f3n de Movilidad inform\u00f3 que las unidades que hacen base en Calle Insurgentes y en Sitio Ju\u00e1rez, se hab\u00edan negado a realizar el pago que establece C\u00f3digo Financiero del Estado de M\u00e9xico y Municipios; y que pretend\u00edan, con el cierre de vialidades, obtener del Gobierno Municipal la autorizaci\u00f3n para no pagar; aunque finalmente pagar\u00e1n de acuerdo a la normatividad.<\/p>\n<p>Cabe mencionar que dichos taxistas en su gran mayor\u00eda utilizan veh\u00edculos particulares, e incluso muchos de ellos ni siquiera traen placas<\/p>\n","protected":false},"excerpt":{"rendered":"<p>Amecameca de Ju\u00e1rez, Estado de M\u00e9xico a 29 de junio de 2020.- Para evitar pagar<\/p>\n","protected":false},"author":1,"featured_media":7391,"comment_status":"open","ping_status":"open","sticky":false,"template":"","format":"standard","meta":{"footnotes":""},"categories":[1],"tags":[7],"class_list":["post-7390","post","type-post","status-publish","format-standard","has-post-thumbnail","hentry","category-municipales","tag-amecameca"],"yoast_head":"<!-- This site is optimized with the Yoast SEO plugin v25.3 - https:\/\/yoast.com\/wordpress\/plugins\/seo\/ -->\n<title>Cierran taxistas centro de Amecameca para no pagar derechos - Volcanes<\/title>\n<meta name=\"robots\" content=\"index, follow, max-snippet:-1, max-image-preview:large, max-video-preview:-1\" \/>\n<link rel=\"canonical\" href=\"https:\/\/volcanes.net\/?p=7390\" \/>\n<meta property=\"og:locale\" content=\"es_MX\" \/>\n<meta property=\"og:type\" content=\"article\" \/>\n<meta property=\"og:title\" content=\"Cierran taxistas centro de Amecameca para no pagar derechos - Volcanes\" \/>\n<meta property=\"og:description\" content=\"Amecameca de Ju\u00e1rez, Estado de M\u00e9xico a 29 de junio de 2020.- Para evitar pagar\" \/>\n<meta property=\"og:url\" content=\"https:\/\/volcanes.net\/?p=7390\" \/>\n<meta property=\"og:site_name\" content=\"Volcanes\" \/>\n<meta property=\"article:publisher\" content=\"https:\/\/www.facebook.com\/volcanes.net\/\" \/>\n<meta property=\"article:published_time\" content=\"2020-06-29T22:23:48+00:00\" \/>\n<meta property=\"og:image\" content=\"https:\/\/volcanes.net\/wp-content\/uploads\/2020\/06\/WhatsApp-Image-2020-06-29-at-5_opt.jpg\" \/>\n\t<meta property=\"og:image:width\" content=\"400\" \/>\n\t<meta property=\"og:image:height\" content=\"300\" \/>\n\t<meta property=\"og:image:type\" content=\"image\/jpeg\" \/>\n<meta name=\"author\" content=\"admin\" \/>\n<meta name=\"twitter:card\" content=\"summary_large_image\" \/>\n<meta name=\"twitter:label1\" content=\"Escrito por\" \/>\n\t<meta name=\"twitter:data1\" content=\"admin\" \/>\n\t<meta name=\"twitter:label2\" content=\"Tiempo de lectura\" \/>\n\t<meta name=\"twitter:data2\" content=\"1 minuto\" \/>\n<script type=\"application\/ld+json\" class=\"yoast-schema-graph\">{\"@context\":\"https:\/\/schema.org\",\"@graph\":[{\"@type\":\"Article\",\"@id\":\"https:\/\/volcanes.net\/?p=7390#article\",\"isPartOf\":{\"@id\":\"https:\/\/volcanes.net\/?p=7390\"},\"author\":{\"name\":\"admin\",\"@id\":\"https:\/\/volcanes.net\/#\/schema\/person\/4bf0f383940966a4abd53f5048c0e6b9\"},\"headline\":\"Cierran taxistas centro de Amecameca para no pagar derechos\",\"datePublished\":\"2020-06-29T22:23:48+00:00\",\"mainEntityOfPage\":{\"@id\":\"https:\/\/volcanes.net\/?p=7390\"},\"wordCount\":185,\"commentCount\":0,\"publisher\":{\"@id\":\"https:\/\/volcanes.net\/#organization\"},\"image\":{\"@id\":\"https:\/\/volcanes.net\/?p=7390#primaryimage\"},\"thumbnailUrl\":\"https:\/\/volcanes.net\/wp-content\/uploads\/2020\/06\/WhatsApp-Image-2020-06-29-at-5_opt.jpg\",\"keywords\":[\"Amecameca\"],\"articleSection\":[\"Municipales\"],\"inLanguage\":\"es\",\"potentialAction\":[{\"@type\":\"CommentAction\",\"name\":\"Comment\",\"target\":[\"https:\/\/volcanes.net\/?p=7390#respond\"]}]},{\"@type\":\"WebPage\",\"@id\":\"https:\/\/volcanes.net\/?p=7390\",\"url\":\"https:\/\/volcanes.net\/?p=7390\",\"name\":\"Cierran taxistas centro de Amecameca para no pagar derechos - Volcanes\",\"isPartOf\":{\"@id\":\"https:\/\/volcanes.net\/#website\"},\"primaryImageOfPage\":{\"@id\":\"https:\/\/volcanes.net\/?p=7390#primaryimage\"},\"image\":{\"@id\":\"https:\/\/volcanes.net\/?p=7390#primaryimage\"},\"thumbnailUrl\":\"https:\/\/volcanes.net\/wp-content\/uploads\/2020\/06\/WhatsApp-Image-2020-06-29-at-5_opt.jpg\",\"datePublished\":\"2020-06-29T22:23:48+00:00\",\"breadcrumb\":{\"@id\":\"https:\/\/volcanes.net\/?p=7390#breadcrumb\"},\"inLanguage\":\"es\",\"potentialAction\":[{\"@type\":\"ReadAction\",\"target\":[\"https:\/\/volcanes.net\/?p=7390\"]}]},{\"@type\":\"ImageObject\",\"inLanguage\":\"es\",\"@id\":\"https:\/\/volcanes.net\/?p=7390#primaryimage\",\"url\":\"https:\/\/volcanes.net\/wp-content\/uploads\/2020\/06\/WhatsApp-Image-2020-06-29-at-5_opt.jpg\",\"contentUrl\":\"https:\/\/volcanes.net\/wp-content\/uploads\/2020\/06\/WhatsApp-Image-2020-06-29-at-5_opt.jpg\",\"width\":400,\"height\":300},{\"@type\":\"BreadcrumbList\",\"@id\":\"https:\/\/volcanes.net\/?p=7390#breadcrumb\",\"itemListElement\":[{\"@type\":\"ListItem\",\"position\":1,\"name\":\"Portada\",\"item\":\"https:\/\/volcanes.net\/\"},{\"@type\":\"ListItem\",\"position\":2,\"name\":\"Cierran taxistas centro de Amecameca para no pagar derechos\"}]},{\"@type\":\"WebSite\",\"@id\":\"https:\/\/volcanes.net\/#website\",\"url\":\"https:\/\/volcanes.net\/\",\"name\":\"Volcanes.Net\",\"description\":\"Periodismo Profesional\",\"publisher\":{\"@id\":\"https:\/\/volcanes.net\/#organization\"},\"potentialAction\":[{\"@type\":\"SearchAction\",\"target\":{\"@type\":\"EntryPoint\",\"urlTemplate\":\"https:\/\/volcanes.net\/?s={search_term_string}\"},\"query-input\":{\"@type\":\"PropertyValueSpecification\",\"valueRequired\":true,\"valueName\":\"search_term_string\"}}],\"inLanguage\":\"es\"},{\"@type\":\"Organization\",\"@id\":\"https:\/\/volcanes.net\/#organization\",\"name\":\"Grupo Volcanes\",\"url\":\"https:\/\/volcanes.net\/\",\"logo\":{\"@type\":\"ImageObject\",\"inLanguage\":\"es\",\"@id\":\"https:\/\/volcanes.net\/#\/schema\/logo\/image\/\",\"url\":\"http:\/\/volcanes.net\/wp-content\/uploads\/2017\/12\/Avatar2.jpg\",\"contentUrl\":\"http:\/\/volcanes.net\/wp-content\/uploads\/2017\/12\/Avatar2.jpg\",\"width\":378,\"height\":378,\"caption\":\"Grupo Volcanes\"},\"image\":{\"@id\":\"https:\/\/volcanes.net\/#\/schema\/logo\/image\/\"},\"sameAs\":[\"https:\/\/www.facebook.com\/volcanes.net\/\"]},{\"@type\":\"Person\",\"@id\":\"https:\/\/volcanes.net\/#\/schema\/person\/4bf0f383940966a4abd53f5048c0e6b9\",\"name\":\"admin\",\"image\":{\"@type\":\"ImageObject\",\"inLanguage\":\"es\",\"@id\":\"https:\/\/volcanes.net\/#\/schema\/person\/image\/\",\"url\":\"https:\/\/secure.gravatar.com\/avatar\/ca004e6cba8462b8cb7abc86e382930c?s=96&d=mm&r=g\",\"contentUrl\":\"https:\/\/secure.gravatar.com\/avatar\/ca004e6cba8462b8cb7abc86e382930c?s=96&d=mm&r=g\",\"caption\":\"admin\"}}]}<\/script>\n<!-- \/ Yoast SEO plugin. -->","yoast_head_json":{"title":"Cierran taxistas centro de Amecameca para no pagar derechos - Volcanes","robots":{"index":"index","follow":"follow","max-snippet":"max-snippet:-1","max-image-preview":"max-image-preview:large","max-video-preview":"max-video-preview:-1"},"canonical":"https:\/\/volcanes.net\/?p=7390","og_locale":"es_MX","og_type":"article","og_title":"Cierran taxistas centro de Amecameca para no pagar derechos - Volcanes","og_description":"Amecameca de Ju\u00e1rez, Estado de M\u00e9xico a 29 de junio de 2020.- Para evitar pagar","og_url":"https:\/\/volcanes.net\/?p=7390","og_site_name":"Volcanes","article_publisher":"https:\/\/www.facebook.com\/volcanes.net\/","article_published_time":"2020-06-29T22:23:48+00:00","og_image":[{"width":400,"height":300,"url":"https:\/\/volcanes.net\/wp-content\/uploads\/2020\/06\/WhatsApp-Image-2020-06-29-at-5_opt.jpg","type":"image\/jpeg"}],"author":"admin","twitter_card":"summary_large_image","twitter_misc":{"Escrito por":"admin","Tiempo de lectura":"1 minuto"},"schema":{"@context":"https:\/\/schema.org","@graph":[{"@type":"Article","@id":"https:\/\/volcanes.net\/?p=7390#article","isPartOf":{"@id":"https:\/\/volcanes.net\/?p=7390"},"author":{"name":"admin","@id":"https:\/\/volcanes.net\/#\/schema\/person\/4bf0f383940966a4abd53f5048c0e6b9"},"headline":"Cierran taxistas centro de Amecameca para no pagar derechos","datePublished":"2020-06-29T22:23:48+00:00","mainEntityOfPage":{"@id":"https:\/\/volcanes.net\/?p=7390"},"wordCount":185,"commentCount":0,"publisher":{"@id":"https:\/\/volcanes.net\/#organization"},"image":{"@id":"https:\/\/volcanes.net\/?p=7390#primaryimage"},"thumbnailUrl":"https:\/\/volcanes.net\/wp-content\/uploads\/2020\/06\/WhatsApp-Image-2020-06-29-at-5_opt.jpg","keywords":["Amecameca"],"articleSection":["Municipales"],"inLanguage":"es","potentialAction":[{"@type":"CommentAction","name":"Comment","target":["https:\/\/volcanes.net\/?p=7390#respond"]}]},{"@type":"WebPage","@id":"https:\/\/volcanes.net\/?p=7390","url":"https:\/\/volcanes.net\/?p=7390","name":"Cierran taxistas centro de Amecameca para no pagar derechos - Volcanes","isPartOf":{"@id":"https:\/\/volcanes.net\/#website"},"primaryImageOfPage":{"@id":"https:\/\/volcanes.net\/?p=7390#primaryimage"},"image":{"@id":"https:\/\/volcanes.net\/?p=7390#primaryimage"},"thumbnailUrl":"https:\/\/volcanes.net\/wp-content\/uploads\/2020\/06\/WhatsApp-Image-2020-06-29-at-5_opt.jpg","datePublished":"2020-06-29T22:23:48+00:00","breadcrumb":{"@id":"https:\/\/volcanes.net\/?p=7390#breadcrumb"},"inLanguage":"es","potentialAction":[{"@type":"ReadAction","target":["https:\/\/volcanes.net\/?p=7390"]}]},{"@type":"ImageObject","inLanguage":"es","@id":"https:\/\/volcanes.net\/?p=7390#primaryimage","url":"https:\/\/volcanes.net\/wp-content\/uploads\/2020\/06\/WhatsApp-Image-2020-06-29-at-5_opt.jpg","contentUrl":"https:\/\/volcanes.net\/wp-content\/uploads\/2020\/06\/WhatsApp-Image-2020-06-29-at-5_opt.jpg","width":400,"height":300},{"@type":"BreadcrumbList","@id":"https:\/\/volcanes.net\/?p=7390#breadcrumb","itemListElement":[{"@type":"ListItem","position":1,"name":"Portada","item":"https:\/\/volcanes.net\/"},{"@type":"ListItem","position":2,"name":"Cierran taxistas centro de Amecameca para no pagar derechos"}]},{"@type":"WebSite","@id":"https:\/\/volcanes.net\/#website","url":"https:\/\/volcanes.net\/","name":"Volcanes.Net","description":"Periodismo Profesional","publisher":{"@id":"https:\/\/volcanes.net\/#organization"},"potentialAction":[{"@type":"SearchAction","target":{"@type":"EntryPoint","urlTemplate":"https:\/\/volcanes.net\/?s={search_term_string}"},"query-input":{"@type":"PropertyValueSpecification","valueRequired":true,"valueName":"search_term_string"}}],"inLanguage":"es"},{"@type":"Organization","@id":"https:\/\/volcanes.net\/#organization","name":"Grupo Volcanes","url":"https:\/\/volcanes.net\/","logo":{"@type":"ImageObject","inLanguage":"es","@id":"https:\/\/volcanes.net\/#\/schema\/logo\/image\/","url":"http:\/\/volcanes.net\/wp-content\/uploads\/2017\/12\/Avatar2.jpg","contentUrl":"http:\/\/volcanes.net\/wp-content\/uploads\/2017\/12\/Avatar2.jpg","width":378,"height":378,"caption":"Grupo Volcanes"},"image":{"@id":"https:\/\/volcanes.net\/#\/schema\/logo\/image\/"},"sameAs":["https:\/\/www.facebook.com\/volcanes.net\/"]},{"@type":"Person","@id":"https:\/\/volcanes.net\/#\/schema\/person\/4bf0f383940966a4abd53f5048c0e6b9","name":"admin","image":{"@type":"ImageObject","inLanguage":"es","@id":"https:\/\/volcanes.net\/#\/schema\/person\/image\/","url":"https:\/\/secure.gravatar.com\/avatar\/ca004e6cba8462b8cb7abc86e382930c?s=96&d=mm&r=g","contentUrl":"https:\/\/secure.gravatar.com\/avatar\/ca004e6cba8462b8cb7abc86e382930c?s=96&d=mm&r=g","caption":"admin"}}]}},"_links":{"self":[{"href":"https:\/\/volcanes.net\/index.php?rest_route=\/wp\/v2\/posts\/7390"}],"collection":[{"href":"https:\/\/volcanes.net\/index.php?rest_route=\/wp\/v2\/posts"}],"about":[{"href":"https:\/\/volcanes.net\/index.php?rest_route=\/wp\/v2\/types\/post"}],"author":[{"embeddable":true,"href":"https:\/\/volcanes.net\/index.php?rest_route=\/wp\/v2\/users\/1"}],"replies":[{"embeddable":true,"href":"https:\/\/volcanes.net\/index.php?rest_route=%2Fwp%2Fv2%2Fcomments&post=7390"}],"version-history":[{"count":1,"href":"https:\/\/volcanes.net\/index.php?rest_route=\/wp\/v2\/posts\/7390\/revisions"}],"predecessor-version":[{"id":7392,"href":"https:\/\/volcanes.net\/index.php?rest_route=\/wp\/v2\/posts\/7390\/revisions\/7392"}],"wp:featuredmedia":[{"embeddable":true,"href":"https:\/\/volcanes.net\/index.php?rest_route=\/wp\/v2\/media\/7391"}],"wp:attachment":[{"href":"https:\/\/volcanes.net\/index.php?rest_route=%2Fwp%2Fv2%2Fmedia&parent=7390"}],"wp:term":[{"taxonomy":"category","embeddable":true,"href":"https:\/\/volcanes.net\/index.php?rest_route=%2Fwp%2Fv2%2Fcategories&post=7390"},{"taxonomy":"post_tag","embeddable":true,"href":"https:\/\/volcanes.net\/index.php?rest_route=%2Fwp%2Fv2%2Ftags&post=7390"}],"curies":[{"name":"wp","href":"https:\/\/api.w.org\/{rel}","templated":true}]}}