{"id":7393,"date":"2020-06-29T17:32:50","date_gmt":"2020-06-29T23:32:50","guid":{"rendered":"http:\/\/volcanes.net\/?p=7393"},"modified":"2020-06-29T17:32:50","modified_gmt":"2020-06-29T23:32:50","slug":"todo-listo-para-el-inicio-del-corredor-comercial-atlautla-2020","status":"publish","type":"post","link":"https:\/\/volcanes.net\/?p=7393","title":{"rendered":"Todo listo para el inicio del \u201cCorredor Comercial Atlautla 2020\u201d"},"content":{"rendered":"<div style=\"margin-top: 0px; margin-bottom: 0px;\" class=\"sharethis-inline-share-buttons\" ><\/div><p>Natalia Hern\u00e1ndez | Volcanes Multimedios.<\/p>\n<p>En entrevista para Volcanes Multimedios, el presidente municipal de Atlautla Hermenegildo Lozada Amaro nos pl\u00e1tica respecto al nuevo proyecto \u201cCorredor Comercial Atlautla 2020\u201d y \u00a0el cual dar\u00e1 inicio el d\u00eda de ma\u00f1ana martes 30 de junio en donde las personas podr\u00e1n ofrecer sus productos los d\u00edas martes y viernes.<\/p>\n<p>Cabe mencionar que anteriormente el H. Ayuntamiento de Atlautla hizo una invitaci\u00f3n a los productores y comerciantes \u00a0del municipio a sumarse al nuevo proyecto,\u00a0 donde podr\u00e1n ofrecer sus productos de una manera segura y con la finalidad de \u00a0reactivar la econom\u00eda del municipio a trav\u00e9s de la realizaci\u00f3n de proyectos de largo plazo.<\/p>\n<p>Adem\u00e1s de que Atlautla es una de las zonas con mayor producci\u00f3n de aguacate, tomate, jitomate, pepino, calabaza as\u00ed como de iniciar con una temporada muy fuerte de nuez.<\/p>\n<p>Por lo que con este corredor la finalidad es de\u00a0 brindarle a los productores y comerciantes un lugar seguro donde ofrezcan sus productos ya que este lugar esta acondicionado para sus necesidad por lo que se espera que finalice en el mes de diciembre.<\/p>\n<p>Cabe mencionar que ante la situaci\u00f3n que enfrenta el pa\u00eds por COVID-19, se tomaran en cuenta las medidas sanitarias emitidas por las autoridades por lo que en primera instancia se est\u00e1n ofreciendo productos de primera necesidad, adem\u00e1s de que el acceso ser\u00e1 limitado para evitar conglomeraci\u00f3n y prevenir posibles contagios por el virus.<\/p>\n","protected":false},"excerpt":{"rendered":"<p>Natalia Hern\u00e1ndez | Volcanes Multimedios. En entrevista para Volcanes Multimedios, el presidente municipal de Atlautla<\/p>\n","protected":false},"author":1,"featured_media":7170,"comment_status":"open","ping_status":"open","sticky":false,"template":"","format":"standard","meta":{"footnotes":""},"categories":[1],"tags":[80],"class_list":["post-7393","post","type-post","status-publish","format-standard","has-post-thumbnail","hentry","category-municipales","tag-atlautla"],"yoast_head":"<!-- This site is optimized with the Yoast SEO plugin v25.3 - https:\/\/yoast.com\/wordpress\/plugins\/seo\/ -->\n<title>Todo listo para el inicio del \u201cCorredor Comercial Atlautla 2020\u201d - Volcanes<\/title>\n<meta name=\"robots\" content=\"index, follow, max-snippet:-1, max-image-preview:large, max-video-preview:-1\" \/>\n<link rel=\"canonical\" href=\"https:\/\/volcanes.net\/?p=7393\" \/>\n<meta property=\"og:locale\" content=\"es_MX\" \/>\n<meta property=\"og:type\" content=\"article\" \/>\n<meta property=\"og:title\" content=\"Todo listo para el inicio del \u201cCorredor Comercial Atlautla 2020\u201d - Volcanes\" \/>\n<meta property=\"og:description\" content=\"Natalia Hern\u00e1ndez | Volcanes Multimedios. En entrevista para Volcanes Multimedios, el presidente municipal de Atlautla\" \/>\n<meta property=\"og:url\" content=\"https:\/\/volcanes.net\/?p=7393\" \/>\n<meta property=\"og:site_name\" content=\"Volcanes\" \/>\n<meta property=\"article:publisher\" content=\"https:\/\/www.facebook.com\/volcanes.net\/\" \/>\n<meta property=\"article:published_time\" content=\"2020-06-29T23:32:50+00:00\" \/>\n<meta property=\"og:image\" content=\"https:\/\/volcanes.net\/wp-content\/uploads\/2020\/06\/aca9c47e-5839-42fb-8dbb-231f3e9e1184.jpg\" \/>\n\t<meta property=\"og:image:width\" content=\"678\" \/>\n\t<meta property=\"og:image:height\" content=\"960\" \/>\n\t<meta property=\"og:image:type\" content=\"image\/jpeg\" \/>\n<meta name=\"author\" content=\"admin\" \/>\n<meta name=\"twitter:card\" content=\"summary_large_image\" \/>\n<meta name=\"twitter:label1\" content=\"Escrito por\" \/>\n\t<meta name=\"twitter:data1\" content=\"admin\" \/>\n\t<meta name=\"twitter:label2\" content=\"Tiempo de lectura\" \/>\n\t<meta name=\"twitter:data2\" content=\"1 minuto\" \/>\n<script type=\"application\/ld+json\" class=\"yoast-schema-graph\">{\"@context\":\"https:\/\/schema.org\",\"@graph\":[{\"@type\":\"Article\",\"@id\":\"https:\/\/volcanes.net\/?p=7393#article\",\"isPartOf\":{\"@id\":\"https:\/\/volcanes.net\/?p=7393\"},\"author\":{\"name\":\"admin\",\"@id\":\"https:\/\/volcanes.net\/#\/schema\/person\/4bf0f383940966a4abd53f5048c0e6b9\"},\"headline\":\"Todo listo para el inicio del \u201cCorredor Comercial Atlautla 2020\u201d\",\"datePublished\":\"2020-06-29T23:32:50+00:00\",\"mainEntityOfPage\":{\"@id\":\"https:\/\/volcanes.net\/?p=7393\"},\"wordCount\":257,\"commentCount\":0,\"publisher\":{\"@id\":\"https:\/\/volcanes.net\/#organization\"},\"image\":{\"@id\":\"https:\/\/volcanes.net\/?p=7393#primaryimage\"},\"thumbnailUrl\":\"https:\/\/volcanes.net\/wp-content\/uploads\/2020\/06\/aca9c47e-5839-42fb-8dbb-231f3e9e1184.jpg\",\"keywords\":[\"Atlautla\"],\"articleSection\":[\"Municipales\"],\"inLanguage\":\"es\",\"potentialAction\":[{\"@type\":\"CommentAction\",\"name\":\"Comment\",\"target\":[\"https:\/\/volcanes.net\/?p=7393#respond\"]}]},{\"@type\":\"WebPage\",\"@id\":\"https:\/\/volcanes.net\/?p=7393\",\"url\":\"https:\/\/volcanes.net\/?p=7393\",\"name\":\"Todo listo para el inicio del \u201cCorredor Comercial Atlautla 2020\u201d - Volcanes\",\"isPartOf\":{\"@id\":\"https:\/\/volcanes.net\/#website\"},\"primaryImageOfPage\":{\"@id\":\"https:\/\/volcanes.net\/?p=7393#primaryimage\"},\"image\":{\"@id\":\"https:\/\/volcanes.net\/?p=7393#primaryimage\"},\"thumbnailUrl\":\"https:\/\/volcanes.net\/wp-content\/uploads\/2020\/06\/aca9c47e-5839-42fb-8dbb-231f3e9e1184.jpg\",\"datePublished\":\"2020-06-29T23:32:50+00:00\",\"breadcrumb\":{\"@id\":\"https:\/\/volcanes.net\/?p=7393#breadcrumb\"},\"inLanguage\":\"es\",\"potentialAction\":[{\"@type\":\"ReadAction\",\"target\":[\"https:\/\/volcanes.net\/?p=7393\"]}]},{\"@type\":\"ImageObject\",\"inLanguage\":\"es\",\"@id\":\"https:\/\/volcanes.net\/?p=7393#primaryimage\",\"url\":\"https:\/\/volcanes.net\/wp-content\/uploads\/2020\/06\/aca9c47e-5839-42fb-8dbb-231f3e9e1184.jpg\",\"contentUrl\":\"https:\/\/volcanes.net\/wp-content\/uploads\/2020\/06\/aca9c47e-5839-42fb-8dbb-231f3e9e1184.jpg\",\"width\":678,\"height\":960},{\"@type\":\"BreadcrumbList\",\"@id\":\"https:\/\/volcanes.net\/?p=7393#breadcrumb\",\"itemListElement\":[{\"@type\":\"ListItem\",\"position\":1,\"name\":\"Portada\",\"item\":\"https:\/\/volcanes.net\/\"},{\"@type\":\"ListItem\",\"position\":2,\"name\":\"Todo listo para el inicio del \u201cCorredor Comercial Atlautla 2020\u201d\"}]},{\"@type\":\"WebSite\",\"@id\":\"https:\/\/volcanes.net\/#website\",\"url\":\"https:\/\/volcanes.net\/\",\"name\":\"Volcanes.Net\",\"description\":\"Periodismo Profesional\",\"publisher\":{\"@id\":\"https:\/\/volcanes.net\/#organization\"},\"potentialAction\":[{\"@type\":\"SearchAction\",\"target\":{\"@type\":\"EntryPoint\",\"urlTemplate\":\"https:\/\/volcanes.net\/?s={search_term_string}\"},\"query-input\":{\"@type\":\"PropertyValueSpecification\",\"valueRequired\":true,\"valueName\":\"search_term_string\"}}],\"inLanguage\":\"es\"},{\"@type\":\"Organization\",\"@id\":\"https:\/\/volcanes.net\/#organization\",\"name\":\"Grupo Volcanes\",\"url\":\"https:\/\/volcanes.net\/\",\"logo\":{\"@type\":\"ImageObject\",\"inLanguage\":\"es\",\"@id\":\"https:\/\/volcanes.net\/#\/schema\/logo\/image\/\",\"url\":\"http:\/\/volcanes.net\/wp-content\/uploads\/2017\/12\/Avatar2.jpg\",\"contentUrl\":\"http:\/\/volcanes.net\/wp-content\/uploads\/2017\/12\/Avatar2.jpg\",\"width\":378,\"height\":378,\"caption\":\"Grupo Volcanes\"},\"image\":{\"@id\":\"https:\/\/volcanes.net\/#\/schema\/logo\/image\/\"},\"sameAs\":[\"https:\/\/www.facebook.com\/volcanes.net\/\"]},{\"@type\":\"Person\",\"@id\":\"https:\/\/volcanes.net\/#\/schema\/person\/4bf0f383940966a4abd53f5048c0e6b9\",\"name\":\"admin\",\"image\":{\"@type\":\"ImageObject\",\"inLanguage\":\"es\",\"@id\":\"https:\/\/volcanes.net\/#\/schema\/person\/image\/\",\"url\":\"https:\/\/secure.gravatar.com\/avatar\/ca004e6cba8462b8cb7abc86e382930c?s=96&d=mm&r=g\",\"contentUrl\":\"https:\/\/secure.gravatar.com\/avatar\/ca004e6cba8462b8cb7abc86e382930c?s=96&d=mm&r=g\",\"caption\":\"admin\"}}]}<\/script>\n<!-- \/ Yoast SEO plugin. -->","yoast_head_json":{"title":"Todo listo para el inicio del \u201cCorredor Comercial Atlautla 2020\u201d - Volcanes","robots":{"index":"index","follow":"follow","max-snippet":"max-snippet:-1","max-image-preview":"max-image-preview:large","max-video-preview":"max-video-preview:-1"},"canonical":"https:\/\/volcanes.net\/?p=7393","og_locale":"es_MX","og_type":"article","og_title":"Todo listo para el inicio del \u201cCorredor Comercial Atlautla 2020\u201d - Volcanes","og_description":"Natalia Hern\u00e1ndez | Volcanes Multimedios. En entrevista para Volcanes Multimedios, el presidente municipal de Atlautla","og_url":"https:\/\/volcanes.net\/?p=7393","og_site_name":"Volcanes","article_publisher":"https:\/\/www.facebook.com\/volcanes.net\/","article_published_time":"2020-06-29T23:32:50+00:00","og_image":[{"width":678,"height":960,"url":"https:\/\/volcanes.net\/wp-content\/uploads\/2020\/06\/aca9c47e-5839-42fb-8dbb-231f3e9e1184.jpg","type":"image\/jpeg"}],"author":"admin","twitter_card":"summary_large_image","twitter_misc":{"Escrito por":"admin","Tiempo de lectura":"1 minuto"},"schema":{"@context":"https:\/\/schema.org","@graph":[{"@type":"Article","@id":"https:\/\/volcanes.net\/?p=7393#article","isPartOf":{"@id":"https:\/\/volcanes.net\/?p=7393"},"author":{"name":"admin","@id":"https:\/\/volcanes.net\/#\/schema\/person\/4bf0f383940966a4abd53f5048c0e6b9"},"headline":"Todo listo para el inicio del \u201cCorredor Comercial Atlautla 2020\u201d","datePublished":"2020-06-29T23:32:50+00:00","mainEntityOfPage":{"@id":"https:\/\/volcanes.net\/?p=7393"},"wordCount":257,"commentCount":0,"publisher":{"@id":"https:\/\/volcanes.net\/#organization"},"image":{"@id":"https:\/\/volcanes.net\/?p=7393#primaryimage"},"thumbnailUrl":"https:\/\/volcanes.net\/wp-content\/uploads\/2020\/06\/aca9c47e-5839-42fb-8dbb-231f3e9e1184.jpg","keywords":["Atlautla"],"articleSection":["Municipales"],"inLanguage":"es","potentialAction":[{"@type":"CommentAction","name":"Comment","target":["https:\/\/volcanes.net\/?p=7393#respond"]}]},{"@type":"WebPage","@id":"https:\/\/volcanes.net\/?p=7393","url":"https:\/\/volcanes.net\/?p=7393","name":"Todo listo para el inicio del \u201cCorredor Comercial Atlautla 2020\u201d - Volcanes","isPartOf":{"@id":"https:\/\/volcanes.net\/#website"},"primaryImageOfPage":{"@id":"https:\/\/volcanes.net\/?p=7393#primaryimage"},"image":{"@id":"https:\/\/volcanes.net\/?p=7393#primaryimage"},"thumbnailUrl":"https:\/\/volcanes.net\/wp-content\/uploads\/2020\/06\/aca9c47e-5839-42fb-8dbb-231f3e9e1184.jpg","datePublished":"2020-06-29T23:32:50+00:00","breadcrumb":{"@id":"https:\/\/volcanes.net\/?p=7393#breadcrumb"},"inLanguage":"es","potentialAction":[{"@type":"ReadAction","target":["https:\/\/volcanes.net\/?p=7393"]}]},{"@type":"ImageObject","inLanguage":"es","@id":"https:\/\/volcanes.net\/?p=7393#primaryimage","url":"https:\/\/volcanes.net\/wp-content\/uploads\/2020\/06\/aca9c47e-5839-42fb-8dbb-231f3e9e1184.jpg","contentUrl":"https:\/\/volcanes.net\/wp-content\/uploads\/2020\/06\/aca9c47e-5839-42fb-8dbb-231f3e9e1184.jpg","width":678,"height":960},{"@type":"BreadcrumbList","@id":"https:\/\/volcanes.net\/?p=7393#breadcrumb","itemListElement":[{"@type":"ListItem","position":1,"name":"Portada","item":"https:\/\/volcanes.net\/"},{"@type":"ListItem","position":2,"name":"Todo listo para el inicio del \u201cCorredor Comercial Atlautla 2020\u201d"}]},{"@type":"WebSite","@id":"https:\/\/volcanes.net\/#website","url":"https:\/\/volcanes.net\/","name":"Volcanes.Net","description":"Periodismo Profesional","publisher":{"@id":"https:\/\/volcanes.net\/#organization"},"potentialAction":[{"@type":"SearchAction","target":{"@type":"EntryPoint","urlTemplate":"https:\/\/volcanes.net\/?s={search_term_string}"},"query-input":{"@type":"PropertyValueSpecification","valueRequired":true,"valueName":"search_term_string"}}],"inLanguage":"es"},{"@type":"Organization","@id":"https:\/\/volcanes.net\/#organization","name":"Grupo Volcanes","url":"https:\/\/volcanes.net\/","logo":{"@type":"ImageObject","inLanguage":"es","@id":"https:\/\/volcanes.net\/#\/schema\/logo\/image\/","url":"http:\/\/volcanes.net\/wp-content\/uploads\/2017\/12\/Avatar2.jpg","contentUrl":"http:\/\/volcanes.net\/wp-content\/uploads\/2017\/12\/Avatar2.jpg","width":378,"height":378,"caption":"Grupo Volcanes"},"image":{"@id":"https:\/\/volcanes.net\/#\/schema\/logo\/image\/"},"sameAs":["https:\/\/www.facebook.com\/volcanes.net\/"]},{"@type":"Person","@id":"https:\/\/volcanes.net\/#\/schema\/person\/4bf0f383940966a4abd53f5048c0e6b9","name":"admin","image":{"@type":"ImageObject","inLanguage":"es","@id":"https:\/\/volcanes.net\/#\/schema\/person\/image\/","url":"https:\/\/secure.gravatar.com\/avatar\/ca004e6cba8462b8cb7abc86e382930c?s=96&d=mm&r=g","contentUrl":"https:\/\/secure.gravatar.com\/avatar\/ca004e6cba8462b8cb7abc86e382930c?s=96&d=mm&r=g","caption":"admin"}}]}},"_links":{"self":[{"href":"https:\/\/volcanes.net\/index.php?rest_route=\/wp\/v2\/posts\/7393"}],"collection":[{"href":"https:\/\/volcanes.net\/index.php?rest_route=\/wp\/v2\/posts"}],"about":[{"href":"https:\/\/volcanes.net\/index.php?rest_route=\/wp\/v2\/types\/post"}],"author":[{"embeddable":true,"href":"https:\/\/volcanes.net\/index.php?rest_route=\/wp\/v2\/users\/1"}],"replies":[{"embeddable":true,"href":"https:\/\/volcanes.net\/index.php?rest_route=%2Fwp%2Fv2%2Fcomments&post=7393"}],"version-history":[{"count":1,"href":"https:\/\/volcanes.net\/index.php?rest_route=\/wp\/v2\/posts\/7393\/revisions"}],"predecessor-version":[{"id":7394,"href":"https:\/\/volcanes.net\/index.php?rest_route=\/wp\/v2\/posts\/7393\/revisions\/7394"}],"wp:featuredmedia":[{"embeddable":true,"href":"https:\/\/volcanes.net\/index.php?rest_route=\/wp\/v2\/media\/7170"}],"wp:attachment":[{"href":"https:\/\/volcanes.net\/index.php?rest_route=%2Fwp%2Fv2%2Fmedia&parent=7393"}],"wp:term":[{"taxonomy":"category","embeddable":true,"href":"https:\/\/volcanes.net\/index.php?rest_route=%2Fwp%2Fv2%2Fcategories&post=7393"},{"taxonomy":"post_tag","embeddable":true,"href":"https:\/\/volcanes.net\/index.php?rest_route=%2Fwp%2Fv2%2Ftags&post=7393"}],"curies":[{"name":"wp","href":"https:\/\/api.w.org\/{rel}","templated":true}]}}