{"id":741,"date":"2018-01-23T23:41:26","date_gmt":"2018-01-23T23:41:26","guid":{"rendered":"http:\/\/volcanes.net\/?p=741"},"modified":"2018-01-23T23:41:26","modified_gmt":"2018-01-23T23:41:26","slug":"inicia-legislatura-mexiquense-procedimiento-para-nombrar-comisionado-del-infoem","status":"publish","type":"post","link":"https:\/\/volcanes.net\/?p=741","title":{"rendered":"Inicia legislatura mexiquense procedimiento para nombrar Comisionado del INFOEM"},"content":{"rendered":"<div style=\"margin-top: 0px; margin-bottom: 0px;\" class=\"sharethis-inline-share-buttons\" ><\/div><ul>\n<li><em>De manera un\u00e1nime eligi\u00f3 a Sergio Adolfo Olgu\u00edn como secretario de Administraci\u00f3n y Finanzas del Poder Legislativo, y a Sara Iveth Rosas como s\u00edndico sustituto del ayuntamiento de Texcoco.<\/em><\/li>\n<\/ul>\n<p><strong><em>\u00a0\u00a0\u00a0\u00a0\u00a0\u00a0\u00a0\u00a0\u00a0\u00a0\u00a0\u00a0\u00a0\u00a0\u00a0\u00a0\u00a0\u00a0\u00a0\u00a0\u00a0\u00a0\u00a0\u00a0\u00a0\u00a0\u00a0\u00a0\u00a0\u00a0\u00a0\u00a0\u00a0\u00a0\u00a0\u00a0\u00a0\u00a0\u00a0\u00a0\u00a0\u00a0\u00a0\u00a0\u00a0\u00a0\u00a0\u00a0\u00a0\u00a0\u00a0\u00a0\u00a0\u00a0\u00a0\u00a0\u00a0\u00a0\u00a0\u00a0\u00a0\u00a0\u00a0\u00a0\u00a0\u00a0\u00a0\u00a0 <\/em><\/strong><\/p>\n<p>La 59 Legislatura mexiquense aval\u00f3 de manera un\u00e1nime consultar a cinco organizaciones no gubernamentales y al mismo n\u00famero de instituciones acad\u00e9micas para nombrar comisionada o comisionado del Instituto de Transparencia, Acceso a la Informaci\u00f3n P\u00fablica y Protecci\u00f3n de Datos Personales del Estado de M\u00e9xico y Municipios (Infoem) y eligi\u00f3 a Sergio Adolfo Olgu\u00edn Espinosa como secretario de Administraci\u00f3n y Finanzas del Poder Legislativo.<\/p>\n<p>En sesi\u00f3n del S\u00e9ptimo Periodo Extraordinario, tambi\u00e9n por unanimidad, la Legislatura aval\u00f3 la designaci\u00f3n de Sara Iveth Rosas Rosas como s\u00edndico sustituto del ayuntamiento de Texcoco para concluir el periodo constitucional 2016-2018.<\/p>\n<p>En cuanto al procedimiento para nombrar comisionada o comisionado del Infoem, el acuerdo establece que la Junta de Coordinaci\u00f3n Pol\u00edtica (Jucopo) determinar\u00e1 y consultar\u00e1 a las organizaciones no gubernamentales e instituciones acad\u00e9micas a fin de ocupar la vacante que dej\u00f3 la renuncia de Josefina Rom\u00e1n Vergara a este cargo, aprobada por la Diputaci\u00f3n Permanente el pasado 17 de enero.<\/p>\n<p>El acuerdo para elegir al titular de la Secretar\u00eda de Administraci\u00f3n y Finanzas del Poder Legislativo, aprobado por unanimidad de votos, establece que Sergio Adolfo Olgu\u00edn cumple los requisitos legales, el perfil y trayectoria profesional para desempe\u00f1ar este cargo, por lo que una vez que se aval\u00f3 su nombramiento, rindi\u00f3 protesta legal.<\/p>\n<p>Durante la sesi\u00f3n presidida por el diputado Jorge Omar Vel\u00e1zquez Ru\u00edz (PRI), el legislador Jos\u00e9 Francisco V\u00e1zquez Rodr\u00edguez (morena), secretario de la Directiva, reconoci\u00f3 la labor y atenci\u00f3n del titular saliente de esta dependencia legislativa, Pablo D\u00edaz G\u00f3mez.<\/p>\n<p>Por otro lado, el diputado Jos\u00e9 Francisco V\u00e1zquez, tambi\u00e9n coordinador parlamentario de morena, explic\u00f3 que, ante la renuncia de la s\u00edndico titular y la voluntad de la suplente de no asumir dicho cargo, la Ley Org\u00e1nica Municipal del Estado de M\u00e9xico establece que para cubrir las faltas definitivas de los miembros de los ayuntamientos ser\u00e1n llamados los suplentes respectivos, previendo que si faltase tambi\u00e9n el suplente para cubrir la vacante, la Legislatura, a propuesta del Ejecutivo, designar\u00e1 a los sustitutos.<\/p>\n","protected":false},"excerpt":{"rendered":"<p>De manera un\u00e1nime eligi\u00f3 a Sergio Adolfo Olgu\u00edn como secretario de Administraci\u00f3n y Finanzas del<\/p>\n","protected":false},"author":1,"featured_media":742,"comment_status":"open","ping_status":"open","sticky":false,"template":"","format":"standard","meta":{"footnotes":""},"categories":[1],"tags":[23],"class_list":["post-741","post","type-post","status-publish","format-standard","has-post-thumbnail","hentry","category-municipales","tag-lix-legislatura-edomex"],"yoast_head":"<!-- This site is optimized with the Yoast SEO plugin v25.3 - https:\/\/yoast.com\/wordpress\/plugins\/seo\/ -->\n<title>Inicia legislatura mexiquense procedimiento para nombrar Comisionado del INFOEM - Volcanes<\/title>\n<meta name=\"robots\" content=\"index, follow, max-snippet:-1, max-image-preview:large, max-video-preview:-1\" \/>\n<link rel=\"canonical\" href=\"https:\/\/volcanes.net\/?p=741\" \/>\n<meta property=\"og:locale\" content=\"es_MX\" \/>\n<meta property=\"og:type\" content=\"article\" \/>\n<meta property=\"og:title\" content=\"Inicia legislatura mexiquense procedimiento para nombrar Comisionado del INFOEM - Volcanes\" \/>\n<meta property=\"og:description\" content=\"De manera un\u00e1nime eligi\u00f3 a Sergio Adolfo Olgu\u00edn como secretario de Administraci\u00f3n y Finanzas del\" \/>\n<meta property=\"og:url\" content=\"https:\/\/volcanes.net\/?p=741\" \/>\n<meta property=\"og:site_name\" content=\"Volcanes\" \/>\n<meta property=\"article:publisher\" content=\"https:\/\/www.facebook.com\/volcanes.net\/\" \/>\n<meta property=\"article:published_time\" content=\"2018-01-23T23:41:26+00:00\" \/>\n<meta property=\"og:image\" content=\"https:\/\/volcanes.net\/wp-content\/uploads\/2018\/01\/1248a.jpg\" \/>\n\t<meta property=\"og:image:width\" content=\"448\" \/>\n\t<meta property=\"og:image:height\" content=\"299\" \/>\n\t<meta property=\"og:image:type\" content=\"image\/jpeg\" \/>\n<meta name=\"author\" content=\"admin\" \/>\n<meta name=\"twitter:card\" content=\"summary_large_image\" \/>\n<meta name=\"twitter:label1\" content=\"Escrito por\" \/>\n\t<meta name=\"twitter:data1\" content=\"admin\" \/>\n\t<meta name=\"twitter:label2\" content=\"Tiempo de lectura\" \/>\n\t<meta name=\"twitter:data2\" content=\"2 minutos\" \/>\n<script type=\"application\/ld+json\" class=\"yoast-schema-graph\">{\"@context\":\"https:\/\/schema.org\",\"@graph\":[{\"@type\":\"Article\",\"@id\":\"https:\/\/volcanes.net\/?p=741#article\",\"isPartOf\":{\"@id\":\"https:\/\/volcanes.net\/?p=741\"},\"author\":{\"name\":\"admin\",\"@id\":\"https:\/\/volcanes.net\/#\/schema\/person\/4bf0f383940966a4abd53f5048c0e6b9\"},\"headline\":\"Inicia legislatura mexiquense procedimiento para nombrar Comisionado del INFOEM\",\"datePublished\":\"2018-01-23T23:41:26+00:00\",\"mainEntityOfPage\":{\"@id\":\"https:\/\/volcanes.net\/?p=741\"},\"wordCount\":402,\"commentCount\":0,\"publisher\":{\"@id\":\"https:\/\/volcanes.net\/#organization\"},\"image\":{\"@id\":\"https:\/\/volcanes.net\/?p=741#primaryimage\"},\"thumbnailUrl\":\"https:\/\/volcanes.net\/wp-content\/uploads\/2018\/01\/1248a.jpg\",\"keywords\":[\"LIX Legislatura Edomex\"],\"articleSection\":[\"Municipales\"],\"inLanguage\":\"es\",\"potentialAction\":[{\"@type\":\"CommentAction\",\"name\":\"Comment\",\"target\":[\"https:\/\/volcanes.net\/?p=741#respond\"]}]},{\"@type\":\"WebPage\",\"@id\":\"https:\/\/volcanes.net\/?p=741\",\"url\":\"https:\/\/volcanes.net\/?p=741\",\"name\":\"Inicia legislatura mexiquense procedimiento para nombrar Comisionado del INFOEM - Volcanes\",\"isPartOf\":{\"@id\":\"https:\/\/volcanes.net\/#website\"},\"primaryImageOfPage\":{\"@id\":\"https:\/\/volcanes.net\/?p=741#primaryimage\"},\"image\":{\"@id\":\"https:\/\/volcanes.net\/?p=741#primaryimage\"},\"thumbnailUrl\":\"https:\/\/volcanes.net\/wp-content\/uploads\/2018\/01\/1248a.jpg\",\"datePublished\":\"2018-01-23T23:41:26+00:00\",\"breadcrumb\":{\"@id\":\"https:\/\/volcanes.net\/?p=741#breadcrumb\"},\"inLanguage\":\"es\",\"potentialAction\":[{\"@type\":\"ReadAction\",\"target\":[\"https:\/\/volcanes.net\/?p=741\"]}]},{\"@type\":\"ImageObject\",\"inLanguage\":\"es\",\"@id\":\"https:\/\/volcanes.net\/?p=741#primaryimage\",\"url\":\"https:\/\/volcanes.net\/wp-content\/uploads\/2018\/01\/1248a.jpg\",\"contentUrl\":\"https:\/\/volcanes.net\/wp-content\/uploads\/2018\/01\/1248a.jpg\",\"width\":448,\"height\":299},{\"@type\":\"BreadcrumbList\",\"@id\":\"https:\/\/volcanes.net\/?p=741#breadcrumb\",\"itemListElement\":[{\"@type\":\"ListItem\",\"position\":1,\"name\":\"Portada\",\"item\":\"https:\/\/volcanes.net\/\"},{\"@type\":\"ListItem\",\"position\":2,\"name\":\"Inicia legislatura mexiquense procedimiento para nombrar Comisionado del INFOEM\"}]},{\"@type\":\"WebSite\",\"@id\":\"https:\/\/volcanes.net\/#website\",\"url\":\"https:\/\/volcanes.net\/\",\"name\":\"Volcanes.Net\",\"description\":\"Periodismo Profesional\",\"publisher\":{\"@id\":\"https:\/\/volcanes.net\/#organization\"},\"potentialAction\":[{\"@type\":\"SearchAction\",\"target\":{\"@type\":\"EntryPoint\",\"urlTemplate\":\"https:\/\/volcanes.net\/?s={search_term_string}\"},\"query-input\":{\"@type\":\"PropertyValueSpecification\",\"valueRequired\":true,\"valueName\":\"search_term_string\"}}],\"inLanguage\":\"es\"},{\"@type\":\"Organization\",\"@id\":\"https:\/\/volcanes.net\/#organization\",\"name\":\"Grupo Volcanes\",\"url\":\"https:\/\/volcanes.net\/\",\"logo\":{\"@type\":\"ImageObject\",\"inLanguage\":\"es\",\"@id\":\"https:\/\/volcanes.net\/#\/schema\/logo\/image\/\",\"url\":\"http:\/\/volcanes.net\/wp-content\/uploads\/2017\/12\/Avatar2.jpg\",\"contentUrl\":\"http:\/\/volcanes.net\/wp-content\/uploads\/2017\/12\/Avatar2.jpg\",\"width\":378,\"height\":378,\"caption\":\"Grupo Volcanes\"},\"image\":{\"@id\":\"https:\/\/volcanes.net\/#\/schema\/logo\/image\/\"},\"sameAs\":[\"https:\/\/www.facebook.com\/volcanes.net\/\"]},{\"@type\":\"Person\",\"@id\":\"https:\/\/volcanes.net\/#\/schema\/person\/4bf0f383940966a4abd53f5048c0e6b9\",\"name\":\"admin\",\"image\":{\"@type\":\"ImageObject\",\"inLanguage\":\"es\",\"@id\":\"https:\/\/volcanes.net\/#\/schema\/person\/image\/\",\"url\":\"https:\/\/secure.gravatar.com\/avatar\/ca004e6cba8462b8cb7abc86e382930c?s=96&d=mm&r=g\",\"contentUrl\":\"https:\/\/secure.gravatar.com\/avatar\/ca004e6cba8462b8cb7abc86e382930c?s=96&d=mm&r=g\",\"caption\":\"admin\"}}]}<\/script>\n<!-- \/ Yoast SEO plugin. -->","yoast_head_json":{"title":"Inicia legislatura mexiquense procedimiento para nombrar Comisionado del INFOEM - Volcanes","robots":{"index":"index","follow":"follow","max-snippet":"max-snippet:-1","max-image-preview":"max-image-preview:large","max-video-preview":"max-video-preview:-1"},"canonical":"https:\/\/volcanes.net\/?p=741","og_locale":"es_MX","og_type":"article","og_title":"Inicia legislatura mexiquense procedimiento para nombrar Comisionado del INFOEM - Volcanes","og_description":"De manera un\u00e1nime eligi\u00f3 a Sergio Adolfo Olgu\u00edn como secretario de Administraci\u00f3n y Finanzas del","og_url":"https:\/\/volcanes.net\/?p=741","og_site_name":"Volcanes","article_publisher":"https:\/\/www.facebook.com\/volcanes.net\/","article_published_time":"2018-01-23T23:41:26+00:00","og_image":[{"width":448,"height":299,"url":"https:\/\/volcanes.net\/wp-content\/uploads\/2018\/01\/1248a.jpg","type":"image\/jpeg"}],"author":"admin","twitter_card":"summary_large_image","twitter_misc":{"Escrito por":"admin","Tiempo de lectura":"2 minutos"},"schema":{"@context":"https:\/\/schema.org","@graph":[{"@type":"Article","@id":"https:\/\/volcanes.net\/?p=741#article","isPartOf":{"@id":"https:\/\/volcanes.net\/?p=741"},"author":{"name":"admin","@id":"https:\/\/volcanes.net\/#\/schema\/person\/4bf0f383940966a4abd53f5048c0e6b9"},"headline":"Inicia legislatura mexiquense procedimiento para nombrar Comisionado del INFOEM","datePublished":"2018-01-23T23:41:26+00:00","mainEntityOfPage":{"@id":"https:\/\/volcanes.net\/?p=741"},"wordCount":402,"commentCount":0,"publisher":{"@id":"https:\/\/volcanes.net\/#organization"},"image":{"@id":"https:\/\/volcanes.net\/?p=741#primaryimage"},"thumbnailUrl":"https:\/\/volcanes.net\/wp-content\/uploads\/2018\/01\/1248a.jpg","keywords":["LIX Legislatura Edomex"],"articleSection":["Municipales"],"inLanguage":"es","potentialAction":[{"@type":"CommentAction","name":"Comment","target":["https:\/\/volcanes.net\/?p=741#respond"]}]},{"@type":"WebPage","@id":"https:\/\/volcanes.net\/?p=741","url":"https:\/\/volcanes.net\/?p=741","name":"Inicia legislatura mexiquense procedimiento para nombrar Comisionado del INFOEM - Volcanes","isPartOf":{"@id":"https:\/\/volcanes.net\/#website"},"primaryImageOfPage":{"@id":"https:\/\/volcanes.net\/?p=741#primaryimage"},"image":{"@id":"https:\/\/volcanes.net\/?p=741#primaryimage"},"thumbnailUrl":"https:\/\/volcanes.net\/wp-content\/uploads\/2018\/01\/1248a.jpg","datePublished":"2018-01-23T23:41:26+00:00","breadcrumb":{"@id":"https:\/\/volcanes.net\/?p=741#breadcrumb"},"inLanguage":"es","potentialAction":[{"@type":"ReadAction","target":["https:\/\/volcanes.net\/?p=741"]}]},{"@type":"ImageObject","inLanguage":"es","@id":"https:\/\/volcanes.net\/?p=741#primaryimage","url":"https:\/\/volcanes.net\/wp-content\/uploads\/2018\/01\/1248a.jpg","contentUrl":"https:\/\/volcanes.net\/wp-content\/uploads\/2018\/01\/1248a.jpg","width":448,"height":299},{"@type":"BreadcrumbList","@id":"https:\/\/volcanes.net\/?p=741#breadcrumb","itemListElement":[{"@type":"ListItem","position":1,"name":"Portada","item":"https:\/\/volcanes.net\/"},{"@type":"ListItem","position":2,"name":"Inicia legislatura mexiquense procedimiento para nombrar Comisionado del INFOEM"}]},{"@type":"WebSite","@id":"https:\/\/volcanes.net\/#website","url":"https:\/\/volcanes.net\/","name":"Volcanes.Net","description":"Periodismo Profesional","publisher":{"@id":"https:\/\/volcanes.net\/#organization"},"potentialAction":[{"@type":"SearchAction","target":{"@type":"EntryPoint","urlTemplate":"https:\/\/volcanes.net\/?s={search_term_string}"},"query-input":{"@type":"PropertyValueSpecification","valueRequired":true,"valueName":"search_term_string"}}],"inLanguage":"es"},{"@type":"Organization","@id":"https:\/\/volcanes.net\/#organization","name":"Grupo Volcanes","url":"https:\/\/volcanes.net\/","logo":{"@type":"ImageObject","inLanguage":"es","@id":"https:\/\/volcanes.net\/#\/schema\/logo\/image\/","url":"http:\/\/volcanes.net\/wp-content\/uploads\/2017\/12\/Avatar2.jpg","contentUrl":"http:\/\/volcanes.net\/wp-content\/uploads\/2017\/12\/Avatar2.jpg","width":378,"height":378,"caption":"Grupo Volcanes"},"image":{"@id":"https:\/\/volcanes.net\/#\/schema\/logo\/image\/"},"sameAs":["https:\/\/www.facebook.com\/volcanes.net\/"]},{"@type":"Person","@id":"https:\/\/volcanes.net\/#\/schema\/person\/4bf0f383940966a4abd53f5048c0e6b9","name":"admin","image":{"@type":"ImageObject","inLanguage":"es","@id":"https:\/\/volcanes.net\/#\/schema\/person\/image\/","url":"https:\/\/secure.gravatar.com\/avatar\/ca004e6cba8462b8cb7abc86e382930c?s=96&d=mm&r=g","contentUrl":"https:\/\/secure.gravatar.com\/avatar\/ca004e6cba8462b8cb7abc86e382930c?s=96&d=mm&r=g","caption":"admin"}}]}},"_links":{"self":[{"href":"https:\/\/volcanes.net\/index.php?rest_route=\/wp\/v2\/posts\/741"}],"collection":[{"href":"https:\/\/volcanes.net\/index.php?rest_route=\/wp\/v2\/posts"}],"about":[{"href":"https:\/\/volcanes.net\/index.php?rest_route=\/wp\/v2\/types\/post"}],"author":[{"embeddable":true,"href":"https:\/\/volcanes.net\/index.php?rest_route=\/wp\/v2\/users\/1"}],"replies":[{"embeddable":true,"href":"https:\/\/volcanes.net\/index.php?rest_route=%2Fwp%2Fv2%2Fcomments&post=741"}],"version-history":[{"count":1,"href":"https:\/\/volcanes.net\/index.php?rest_route=\/wp\/v2\/posts\/741\/revisions"}],"predecessor-version":[{"id":743,"href":"https:\/\/volcanes.net\/index.php?rest_route=\/wp\/v2\/posts\/741\/revisions\/743"}],"wp:featuredmedia":[{"embeddable":true,"href":"https:\/\/volcanes.net\/index.php?rest_route=\/wp\/v2\/media\/742"}],"wp:attachment":[{"href":"https:\/\/volcanes.net\/index.php?rest_route=%2Fwp%2Fv2%2Fmedia&parent=741"}],"wp:term":[{"taxonomy":"category","embeddable":true,"href":"https:\/\/volcanes.net\/index.php?rest_route=%2Fwp%2Fv2%2Fcategories&post=741"},{"taxonomy":"post_tag","embeddable":true,"href":"https:\/\/volcanes.net\/index.php?rest_route=%2Fwp%2Fv2%2Ftags&post=741"}],"curies":[{"name":"wp","href":"https:\/\/api.w.org\/{rel}","templated":true}]}}