{"id":7437,"date":"2020-07-03T10:22:37","date_gmt":"2020-07-03T16:22:37","guid":{"rendered":"http:\/\/volcanes.net\/?p=7437"},"modified":"2020-07-03T10:22:37","modified_gmt":"2020-07-03T16:22:37","slug":"edil-de-chalco-presenta-propuestas-de-reubicacion-del-comercio-informal-y-del-tianguis-tradicional-por-las-obras-del-programa-de-mejoramiento-urbano","status":"publish","type":"post","link":"https:\/\/volcanes.net\/?p=7437","title":{"rendered":"Edil de #Chalco presenta propuestas de reubicaci\u00f3n del comercio informal y del tianguis tradicional por las obras del programa de mejoramiento urbano"},"content":{"rendered":"<div style=\"margin-top: 0px; margin-bottom: 0px;\" class=\"sharethis-inline-share-buttons\" ><\/div><p>Chaleco, Estado de M\u00e9xico y .-\u00a0Miguel Guti\u00e9rrez, Presidente Municipal de esta demarcaci\u00f3n\u00a0 se reuni\u00f3 con representantes del comercio formal, informal, del transporte p\u00fablico y sociedad civil del Centro de Chalco, para presentar las propuestas de reubicaci\u00f3n del comercio informal y del tianguis tradicional de los d\u00edas viernes, por las obras del Programa de Mejoramiento Urbano del Gobierno de M\u00e9xico, que iniciaron el d\u00eda 24 de junio en el Centro Hist\u00f3rico.<\/p>\n<p>\u201cMi M\u00e9xico Late\u201d, del Gobierno de M\u00e9xico, es uno de los programas prioritarios de la administraci\u00f3n del Presidente Andr\u00e9s Manuel L\u00f3pez Obrador para hacer justicia a las ciudades que por d\u00e9cadas han sido abandonadas en infraestructura urbana, cabe se\u00f1alar que los municipios beneficiados del Estado de M\u00e9xico son: Chalco, Cuautitl\u00e1n Izcalli, Nicol\u00e1s Romero, Ecatepec, Texcoco y Chimalhuac\u00e1n.<\/p>\n<p>Miguel Guti\u00e9rrez, inform\u00f3 que la inversi\u00f3n en Chalco ser\u00e1 de 189 millones de pesos para realizar las siguientes obras:<\/p>\n<p>\u2013 La escuela primaria \u201cEduardo Mendieta\u201d, en San Mart\u00edn Cuautlalpan.<\/p>\n<p>\u2013 Un parque en el mismo poblado.<\/p>\n<p>\u2013 Una plaza p\u00fablica y un deportivo en el Casco de San Juan.<\/p>\n<p>\u2013 Un campo de beisbol en la colonia Casco de San Juan.<\/p>\n<p>\u2013 La Plaza del Reloj.<\/p>\n<p>As\u00ed como infraestructura urbana y vialidades del Centro Hist\u00f3rico en:<\/p>\n<p>\u2013 Calle Ense\u00f1anza T\u00e9cnica: de Andador Capit\u00e1n de la Rosa a Boulevard Cuauht\u00e9moc.<\/p>\n<p>\u2013 Calle Riva palacio: de Boulevard Cuauht\u00e9moc a Avenida Vicente Guerrero.<\/p>\n<p>\u2013 Avenida Vicente Guerrero: de Calle Reforma a Boulevard Cuauht\u00e9moc.<\/p>\n<p>\u2013 Boulevard Cuauht\u00e9moc: de Avenida Vicente Guerrero a Calle Ense\u00f1anza T\u00e9cnica.<\/p>\n<p>&nbsp;<\/p>\n","protected":false},"excerpt":{"rendered":"<p>Chaleco, Estado de M\u00e9xico y .-\u00a0Miguel Guti\u00e9rrez, Presidente Municipal de esta demarcaci\u00f3n\u00a0 se reuni\u00f3 con<\/p>\n","protected":false},"author":1,"featured_media":7438,"comment_status":"open","ping_status":"open","sticky":false,"template":"","format":"standard","meta":{"footnotes":""},"categories":[1],"tags":[9,265],"class_list":["post-7437","post","type-post","status-publish","format-standard","has-post-thumbnail","hentry","category-municipales","tag-chalco","tag-grupovolcanes"],"yoast_head":"<!-- This site is optimized with the Yoast SEO plugin v25.3 - https:\/\/yoast.com\/wordpress\/plugins\/seo\/ -->\n<title>Edil de #Chalco presenta propuestas de reubicaci\u00f3n del comercio informal y del tianguis tradicional por las obras del programa de mejoramiento urbano - Volcanes<\/title>\n<meta name=\"robots\" content=\"index, follow, max-snippet:-1, max-image-preview:large, max-video-preview:-1\" \/>\n<link rel=\"canonical\" href=\"https:\/\/volcanes.net\/?p=7437\" \/>\n<meta property=\"og:locale\" content=\"es_MX\" \/>\n<meta property=\"og:type\" content=\"article\" \/>\n<meta property=\"og:title\" content=\"Edil de #Chalco presenta propuestas de reubicaci\u00f3n del comercio informal y del tianguis tradicional por las obras del programa de mejoramiento urbano - Volcanes\" \/>\n<meta property=\"og:description\" content=\"Chaleco, Estado de M\u00e9xico y .-\u00a0Miguel Guti\u00e9rrez, Presidente Municipal de esta demarcaci\u00f3n\u00a0 se reuni\u00f3 con\" \/>\n<meta property=\"og:url\" content=\"https:\/\/volcanes.net\/?p=7437\" \/>\n<meta property=\"og:site_name\" content=\"Volcanes\" \/>\n<meta property=\"article:publisher\" content=\"https:\/\/www.facebook.com\/volcanes.net\/\" \/>\n<meta property=\"article:published_time\" content=\"2020-07-03T16:22:37+00:00\" \/>\n<meta property=\"og:image\" content=\"https:\/\/volcanes.net\/wp-content\/uploads\/2020\/07\/IMG-20200703-WA0005_opt.jpg\" \/>\n\t<meta property=\"og:image:width\" content=\"400\" \/>\n\t<meta property=\"og:image:height\" content=\"267\" \/>\n\t<meta property=\"og:image:type\" content=\"image\/jpeg\" \/>\n<meta name=\"author\" content=\"admin\" \/>\n<meta name=\"twitter:card\" content=\"summary_large_image\" \/>\n<meta name=\"twitter:label1\" content=\"Escrito por\" \/>\n\t<meta name=\"twitter:data1\" content=\"admin\" \/>\n\t<meta name=\"twitter:label2\" content=\"Tiempo de lectura\" \/>\n\t<meta name=\"twitter:data2\" content=\"1 minuto\" \/>\n<script type=\"application\/ld+json\" class=\"yoast-schema-graph\">{\"@context\":\"https:\/\/schema.org\",\"@graph\":[{\"@type\":\"Article\",\"@id\":\"https:\/\/volcanes.net\/?p=7437#article\",\"isPartOf\":{\"@id\":\"https:\/\/volcanes.net\/?p=7437\"},\"author\":{\"name\":\"admin\",\"@id\":\"https:\/\/volcanes.net\/#\/schema\/person\/4bf0f383940966a4abd53f5048c0e6b9\"},\"headline\":\"Edil de #Chalco presenta propuestas de reubicaci\u00f3n del comercio informal y del tianguis tradicional por las obras del programa de mejoramiento urbano\",\"datePublished\":\"2020-07-03T16:22:37+00:00\",\"mainEntityOfPage\":{\"@id\":\"https:\/\/volcanes.net\/?p=7437\"},\"wordCount\":296,\"commentCount\":0,\"publisher\":{\"@id\":\"https:\/\/volcanes.net\/#organization\"},\"image\":{\"@id\":\"https:\/\/volcanes.net\/?p=7437#primaryimage\"},\"thumbnailUrl\":\"https:\/\/volcanes.net\/wp-content\/uploads\/2020\/07\/IMG-20200703-WA0005_opt.jpg\",\"keywords\":[\"Chalco\",\"GrupoVolcanes\"],\"articleSection\":[\"Municipales\"],\"inLanguage\":\"es\",\"potentialAction\":[{\"@type\":\"CommentAction\",\"name\":\"Comment\",\"target\":[\"https:\/\/volcanes.net\/?p=7437#respond\"]}]},{\"@type\":\"WebPage\",\"@id\":\"https:\/\/volcanes.net\/?p=7437\",\"url\":\"https:\/\/volcanes.net\/?p=7437\",\"name\":\"Edil de #Chalco presenta propuestas de reubicaci\u00f3n del comercio informal y del tianguis tradicional por las obras del programa de mejoramiento urbano - Volcanes\",\"isPartOf\":{\"@id\":\"https:\/\/volcanes.net\/#website\"},\"primaryImageOfPage\":{\"@id\":\"https:\/\/volcanes.net\/?p=7437#primaryimage\"},\"image\":{\"@id\":\"https:\/\/volcanes.net\/?p=7437#primaryimage\"},\"thumbnailUrl\":\"https:\/\/volcanes.net\/wp-content\/uploads\/2020\/07\/IMG-20200703-WA0005_opt.jpg\",\"datePublished\":\"2020-07-03T16:22:37+00:00\",\"breadcrumb\":{\"@id\":\"https:\/\/volcanes.net\/?p=7437#breadcrumb\"},\"inLanguage\":\"es\",\"potentialAction\":[{\"@type\":\"ReadAction\",\"target\":[\"https:\/\/volcanes.net\/?p=7437\"]}]},{\"@type\":\"ImageObject\",\"inLanguage\":\"es\",\"@id\":\"https:\/\/volcanes.net\/?p=7437#primaryimage\",\"url\":\"https:\/\/volcanes.net\/wp-content\/uploads\/2020\/07\/IMG-20200703-WA0005_opt.jpg\",\"contentUrl\":\"https:\/\/volcanes.net\/wp-content\/uploads\/2020\/07\/IMG-20200703-WA0005_opt.jpg\",\"width\":400,\"height\":267},{\"@type\":\"BreadcrumbList\",\"@id\":\"https:\/\/volcanes.net\/?p=7437#breadcrumb\",\"itemListElement\":[{\"@type\":\"ListItem\",\"position\":1,\"name\":\"Portada\",\"item\":\"https:\/\/volcanes.net\/\"},{\"@type\":\"ListItem\",\"position\":2,\"name\":\"Edil de #Chalco presenta propuestas de reubicaci\u00f3n del comercio informal y del tianguis tradicional por las obras del programa de mejoramiento urbano\"}]},{\"@type\":\"WebSite\",\"@id\":\"https:\/\/volcanes.net\/#website\",\"url\":\"https:\/\/volcanes.net\/\",\"name\":\"Volcanes.Net\",\"description\":\"Periodismo Profesional\",\"publisher\":{\"@id\":\"https:\/\/volcanes.net\/#organization\"},\"potentialAction\":[{\"@type\":\"SearchAction\",\"target\":{\"@type\":\"EntryPoint\",\"urlTemplate\":\"https:\/\/volcanes.net\/?s={search_term_string}\"},\"query-input\":{\"@type\":\"PropertyValueSpecification\",\"valueRequired\":true,\"valueName\":\"search_term_string\"}}],\"inLanguage\":\"es\"},{\"@type\":\"Organization\",\"@id\":\"https:\/\/volcanes.net\/#organization\",\"name\":\"Grupo Volcanes\",\"url\":\"https:\/\/volcanes.net\/\",\"logo\":{\"@type\":\"ImageObject\",\"inLanguage\":\"es\",\"@id\":\"https:\/\/volcanes.net\/#\/schema\/logo\/image\/\",\"url\":\"http:\/\/volcanes.net\/wp-content\/uploads\/2017\/12\/Avatar2.jpg\",\"contentUrl\":\"http:\/\/volcanes.net\/wp-content\/uploads\/2017\/12\/Avatar2.jpg\",\"width\":378,\"height\":378,\"caption\":\"Grupo Volcanes\"},\"image\":{\"@id\":\"https:\/\/volcanes.net\/#\/schema\/logo\/image\/\"},\"sameAs\":[\"https:\/\/www.facebook.com\/volcanes.net\/\"]},{\"@type\":\"Person\",\"@id\":\"https:\/\/volcanes.net\/#\/schema\/person\/4bf0f383940966a4abd53f5048c0e6b9\",\"name\":\"admin\",\"image\":{\"@type\":\"ImageObject\",\"inLanguage\":\"es\",\"@id\":\"https:\/\/volcanes.net\/#\/schema\/person\/image\/\",\"url\":\"https:\/\/secure.gravatar.com\/avatar\/ca004e6cba8462b8cb7abc86e382930c?s=96&d=mm&r=g\",\"contentUrl\":\"https:\/\/secure.gravatar.com\/avatar\/ca004e6cba8462b8cb7abc86e382930c?s=96&d=mm&r=g\",\"caption\":\"admin\"}}]}<\/script>\n<!-- \/ Yoast SEO plugin. -->","yoast_head_json":{"title":"Edil de #Chalco presenta propuestas de reubicaci\u00f3n del comercio informal y del tianguis tradicional por las obras del programa de mejoramiento urbano - Volcanes","robots":{"index":"index","follow":"follow","max-snippet":"max-snippet:-1","max-image-preview":"max-image-preview:large","max-video-preview":"max-video-preview:-1"},"canonical":"https:\/\/volcanes.net\/?p=7437","og_locale":"es_MX","og_type":"article","og_title":"Edil de #Chalco presenta propuestas de reubicaci\u00f3n del comercio informal y del tianguis tradicional por las obras del programa de mejoramiento urbano - Volcanes","og_description":"Chaleco, Estado de M\u00e9xico y .-\u00a0Miguel Guti\u00e9rrez, Presidente Municipal de esta demarcaci\u00f3n\u00a0 se reuni\u00f3 con","og_url":"https:\/\/volcanes.net\/?p=7437","og_site_name":"Volcanes","article_publisher":"https:\/\/www.facebook.com\/volcanes.net\/","article_published_time":"2020-07-03T16:22:37+00:00","og_image":[{"width":400,"height":267,"url":"https:\/\/volcanes.net\/wp-content\/uploads\/2020\/07\/IMG-20200703-WA0005_opt.jpg","type":"image\/jpeg"}],"author":"admin","twitter_card":"summary_large_image","twitter_misc":{"Escrito por":"admin","Tiempo de lectura":"1 minuto"},"schema":{"@context":"https:\/\/schema.org","@graph":[{"@type":"Article","@id":"https:\/\/volcanes.net\/?p=7437#article","isPartOf":{"@id":"https:\/\/volcanes.net\/?p=7437"},"author":{"name":"admin","@id":"https:\/\/volcanes.net\/#\/schema\/person\/4bf0f383940966a4abd53f5048c0e6b9"},"headline":"Edil de #Chalco presenta propuestas de reubicaci\u00f3n del comercio informal y del tianguis tradicional por las obras del programa de mejoramiento urbano","datePublished":"2020-07-03T16:22:37+00:00","mainEntityOfPage":{"@id":"https:\/\/volcanes.net\/?p=7437"},"wordCount":296,"commentCount":0,"publisher":{"@id":"https:\/\/volcanes.net\/#organization"},"image":{"@id":"https:\/\/volcanes.net\/?p=7437#primaryimage"},"thumbnailUrl":"https:\/\/volcanes.net\/wp-content\/uploads\/2020\/07\/IMG-20200703-WA0005_opt.jpg","keywords":["Chalco","GrupoVolcanes"],"articleSection":["Municipales"],"inLanguage":"es","potentialAction":[{"@type":"CommentAction","name":"Comment","target":["https:\/\/volcanes.net\/?p=7437#respond"]}]},{"@type":"WebPage","@id":"https:\/\/volcanes.net\/?p=7437","url":"https:\/\/volcanes.net\/?p=7437","name":"Edil de #Chalco presenta propuestas de reubicaci\u00f3n del comercio informal y del tianguis tradicional por las obras del programa de mejoramiento urbano - Volcanes","isPartOf":{"@id":"https:\/\/volcanes.net\/#website"},"primaryImageOfPage":{"@id":"https:\/\/volcanes.net\/?p=7437#primaryimage"},"image":{"@id":"https:\/\/volcanes.net\/?p=7437#primaryimage"},"thumbnailUrl":"https:\/\/volcanes.net\/wp-content\/uploads\/2020\/07\/IMG-20200703-WA0005_opt.jpg","datePublished":"2020-07-03T16:22:37+00:00","breadcrumb":{"@id":"https:\/\/volcanes.net\/?p=7437#breadcrumb"},"inLanguage":"es","potentialAction":[{"@type":"ReadAction","target":["https:\/\/volcanes.net\/?p=7437"]}]},{"@type":"ImageObject","inLanguage":"es","@id":"https:\/\/volcanes.net\/?p=7437#primaryimage","url":"https:\/\/volcanes.net\/wp-content\/uploads\/2020\/07\/IMG-20200703-WA0005_opt.jpg","contentUrl":"https:\/\/volcanes.net\/wp-content\/uploads\/2020\/07\/IMG-20200703-WA0005_opt.jpg","width":400,"height":267},{"@type":"BreadcrumbList","@id":"https:\/\/volcanes.net\/?p=7437#breadcrumb","itemListElement":[{"@type":"ListItem","position":1,"name":"Portada","item":"https:\/\/volcanes.net\/"},{"@type":"ListItem","position":2,"name":"Edil de #Chalco presenta propuestas de reubicaci\u00f3n del comercio informal y del tianguis tradicional por las obras del programa de mejoramiento urbano"}]},{"@type":"WebSite","@id":"https:\/\/volcanes.net\/#website","url":"https:\/\/volcanes.net\/","name":"Volcanes.Net","description":"Periodismo Profesional","publisher":{"@id":"https:\/\/volcanes.net\/#organization"},"potentialAction":[{"@type":"SearchAction","target":{"@type":"EntryPoint","urlTemplate":"https:\/\/volcanes.net\/?s={search_term_string}"},"query-input":{"@type":"PropertyValueSpecification","valueRequired":true,"valueName":"search_term_string"}}],"inLanguage":"es"},{"@type":"Organization","@id":"https:\/\/volcanes.net\/#organization","name":"Grupo Volcanes","url":"https:\/\/volcanes.net\/","logo":{"@type":"ImageObject","inLanguage":"es","@id":"https:\/\/volcanes.net\/#\/schema\/logo\/image\/","url":"http:\/\/volcanes.net\/wp-content\/uploads\/2017\/12\/Avatar2.jpg","contentUrl":"http:\/\/volcanes.net\/wp-content\/uploads\/2017\/12\/Avatar2.jpg","width":378,"height":378,"caption":"Grupo Volcanes"},"image":{"@id":"https:\/\/volcanes.net\/#\/schema\/logo\/image\/"},"sameAs":["https:\/\/www.facebook.com\/volcanes.net\/"]},{"@type":"Person","@id":"https:\/\/volcanes.net\/#\/schema\/person\/4bf0f383940966a4abd53f5048c0e6b9","name":"admin","image":{"@type":"ImageObject","inLanguage":"es","@id":"https:\/\/volcanes.net\/#\/schema\/person\/image\/","url":"https:\/\/secure.gravatar.com\/avatar\/ca004e6cba8462b8cb7abc86e382930c?s=96&d=mm&r=g","contentUrl":"https:\/\/secure.gravatar.com\/avatar\/ca004e6cba8462b8cb7abc86e382930c?s=96&d=mm&r=g","caption":"admin"}}]}},"_links":{"self":[{"href":"https:\/\/volcanes.net\/index.php?rest_route=\/wp\/v2\/posts\/7437"}],"collection":[{"href":"https:\/\/volcanes.net\/index.php?rest_route=\/wp\/v2\/posts"}],"about":[{"href":"https:\/\/volcanes.net\/index.php?rest_route=\/wp\/v2\/types\/post"}],"author":[{"embeddable":true,"href":"https:\/\/volcanes.net\/index.php?rest_route=\/wp\/v2\/users\/1"}],"replies":[{"embeddable":true,"href":"https:\/\/volcanes.net\/index.php?rest_route=%2Fwp%2Fv2%2Fcomments&post=7437"}],"version-history":[{"count":1,"href":"https:\/\/volcanes.net\/index.php?rest_route=\/wp\/v2\/posts\/7437\/revisions"}],"predecessor-version":[{"id":7439,"href":"https:\/\/volcanes.net\/index.php?rest_route=\/wp\/v2\/posts\/7437\/revisions\/7439"}],"wp:featuredmedia":[{"embeddable":true,"href":"https:\/\/volcanes.net\/index.php?rest_route=\/wp\/v2\/media\/7438"}],"wp:attachment":[{"href":"https:\/\/volcanes.net\/index.php?rest_route=%2Fwp%2Fv2%2Fmedia&parent=7437"}],"wp:term":[{"taxonomy":"category","embeddable":true,"href":"https:\/\/volcanes.net\/index.php?rest_route=%2Fwp%2Fv2%2Fcategories&post=7437"},{"taxonomy":"post_tag","embeddable":true,"href":"https:\/\/volcanes.net\/index.php?rest_route=%2Fwp%2Fv2%2Ftags&post=7437"}],"curies":[{"name":"wp","href":"https:\/\/api.w.org\/{rel}","templated":true}]}}