{"id":744,"date":"2018-01-23T23:46:35","date_gmt":"2018-01-23T23:46:35","guid":{"rendered":"http:\/\/volcanes.net\/?p=744"},"modified":"2018-01-23T23:46:35","modified_gmt":"2018-01-23T23:46:35","slug":"presenta-jucopo-propuesta-de-calendario-de-sesiones","status":"publish","type":"post","link":"https:\/\/volcanes.net\/?p=744","title":{"rendered":"Presenta JUCOPO propuesta de calendario de sesiones"},"content":{"rendered":"<div style=\"margin-top: 0px; margin-bottom: 0px;\" class=\"sharethis-inline-share-buttons\" ><\/div><p class=\"m_-3553163367383560999m_140837375995552082gmail-CUERPO\"><span lang=\"ES-TRAD\">La Junta de Coordinaci\u00f3n Pol\u00edtica sostuvo una reuni\u00f3n de trabajo donde dio a conocer la propuesta de calendario de sesiones para el Segundo Periodo Ordinario del Tercer A\u00f1o de Ejercicio de la LXII Legislatura.<\/span><\/p>\n<p class=\"m_-3553163367383560999m_140837375995552082gmail-CUERPO\"><span lang=\"ES-TRAD\">\u00a0<\/span><\/p>\n<p class=\"m_-3553163367383560999m_140837375995552082gmail-CUERPO\"><span lang=\"ES-TRAD\">En entrevista, la senadora Ana Lilia Herrera Anzaldo, presidenta de la Junta de Coordinaci\u00f3n Pol\u00edtica, inform\u00f3 que los integrantes de este \u00f3rgano de gobierno tambi\u00e9n conocieron el nombre de las candidatas a recibir el reconocimiento Elvia Carrillo Puerto 2018.<\/span><\/p>\n<p class=\"m_-3553163367383560999m_140837375995552082gmail-CUERPO\"><span lang=\"ES-TRAD\">\u00a0<\/span><\/p>\n<p class=\"m_-3553163367383560999m_140837375995552082gmail-CUERPO\"><span lang=\"ES-TRAD\">Indic\u00f3 que se trata de nueve mujeres registradas hasta el momento: Kena Moreno, Mar\u00eda Elena Chapa, Olga S\u00e1nchez Cordero, Mar\u00eda del Carmen Alan\u00eds Figueroa, Dulce Mar\u00eda Sauri, Alicia B\u00e1rcena, Alicia Arellano, Claudia Pavlovich y Hermelinda Tiburcio.<\/span><\/p>\n<p class=\"m_-3553163367383560999m_140837375995552082gmail-CUERPO\"><span lang=\"ES-TRAD\">\u00a0<\/span><\/p>\n<p class=\"m_-3553163367383560999m_140837375995552082gmail-CUERPO\"><span lang=\"ES-TRAD\">Precis\u00f3 que la responsabilidad de elegir a quien reciba dicho reconocimiento, es de la Comisi\u00f3n Para la Igualdad de G\u00e9nero.<\/span><\/p>\n<p class=\"m_-3553163367383560999m_140837375995552082gmail-CUERPO\"><span lang=\"ES-TRAD\">\u00a0<\/span><\/p>\n<p class=\"m_-3553163367383560999m_140837375995552082gmail-CUERPO\"><span lang=\"ES-TRAD\">Herrera Anzaldo se\u00f1al\u00f3 que en esta reuni\u00f3n se analizaron los nombramientos que se encuentran pendientes, por lo que se entregaron las carpetas correspondientes a cada uno de los coordinadores parlamentarios.<\/span><\/p>\n<p class=\"m_-3553163367383560999m_140837375995552082gmail-CUERPO\"><span lang=\"ES-TRAD\">\u00a0<\/span><\/p>\n<p class=\"m_-3553163367383560999m_140837375995552082gmail-CUERPO\"><span lang=\"ES-TRAD\">Dijo que la Junta de Coordinaci\u00f3n Pol\u00edtica estar\u00e1 \u201cmuy pendiente\u201d del desarrollo de las plenarias de los grupos parlamentarios, pues es ah\u00ed donde cada una de las bancadas fijan la agenda que quieren impulsar para el pr\u00f3ximo periodo de sesiones.<\/span><\/p>\n<p class=\"m_-3553163367383560999m_140837375995552082gmail-CUERPO\"><span lang=\"ES-TRAD\">\u00a0<\/span><\/p>\n<p class=\"m_-3553163367383560999m_140837375995552082gmail-CUERPO\"><span lang=\"ES-TRAD\">La agenda establece 25 sesiones del Pleno del Senado de la Rep\u00fablica, que comenzar\u00edan el mi\u00e9rcoles 7 de febrero y culminar\u00edan el lunes 30 de abril de 2018.<\/span><\/p>\n","protected":false},"excerpt":{"rendered":"<p>La Junta de Coordinaci\u00f3n Pol\u00edtica sostuvo una reuni\u00f3n de trabajo donde dio a conocer la<\/p>\n","protected":false},"author":1,"featured_media":745,"comment_status":"open","ping_status":"open","sticky":false,"template":"","format":"standard","meta":{"footnotes":""},"categories":[1],"tags":[72],"class_list":["post-744","post","type-post","status-publish","format-standard","has-post-thumbnail","hentry","category-municipales","tag-senado-de-la-republica"],"yoast_head":"<!-- This site is optimized with the Yoast SEO plugin v25.3 - https:\/\/yoast.com\/wordpress\/plugins\/seo\/ -->\n<title>Presenta JUCOPO propuesta de calendario de sesiones - Volcanes<\/title>\n<meta name=\"robots\" content=\"index, follow, max-snippet:-1, max-image-preview:large, max-video-preview:-1\" \/>\n<link rel=\"canonical\" href=\"https:\/\/volcanes.net\/?p=744\" \/>\n<meta property=\"og:locale\" content=\"es_MX\" \/>\n<meta property=\"og:type\" content=\"article\" \/>\n<meta property=\"og:title\" content=\"Presenta JUCOPO propuesta de calendario de sesiones - Volcanes\" \/>\n<meta property=\"og:description\" content=\"La Junta de Coordinaci\u00f3n Pol\u00edtica sostuvo una reuni\u00f3n de trabajo donde dio a conocer la\" \/>\n<meta property=\"og:url\" content=\"https:\/\/volcanes.net\/?p=744\" \/>\n<meta property=\"og:site_name\" content=\"Volcanes\" \/>\n<meta property=\"article:publisher\" content=\"https:\/\/www.facebook.com\/volcanes.net\/\" \/>\n<meta property=\"article:published_time\" content=\"2018-01-23T23:46:35+00:00\" \/>\n<meta property=\"og:image\" content=\"https:\/\/volcanes.net\/wp-content\/uploads\/2018\/01\/230118-Entrevista-Ana-Lilia-Herrera-2.jpg\" \/>\n\t<meta property=\"og:image:width\" content=\"448\" \/>\n\t<meta property=\"og:image:height\" content=\"282\" \/>\n\t<meta property=\"og:image:type\" content=\"image\/jpeg\" \/>\n<meta name=\"author\" content=\"admin\" \/>\n<meta name=\"twitter:card\" content=\"summary_large_image\" \/>\n<meta name=\"twitter:label1\" content=\"Escrito por\" \/>\n\t<meta name=\"twitter:data1\" content=\"admin\" \/>\n\t<meta name=\"twitter:label2\" content=\"Tiempo de lectura\" \/>\n\t<meta name=\"twitter:data2\" content=\"1 minuto\" \/>\n<script type=\"application\/ld+json\" class=\"yoast-schema-graph\">{\"@context\":\"https:\/\/schema.org\",\"@graph\":[{\"@type\":\"Article\",\"@id\":\"https:\/\/volcanes.net\/?p=744#article\",\"isPartOf\":{\"@id\":\"https:\/\/volcanes.net\/?p=744\"},\"author\":{\"name\":\"admin\",\"@id\":\"https:\/\/volcanes.net\/#\/schema\/person\/4bf0f383940966a4abd53f5048c0e6b9\"},\"headline\":\"Presenta JUCOPO propuesta de calendario de sesiones\",\"datePublished\":\"2018-01-23T23:46:35+00:00\",\"mainEntityOfPage\":{\"@id\":\"https:\/\/volcanes.net\/?p=744\"},\"wordCount\":253,\"commentCount\":0,\"publisher\":{\"@id\":\"https:\/\/volcanes.net\/#organization\"},\"image\":{\"@id\":\"https:\/\/volcanes.net\/?p=744#primaryimage\"},\"thumbnailUrl\":\"https:\/\/volcanes.net\/wp-content\/uploads\/2018\/01\/230118-Entrevista-Ana-Lilia-Herrera-2.jpg\",\"keywords\":[\"Senado de la Rep\u00fablica\"],\"articleSection\":[\"Municipales\"],\"inLanguage\":\"es\",\"potentialAction\":[{\"@type\":\"CommentAction\",\"name\":\"Comment\",\"target\":[\"https:\/\/volcanes.net\/?p=744#respond\"]}]},{\"@type\":\"WebPage\",\"@id\":\"https:\/\/volcanes.net\/?p=744\",\"url\":\"https:\/\/volcanes.net\/?p=744\",\"name\":\"Presenta JUCOPO propuesta de calendario de sesiones - Volcanes\",\"isPartOf\":{\"@id\":\"https:\/\/volcanes.net\/#website\"},\"primaryImageOfPage\":{\"@id\":\"https:\/\/volcanes.net\/?p=744#primaryimage\"},\"image\":{\"@id\":\"https:\/\/volcanes.net\/?p=744#primaryimage\"},\"thumbnailUrl\":\"https:\/\/volcanes.net\/wp-content\/uploads\/2018\/01\/230118-Entrevista-Ana-Lilia-Herrera-2.jpg\",\"datePublished\":\"2018-01-23T23:46:35+00:00\",\"breadcrumb\":{\"@id\":\"https:\/\/volcanes.net\/?p=744#breadcrumb\"},\"inLanguage\":\"es\",\"potentialAction\":[{\"@type\":\"ReadAction\",\"target\":[\"https:\/\/volcanes.net\/?p=744\"]}]},{\"@type\":\"ImageObject\",\"inLanguage\":\"es\",\"@id\":\"https:\/\/volcanes.net\/?p=744#primaryimage\",\"url\":\"https:\/\/volcanes.net\/wp-content\/uploads\/2018\/01\/230118-Entrevista-Ana-Lilia-Herrera-2.jpg\",\"contentUrl\":\"https:\/\/volcanes.net\/wp-content\/uploads\/2018\/01\/230118-Entrevista-Ana-Lilia-Herrera-2.jpg\",\"width\":448,\"height\":282},{\"@type\":\"BreadcrumbList\",\"@id\":\"https:\/\/volcanes.net\/?p=744#breadcrumb\",\"itemListElement\":[{\"@type\":\"ListItem\",\"position\":1,\"name\":\"Portada\",\"item\":\"https:\/\/volcanes.net\/\"},{\"@type\":\"ListItem\",\"position\":2,\"name\":\"Presenta JUCOPO propuesta de calendario de sesiones\"}]},{\"@type\":\"WebSite\",\"@id\":\"https:\/\/volcanes.net\/#website\",\"url\":\"https:\/\/volcanes.net\/\",\"name\":\"Volcanes.Net\",\"description\":\"Periodismo Profesional\",\"publisher\":{\"@id\":\"https:\/\/volcanes.net\/#organization\"},\"potentialAction\":[{\"@type\":\"SearchAction\",\"target\":{\"@type\":\"EntryPoint\",\"urlTemplate\":\"https:\/\/volcanes.net\/?s={search_term_string}\"},\"query-input\":{\"@type\":\"PropertyValueSpecification\",\"valueRequired\":true,\"valueName\":\"search_term_string\"}}],\"inLanguage\":\"es\"},{\"@type\":\"Organization\",\"@id\":\"https:\/\/volcanes.net\/#organization\",\"name\":\"Grupo Volcanes\",\"url\":\"https:\/\/volcanes.net\/\",\"logo\":{\"@type\":\"ImageObject\",\"inLanguage\":\"es\",\"@id\":\"https:\/\/volcanes.net\/#\/schema\/logo\/image\/\",\"url\":\"http:\/\/volcanes.net\/wp-content\/uploads\/2017\/12\/Avatar2.jpg\",\"contentUrl\":\"http:\/\/volcanes.net\/wp-content\/uploads\/2017\/12\/Avatar2.jpg\",\"width\":378,\"height\":378,\"caption\":\"Grupo Volcanes\"},\"image\":{\"@id\":\"https:\/\/volcanes.net\/#\/schema\/logo\/image\/\"},\"sameAs\":[\"https:\/\/www.facebook.com\/volcanes.net\/\"]},{\"@type\":\"Person\",\"@id\":\"https:\/\/volcanes.net\/#\/schema\/person\/4bf0f383940966a4abd53f5048c0e6b9\",\"name\":\"admin\",\"image\":{\"@type\":\"ImageObject\",\"inLanguage\":\"es\",\"@id\":\"https:\/\/volcanes.net\/#\/schema\/person\/image\/\",\"url\":\"https:\/\/secure.gravatar.com\/avatar\/ca004e6cba8462b8cb7abc86e382930c?s=96&d=mm&r=g\",\"contentUrl\":\"https:\/\/secure.gravatar.com\/avatar\/ca004e6cba8462b8cb7abc86e382930c?s=96&d=mm&r=g\",\"caption\":\"admin\"}}]}<\/script>\n<!-- \/ Yoast SEO plugin. -->","yoast_head_json":{"title":"Presenta JUCOPO propuesta de calendario de sesiones - Volcanes","robots":{"index":"index","follow":"follow","max-snippet":"max-snippet:-1","max-image-preview":"max-image-preview:large","max-video-preview":"max-video-preview:-1"},"canonical":"https:\/\/volcanes.net\/?p=744","og_locale":"es_MX","og_type":"article","og_title":"Presenta JUCOPO propuesta de calendario de sesiones - Volcanes","og_description":"La Junta de Coordinaci\u00f3n Pol\u00edtica sostuvo una reuni\u00f3n de trabajo donde dio a conocer la","og_url":"https:\/\/volcanes.net\/?p=744","og_site_name":"Volcanes","article_publisher":"https:\/\/www.facebook.com\/volcanes.net\/","article_published_time":"2018-01-23T23:46:35+00:00","og_image":[{"width":448,"height":282,"url":"https:\/\/volcanes.net\/wp-content\/uploads\/2018\/01\/230118-Entrevista-Ana-Lilia-Herrera-2.jpg","type":"image\/jpeg"}],"author":"admin","twitter_card":"summary_large_image","twitter_misc":{"Escrito por":"admin","Tiempo de lectura":"1 minuto"},"schema":{"@context":"https:\/\/schema.org","@graph":[{"@type":"Article","@id":"https:\/\/volcanes.net\/?p=744#article","isPartOf":{"@id":"https:\/\/volcanes.net\/?p=744"},"author":{"name":"admin","@id":"https:\/\/volcanes.net\/#\/schema\/person\/4bf0f383940966a4abd53f5048c0e6b9"},"headline":"Presenta JUCOPO propuesta de calendario de sesiones","datePublished":"2018-01-23T23:46:35+00:00","mainEntityOfPage":{"@id":"https:\/\/volcanes.net\/?p=744"},"wordCount":253,"commentCount":0,"publisher":{"@id":"https:\/\/volcanes.net\/#organization"},"image":{"@id":"https:\/\/volcanes.net\/?p=744#primaryimage"},"thumbnailUrl":"https:\/\/volcanes.net\/wp-content\/uploads\/2018\/01\/230118-Entrevista-Ana-Lilia-Herrera-2.jpg","keywords":["Senado de la Rep\u00fablica"],"articleSection":["Municipales"],"inLanguage":"es","potentialAction":[{"@type":"CommentAction","name":"Comment","target":["https:\/\/volcanes.net\/?p=744#respond"]}]},{"@type":"WebPage","@id":"https:\/\/volcanes.net\/?p=744","url":"https:\/\/volcanes.net\/?p=744","name":"Presenta JUCOPO propuesta de calendario de sesiones - Volcanes","isPartOf":{"@id":"https:\/\/volcanes.net\/#website"},"primaryImageOfPage":{"@id":"https:\/\/volcanes.net\/?p=744#primaryimage"},"image":{"@id":"https:\/\/volcanes.net\/?p=744#primaryimage"},"thumbnailUrl":"https:\/\/volcanes.net\/wp-content\/uploads\/2018\/01\/230118-Entrevista-Ana-Lilia-Herrera-2.jpg","datePublished":"2018-01-23T23:46:35+00:00","breadcrumb":{"@id":"https:\/\/volcanes.net\/?p=744#breadcrumb"},"inLanguage":"es","potentialAction":[{"@type":"ReadAction","target":["https:\/\/volcanes.net\/?p=744"]}]},{"@type":"ImageObject","inLanguage":"es","@id":"https:\/\/volcanes.net\/?p=744#primaryimage","url":"https:\/\/volcanes.net\/wp-content\/uploads\/2018\/01\/230118-Entrevista-Ana-Lilia-Herrera-2.jpg","contentUrl":"https:\/\/volcanes.net\/wp-content\/uploads\/2018\/01\/230118-Entrevista-Ana-Lilia-Herrera-2.jpg","width":448,"height":282},{"@type":"BreadcrumbList","@id":"https:\/\/volcanes.net\/?p=744#breadcrumb","itemListElement":[{"@type":"ListItem","position":1,"name":"Portada","item":"https:\/\/volcanes.net\/"},{"@type":"ListItem","position":2,"name":"Presenta JUCOPO propuesta de calendario de sesiones"}]},{"@type":"WebSite","@id":"https:\/\/volcanes.net\/#website","url":"https:\/\/volcanes.net\/","name":"Volcanes.Net","description":"Periodismo Profesional","publisher":{"@id":"https:\/\/volcanes.net\/#organization"},"potentialAction":[{"@type":"SearchAction","target":{"@type":"EntryPoint","urlTemplate":"https:\/\/volcanes.net\/?s={search_term_string}"},"query-input":{"@type":"PropertyValueSpecification","valueRequired":true,"valueName":"search_term_string"}}],"inLanguage":"es"},{"@type":"Organization","@id":"https:\/\/volcanes.net\/#organization","name":"Grupo Volcanes","url":"https:\/\/volcanes.net\/","logo":{"@type":"ImageObject","inLanguage":"es","@id":"https:\/\/volcanes.net\/#\/schema\/logo\/image\/","url":"http:\/\/volcanes.net\/wp-content\/uploads\/2017\/12\/Avatar2.jpg","contentUrl":"http:\/\/volcanes.net\/wp-content\/uploads\/2017\/12\/Avatar2.jpg","width":378,"height":378,"caption":"Grupo Volcanes"},"image":{"@id":"https:\/\/volcanes.net\/#\/schema\/logo\/image\/"},"sameAs":["https:\/\/www.facebook.com\/volcanes.net\/"]},{"@type":"Person","@id":"https:\/\/volcanes.net\/#\/schema\/person\/4bf0f383940966a4abd53f5048c0e6b9","name":"admin","image":{"@type":"ImageObject","inLanguage":"es","@id":"https:\/\/volcanes.net\/#\/schema\/person\/image\/","url":"https:\/\/secure.gravatar.com\/avatar\/ca004e6cba8462b8cb7abc86e382930c?s=96&d=mm&r=g","contentUrl":"https:\/\/secure.gravatar.com\/avatar\/ca004e6cba8462b8cb7abc86e382930c?s=96&d=mm&r=g","caption":"admin"}}]}},"_links":{"self":[{"href":"https:\/\/volcanes.net\/index.php?rest_route=\/wp\/v2\/posts\/744"}],"collection":[{"href":"https:\/\/volcanes.net\/index.php?rest_route=\/wp\/v2\/posts"}],"about":[{"href":"https:\/\/volcanes.net\/index.php?rest_route=\/wp\/v2\/types\/post"}],"author":[{"embeddable":true,"href":"https:\/\/volcanes.net\/index.php?rest_route=\/wp\/v2\/users\/1"}],"replies":[{"embeddable":true,"href":"https:\/\/volcanes.net\/index.php?rest_route=%2Fwp%2Fv2%2Fcomments&post=744"}],"version-history":[{"count":1,"href":"https:\/\/volcanes.net\/index.php?rest_route=\/wp\/v2\/posts\/744\/revisions"}],"predecessor-version":[{"id":746,"href":"https:\/\/volcanes.net\/index.php?rest_route=\/wp\/v2\/posts\/744\/revisions\/746"}],"wp:featuredmedia":[{"embeddable":true,"href":"https:\/\/volcanes.net\/index.php?rest_route=\/wp\/v2\/media\/745"}],"wp:attachment":[{"href":"https:\/\/volcanes.net\/index.php?rest_route=%2Fwp%2Fv2%2Fmedia&parent=744"}],"wp:term":[{"taxonomy":"category","embeddable":true,"href":"https:\/\/volcanes.net\/index.php?rest_route=%2Fwp%2Fv2%2Fcategories&post=744"},{"taxonomy":"post_tag","embeddable":true,"href":"https:\/\/volcanes.net\/index.php?rest_route=%2Fwp%2Fv2%2Ftags&post=744"}],"curies":[{"name":"wp","href":"https:\/\/api.w.org\/{rel}","templated":true}]}}