{"id":7516,"date":"2020-07-08T12:31:31","date_gmt":"2020-07-08T18:31:31","guid":{"rendered":"http:\/\/volcanes.net\/?p=7516"},"modified":"2020-07-08T12:31:31","modified_gmt":"2020-07-08T18:31:31","slug":"regreso-seguro-y-ordenado-a-las-actividades-deportivas-en-valledechalco","status":"publish","type":"post","link":"https:\/\/volcanes.net\/?p=7516","title":{"rendered":"Regreso seguro y ordenado a las actividades deportivas en #ValleDeChalco"},"content":{"rendered":"<div style=\"margin-top: 0px; margin-bottom: 0px;\" class=\"sharethis-inline-share-buttons\" ><\/div><p>Valle de Chalco, Estado de M\u00e9xico.- Siguiendo las Recomendaciones emitidas por el Gobierno Federal y Estatal, se trabaja arduamente para garantizar el regreso seguro a las actividades deportivas en el municipio, por ello el Gobierno de Valle de Chalco Solidaridad, encabezado por Armando Garc\u00eda M\u00e9ndez, sanitiz\u00f3 las instalaciones deportivas, y realiz\u00f3 un recorrido por la alberca y el estadio de futbol de la unidad deportiva Luis Donaldo Colosio, informando a trav\u00e9s del IMCUFIDEV el reglamento y protocolos que se deber\u00e1 aplicar, como parte del regreso seguro a las actividades deportivas.<\/p>\n<p>Acompa\u00f1ado por el Lic. Eliseo G\u00f3mez L\u00f3pez, Secretario del H. Ayuntamiento, la Lic. Joahana Cruz Escamilla, Segunda Regidora comisionada al deporte, Celestino Barrera M\u00e9ndez, Director de Gobierno as\u00ed como la titular del Instituto Municipal de Cultura F\u00edsica y Deporte en el municipio, la Mtra. Teresita de Jes\u00fas Garc\u00eda, el alcalde invit\u00f3 a los deportistas a seguir estrictamente el reglamento que contiene medidas de higiene y sanidad, para juntos evitar el contagio y preparar el regreso seguro a las actividades deportivas.<\/p>\n<p>Adicionalmente a las acciones de gobierno implementadas en el municipio para frenar el contagio del CORONAVIRUS , la administraci\u00f3n municipal 2019-2021, instal\u00f3 lavamanos de acero inoxidable. El objetivo es facilitar que los deportistas puedan practicar las medidas de higiene que recomienda la autoridad sanitaria.<br \/>\nEn su recorrido por las instalaciones de la alberca municipal, el edil mencion\u00f3 que la pandemia no ha terminado, y que deben reforzarse las medidas de higiene, e insisti\u00f3: \u201ces muy importante que hagamos protocolos por la salud, la seguridad personal, y la de nuestros compa\u00f1eros\u201d.<\/p>\n<p>El edil tambi\u00e9n hizo un recorrido por el estadio de futbol donde dio apertura al primer partido seguro, donde recibi\u00f3 una playera de parte de los jugadores; y aprovech\u00f3 la oportunidad para felicitar al Club de Puebla por ser un equipo de futbol incluyente, e invit\u00f3 a Perla (jugadora) a trabajar fuerte por sus sue\u00f1os de convertirse en jugadora de futbol profesional.<\/p>\n<p>Al finalizar su visita por las instalaciones de la unidad deportiva, el Presidente Municipal mencion\u00f3 que estar\u00e1 atento a que la disposici\u00f3n que establece un aforo m\u00e1ximo del 30% se acate, y para proteger la salud de las ni\u00f1as, ni\u00f1os y los adultos mayores se recomienda que no asistan, e invit\u00f3 a los deportistas y a la poblaci\u00f3n en general a utilizar el cubrebocas, gel antibacterial, y practicar las medidas de sanidad e higiene ya conocidas.<\/p>\n<p>&nbsp;<\/p>\n","protected":false},"excerpt":{"rendered":"<p>Valle de Chalco, Estado de M\u00e9xico.- Siguiendo las Recomendaciones emitidas por el Gobierno Federal y<\/p>\n","protected":false},"author":1,"featured_media":7520,"comment_status":"open","ping_status":"open","sticky":false,"template":"","format":"standard","meta":{"footnotes":""},"categories":[1],"tags":[265,5],"class_list":["post-7516","post","type-post","status-publish","format-standard","has-post-thumbnail","hentry","category-municipales","tag-grupovolcanes","tag-valle-de-chalco"],"yoast_head":"<!-- This site is optimized with the Yoast SEO plugin v25.3 - https:\/\/yoast.com\/wordpress\/plugins\/seo\/ -->\n<title>Regreso seguro y ordenado a las actividades deportivas en #ValleDeChalco - Volcanes<\/title>\n<meta name=\"robots\" content=\"index, follow, max-snippet:-1, max-image-preview:large, max-video-preview:-1\" \/>\n<link rel=\"canonical\" href=\"https:\/\/volcanes.net\/?p=7516\" \/>\n<meta property=\"og:locale\" content=\"es_MX\" \/>\n<meta property=\"og:type\" content=\"article\" \/>\n<meta property=\"og:title\" content=\"Regreso seguro y ordenado a las actividades deportivas en #ValleDeChalco - Volcanes\" \/>\n<meta property=\"og:description\" content=\"Valle de Chalco, Estado de M\u00e9xico.- Siguiendo las Recomendaciones emitidas por el Gobierno Federal y\" \/>\n<meta property=\"og:url\" content=\"https:\/\/volcanes.net\/?p=7516\" \/>\n<meta property=\"og:site_name\" content=\"Volcanes\" \/>\n<meta property=\"article:publisher\" content=\"https:\/\/www.facebook.com\/volcanes.net\/\" \/>\n<meta property=\"article:published_time\" content=\"2020-07-08T18:31:31+00:00\" \/>\n<meta property=\"og:image\" content=\"https:\/\/volcanes.net\/wp-content\/uploads\/2020\/07\/107376906_3278954428829792_6117117373241123089_o_opt.jpg\" \/>\n\t<meta property=\"og:image:width\" content=\"400\" \/>\n\t<meta property=\"og:image:height\" content=\"267\" \/>\n\t<meta property=\"og:image:type\" content=\"image\/jpeg\" \/>\n<meta name=\"author\" content=\"admin\" \/>\n<meta name=\"twitter:card\" content=\"summary_large_image\" \/>\n<meta name=\"twitter:label1\" content=\"Escrito por\" \/>\n\t<meta name=\"twitter:data1\" content=\"admin\" \/>\n\t<meta name=\"twitter:label2\" content=\"Tiempo de lectura\" \/>\n\t<meta name=\"twitter:data2\" content=\"2 minutos\" \/>\n<script type=\"application\/ld+json\" class=\"yoast-schema-graph\">{\"@context\":\"https:\/\/schema.org\",\"@graph\":[{\"@type\":\"Article\",\"@id\":\"https:\/\/volcanes.net\/?p=7516#article\",\"isPartOf\":{\"@id\":\"https:\/\/volcanes.net\/?p=7516\"},\"author\":{\"name\":\"admin\",\"@id\":\"https:\/\/volcanes.net\/#\/schema\/person\/4bf0f383940966a4abd53f5048c0e6b9\"},\"headline\":\"Regreso seguro y ordenado a las actividades deportivas en #ValleDeChalco\",\"datePublished\":\"2020-07-08T18:31:31+00:00\",\"mainEntityOfPage\":{\"@id\":\"https:\/\/volcanes.net\/?p=7516\"},\"wordCount\":428,\"commentCount\":0,\"publisher\":{\"@id\":\"https:\/\/volcanes.net\/#organization\"},\"image\":{\"@id\":\"https:\/\/volcanes.net\/?p=7516#primaryimage\"},\"thumbnailUrl\":\"https:\/\/volcanes.net\/wp-content\/uploads\/2020\/07\/107376906_3278954428829792_6117117373241123089_o_opt.jpg\",\"keywords\":[\"GrupoVolcanes\",\"Valle de Chalco\"],\"articleSection\":[\"Municipales\"],\"inLanguage\":\"es\",\"potentialAction\":[{\"@type\":\"CommentAction\",\"name\":\"Comment\",\"target\":[\"https:\/\/volcanes.net\/?p=7516#respond\"]}]},{\"@type\":\"WebPage\",\"@id\":\"https:\/\/volcanes.net\/?p=7516\",\"url\":\"https:\/\/volcanes.net\/?p=7516\",\"name\":\"Regreso seguro y ordenado a las actividades deportivas en #ValleDeChalco - Volcanes\",\"isPartOf\":{\"@id\":\"https:\/\/volcanes.net\/#website\"},\"primaryImageOfPage\":{\"@id\":\"https:\/\/volcanes.net\/?p=7516#primaryimage\"},\"image\":{\"@id\":\"https:\/\/volcanes.net\/?p=7516#primaryimage\"},\"thumbnailUrl\":\"https:\/\/volcanes.net\/wp-content\/uploads\/2020\/07\/107376906_3278954428829792_6117117373241123089_o_opt.jpg\",\"datePublished\":\"2020-07-08T18:31:31+00:00\",\"breadcrumb\":{\"@id\":\"https:\/\/volcanes.net\/?p=7516#breadcrumb\"},\"inLanguage\":\"es\",\"potentialAction\":[{\"@type\":\"ReadAction\",\"target\":[\"https:\/\/volcanes.net\/?p=7516\"]}]},{\"@type\":\"ImageObject\",\"inLanguage\":\"es\",\"@id\":\"https:\/\/volcanes.net\/?p=7516#primaryimage\",\"url\":\"https:\/\/volcanes.net\/wp-content\/uploads\/2020\/07\/107376906_3278954428829792_6117117373241123089_o_opt.jpg\",\"contentUrl\":\"https:\/\/volcanes.net\/wp-content\/uploads\/2020\/07\/107376906_3278954428829792_6117117373241123089_o_opt.jpg\",\"width\":400,\"height\":267},{\"@type\":\"BreadcrumbList\",\"@id\":\"https:\/\/volcanes.net\/?p=7516#breadcrumb\",\"itemListElement\":[{\"@type\":\"ListItem\",\"position\":1,\"name\":\"Portada\",\"item\":\"https:\/\/volcanes.net\/\"},{\"@type\":\"ListItem\",\"position\":2,\"name\":\"Regreso seguro y ordenado a las actividades deportivas en #ValleDeChalco\"}]},{\"@type\":\"WebSite\",\"@id\":\"https:\/\/volcanes.net\/#website\",\"url\":\"https:\/\/volcanes.net\/\",\"name\":\"Volcanes.Net\",\"description\":\"Periodismo Profesional\",\"publisher\":{\"@id\":\"https:\/\/volcanes.net\/#organization\"},\"potentialAction\":[{\"@type\":\"SearchAction\",\"target\":{\"@type\":\"EntryPoint\",\"urlTemplate\":\"https:\/\/volcanes.net\/?s={search_term_string}\"},\"query-input\":{\"@type\":\"PropertyValueSpecification\",\"valueRequired\":true,\"valueName\":\"search_term_string\"}}],\"inLanguage\":\"es\"},{\"@type\":\"Organization\",\"@id\":\"https:\/\/volcanes.net\/#organization\",\"name\":\"Grupo Volcanes\",\"url\":\"https:\/\/volcanes.net\/\",\"logo\":{\"@type\":\"ImageObject\",\"inLanguage\":\"es\",\"@id\":\"https:\/\/volcanes.net\/#\/schema\/logo\/image\/\",\"url\":\"http:\/\/volcanes.net\/wp-content\/uploads\/2017\/12\/Avatar2.jpg\",\"contentUrl\":\"http:\/\/volcanes.net\/wp-content\/uploads\/2017\/12\/Avatar2.jpg\",\"width\":378,\"height\":378,\"caption\":\"Grupo Volcanes\"},\"image\":{\"@id\":\"https:\/\/volcanes.net\/#\/schema\/logo\/image\/\"},\"sameAs\":[\"https:\/\/www.facebook.com\/volcanes.net\/\"]},{\"@type\":\"Person\",\"@id\":\"https:\/\/volcanes.net\/#\/schema\/person\/4bf0f383940966a4abd53f5048c0e6b9\",\"name\":\"admin\",\"image\":{\"@type\":\"ImageObject\",\"inLanguage\":\"es\",\"@id\":\"https:\/\/volcanes.net\/#\/schema\/person\/image\/\",\"url\":\"https:\/\/secure.gravatar.com\/avatar\/ca004e6cba8462b8cb7abc86e382930c?s=96&d=mm&r=g\",\"contentUrl\":\"https:\/\/secure.gravatar.com\/avatar\/ca004e6cba8462b8cb7abc86e382930c?s=96&d=mm&r=g\",\"caption\":\"admin\"}}]}<\/script>\n<!-- \/ Yoast SEO plugin. -->","yoast_head_json":{"title":"Regreso seguro y ordenado a las actividades deportivas en #ValleDeChalco - Volcanes","robots":{"index":"index","follow":"follow","max-snippet":"max-snippet:-1","max-image-preview":"max-image-preview:large","max-video-preview":"max-video-preview:-1"},"canonical":"https:\/\/volcanes.net\/?p=7516","og_locale":"es_MX","og_type":"article","og_title":"Regreso seguro y ordenado a las actividades deportivas en #ValleDeChalco - Volcanes","og_description":"Valle de Chalco, Estado de M\u00e9xico.- Siguiendo las Recomendaciones emitidas por el Gobierno Federal y","og_url":"https:\/\/volcanes.net\/?p=7516","og_site_name":"Volcanes","article_publisher":"https:\/\/www.facebook.com\/volcanes.net\/","article_published_time":"2020-07-08T18:31:31+00:00","og_image":[{"width":400,"height":267,"url":"https:\/\/volcanes.net\/wp-content\/uploads\/2020\/07\/107376906_3278954428829792_6117117373241123089_o_opt.jpg","type":"image\/jpeg"}],"author":"admin","twitter_card":"summary_large_image","twitter_misc":{"Escrito por":"admin","Tiempo de lectura":"2 minutos"},"schema":{"@context":"https:\/\/schema.org","@graph":[{"@type":"Article","@id":"https:\/\/volcanes.net\/?p=7516#article","isPartOf":{"@id":"https:\/\/volcanes.net\/?p=7516"},"author":{"name":"admin","@id":"https:\/\/volcanes.net\/#\/schema\/person\/4bf0f383940966a4abd53f5048c0e6b9"},"headline":"Regreso seguro y ordenado a las actividades deportivas en #ValleDeChalco","datePublished":"2020-07-08T18:31:31+00:00","mainEntityOfPage":{"@id":"https:\/\/volcanes.net\/?p=7516"},"wordCount":428,"commentCount":0,"publisher":{"@id":"https:\/\/volcanes.net\/#organization"},"image":{"@id":"https:\/\/volcanes.net\/?p=7516#primaryimage"},"thumbnailUrl":"https:\/\/volcanes.net\/wp-content\/uploads\/2020\/07\/107376906_3278954428829792_6117117373241123089_o_opt.jpg","keywords":["GrupoVolcanes","Valle de Chalco"],"articleSection":["Municipales"],"inLanguage":"es","potentialAction":[{"@type":"CommentAction","name":"Comment","target":["https:\/\/volcanes.net\/?p=7516#respond"]}]},{"@type":"WebPage","@id":"https:\/\/volcanes.net\/?p=7516","url":"https:\/\/volcanes.net\/?p=7516","name":"Regreso seguro y ordenado a las actividades deportivas en #ValleDeChalco - Volcanes","isPartOf":{"@id":"https:\/\/volcanes.net\/#website"},"primaryImageOfPage":{"@id":"https:\/\/volcanes.net\/?p=7516#primaryimage"},"image":{"@id":"https:\/\/volcanes.net\/?p=7516#primaryimage"},"thumbnailUrl":"https:\/\/volcanes.net\/wp-content\/uploads\/2020\/07\/107376906_3278954428829792_6117117373241123089_o_opt.jpg","datePublished":"2020-07-08T18:31:31+00:00","breadcrumb":{"@id":"https:\/\/volcanes.net\/?p=7516#breadcrumb"},"inLanguage":"es","potentialAction":[{"@type":"ReadAction","target":["https:\/\/volcanes.net\/?p=7516"]}]},{"@type":"ImageObject","inLanguage":"es","@id":"https:\/\/volcanes.net\/?p=7516#primaryimage","url":"https:\/\/volcanes.net\/wp-content\/uploads\/2020\/07\/107376906_3278954428829792_6117117373241123089_o_opt.jpg","contentUrl":"https:\/\/volcanes.net\/wp-content\/uploads\/2020\/07\/107376906_3278954428829792_6117117373241123089_o_opt.jpg","width":400,"height":267},{"@type":"BreadcrumbList","@id":"https:\/\/volcanes.net\/?p=7516#breadcrumb","itemListElement":[{"@type":"ListItem","position":1,"name":"Portada","item":"https:\/\/volcanes.net\/"},{"@type":"ListItem","position":2,"name":"Regreso seguro y ordenado a las actividades deportivas en #ValleDeChalco"}]},{"@type":"WebSite","@id":"https:\/\/volcanes.net\/#website","url":"https:\/\/volcanes.net\/","name":"Volcanes.Net","description":"Periodismo Profesional","publisher":{"@id":"https:\/\/volcanes.net\/#organization"},"potentialAction":[{"@type":"SearchAction","target":{"@type":"EntryPoint","urlTemplate":"https:\/\/volcanes.net\/?s={search_term_string}"},"query-input":{"@type":"PropertyValueSpecification","valueRequired":true,"valueName":"search_term_string"}}],"inLanguage":"es"},{"@type":"Organization","@id":"https:\/\/volcanes.net\/#organization","name":"Grupo Volcanes","url":"https:\/\/volcanes.net\/","logo":{"@type":"ImageObject","inLanguage":"es","@id":"https:\/\/volcanes.net\/#\/schema\/logo\/image\/","url":"http:\/\/volcanes.net\/wp-content\/uploads\/2017\/12\/Avatar2.jpg","contentUrl":"http:\/\/volcanes.net\/wp-content\/uploads\/2017\/12\/Avatar2.jpg","width":378,"height":378,"caption":"Grupo Volcanes"},"image":{"@id":"https:\/\/volcanes.net\/#\/schema\/logo\/image\/"},"sameAs":["https:\/\/www.facebook.com\/volcanes.net\/"]},{"@type":"Person","@id":"https:\/\/volcanes.net\/#\/schema\/person\/4bf0f383940966a4abd53f5048c0e6b9","name":"admin","image":{"@type":"ImageObject","inLanguage":"es","@id":"https:\/\/volcanes.net\/#\/schema\/person\/image\/","url":"https:\/\/secure.gravatar.com\/avatar\/ca004e6cba8462b8cb7abc86e382930c?s=96&d=mm&r=g","contentUrl":"https:\/\/secure.gravatar.com\/avatar\/ca004e6cba8462b8cb7abc86e382930c?s=96&d=mm&r=g","caption":"admin"}}]}},"_links":{"self":[{"href":"https:\/\/volcanes.net\/index.php?rest_route=\/wp\/v2\/posts\/7516"}],"collection":[{"href":"https:\/\/volcanes.net\/index.php?rest_route=\/wp\/v2\/posts"}],"about":[{"href":"https:\/\/volcanes.net\/index.php?rest_route=\/wp\/v2\/types\/post"}],"author":[{"embeddable":true,"href":"https:\/\/volcanes.net\/index.php?rest_route=\/wp\/v2\/users\/1"}],"replies":[{"embeddable":true,"href":"https:\/\/volcanes.net\/index.php?rest_route=%2Fwp%2Fv2%2Fcomments&post=7516"}],"version-history":[{"count":1,"href":"https:\/\/volcanes.net\/index.php?rest_route=\/wp\/v2\/posts\/7516\/revisions"}],"predecessor-version":[{"id":7522,"href":"https:\/\/volcanes.net\/index.php?rest_route=\/wp\/v2\/posts\/7516\/revisions\/7522"}],"wp:featuredmedia":[{"embeddable":true,"href":"https:\/\/volcanes.net\/index.php?rest_route=\/wp\/v2\/media\/7520"}],"wp:attachment":[{"href":"https:\/\/volcanes.net\/index.php?rest_route=%2Fwp%2Fv2%2Fmedia&parent=7516"}],"wp:term":[{"taxonomy":"category","embeddable":true,"href":"https:\/\/volcanes.net\/index.php?rest_route=%2Fwp%2Fv2%2Fcategories&post=7516"},{"taxonomy":"post_tag","embeddable":true,"href":"https:\/\/volcanes.net\/index.php?rest_route=%2Fwp%2Fv2%2Ftags&post=7516"}],"curies":[{"name":"wp","href":"https:\/\/api.w.org\/{rel}","templated":true}]}}