{"id":7536,"date":"2020-07-09T09:00:13","date_gmt":"2020-07-09T15:00:13","guid":{"rendered":"http:\/\/volcanes.net\/?p=7536"},"modified":"2020-07-09T09:00:13","modified_gmt":"2020-07-09T15:00:13","slug":"en-amecameca-se-continua-con-las-sanitizaciones-de-edificios-publicos","status":"publish","type":"post","link":"https:\/\/volcanes.net\/?p=7536","title":{"rendered":"En #Amecameca se contin\u00faa con las sanitizaciones de edificios p\u00fablicos"},"content":{"rendered":"<div style=\"margin-top: 0px; margin-bottom: 0px;\" class=\"sharethis-inline-share-buttons\" ><\/div><p>Amecameca, Estado de M\u00e9xico. \u2013 Ante la contingencia por COVID -19 y con el prop\u00f3sito de salvaguardar la salud de los empleados municipales y de los ciudadanos que realizan diversos tr\u00e1mites en las oficinas de la Presidencia Municipal de Amecameca se contin\u00faa con las sanitizaciones de todos los espacios del edificio p\u00fablico.<\/p>\n<p>Esto con el fin de prevenir contagios con el virus, cabe mencionar que desde inicios del confinamiento el municipio implement\u00f3 las medidas correspondientes para evitar contagios as\u00ed\u00a0 como de mantener informado a los pobladores respecto a los lineamientos\u00a0 emitidos por las autoridades respecto a la sana distancia.<\/p>\n<p>Las autoridades del municipio le recuerda a la poblaci\u00f3n no bajar la guardia as\u00ed como el uso del cubrebocas, gel antibacterial, lavado constante de manos y no salir de la casa si no es necesario.<\/p>\n","protected":false},"excerpt":{"rendered":"<p>Amecameca, Estado de M\u00e9xico. \u2013 Ante la contingencia por COVID -19 y con el prop\u00f3sito<\/p>\n","protected":false},"author":1,"featured_media":7537,"comment_status":"open","ping_status":"open","sticky":false,"template":"","format":"standard","meta":{"footnotes":""},"categories":[1],"tags":[7,265],"class_list":["post-7536","post","type-post","status-publish","format-standard","has-post-thumbnail","hentry","category-municipales","tag-amecameca","tag-grupovolcanes"],"yoast_head":"<!-- This site is optimized with the Yoast SEO plugin v25.3 - https:\/\/yoast.com\/wordpress\/plugins\/seo\/ -->\n<title>En #Amecameca se contin\u00faa con las sanitizaciones de edificios p\u00fablicos - Volcanes<\/title>\n<meta name=\"robots\" content=\"index, follow, max-snippet:-1, max-image-preview:large, max-video-preview:-1\" \/>\n<link rel=\"canonical\" href=\"https:\/\/volcanes.net\/?p=7536\" \/>\n<meta property=\"og:locale\" content=\"es_MX\" \/>\n<meta property=\"og:type\" content=\"article\" \/>\n<meta property=\"og:title\" content=\"En #Amecameca se contin\u00faa con las sanitizaciones de edificios p\u00fablicos - Volcanes\" \/>\n<meta property=\"og:description\" content=\"Amecameca, Estado de M\u00e9xico. \u2013 Ante la contingencia por COVID -19 y con el prop\u00f3sito\" \/>\n<meta property=\"og:url\" content=\"https:\/\/volcanes.net\/?p=7536\" \/>\n<meta property=\"og:site_name\" content=\"Volcanes\" \/>\n<meta property=\"article:publisher\" content=\"https:\/\/www.facebook.com\/volcanes.net\/\" \/>\n<meta property=\"article:published_time\" content=\"2020-07-09T15:00:13+00:00\" \/>\n<meta property=\"og:image\" content=\"https:\/\/volcanes.net\/wp-content\/uploads\/2020\/07\/FB_IMG_1594301862749_opt.jpg\" \/>\n\t<meta property=\"og:image:width\" content=\"400\" \/>\n\t<meta property=\"og:image:height\" content=\"533\" \/>\n\t<meta property=\"og:image:type\" content=\"image\/jpeg\" \/>\n<meta name=\"author\" content=\"admin\" \/>\n<meta name=\"twitter:card\" content=\"summary_large_image\" \/>\n<meta name=\"twitter:label1\" content=\"Escrito por\" \/>\n\t<meta name=\"twitter:data1\" content=\"admin\" \/>\n\t<meta name=\"twitter:label2\" content=\"Tiempo de lectura\" \/>\n\t<meta name=\"twitter:data2\" content=\"1 minuto\" \/>\n<script type=\"application\/ld+json\" class=\"yoast-schema-graph\">{\"@context\":\"https:\/\/schema.org\",\"@graph\":[{\"@type\":\"Article\",\"@id\":\"https:\/\/volcanes.net\/?p=7536#article\",\"isPartOf\":{\"@id\":\"https:\/\/volcanes.net\/?p=7536\"},\"author\":{\"name\":\"admin\",\"@id\":\"https:\/\/volcanes.net\/#\/schema\/person\/4bf0f383940966a4abd53f5048c0e6b9\"},\"headline\":\"En #Amecameca se contin\u00faa con las sanitizaciones de edificios p\u00fablicos\",\"datePublished\":\"2020-07-09T15:00:13+00:00\",\"mainEntityOfPage\":{\"@id\":\"https:\/\/volcanes.net\/?p=7536\"},\"wordCount\":151,\"commentCount\":0,\"publisher\":{\"@id\":\"https:\/\/volcanes.net\/#organization\"},\"image\":{\"@id\":\"https:\/\/volcanes.net\/?p=7536#primaryimage\"},\"thumbnailUrl\":\"https:\/\/volcanes.net\/wp-content\/uploads\/2020\/07\/FB_IMG_1594301862749_opt.jpg\",\"keywords\":[\"Amecameca\",\"GrupoVolcanes\"],\"articleSection\":[\"Municipales\"],\"inLanguage\":\"es\",\"potentialAction\":[{\"@type\":\"CommentAction\",\"name\":\"Comment\",\"target\":[\"https:\/\/volcanes.net\/?p=7536#respond\"]}]},{\"@type\":\"WebPage\",\"@id\":\"https:\/\/volcanes.net\/?p=7536\",\"url\":\"https:\/\/volcanes.net\/?p=7536\",\"name\":\"En #Amecameca se contin\u00faa con las sanitizaciones de edificios p\u00fablicos - Volcanes\",\"isPartOf\":{\"@id\":\"https:\/\/volcanes.net\/#website\"},\"primaryImageOfPage\":{\"@id\":\"https:\/\/volcanes.net\/?p=7536#primaryimage\"},\"image\":{\"@id\":\"https:\/\/volcanes.net\/?p=7536#primaryimage\"},\"thumbnailUrl\":\"https:\/\/volcanes.net\/wp-content\/uploads\/2020\/07\/FB_IMG_1594301862749_opt.jpg\",\"datePublished\":\"2020-07-09T15:00:13+00:00\",\"breadcrumb\":{\"@id\":\"https:\/\/volcanes.net\/?p=7536#breadcrumb\"},\"inLanguage\":\"es\",\"potentialAction\":[{\"@type\":\"ReadAction\",\"target\":[\"https:\/\/volcanes.net\/?p=7536\"]}]},{\"@type\":\"ImageObject\",\"inLanguage\":\"es\",\"@id\":\"https:\/\/volcanes.net\/?p=7536#primaryimage\",\"url\":\"https:\/\/volcanes.net\/wp-content\/uploads\/2020\/07\/FB_IMG_1594301862749_opt.jpg\",\"contentUrl\":\"https:\/\/volcanes.net\/wp-content\/uploads\/2020\/07\/FB_IMG_1594301862749_opt.jpg\",\"width\":400,\"height\":533},{\"@type\":\"BreadcrumbList\",\"@id\":\"https:\/\/volcanes.net\/?p=7536#breadcrumb\",\"itemListElement\":[{\"@type\":\"ListItem\",\"position\":1,\"name\":\"Portada\",\"item\":\"https:\/\/volcanes.net\/\"},{\"@type\":\"ListItem\",\"position\":2,\"name\":\"En #Amecameca se contin\u00faa con las sanitizaciones de edificios p\u00fablicos\"}]},{\"@type\":\"WebSite\",\"@id\":\"https:\/\/volcanes.net\/#website\",\"url\":\"https:\/\/volcanes.net\/\",\"name\":\"Volcanes.Net\",\"description\":\"Periodismo Profesional\",\"publisher\":{\"@id\":\"https:\/\/volcanes.net\/#organization\"},\"potentialAction\":[{\"@type\":\"SearchAction\",\"target\":{\"@type\":\"EntryPoint\",\"urlTemplate\":\"https:\/\/volcanes.net\/?s={search_term_string}\"},\"query-input\":{\"@type\":\"PropertyValueSpecification\",\"valueRequired\":true,\"valueName\":\"search_term_string\"}}],\"inLanguage\":\"es\"},{\"@type\":\"Organization\",\"@id\":\"https:\/\/volcanes.net\/#organization\",\"name\":\"Grupo Volcanes\",\"url\":\"https:\/\/volcanes.net\/\",\"logo\":{\"@type\":\"ImageObject\",\"inLanguage\":\"es\",\"@id\":\"https:\/\/volcanes.net\/#\/schema\/logo\/image\/\",\"url\":\"http:\/\/volcanes.net\/wp-content\/uploads\/2017\/12\/Avatar2.jpg\",\"contentUrl\":\"http:\/\/volcanes.net\/wp-content\/uploads\/2017\/12\/Avatar2.jpg\",\"width\":378,\"height\":378,\"caption\":\"Grupo Volcanes\"},\"image\":{\"@id\":\"https:\/\/volcanes.net\/#\/schema\/logo\/image\/\"},\"sameAs\":[\"https:\/\/www.facebook.com\/volcanes.net\/\"]},{\"@type\":\"Person\",\"@id\":\"https:\/\/volcanes.net\/#\/schema\/person\/4bf0f383940966a4abd53f5048c0e6b9\",\"name\":\"admin\",\"image\":{\"@type\":\"ImageObject\",\"inLanguage\":\"es\",\"@id\":\"https:\/\/volcanes.net\/#\/schema\/person\/image\/\",\"url\":\"https:\/\/secure.gravatar.com\/avatar\/ca004e6cba8462b8cb7abc86e382930c?s=96&d=mm&r=g\",\"contentUrl\":\"https:\/\/secure.gravatar.com\/avatar\/ca004e6cba8462b8cb7abc86e382930c?s=96&d=mm&r=g\",\"caption\":\"admin\"}}]}<\/script>\n<!-- \/ Yoast SEO plugin. -->","yoast_head_json":{"title":"En #Amecameca se contin\u00faa con las sanitizaciones de edificios p\u00fablicos - Volcanes","robots":{"index":"index","follow":"follow","max-snippet":"max-snippet:-1","max-image-preview":"max-image-preview:large","max-video-preview":"max-video-preview:-1"},"canonical":"https:\/\/volcanes.net\/?p=7536","og_locale":"es_MX","og_type":"article","og_title":"En #Amecameca se contin\u00faa con las sanitizaciones de edificios p\u00fablicos - Volcanes","og_description":"Amecameca, Estado de M\u00e9xico. \u2013 Ante la contingencia por COVID -19 y con el prop\u00f3sito","og_url":"https:\/\/volcanes.net\/?p=7536","og_site_name":"Volcanes","article_publisher":"https:\/\/www.facebook.com\/volcanes.net\/","article_published_time":"2020-07-09T15:00:13+00:00","og_image":[{"width":400,"height":533,"url":"https:\/\/volcanes.net\/wp-content\/uploads\/2020\/07\/FB_IMG_1594301862749_opt.jpg","type":"image\/jpeg"}],"author":"admin","twitter_card":"summary_large_image","twitter_misc":{"Escrito por":"admin","Tiempo de lectura":"1 minuto"},"schema":{"@context":"https:\/\/schema.org","@graph":[{"@type":"Article","@id":"https:\/\/volcanes.net\/?p=7536#article","isPartOf":{"@id":"https:\/\/volcanes.net\/?p=7536"},"author":{"name":"admin","@id":"https:\/\/volcanes.net\/#\/schema\/person\/4bf0f383940966a4abd53f5048c0e6b9"},"headline":"En #Amecameca se contin\u00faa con las sanitizaciones de edificios p\u00fablicos","datePublished":"2020-07-09T15:00:13+00:00","mainEntityOfPage":{"@id":"https:\/\/volcanes.net\/?p=7536"},"wordCount":151,"commentCount":0,"publisher":{"@id":"https:\/\/volcanes.net\/#organization"},"image":{"@id":"https:\/\/volcanes.net\/?p=7536#primaryimage"},"thumbnailUrl":"https:\/\/volcanes.net\/wp-content\/uploads\/2020\/07\/FB_IMG_1594301862749_opt.jpg","keywords":["Amecameca","GrupoVolcanes"],"articleSection":["Municipales"],"inLanguage":"es","potentialAction":[{"@type":"CommentAction","name":"Comment","target":["https:\/\/volcanes.net\/?p=7536#respond"]}]},{"@type":"WebPage","@id":"https:\/\/volcanes.net\/?p=7536","url":"https:\/\/volcanes.net\/?p=7536","name":"En #Amecameca se contin\u00faa con las sanitizaciones de edificios p\u00fablicos - Volcanes","isPartOf":{"@id":"https:\/\/volcanes.net\/#website"},"primaryImageOfPage":{"@id":"https:\/\/volcanes.net\/?p=7536#primaryimage"},"image":{"@id":"https:\/\/volcanes.net\/?p=7536#primaryimage"},"thumbnailUrl":"https:\/\/volcanes.net\/wp-content\/uploads\/2020\/07\/FB_IMG_1594301862749_opt.jpg","datePublished":"2020-07-09T15:00:13+00:00","breadcrumb":{"@id":"https:\/\/volcanes.net\/?p=7536#breadcrumb"},"inLanguage":"es","potentialAction":[{"@type":"ReadAction","target":["https:\/\/volcanes.net\/?p=7536"]}]},{"@type":"ImageObject","inLanguage":"es","@id":"https:\/\/volcanes.net\/?p=7536#primaryimage","url":"https:\/\/volcanes.net\/wp-content\/uploads\/2020\/07\/FB_IMG_1594301862749_opt.jpg","contentUrl":"https:\/\/volcanes.net\/wp-content\/uploads\/2020\/07\/FB_IMG_1594301862749_opt.jpg","width":400,"height":533},{"@type":"BreadcrumbList","@id":"https:\/\/volcanes.net\/?p=7536#breadcrumb","itemListElement":[{"@type":"ListItem","position":1,"name":"Portada","item":"https:\/\/volcanes.net\/"},{"@type":"ListItem","position":2,"name":"En #Amecameca se contin\u00faa con las sanitizaciones de edificios p\u00fablicos"}]},{"@type":"WebSite","@id":"https:\/\/volcanes.net\/#website","url":"https:\/\/volcanes.net\/","name":"Volcanes.Net","description":"Periodismo Profesional","publisher":{"@id":"https:\/\/volcanes.net\/#organization"},"potentialAction":[{"@type":"SearchAction","target":{"@type":"EntryPoint","urlTemplate":"https:\/\/volcanes.net\/?s={search_term_string}"},"query-input":{"@type":"PropertyValueSpecification","valueRequired":true,"valueName":"search_term_string"}}],"inLanguage":"es"},{"@type":"Organization","@id":"https:\/\/volcanes.net\/#organization","name":"Grupo Volcanes","url":"https:\/\/volcanes.net\/","logo":{"@type":"ImageObject","inLanguage":"es","@id":"https:\/\/volcanes.net\/#\/schema\/logo\/image\/","url":"http:\/\/volcanes.net\/wp-content\/uploads\/2017\/12\/Avatar2.jpg","contentUrl":"http:\/\/volcanes.net\/wp-content\/uploads\/2017\/12\/Avatar2.jpg","width":378,"height":378,"caption":"Grupo Volcanes"},"image":{"@id":"https:\/\/volcanes.net\/#\/schema\/logo\/image\/"},"sameAs":["https:\/\/www.facebook.com\/volcanes.net\/"]},{"@type":"Person","@id":"https:\/\/volcanes.net\/#\/schema\/person\/4bf0f383940966a4abd53f5048c0e6b9","name":"admin","image":{"@type":"ImageObject","inLanguage":"es","@id":"https:\/\/volcanes.net\/#\/schema\/person\/image\/","url":"https:\/\/secure.gravatar.com\/avatar\/ca004e6cba8462b8cb7abc86e382930c?s=96&d=mm&r=g","contentUrl":"https:\/\/secure.gravatar.com\/avatar\/ca004e6cba8462b8cb7abc86e382930c?s=96&d=mm&r=g","caption":"admin"}}]}},"_links":{"self":[{"href":"https:\/\/volcanes.net\/index.php?rest_route=\/wp\/v2\/posts\/7536"}],"collection":[{"href":"https:\/\/volcanes.net\/index.php?rest_route=\/wp\/v2\/posts"}],"about":[{"href":"https:\/\/volcanes.net\/index.php?rest_route=\/wp\/v2\/types\/post"}],"author":[{"embeddable":true,"href":"https:\/\/volcanes.net\/index.php?rest_route=\/wp\/v2\/users\/1"}],"replies":[{"embeddable":true,"href":"https:\/\/volcanes.net\/index.php?rest_route=%2Fwp%2Fv2%2Fcomments&post=7536"}],"version-history":[{"count":1,"href":"https:\/\/volcanes.net\/index.php?rest_route=\/wp\/v2\/posts\/7536\/revisions"}],"predecessor-version":[{"id":7538,"href":"https:\/\/volcanes.net\/index.php?rest_route=\/wp\/v2\/posts\/7536\/revisions\/7538"}],"wp:featuredmedia":[{"embeddable":true,"href":"https:\/\/volcanes.net\/index.php?rest_route=\/wp\/v2\/media\/7537"}],"wp:attachment":[{"href":"https:\/\/volcanes.net\/index.php?rest_route=%2Fwp%2Fv2%2Fmedia&parent=7536"}],"wp:term":[{"taxonomy":"category","embeddable":true,"href":"https:\/\/volcanes.net\/index.php?rest_route=%2Fwp%2Fv2%2Fcategories&post=7536"},{"taxonomy":"post_tag","embeddable":true,"href":"https:\/\/volcanes.net\/index.php?rest_route=%2Fwp%2Fv2%2Ftags&post=7536"}],"curies":[{"name":"wp","href":"https:\/\/api.w.org\/{rel}","templated":true}]}}