{"id":7559,"date":"2020-07-11T18:14:59","date_gmt":"2020-07-12T00:14:59","guid":{"rendered":"http:\/\/volcanes.net\/?p=7559"},"modified":"2020-07-11T18:14:59","modified_gmt":"2020-07-12T00:14:59","slug":"bebe-recien-nacida-es-abandonada-al-interior-de-una-maleta-en-chalco","status":"publish","type":"post","link":"https:\/\/volcanes.net\/?p=7559","title":{"rendered":"Beb\u00e9 reci\u00e9n nacida es abandonada al interior de una maleta en #Chalco"},"content":{"rendered":"<div style=\"margin-top: 0px; margin-bottom: 0px;\" class=\"sharethis-inline-share-buttons\" ><\/div><p>Rosy Hern\u00e1ndez | Volcanes Multimedios.<\/p>\n<p>Chalco, Estado de M\u00e9xico.- Elementos de la Secretar\u00eda de Seguridad (SS), rescataron a una beb\u00e9 reci\u00e9n nacida, la cual habr\u00eda sido abandonada en una plaza comercial de este municipio.<\/p>\n<p>Dentro de los recorridos realizados por la SS, los uniformados localizaron una maleta negra, de donde proven\u00eda el llanto de un beb\u00e9, ubicada en el estacionamiento de la Plaza Paseo Chalco, ubicada en la avenida Arturo Montiel.<\/p>\n<p>Al realizar una inspecci\u00f3n en el interior de la maleta, se localiz\u00f3 a una reci\u00e9n nacida, siendo arropada de inmediato y solicitando el apoyo de una unidad m\u00e9dica, con el fin de revisar a la peque\u00f1a y verificar su buen estado de salud.<\/p>\n<p>La menor fue trasladada al Hospital Materno Infantil de la delegaci\u00f3n de Ayotzingo, municipio de esta delegaci\u00f3n, para ser atendida; por otro lado, personal de la SS realiz\u00f3 la denuncia correspondiente ante el Ministerio P\u00fablico para comenzar con las indagatorias correspondientes por el delito de abandono de infante.<\/p>\n<p>&nbsp;<\/p>\n","protected":false},"excerpt":{"rendered":"<p>Rosy Hern\u00e1ndez | Volcanes Multimedios. Chalco, Estado de M\u00e9xico.- Elementos de la Secretar\u00eda de Seguridad<\/p>\n","protected":false},"author":1,"featured_media":7560,"comment_status":"open","ping_status":"open","sticky":false,"template":"","format":"standard","meta":{"footnotes":""},"categories":[1],"tags":[9,265],"class_list":["post-7559","post","type-post","status-publish","format-standard","has-post-thumbnail","hentry","category-municipales","tag-chalco","tag-grupovolcanes"],"yoast_head":"<!-- This site is optimized with the Yoast SEO plugin v25.3 - https:\/\/yoast.com\/wordpress\/plugins\/seo\/ -->\n<title>Beb\u00e9 reci\u00e9n nacida es abandonada al interior de una maleta en #Chalco - Volcanes<\/title>\n<meta name=\"robots\" content=\"index, follow, max-snippet:-1, max-image-preview:large, max-video-preview:-1\" \/>\n<link rel=\"canonical\" href=\"https:\/\/volcanes.net\/?p=7559\" \/>\n<meta property=\"og:locale\" content=\"es_MX\" \/>\n<meta property=\"og:type\" content=\"article\" \/>\n<meta property=\"og:title\" content=\"Beb\u00e9 reci\u00e9n nacida es abandonada al interior de una maleta en #Chalco - Volcanes\" \/>\n<meta property=\"og:description\" content=\"Rosy Hern\u00e1ndez | Volcanes Multimedios. Chalco, Estado de M\u00e9xico.- Elementos de la Secretar\u00eda de Seguridad\" \/>\n<meta property=\"og:url\" content=\"https:\/\/volcanes.net\/?p=7559\" \/>\n<meta property=\"og:site_name\" content=\"Volcanes\" \/>\n<meta property=\"article:publisher\" content=\"https:\/\/www.facebook.com\/volcanes.net\/\" \/>\n<meta property=\"article:published_time\" content=\"2020-07-12T00:14:59+00:00\" \/>\n<meta property=\"og:image\" content=\"https:\/\/volcanes.net\/wp-content\/uploads\/2020\/07\/IMG-20200711-WA0079.jpg\" \/>\n\t<meta property=\"og:image:width\" content=\"972\" \/>\n\t<meta property=\"og:image:height\" content=\"1280\" \/>\n\t<meta property=\"og:image:type\" content=\"image\/jpeg\" \/>\n<meta name=\"author\" content=\"admin\" \/>\n<meta name=\"twitter:card\" content=\"summary_large_image\" \/>\n<meta name=\"twitter:label1\" content=\"Escrito por\" \/>\n\t<meta name=\"twitter:data1\" content=\"admin\" \/>\n\t<meta name=\"twitter:label2\" content=\"Tiempo de lectura\" \/>\n\t<meta name=\"twitter:data2\" content=\"1 minuto\" \/>\n<script type=\"application\/ld+json\" class=\"yoast-schema-graph\">{\"@context\":\"https:\/\/schema.org\",\"@graph\":[{\"@type\":\"Article\",\"@id\":\"https:\/\/volcanes.net\/?p=7559#article\",\"isPartOf\":{\"@id\":\"https:\/\/volcanes.net\/?p=7559\"},\"author\":{\"name\":\"admin\",\"@id\":\"https:\/\/volcanes.net\/#\/schema\/person\/4bf0f383940966a4abd53f5048c0e6b9\"},\"headline\":\"Beb\u00e9 reci\u00e9n nacida es abandonada al interior de una maleta en #Chalco\",\"datePublished\":\"2020-07-12T00:14:59+00:00\",\"mainEntityOfPage\":{\"@id\":\"https:\/\/volcanes.net\/?p=7559\"},\"wordCount\":189,\"commentCount\":0,\"publisher\":{\"@id\":\"https:\/\/volcanes.net\/#organization\"},\"image\":{\"@id\":\"https:\/\/volcanes.net\/?p=7559#primaryimage\"},\"thumbnailUrl\":\"https:\/\/volcanes.net\/wp-content\/uploads\/2020\/07\/IMG-20200711-WA0079.jpg\",\"keywords\":[\"Chalco\",\"GrupoVolcanes\"],\"articleSection\":[\"Municipales\"],\"inLanguage\":\"es\",\"potentialAction\":[{\"@type\":\"CommentAction\",\"name\":\"Comment\",\"target\":[\"https:\/\/volcanes.net\/?p=7559#respond\"]}]},{\"@type\":\"WebPage\",\"@id\":\"https:\/\/volcanes.net\/?p=7559\",\"url\":\"https:\/\/volcanes.net\/?p=7559\",\"name\":\"Beb\u00e9 reci\u00e9n nacida es abandonada al interior de una maleta en #Chalco - Volcanes\",\"isPartOf\":{\"@id\":\"https:\/\/volcanes.net\/#website\"},\"primaryImageOfPage\":{\"@id\":\"https:\/\/volcanes.net\/?p=7559#primaryimage\"},\"image\":{\"@id\":\"https:\/\/volcanes.net\/?p=7559#primaryimage\"},\"thumbnailUrl\":\"https:\/\/volcanes.net\/wp-content\/uploads\/2020\/07\/IMG-20200711-WA0079.jpg\",\"datePublished\":\"2020-07-12T00:14:59+00:00\",\"breadcrumb\":{\"@id\":\"https:\/\/volcanes.net\/?p=7559#breadcrumb\"},\"inLanguage\":\"es\",\"potentialAction\":[{\"@type\":\"ReadAction\",\"target\":[\"https:\/\/volcanes.net\/?p=7559\"]}]},{\"@type\":\"ImageObject\",\"inLanguage\":\"es\",\"@id\":\"https:\/\/volcanes.net\/?p=7559#primaryimage\",\"url\":\"https:\/\/volcanes.net\/wp-content\/uploads\/2020\/07\/IMG-20200711-WA0079.jpg\",\"contentUrl\":\"https:\/\/volcanes.net\/wp-content\/uploads\/2020\/07\/IMG-20200711-WA0079.jpg\",\"width\":972,\"height\":1280},{\"@type\":\"BreadcrumbList\",\"@id\":\"https:\/\/volcanes.net\/?p=7559#breadcrumb\",\"itemListElement\":[{\"@type\":\"ListItem\",\"position\":1,\"name\":\"Portada\",\"item\":\"https:\/\/volcanes.net\/\"},{\"@type\":\"ListItem\",\"position\":2,\"name\":\"Beb\u00e9 reci\u00e9n nacida es abandonada al interior de una maleta en #Chalco\"}]},{\"@type\":\"WebSite\",\"@id\":\"https:\/\/volcanes.net\/#website\",\"url\":\"https:\/\/volcanes.net\/\",\"name\":\"Volcanes.Net\",\"description\":\"Periodismo Profesional\",\"publisher\":{\"@id\":\"https:\/\/volcanes.net\/#organization\"},\"potentialAction\":[{\"@type\":\"SearchAction\",\"target\":{\"@type\":\"EntryPoint\",\"urlTemplate\":\"https:\/\/volcanes.net\/?s={search_term_string}\"},\"query-input\":{\"@type\":\"PropertyValueSpecification\",\"valueRequired\":true,\"valueName\":\"search_term_string\"}}],\"inLanguage\":\"es\"},{\"@type\":\"Organization\",\"@id\":\"https:\/\/volcanes.net\/#organization\",\"name\":\"Grupo Volcanes\",\"url\":\"https:\/\/volcanes.net\/\",\"logo\":{\"@type\":\"ImageObject\",\"inLanguage\":\"es\",\"@id\":\"https:\/\/volcanes.net\/#\/schema\/logo\/image\/\",\"url\":\"http:\/\/volcanes.net\/wp-content\/uploads\/2017\/12\/Avatar2.jpg\",\"contentUrl\":\"http:\/\/volcanes.net\/wp-content\/uploads\/2017\/12\/Avatar2.jpg\",\"width\":378,\"height\":378,\"caption\":\"Grupo Volcanes\"},\"image\":{\"@id\":\"https:\/\/volcanes.net\/#\/schema\/logo\/image\/\"},\"sameAs\":[\"https:\/\/www.facebook.com\/volcanes.net\/\"]},{\"@type\":\"Person\",\"@id\":\"https:\/\/volcanes.net\/#\/schema\/person\/4bf0f383940966a4abd53f5048c0e6b9\",\"name\":\"admin\",\"image\":{\"@type\":\"ImageObject\",\"inLanguage\":\"es\",\"@id\":\"https:\/\/volcanes.net\/#\/schema\/person\/image\/\",\"url\":\"https:\/\/secure.gravatar.com\/avatar\/ca004e6cba8462b8cb7abc86e382930c?s=96&d=mm&r=g\",\"contentUrl\":\"https:\/\/secure.gravatar.com\/avatar\/ca004e6cba8462b8cb7abc86e382930c?s=96&d=mm&r=g\",\"caption\":\"admin\"}}]}<\/script>\n<!-- \/ Yoast SEO plugin. -->","yoast_head_json":{"title":"Beb\u00e9 reci\u00e9n nacida es abandonada al interior de una maleta en #Chalco - Volcanes","robots":{"index":"index","follow":"follow","max-snippet":"max-snippet:-1","max-image-preview":"max-image-preview:large","max-video-preview":"max-video-preview:-1"},"canonical":"https:\/\/volcanes.net\/?p=7559","og_locale":"es_MX","og_type":"article","og_title":"Beb\u00e9 reci\u00e9n nacida es abandonada al interior de una maleta en #Chalco - Volcanes","og_description":"Rosy Hern\u00e1ndez | Volcanes Multimedios. Chalco, Estado de M\u00e9xico.- Elementos de la Secretar\u00eda de Seguridad","og_url":"https:\/\/volcanes.net\/?p=7559","og_site_name":"Volcanes","article_publisher":"https:\/\/www.facebook.com\/volcanes.net\/","article_published_time":"2020-07-12T00:14:59+00:00","og_image":[{"width":972,"height":1280,"url":"https:\/\/volcanes.net\/wp-content\/uploads\/2020\/07\/IMG-20200711-WA0079.jpg","type":"image\/jpeg"}],"author":"admin","twitter_card":"summary_large_image","twitter_misc":{"Escrito por":"admin","Tiempo de lectura":"1 minuto"},"schema":{"@context":"https:\/\/schema.org","@graph":[{"@type":"Article","@id":"https:\/\/volcanes.net\/?p=7559#article","isPartOf":{"@id":"https:\/\/volcanes.net\/?p=7559"},"author":{"name":"admin","@id":"https:\/\/volcanes.net\/#\/schema\/person\/4bf0f383940966a4abd53f5048c0e6b9"},"headline":"Beb\u00e9 reci\u00e9n nacida es abandonada al interior de una maleta en #Chalco","datePublished":"2020-07-12T00:14:59+00:00","mainEntityOfPage":{"@id":"https:\/\/volcanes.net\/?p=7559"},"wordCount":189,"commentCount":0,"publisher":{"@id":"https:\/\/volcanes.net\/#organization"},"image":{"@id":"https:\/\/volcanes.net\/?p=7559#primaryimage"},"thumbnailUrl":"https:\/\/volcanes.net\/wp-content\/uploads\/2020\/07\/IMG-20200711-WA0079.jpg","keywords":["Chalco","GrupoVolcanes"],"articleSection":["Municipales"],"inLanguage":"es","potentialAction":[{"@type":"CommentAction","name":"Comment","target":["https:\/\/volcanes.net\/?p=7559#respond"]}]},{"@type":"WebPage","@id":"https:\/\/volcanes.net\/?p=7559","url":"https:\/\/volcanes.net\/?p=7559","name":"Beb\u00e9 reci\u00e9n nacida es abandonada al interior de una maleta en #Chalco - Volcanes","isPartOf":{"@id":"https:\/\/volcanes.net\/#website"},"primaryImageOfPage":{"@id":"https:\/\/volcanes.net\/?p=7559#primaryimage"},"image":{"@id":"https:\/\/volcanes.net\/?p=7559#primaryimage"},"thumbnailUrl":"https:\/\/volcanes.net\/wp-content\/uploads\/2020\/07\/IMG-20200711-WA0079.jpg","datePublished":"2020-07-12T00:14:59+00:00","breadcrumb":{"@id":"https:\/\/volcanes.net\/?p=7559#breadcrumb"},"inLanguage":"es","potentialAction":[{"@type":"ReadAction","target":["https:\/\/volcanes.net\/?p=7559"]}]},{"@type":"ImageObject","inLanguage":"es","@id":"https:\/\/volcanes.net\/?p=7559#primaryimage","url":"https:\/\/volcanes.net\/wp-content\/uploads\/2020\/07\/IMG-20200711-WA0079.jpg","contentUrl":"https:\/\/volcanes.net\/wp-content\/uploads\/2020\/07\/IMG-20200711-WA0079.jpg","width":972,"height":1280},{"@type":"BreadcrumbList","@id":"https:\/\/volcanes.net\/?p=7559#breadcrumb","itemListElement":[{"@type":"ListItem","position":1,"name":"Portada","item":"https:\/\/volcanes.net\/"},{"@type":"ListItem","position":2,"name":"Beb\u00e9 reci\u00e9n nacida es abandonada al interior de una maleta en #Chalco"}]},{"@type":"WebSite","@id":"https:\/\/volcanes.net\/#website","url":"https:\/\/volcanes.net\/","name":"Volcanes.Net","description":"Periodismo Profesional","publisher":{"@id":"https:\/\/volcanes.net\/#organization"},"potentialAction":[{"@type":"SearchAction","target":{"@type":"EntryPoint","urlTemplate":"https:\/\/volcanes.net\/?s={search_term_string}"},"query-input":{"@type":"PropertyValueSpecification","valueRequired":true,"valueName":"search_term_string"}}],"inLanguage":"es"},{"@type":"Organization","@id":"https:\/\/volcanes.net\/#organization","name":"Grupo Volcanes","url":"https:\/\/volcanes.net\/","logo":{"@type":"ImageObject","inLanguage":"es","@id":"https:\/\/volcanes.net\/#\/schema\/logo\/image\/","url":"http:\/\/volcanes.net\/wp-content\/uploads\/2017\/12\/Avatar2.jpg","contentUrl":"http:\/\/volcanes.net\/wp-content\/uploads\/2017\/12\/Avatar2.jpg","width":378,"height":378,"caption":"Grupo Volcanes"},"image":{"@id":"https:\/\/volcanes.net\/#\/schema\/logo\/image\/"},"sameAs":["https:\/\/www.facebook.com\/volcanes.net\/"]},{"@type":"Person","@id":"https:\/\/volcanes.net\/#\/schema\/person\/4bf0f383940966a4abd53f5048c0e6b9","name":"admin","image":{"@type":"ImageObject","inLanguage":"es","@id":"https:\/\/volcanes.net\/#\/schema\/person\/image\/","url":"https:\/\/secure.gravatar.com\/avatar\/ca004e6cba8462b8cb7abc86e382930c?s=96&d=mm&r=g","contentUrl":"https:\/\/secure.gravatar.com\/avatar\/ca004e6cba8462b8cb7abc86e382930c?s=96&d=mm&r=g","caption":"admin"}}]}},"_links":{"self":[{"href":"https:\/\/volcanes.net\/index.php?rest_route=\/wp\/v2\/posts\/7559"}],"collection":[{"href":"https:\/\/volcanes.net\/index.php?rest_route=\/wp\/v2\/posts"}],"about":[{"href":"https:\/\/volcanes.net\/index.php?rest_route=\/wp\/v2\/types\/post"}],"author":[{"embeddable":true,"href":"https:\/\/volcanes.net\/index.php?rest_route=\/wp\/v2\/users\/1"}],"replies":[{"embeddable":true,"href":"https:\/\/volcanes.net\/index.php?rest_route=%2Fwp%2Fv2%2Fcomments&post=7559"}],"version-history":[{"count":1,"href":"https:\/\/volcanes.net\/index.php?rest_route=\/wp\/v2\/posts\/7559\/revisions"}],"predecessor-version":[{"id":7561,"href":"https:\/\/volcanes.net\/index.php?rest_route=\/wp\/v2\/posts\/7559\/revisions\/7561"}],"wp:featuredmedia":[{"embeddable":true,"href":"https:\/\/volcanes.net\/index.php?rest_route=\/wp\/v2\/media\/7560"}],"wp:attachment":[{"href":"https:\/\/volcanes.net\/index.php?rest_route=%2Fwp%2Fv2%2Fmedia&parent=7559"}],"wp:term":[{"taxonomy":"category","embeddable":true,"href":"https:\/\/volcanes.net\/index.php?rest_route=%2Fwp%2Fv2%2Fcategories&post=7559"},{"taxonomy":"post_tag","embeddable":true,"href":"https:\/\/volcanes.net\/index.php?rest_route=%2Fwp%2Fv2%2Ftags&post=7559"}],"curies":[{"name":"wp","href":"https:\/\/api.w.org\/{rel}","templated":true}]}}