{"id":7568,"date":"2020-07-13T22:20:35","date_gmt":"2020-07-14T04:20:35","guid":{"rendered":"http:\/\/volcanes.net\/?p=7568"},"modified":"2020-07-13T22:20:35","modified_gmt":"2020-07-14T04:20:35","slug":"valle-de-chalco-registra-incremento-en-hechos-violentos-debido-a-una-ingobernabilidad-por-el-edil","status":"publish","type":"post","link":"https:\/\/volcanes.net\/?p=7568","title":{"rendered":"Valle de Chalco registra incremento en hechos violentos debido a una ingobernabilidad por el edil"},"content":{"rendered":"<div style=\"margin-top: 0px; margin-bottom: 0px;\" class=\"sharethis-inline-share-buttons\" ><\/div><p>Natalia Hern\u00e1ndez | Volcanes Multimedios.<\/p>\n<p>&nbsp;<\/p>\n<p>Valle de Chalco, Estado de M\u00e9xico.- Las condiciones actuales de violencia que se viven en M\u00e9xico s\u00ed como en los municipios del Estado de M\u00e9xico en los \u00faltimos a\u00f1os han registrado un incremento \u00a0y tal es el caso de Valle de Chalco, municipio perteneciente a la Zona Oriente del territorio mexiquenses debido a una ingobernabilidad por la incapacidad del alcalde Armando Garc\u00eda M\u00e9ndez.<\/p>\n<p>&nbsp;<\/p>\n<p>Cabe mencionar que Armando Garc\u00eda M\u00e9ndez, llego a la presidencia de Valle de Chalco luego de que Francisco Tenorio Conteras fuera v\u00edctima de un ataque a balazos tras realizar un recorrido en una zona del municipio y quien fuera sometido a una cirug\u00eda de urgencias el mismo d\u00eda del atentado en donde su estado de salud se mantuvo grave, de acuerdo con un comunicado \u00a0la Secretar\u00eda de Salud del Estado de M\u00e9xico confirm\u00f3 que desafortunadamente Tenorio Contreras habr\u00eda perdi\u00f3 la vida a causa de muerte cerebral.<\/p>\n<p>&nbsp;<\/p>\n<p>Seg\u00fan algunos medios, Tenorio hab\u00eda denunciado, a inicios de este a\u00f1o,\u00a0amenazas\u00a0en su contra de grupos presuntamente del crimen organizado y como pruebas mostr\u00f3 mensajes y llamadas intimidatorias. Adem\u00e1s de que sostuvo que estas amenazas eran en respuesta a su estrategia de\u00a0combate a la delincuencia\u00a0que hab\u00eda planteado desde su llegada a la actual administraci\u00f3n, en enero pasado.<\/p>\n<p>&nbsp;<\/p>\n<p>Sin embargo, actualmente Valle de Chalco ha registrado un incremento en \u00a0hechos violentos convirtiendo este municipio en uno de los m\u00e1s inseguros \u00a0debido a que el robo tanto a comerciantes y transe\u00fantes en los \u00faltimos meses se ha convertido en uno de los mayores temores de la localidad, as\u00ed como las continuas ejecuciones presuntamente por la disputa del control de la venta de droga, robo de veh\u00edculo con violencia, extorsi\u00f3n entre otros.<\/p>\n<p>&nbsp;<\/p>\n<p>Valle de Chalco cuenta con dos alertas de g\u00e9nero, la primera por feminicidios la cual fue emitida desde 2015 y la segunda por desaparici\u00f3n de ni\u00f1as y adolescentes la cual fue decretada en septiembre de 2018.<\/p>\n<p>&nbsp;<\/p>\n<p>Cabe mencionar que en ocasiones los delitos que se cometen en la\u00a0 demarcaci\u00f3n no son denunciados debido a la falta de respuesta por parte de las autoridades locales.<\/p>\n<p>&nbsp;<\/p>\n","protected":false},"excerpt":{"rendered":"<p>Natalia Hern\u00e1ndez | Volcanes Multimedios. &nbsp; Valle de Chalco, Estado de M\u00e9xico.- Las condiciones actuales<\/p>\n","protected":false},"author":1,"featured_media":7569,"comment_status":"open","ping_status":"open","sticky":false,"template":"","format":"standard","meta":{"footnotes":""},"categories":[1],"tags":[265,5],"class_list":["post-7568","post","type-post","status-publish","format-standard","has-post-thumbnail","hentry","category-municipales","tag-grupovolcanes","tag-valle-de-chalco"],"yoast_head":"<!-- This site is optimized with the Yoast SEO plugin v25.3 - https:\/\/yoast.com\/wordpress\/plugins\/seo\/ -->\n<title>Valle de Chalco registra incremento en hechos violentos debido a una ingobernabilidad por el edil - Volcanes<\/title>\n<meta name=\"robots\" content=\"index, follow, max-snippet:-1, max-image-preview:large, max-video-preview:-1\" \/>\n<link rel=\"canonical\" href=\"https:\/\/volcanes.net\/?p=7568\" \/>\n<meta property=\"og:locale\" content=\"es_MX\" \/>\n<meta property=\"og:type\" content=\"article\" \/>\n<meta property=\"og:title\" content=\"Valle de Chalco registra incremento en hechos violentos debido a una ingobernabilidad por el edil - Volcanes\" \/>\n<meta property=\"og:description\" content=\"Natalia Hern\u00e1ndez | Volcanes Multimedios. &nbsp; Valle de Chalco, Estado de M\u00e9xico.- Las condiciones actuales\" \/>\n<meta property=\"og:url\" content=\"https:\/\/volcanes.net\/?p=7568\" \/>\n<meta property=\"og:site_name\" content=\"Volcanes\" \/>\n<meta property=\"article:publisher\" content=\"https:\/\/www.facebook.com\/volcanes.net\/\" \/>\n<meta property=\"article:published_time\" content=\"2020-07-14T04:20:35+00:00\" \/>\n<meta property=\"og:image\" content=\"https:\/\/volcanes.net\/wp-content\/uploads\/2020\/07\/WhatsApp-Image-2020-07-13-at-2_opt.jpg\" \/>\n\t<meta property=\"og:image:width\" content=\"400\" \/>\n\t<meta property=\"og:image:height\" content=\"267\" \/>\n\t<meta property=\"og:image:type\" content=\"image\/jpeg\" \/>\n<meta name=\"author\" content=\"admin\" \/>\n<meta name=\"twitter:card\" content=\"summary_large_image\" \/>\n<meta name=\"twitter:label1\" content=\"Escrito por\" \/>\n\t<meta name=\"twitter:data1\" content=\"admin\" \/>\n\t<meta name=\"twitter:label2\" content=\"Tiempo de lectura\" \/>\n\t<meta name=\"twitter:data2\" content=\"2 minutos\" \/>\n<script type=\"application\/ld+json\" class=\"yoast-schema-graph\">{\"@context\":\"https:\/\/schema.org\",\"@graph\":[{\"@type\":\"Article\",\"@id\":\"https:\/\/volcanes.net\/?p=7568#article\",\"isPartOf\":{\"@id\":\"https:\/\/volcanes.net\/?p=7568\"},\"author\":{\"name\":\"admin\",\"@id\":\"https:\/\/volcanes.net\/#\/schema\/person\/4bf0f383940966a4abd53f5048c0e6b9\"},\"headline\":\"Valle de Chalco registra incremento en hechos violentos debido a una ingobernabilidad por el edil\",\"datePublished\":\"2020-07-14T04:20:35+00:00\",\"mainEntityOfPage\":{\"@id\":\"https:\/\/volcanes.net\/?p=7568\"},\"wordCount\":399,\"commentCount\":0,\"publisher\":{\"@id\":\"https:\/\/volcanes.net\/#organization\"},\"image\":{\"@id\":\"https:\/\/volcanes.net\/?p=7568#primaryimage\"},\"thumbnailUrl\":\"https:\/\/volcanes.net\/wp-content\/uploads\/2020\/07\/WhatsApp-Image-2020-07-13-at-2_opt.jpg\",\"keywords\":[\"GrupoVolcanes\",\"Valle de Chalco\"],\"articleSection\":[\"Municipales\"],\"inLanguage\":\"es\",\"potentialAction\":[{\"@type\":\"CommentAction\",\"name\":\"Comment\",\"target\":[\"https:\/\/volcanes.net\/?p=7568#respond\"]}]},{\"@type\":\"WebPage\",\"@id\":\"https:\/\/volcanes.net\/?p=7568\",\"url\":\"https:\/\/volcanes.net\/?p=7568\",\"name\":\"Valle de Chalco registra incremento en hechos violentos debido a una ingobernabilidad por el edil - Volcanes\",\"isPartOf\":{\"@id\":\"https:\/\/volcanes.net\/#website\"},\"primaryImageOfPage\":{\"@id\":\"https:\/\/volcanes.net\/?p=7568#primaryimage\"},\"image\":{\"@id\":\"https:\/\/volcanes.net\/?p=7568#primaryimage\"},\"thumbnailUrl\":\"https:\/\/volcanes.net\/wp-content\/uploads\/2020\/07\/WhatsApp-Image-2020-07-13-at-2_opt.jpg\",\"datePublished\":\"2020-07-14T04:20:35+00:00\",\"breadcrumb\":{\"@id\":\"https:\/\/volcanes.net\/?p=7568#breadcrumb\"},\"inLanguage\":\"es\",\"potentialAction\":[{\"@type\":\"ReadAction\",\"target\":[\"https:\/\/volcanes.net\/?p=7568\"]}]},{\"@type\":\"ImageObject\",\"inLanguage\":\"es\",\"@id\":\"https:\/\/volcanes.net\/?p=7568#primaryimage\",\"url\":\"https:\/\/volcanes.net\/wp-content\/uploads\/2020\/07\/WhatsApp-Image-2020-07-13-at-2_opt.jpg\",\"contentUrl\":\"https:\/\/volcanes.net\/wp-content\/uploads\/2020\/07\/WhatsApp-Image-2020-07-13-at-2_opt.jpg\",\"width\":400,\"height\":267},{\"@type\":\"BreadcrumbList\",\"@id\":\"https:\/\/volcanes.net\/?p=7568#breadcrumb\",\"itemListElement\":[{\"@type\":\"ListItem\",\"position\":1,\"name\":\"Portada\",\"item\":\"https:\/\/volcanes.net\/\"},{\"@type\":\"ListItem\",\"position\":2,\"name\":\"Valle de Chalco registra incremento en hechos violentos debido a una ingobernabilidad por el edil\"}]},{\"@type\":\"WebSite\",\"@id\":\"https:\/\/volcanes.net\/#website\",\"url\":\"https:\/\/volcanes.net\/\",\"name\":\"Volcanes.Net\",\"description\":\"Periodismo Profesional\",\"publisher\":{\"@id\":\"https:\/\/volcanes.net\/#organization\"},\"potentialAction\":[{\"@type\":\"SearchAction\",\"target\":{\"@type\":\"EntryPoint\",\"urlTemplate\":\"https:\/\/volcanes.net\/?s={search_term_string}\"},\"query-input\":{\"@type\":\"PropertyValueSpecification\",\"valueRequired\":true,\"valueName\":\"search_term_string\"}}],\"inLanguage\":\"es\"},{\"@type\":\"Organization\",\"@id\":\"https:\/\/volcanes.net\/#organization\",\"name\":\"Grupo Volcanes\",\"url\":\"https:\/\/volcanes.net\/\",\"logo\":{\"@type\":\"ImageObject\",\"inLanguage\":\"es\",\"@id\":\"https:\/\/volcanes.net\/#\/schema\/logo\/image\/\",\"url\":\"http:\/\/volcanes.net\/wp-content\/uploads\/2017\/12\/Avatar2.jpg\",\"contentUrl\":\"http:\/\/volcanes.net\/wp-content\/uploads\/2017\/12\/Avatar2.jpg\",\"width\":378,\"height\":378,\"caption\":\"Grupo Volcanes\"},\"image\":{\"@id\":\"https:\/\/volcanes.net\/#\/schema\/logo\/image\/\"},\"sameAs\":[\"https:\/\/www.facebook.com\/volcanes.net\/\"]},{\"@type\":\"Person\",\"@id\":\"https:\/\/volcanes.net\/#\/schema\/person\/4bf0f383940966a4abd53f5048c0e6b9\",\"name\":\"admin\",\"image\":{\"@type\":\"ImageObject\",\"inLanguage\":\"es\",\"@id\":\"https:\/\/volcanes.net\/#\/schema\/person\/image\/\",\"url\":\"https:\/\/secure.gravatar.com\/avatar\/ca004e6cba8462b8cb7abc86e382930c?s=96&d=mm&r=g\",\"contentUrl\":\"https:\/\/secure.gravatar.com\/avatar\/ca004e6cba8462b8cb7abc86e382930c?s=96&d=mm&r=g\",\"caption\":\"admin\"}}]}<\/script>\n<!-- \/ Yoast SEO plugin. -->","yoast_head_json":{"title":"Valle de Chalco registra incremento en hechos violentos debido a una ingobernabilidad por el edil - Volcanes","robots":{"index":"index","follow":"follow","max-snippet":"max-snippet:-1","max-image-preview":"max-image-preview:large","max-video-preview":"max-video-preview:-1"},"canonical":"https:\/\/volcanes.net\/?p=7568","og_locale":"es_MX","og_type":"article","og_title":"Valle de Chalco registra incremento en hechos violentos debido a una ingobernabilidad por el edil - Volcanes","og_description":"Natalia Hern\u00e1ndez | Volcanes Multimedios. &nbsp; Valle de Chalco, Estado de M\u00e9xico.- Las condiciones actuales","og_url":"https:\/\/volcanes.net\/?p=7568","og_site_name":"Volcanes","article_publisher":"https:\/\/www.facebook.com\/volcanes.net\/","article_published_time":"2020-07-14T04:20:35+00:00","og_image":[{"width":400,"height":267,"url":"https:\/\/volcanes.net\/wp-content\/uploads\/2020\/07\/WhatsApp-Image-2020-07-13-at-2_opt.jpg","type":"image\/jpeg"}],"author":"admin","twitter_card":"summary_large_image","twitter_misc":{"Escrito por":"admin","Tiempo de lectura":"2 minutos"},"schema":{"@context":"https:\/\/schema.org","@graph":[{"@type":"Article","@id":"https:\/\/volcanes.net\/?p=7568#article","isPartOf":{"@id":"https:\/\/volcanes.net\/?p=7568"},"author":{"name":"admin","@id":"https:\/\/volcanes.net\/#\/schema\/person\/4bf0f383940966a4abd53f5048c0e6b9"},"headline":"Valle de Chalco registra incremento en hechos violentos debido a una ingobernabilidad por el edil","datePublished":"2020-07-14T04:20:35+00:00","mainEntityOfPage":{"@id":"https:\/\/volcanes.net\/?p=7568"},"wordCount":399,"commentCount":0,"publisher":{"@id":"https:\/\/volcanes.net\/#organization"},"image":{"@id":"https:\/\/volcanes.net\/?p=7568#primaryimage"},"thumbnailUrl":"https:\/\/volcanes.net\/wp-content\/uploads\/2020\/07\/WhatsApp-Image-2020-07-13-at-2_opt.jpg","keywords":["GrupoVolcanes","Valle de Chalco"],"articleSection":["Municipales"],"inLanguage":"es","potentialAction":[{"@type":"CommentAction","name":"Comment","target":["https:\/\/volcanes.net\/?p=7568#respond"]}]},{"@type":"WebPage","@id":"https:\/\/volcanes.net\/?p=7568","url":"https:\/\/volcanes.net\/?p=7568","name":"Valle de Chalco registra incremento en hechos violentos debido a una ingobernabilidad por el edil - Volcanes","isPartOf":{"@id":"https:\/\/volcanes.net\/#website"},"primaryImageOfPage":{"@id":"https:\/\/volcanes.net\/?p=7568#primaryimage"},"image":{"@id":"https:\/\/volcanes.net\/?p=7568#primaryimage"},"thumbnailUrl":"https:\/\/volcanes.net\/wp-content\/uploads\/2020\/07\/WhatsApp-Image-2020-07-13-at-2_opt.jpg","datePublished":"2020-07-14T04:20:35+00:00","breadcrumb":{"@id":"https:\/\/volcanes.net\/?p=7568#breadcrumb"},"inLanguage":"es","potentialAction":[{"@type":"ReadAction","target":["https:\/\/volcanes.net\/?p=7568"]}]},{"@type":"ImageObject","inLanguage":"es","@id":"https:\/\/volcanes.net\/?p=7568#primaryimage","url":"https:\/\/volcanes.net\/wp-content\/uploads\/2020\/07\/WhatsApp-Image-2020-07-13-at-2_opt.jpg","contentUrl":"https:\/\/volcanes.net\/wp-content\/uploads\/2020\/07\/WhatsApp-Image-2020-07-13-at-2_opt.jpg","width":400,"height":267},{"@type":"BreadcrumbList","@id":"https:\/\/volcanes.net\/?p=7568#breadcrumb","itemListElement":[{"@type":"ListItem","position":1,"name":"Portada","item":"https:\/\/volcanes.net\/"},{"@type":"ListItem","position":2,"name":"Valle de Chalco registra incremento en hechos violentos debido a una ingobernabilidad por el edil"}]},{"@type":"WebSite","@id":"https:\/\/volcanes.net\/#website","url":"https:\/\/volcanes.net\/","name":"Volcanes.Net","description":"Periodismo Profesional","publisher":{"@id":"https:\/\/volcanes.net\/#organization"},"potentialAction":[{"@type":"SearchAction","target":{"@type":"EntryPoint","urlTemplate":"https:\/\/volcanes.net\/?s={search_term_string}"},"query-input":{"@type":"PropertyValueSpecification","valueRequired":true,"valueName":"search_term_string"}}],"inLanguage":"es"},{"@type":"Organization","@id":"https:\/\/volcanes.net\/#organization","name":"Grupo Volcanes","url":"https:\/\/volcanes.net\/","logo":{"@type":"ImageObject","inLanguage":"es","@id":"https:\/\/volcanes.net\/#\/schema\/logo\/image\/","url":"http:\/\/volcanes.net\/wp-content\/uploads\/2017\/12\/Avatar2.jpg","contentUrl":"http:\/\/volcanes.net\/wp-content\/uploads\/2017\/12\/Avatar2.jpg","width":378,"height":378,"caption":"Grupo Volcanes"},"image":{"@id":"https:\/\/volcanes.net\/#\/schema\/logo\/image\/"},"sameAs":["https:\/\/www.facebook.com\/volcanes.net\/"]},{"@type":"Person","@id":"https:\/\/volcanes.net\/#\/schema\/person\/4bf0f383940966a4abd53f5048c0e6b9","name":"admin","image":{"@type":"ImageObject","inLanguage":"es","@id":"https:\/\/volcanes.net\/#\/schema\/person\/image\/","url":"https:\/\/secure.gravatar.com\/avatar\/ca004e6cba8462b8cb7abc86e382930c?s=96&d=mm&r=g","contentUrl":"https:\/\/secure.gravatar.com\/avatar\/ca004e6cba8462b8cb7abc86e382930c?s=96&d=mm&r=g","caption":"admin"}}]}},"_links":{"self":[{"href":"https:\/\/volcanes.net\/index.php?rest_route=\/wp\/v2\/posts\/7568"}],"collection":[{"href":"https:\/\/volcanes.net\/index.php?rest_route=\/wp\/v2\/posts"}],"about":[{"href":"https:\/\/volcanes.net\/index.php?rest_route=\/wp\/v2\/types\/post"}],"author":[{"embeddable":true,"href":"https:\/\/volcanes.net\/index.php?rest_route=\/wp\/v2\/users\/1"}],"replies":[{"embeddable":true,"href":"https:\/\/volcanes.net\/index.php?rest_route=%2Fwp%2Fv2%2Fcomments&post=7568"}],"version-history":[{"count":1,"href":"https:\/\/volcanes.net\/index.php?rest_route=\/wp\/v2\/posts\/7568\/revisions"}],"predecessor-version":[{"id":7570,"href":"https:\/\/volcanes.net\/index.php?rest_route=\/wp\/v2\/posts\/7568\/revisions\/7570"}],"wp:featuredmedia":[{"embeddable":true,"href":"https:\/\/volcanes.net\/index.php?rest_route=\/wp\/v2\/media\/7569"}],"wp:attachment":[{"href":"https:\/\/volcanes.net\/index.php?rest_route=%2Fwp%2Fv2%2Fmedia&parent=7568"}],"wp:term":[{"taxonomy":"category","embeddable":true,"href":"https:\/\/volcanes.net\/index.php?rest_route=%2Fwp%2Fv2%2Fcategories&post=7568"},{"taxonomy":"post_tag","embeddable":true,"href":"https:\/\/volcanes.net\/index.php?rest_route=%2Fwp%2Fv2%2Ftags&post=7568"}],"curies":[{"name":"wp","href":"https:\/\/api.w.org\/{rel}","templated":true}]}}