{"id":76,"date":"2017-08-10T14:34:18","date_gmt":"2017-08-10T14:34:18","guid":{"rendered":"http:\/\/volcanes.net\/?p=76"},"modified":"2017-08-10T14:34:18","modified_gmt":"2017-08-10T14:34:18","slug":"unidad-virtud-mas-grande-que-tiene-el-pri-de-cara-al-2018-alfredo-del-mazo","status":"publish","type":"post","link":"https:\/\/volcanes.net\/?p=76","title":{"rendered":"Unidad, virtud m\u00e1s grande que tiene el PRI de cara al 2018: Alfredo Del Mazo"},"content":{"rendered":"<div style=\"margin-top: 0px; margin-bottom: 0px;\" class=\"sharethis-inline-share-buttons\" ><\/div><ul>\n<li>El triunfo del Revolucionario Institucional en el Estado de M\u00e9xico es un triunfo de todos los priistas del pa\u00eds, afirm\u00f3 el gobernador electo.<\/li>\n<\/ul>\n<ul>\n<li>Nuestro distintivo como partido es la justicia social, la cual ha aportado estabilidad pol\u00edtica y paz social a nuestro pa\u00eds, expres\u00f3 Alejandra Del Moral.<\/li>\n<\/ul>\n<ul>\n<li>El Estado de M\u00e9xico es sede de la Mesa Nacional Tem\u00e1tica de Programa de Acci\u00f3n, rumbo a la plenaria de la XXII Asamblea Nacional Ordinaria de este instituto pol\u00edtico.<\/li>\n<\/ul>\n<p><strong>Toluca, Estado de M\u00e9xico, 9 de agosto de 2017.<\/strong>\u00a0La unidad es la virtud m\u00e1s grande que tiene el Partido Revolucionario Institucional y es la que estoy seguro nos llevar\u00e1 al triunfo el pr\u00f3ximo a\u00f1o a nivel nacional, afirm\u00f3 Alfredo Del Mazo, gobernador electo del Estado de M\u00e9xico.<\/p>\n<p>Al acudir a los trabajos de la Mesa Nacional de Programa de Acci\u00f3n en la capital mexiquense y con la presencia de delegados de todo el pa\u00eds, Del Mazo dijo que el Revolucionario Institucional es un partido que ha estado siempre abierto a la cr\u00edtica constructiva y a escuchar todas las voces, sin importar su ideolog\u00eda pol\u00edtica.<\/p>\n<p>Acompa\u00f1ado, entre otros, por Jos\u00e9 Narro Robles, Jos\u00e9 Antonio Gonz\u00e1lez Anaya, Francisco Labastida Ochoa y la dirigente estatal del PRI, Alejandra Del Moral Vela, el gobernador electo afirm\u00f3 que el PRI tiene una nueva oportunidad para renovarse, transformarse y refrendar su compromiso con las causas sociales, para que queden plasmados en los Estatutos y Documentos B\u00e1sicos de este partido.<\/p>\n<p>Record\u00f3 que en la anterior asamblea nacional del partido se sentaron las bases de las reformas que impuls\u00f3 el gobierno federal y que fueron el primer paso para transformar al pa\u00eds, mismas que hoy se ven reflejadas en cambios en el sector energ\u00e9tico y telecomunicaciones, por mencionar s\u00f3lo algunos.<\/p>\n<p>Del Mazo reiter\u00f3 su agradecimiento a quienes aportaron su compromiso y trabajo para tocar puertas y convencer con propuestas para obtener el triunfo en el Estado de M\u00e9xico. \u201cTrabajamos fuerte y con todo para lograr el triunfo en el Estado de M\u00e9xico, nos tocar\u00e1 trabajar ahora fuerte y con todo para lograr el triunfo en el 2018\u201d, adelant\u00f3.<\/p>\n<p>El triunfo que se logr\u00f3 en el Estado de M\u00e9xico, es un triunfo de los mexiquenses, y es un triunfo del priismo nacional, puntualiz\u00f3.<\/p>\n<p>Por su parte, Alejandra Del Moral Vela, presidenta del PRI del Estado de M\u00e9xico, reiter\u00f3 que esta mesa es una oportunidad para refrendar la unidad pol\u00edtica para afrontar el reto de 2018, donde el priismo se consolidar\u00e1 como el mejor partido de M\u00e9xico.<\/p>\n<p>Se\u00f1al\u00f3 que el resultado de la elecci\u00f3n del 4 de junio, fue gracias al distintivo partidista que es la justicia social, \u201ces ella la que ha aportado estabilidad pol\u00edtica y paz social a nuestro pa\u00eds y debe ser ella el remedio contra la inseguridad p\u00fablica y la desigualdad social\u201d, dijo.<\/p>\n<p>Pidi\u00f3 a la militancia trabajar durante estos dos d\u00edas para reforzar a este instituto pol\u00edtico, que debe incluir en su Programa de Acci\u00f3n las mejores propuestas para continuar avanzando como naci\u00f3n, entre ellas, la de alimentaci\u00f3n suficiente para todos los mexicanos, oportunidades de educaci\u00f3n sin exclusi\u00f3n, acceso a servicios de salud, oportunidades de empleo, en suma, un M\u00e9xico sin pobreza.<\/p>\n","protected":false},"excerpt":{"rendered":"<p>El triunfo del Revolucionario Institucional en el Estado de M\u00e9xico es un triunfo de todos<\/p>\n","protected":false},"author":1,"featured_media":77,"comment_status":"open","ping_status":"open","sticky":false,"template":"","format":"standard","meta":{"footnotes":""},"categories":[3],"tags":[10],"class_list":["post-76","post","type-post","status-publish","format-standard","has-post-thumbnail","hentry","category-estatales","tag-pri"],"yoast_head":"<!-- This site is optimized with the Yoast SEO plugin v25.3 - https:\/\/yoast.com\/wordpress\/plugins\/seo\/ -->\n<title>Unidad, virtud m\u00e1s grande que tiene el PRI de cara al 2018: Alfredo Del Mazo - Volcanes<\/title>\n<meta name=\"robots\" content=\"index, follow, max-snippet:-1, max-image-preview:large, max-video-preview:-1\" \/>\n<link rel=\"canonical\" href=\"https:\/\/volcanes.net\/?p=76\" \/>\n<meta property=\"og:locale\" content=\"es_MX\" \/>\n<meta property=\"og:type\" content=\"article\" \/>\n<meta property=\"og:title\" content=\"Unidad, virtud m\u00e1s grande que tiene el PRI de cara al 2018: Alfredo Del Mazo - Volcanes\" \/>\n<meta property=\"og:description\" content=\"El triunfo del Revolucionario Institucional en el Estado de M\u00e9xico es un triunfo de todos\" \/>\n<meta property=\"og:url\" content=\"https:\/\/volcanes.net\/?p=76\" \/>\n<meta property=\"og:site_name\" content=\"Volcanes\" \/>\n<meta property=\"article:publisher\" content=\"https:\/\/www.facebook.com\/volcanes.net\/\" \/>\n<meta property=\"article:published_time\" content=\"2017-08-10T14:34:18+00:00\" \/>\n<meta property=\"og:image\" content=\"https:\/\/volcanes.net\/wp-content\/uploads\/2017\/08\/DSC_0340-Copy.jpg\" \/>\n\t<meta property=\"og:image:width\" content=\"448\" \/>\n\t<meta property=\"og:image:height\" content=\"297\" \/>\n\t<meta property=\"og:image:type\" content=\"image\/jpeg\" \/>\n<meta name=\"author\" content=\"admin\" \/>\n<meta name=\"twitter:card\" content=\"summary_large_image\" \/>\n<meta name=\"twitter:label1\" content=\"Escrito por\" \/>\n\t<meta name=\"twitter:data1\" content=\"admin\" \/>\n\t<meta name=\"twitter:label2\" content=\"Tiempo de lectura\" \/>\n\t<meta name=\"twitter:data2\" content=\"3 minutos\" \/>\n<script type=\"application\/ld+json\" class=\"yoast-schema-graph\">{\"@context\":\"https:\/\/schema.org\",\"@graph\":[{\"@type\":\"Article\",\"@id\":\"https:\/\/volcanes.net\/?p=76#article\",\"isPartOf\":{\"@id\":\"https:\/\/volcanes.net\/?p=76\"},\"author\":{\"name\":\"admin\",\"@id\":\"https:\/\/volcanes.net\/#\/schema\/person\/4bf0f383940966a4abd53f5048c0e6b9\"},\"headline\":\"Unidad, virtud m\u00e1s grande que tiene el PRI de cara al 2018: Alfredo Del Mazo\",\"datePublished\":\"2017-08-10T14:34:18+00:00\",\"mainEntityOfPage\":{\"@id\":\"https:\/\/volcanes.net\/?p=76\"},\"wordCount\":577,\"commentCount\":0,\"publisher\":{\"@id\":\"https:\/\/volcanes.net\/#organization\"},\"image\":{\"@id\":\"https:\/\/volcanes.net\/?p=76#primaryimage\"},\"thumbnailUrl\":\"https:\/\/volcanes.net\/wp-content\/uploads\/2017\/08\/DSC_0340-Copy.jpg\",\"keywords\":[\"PRI\"],\"articleSection\":[\"Estatales\"],\"inLanguage\":\"es\",\"potentialAction\":[{\"@type\":\"CommentAction\",\"name\":\"Comment\",\"target\":[\"https:\/\/volcanes.net\/?p=76#respond\"]}]},{\"@type\":\"WebPage\",\"@id\":\"https:\/\/volcanes.net\/?p=76\",\"url\":\"https:\/\/volcanes.net\/?p=76\",\"name\":\"Unidad, virtud m\u00e1s grande que tiene el PRI de cara al 2018: Alfredo Del Mazo - Volcanes\",\"isPartOf\":{\"@id\":\"https:\/\/volcanes.net\/#website\"},\"primaryImageOfPage\":{\"@id\":\"https:\/\/volcanes.net\/?p=76#primaryimage\"},\"image\":{\"@id\":\"https:\/\/volcanes.net\/?p=76#primaryimage\"},\"thumbnailUrl\":\"https:\/\/volcanes.net\/wp-content\/uploads\/2017\/08\/DSC_0340-Copy.jpg\",\"datePublished\":\"2017-08-10T14:34:18+00:00\",\"breadcrumb\":{\"@id\":\"https:\/\/volcanes.net\/?p=76#breadcrumb\"},\"inLanguage\":\"es\",\"potentialAction\":[{\"@type\":\"ReadAction\",\"target\":[\"https:\/\/volcanes.net\/?p=76\"]}]},{\"@type\":\"ImageObject\",\"inLanguage\":\"es\",\"@id\":\"https:\/\/volcanes.net\/?p=76#primaryimage\",\"url\":\"https:\/\/volcanes.net\/wp-content\/uploads\/2017\/08\/DSC_0340-Copy.jpg\",\"contentUrl\":\"https:\/\/volcanes.net\/wp-content\/uploads\/2017\/08\/DSC_0340-Copy.jpg\",\"width\":448,\"height\":297},{\"@type\":\"BreadcrumbList\",\"@id\":\"https:\/\/volcanes.net\/?p=76#breadcrumb\",\"itemListElement\":[{\"@type\":\"ListItem\",\"position\":1,\"name\":\"Portada\",\"item\":\"https:\/\/volcanes.net\/\"},{\"@type\":\"ListItem\",\"position\":2,\"name\":\"Unidad, virtud m\u00e1s grande que tiene el PRI de cara al 2018: Alfredo Del Mazo\"}]},{\"@type\":\"WebSite\",\"@id\":\"https:\/\/volcanes.net\/#website\",\"url\":\"https:\/\/volcanes.net\/\",\"name\":\"Volcanes.Net\",\"description\":\"Periodismo Profesional\",\"publisher\":{\"@id\":\"https:\/\/volcanes.net\/#organization\"},\"potentialAction\":[{\"@type\":\"SearchAction\",\"target\":{\"@type\":\"EntryPoint\",\"urlTemplate\":\"https:\/\/volcanes.net\/?s={search_term_string}\"},\"query-input\":{\"@type\":\"PropertyValueSpecification\",\"valueRequired\":true,\"valueName\":\"search_term_string\"}}],\"inLanguage\":\"es\"},{\"@type\":\"Organization\",\"@id\":\"https:\/\/volcanes.net\/#organization\",\"name\":\"Grupo Volcanes\",\"url\":\"https:\/\/volcanes.net\/\",\"logo\":{\"@type\":\"ImageObject\",\"inLanguage\":\"es\",\"@id\":\"https:\/\/volcanes.net\/#\/schema\/logo\/image\/\",\"url\":\"http:\/\/volcanes.net\/wp-content\/uploads\/2017\/12\/Avatar2.jpg\",\"contentUrl\":\"http:\/\/volcanes.net\/wp-content\/uploads\/2017\/12\/Avatar2.jpg\",\"width\":378,\"height\":378,\"caption\":\"Grupo Volcanes\"},\"image\":{\"@id\":\"https:\/\/volcanes.net\/#\/schema\/logo\/image\/\"},\"sameAs\":[\"https:\/\/www.facebook.com\/volcanes.net\/\"]},{\"@type\":\"Person\",\"@id\":\"https:\/\/volcanes.net\/#\/schema\/person\/4bf0f383940966a4abd53f5048c0e6b9\",\"name\":\"admin\",\"image\":{\"@type\":\"ImageObject\",\"inLanguage\":\"es\",\"@id\":\"https:\/\/volcanes.net\/#\/schema\/person\/image\/\",\"url\":\"https:\/\/secure.gravatar.com\/avatar\/ca004e6cba8462b8cb7abc86e382930c?s=96&d=mm&r=g\",\"contentUrl\":\"https:\/\/secure.gravatar.com\/avatar\/ca004e6cba8462b8cb7abc86e382930c?s=96&d=mm&r=g\",\"caption\":\"admin\"}}]}<\/script>\n<!-- \/ Yoast SEO plugin. -->","yoast_head_json":{"title":"Unidad, virtud m\u00e1s grande que tiene el PRI de cara al 2018: Alfredo Del Mazo - Volcanes","robots":{"index":"index","follow":"follow","max-snippet":"max-snippet:-1","max-image-preview":"max-image-preview:large","max-video-preview":"max-video-preview:-1"},"canonical":"https:\/\/volcanes.net\/?p=76","og_locale":"es_MX","og_type":"article","og_title":"Unidad, virtud m\u00e1s grande que tiene el PRI de cara al 2018: Alfredo Del Mazo - Volcanes","og_description":"El triunfo del Revolucionario Institucional en el Estado de M\u00e9xico es un triunfo de todos","og_url":"https:\/\/volcanes.net\/?p=76","og_site_name":"Volcanes","article_publisher":"https:\/\/www.facebook.com\/volcanes.net\/","article_published_time":"2017-08-10T14:34:18+00:00","og_image":[{"width":448,"height":297,"url":"https:\/\/volcanes.net\/wp-content\/uploads\/2017\/08\/DSC_0340-Copy.jpg","type":"image\/jpeg"}],"author":"admin","twitter_card":"summary_large_image","twitter_misc":{"Escrito por":"admin","Tiempo de lectura":"3 minutos"},"schema":{"@context":"https:\/\/schema.org","@graph":[{"@type":"Article","@id":"https:\/\/volcanes.net\/?p=76#article","isPartOf":{"@id":"https:\/\/volcanes.net\/?p=76"},"author":{"name":"admin","@id":"https:\/\/volcanes.net\/#\/schema\/person\/4bf0f383940966a4abd53f5048c0e6b9"},"headline":"Unidad, virtud m\u00e1s grande que tiene el PRI de cara al 2018: Alfredo Del Mazo","datePublished":"2017-08-10T14:34:18+00:00","mainEntityOfPage":{"@id":"https:\/\/volcanes.net\/?p=76"},"wordCount":577,"commentCount":0,"publisher":{"@id":"https:\/\/volcanes.net\/#organization"},"image":{"@id":"https:\/\/volcanes.net\/?p=76#primaryimage"},"thumbnailUrl":"https:\/\/volcanes.net\/wp-content\/uploads\/2017\/08\/DSC_0340-Copy.jpg","keywords":["PRI"],"articleSection":["Estatales"],"inLanguage":"es","potentialAction":[{"@type":"CommentAction","name":"Comment","target":["https:\/\/volcanes.net\/?p=76#respond"]}]},{"@type":"WebPage","@id":"https:\/\/volcanes.net\/?p=76","url":"https:\/\/volcanes.net\/?p=76","name":"Unidad, virtud m\u00e1s grande que tiene el PRI de cara al 2018: Alfredo Del Mazo - Volcanes","isPartOf":{"@id":"https:\/\/volcanes.net\/#website"},"primaryImageOfPage":{"@id":"https:\/\/volcanes.net\/?p=76#primaryimage"},"image":{"@id":"https:\/\/volcanes.net\/?p=76#primaryimage"},"thumbnailUrl":"https:\/\/volcanes.net\/wp-content\/uploads\/2017\/08\/DSC_0340-Copy.jpg","datePublished":"2017-08-10T14:34:18+00:00","breadcrumb":{"@id":"https:\/\/volcanes.net\/?p=76#breadcrumb"},"inLanguage":"es","potentialAction":[{"@type":"ReadAction","target":["https:\/\/volcanes.net\/?p=76"]}]},{"@type":"ImageObject","inLanguage":"es","@id":"https:\/\/volcanes.net\/?p=76#primaryimage","url":"https:\/\/volcanes.net\/wp-content\/uploads\/2017\/08\/DSC_0340-Copy.jpg","contentUrl":"https:\/\/volcanes.net\/wp-content\/uploads\/2017\/08\/DSC_0340-Copy.jpg","width":448,"height":297},{"@type":"BreadcrumbList","@id":"https:\/\/volcanes.net\/?p=76#breadcrumb","itemListElement":[{"@type":"ListItem","position":1,"name":"Portada","item":"https:\/\/volcanes.net\/"},{"@type":"ListItem","position":2,"name":"Unidad, virtud m\u00e1s grande que tiene el PRI de cara al 2018: Alfredo Del Mazo"}]},{"@type":"WebSite","@id":"https:\/\/volcanes.net\/#website","url":"https:\/\/volcanes.net\/","name":"Volcanes.Net","description":"Periodismo Profesional","publisher":{"@id":"https:\/\/volcanes.net\/#organization"},"potentialAction":[{"@type":"SearchAction","target":{"@type":"EntryPoint","urlTemplate":"https:\/\/volcanes.net\/?s={search_term_string}"},"query-input":{"@type":"PropertyValueSpecification","valueRequired":true,"valueName":"search_term_string"}}],"inLanguage":"es"},{"@type":"Organization","@id":"https:\/\/volcanes.net\/#organization","name":"Grupo Volcanes","url":"https:\/\/volcanes.net\/","logo":{"@type":"ImageObject","inLanguage":"es","@id":"https:\/\/volcanes.net\/#\/schema\/logo\/image\/","url":"http:\/\/volcanes.net\/wp-content\/uploads\/2017\/12\/Avatar2.jpg","contentUrl":"http:\/\/volcanes.net\/wp-content\/uploads\/2017\/12\/Avatar2.jpg","width":378,"height":378,"caption":"Grupo Volcanes"},"image":{"@id":"https:\/\/volcanes.net\/#\/schema\/logo\/image\/"},"sameAs":["https:\/\/www.facebook.com\/volcanes.net\/"]},{"@type":"Person","@id":"https:\/\/volcanes.net\/#\/schema\/person\/4bf0f383940966a4abd53f5048c0e6b9","name":"admin","image":{"@type":"ImageObject","inLanguage":"es","@id":"https:\/\/volcanes.net\/#\/schema\/person\/image\/","url":"https:\/\/secure.gravatar.com\/avatar\/ca004e6cba8462b8cb7abc86e382930c?s=96&d=mm&r=g","contentUrl":"https:\/\/secure.gravatar.com\/avatar\/ca004e6cba8462b8cb7abc86e382930c?s=96&d=mm&r=g","caption":"admin"}}]}},"_links":{"self":[{"href":"https:\/\/volcanes.net\/index.php?rest_route=\/wp\/v2\/posts\/76"}],"collection":[{"href":"https:\/\/volcanes.net\/index.php?rest_route=\/wp\/v2\/posts"}],"about":[{"href":"https:\/\/volcanes.net\/index.php?rest_route=\/wp\/v2\/types\/post"}],"author":[{"embeddable":true,"href":"https:\/\/volcanes.net\/index.php?rest_route=\/wp\/v2\/users\/1"}],"replies":[{"embeddable":true,"href":"https:\/\/volcanes.net\/index.php?rest_route=%2Fwp%2Fv2%2Fcomments&post=76"}],"version-history":[{"count":1,"href":"https:\/\/volcanes.net\/index.php?rest_route=\/wp\/v2\/posts\/76\/revisions"}],"predecessor-version":[{"id":78,"href":"https:\/\/volcanes.net\/index.php?rest_route=\/wp\/v2\/posts\/76\/revisions\/78"}],"wp:featuredmedia":[{"embeddable":true,"href":"https:\/\/volcanes.net\/index.php?rest_route=\/wp\/v2\/media\/77"}],"wp:attachment":[{"href":"https:\/\/volcanes.net\/index.php?rest_route=%2Fwp%2Fv2%2Fmedia&parent=76"}],"wp:term":[{"taxonomy":"category","embeddable":true,"href":"https:\/\/volcanes.net\/index.php?rest_route=%2Fwp%2Fv2%2Fcategories&post=76"},{"taxonomy":"post_tag","embeddable":true,"href":"https:\/\/volcanes.net\/index.php?rest_route=%2Fwp%2Fv2%2Ftags&post=76"}],"curies":[{"name":"wp","href":"https:\/\/api.w.org\/{rel}","templated":true}]}}