{"id":7614,"date":"2020-07-20T10:35:46","date_gmt":"2020-07-20T16:35:46","guid":{"rendered":"http:\/\/volcanes.net\/?p=7614"},"modified":"2020-07-20T10:35:46","modified_gmt":"2020-07-20T16:35:46","slug":"comenzara-ine-reapertura-gradual-de-modulos-de-atencion-ciudadana-a-partir-del-3-de-agosto-para-recoger-credenciales","status":"publish","type":"post","link":"https:\/\/volcanes.net\/?p=7614","title":{"rendered":"Comenzar\u00e1 INE reapertura gradual de m\u00f3dulos de atenci\u00f3n ciudadana a partir del 3 de agosto para recoger credenciales."},"content":{"rendered":"<div style=\"margin-top: 0px; margin-bottom: 0px;\" class=\"sharethis-inline-share-buttons\" ><\/div><p>\u00danicamente se atender\u00e1 a personas con previa cita, a quienes hayan tramitado la Credencial para Votar con anterioridad a la contingencia sanitaria<\/p>\n<p>A partir del 3 de agosto de 2020, el Instituto Nacional Electoral (INE) iniciar\u00e1 la apertura gradual de los M\u00f3dulos de Atenci\u00f3n Ciudadana, para reanudar de forma gradual y ordenada los servicios que brinda la autoridad electoral a la ciudadan\u00eda.<\/p>\n<p>Esta reapertura se har\u00e1 en dos etapas, en las cuales ser\u00e1 fundamental que la ciudadan\u00eda realice previamente la cita para su tr\u00e1mite.<\/p>\n<p>En la primera etapa, que iniciar\u00e1 el pr\u00f3ximo 3 de agosto, se abrir\u00e1n 377 de los 487 m\u00f3dulos fijos con los que cuenta el INE, y se brindar\u00e1 atenci\u00f3n exclusivamente a las y los ciudadanos que tramitaron su Credencial para Votar y que por las condiciones de la emergencia sanitaria no pudieron recogerla.<\/p>\n<p>En el Estado de M\u00e9xico De estos\u00a0 de 37 m\u00f3dulos, 25 brindar\u00e1n servicio de lunes a viernes, en un horario de 09:00 a 15:00<br \/>\nhoras, los cuales se ubican en: Acolman, Amecameca, Atlacomulco, Huehuetoca, Ixtlahuaca,<br \/>\nJilotepec, Naucalpan, San Felipe del Progreso, San Jos\u00e9 del Rinc\u00f3n, San Mateo Atenco, Tec\u00e1mac (2),<br \/>\nTejupilco, Temoaya, Tenancingo, Tenango del Valle, Teoloyucan, Teotihuac\u00e1n, Toluca (2), Valle de<br \/>\nBravo, Villa Victoria, Xonacatl\u00e1n, Zinacantepec y Zumpango.<br \/>\nLos 12 restantes, atender\u00e1n a la ciudadan\u00eda de lunes a viernes, en un horario de 09:00 a 18:00<br \/>\nhoras, y se ubican en: Almoloya de Ju\u00e1rez, Chalco, Cuautitl\u00e1n, Huixquilucan, Lerma, Metepec,<br \/>\nNaucalpan (2), Nicol\u00e1s Romero, Tec\u00e1mac y Tlalnepantla de Baz .<\/p>\n<p>Las credenciales de las y los ciudadanos que realizaron su tr\u00e1mite en un M\u00f3dulo M\u00f3vil, estar\u00e1n disponibles en el M\u00f3dulo Fijo m\u00e1s cercano a su localidad y para conocer la direcci\u00f3n espec\u00edfica donde deben recoger su credencial y hacer su cita, podr\u00e1n hacerlo a trav\u00e9s de la p\u00e1gina de internet ine.mx o llamando a INETEL (800 433 2000).<\/p>\n<p>Posteriormente, a partir del 17 de agosto, se abrir\u00e1 el total de m\u00f3dulos fijos (487) para que, de manera adicional al tr\u00e1mite de entrega de credenciales, las personas mayores de 18 a\u00f1os puedan agendar una cita para tramitar su Credencial por primera vez, realizar un cambio de domicilio o actualizaci\u00f3n de datos y renovar su mica por extrav\u00edo, robo o p\u00e9rdida de vigencia.<\/p>\n<p>Es importante destacar que en ning\u00fan caso se llevar\u00e1 a cabo el tr\u00e1mite sin cita previa.<\/p>\n<p>Tanto para el personal que labora en los M\u00f3dulos de Atenci\u00f3n Ciudadana como para quienes acudan a realizar alg\u00fan tr\u00e1mite, ser\u00e1\u00a0obligatorio\u00a0seguir el siguiente protocolo de sanidad:<\/p>\n<p>Portar el cubrebocas en todo momento.<\/p>\n<p>Permitir la toma de temperatura y la aplicaci\u00f3n de gel antibacterial al ingresar al m\u00f3dulo.<\/p>\n<p>Acudir sin compa\u00f1\u00eda, a menos que la persona requiera de asistencia.<\/p>\n<p>Adem\u00e1s, no se les permitir\u00e1 la entrada a los M\u00f3dulos de Atenci\u00f3n Ciudadana a personas que presenten alg\u00fan s\u00edntoma de enfermedad, sin cubrebocas o sin cita.<\/p>\n<p>Para evitar contagios, no habr\u00e1 salas de espera en los M\u00f3dulos, por lo que las y los ciudadanos que acudan a realizar su tr\u00e1mite, deber\u00e1n llegar puntualmente a la hora de su cita.<\/p>\n<p>En conferencia de prensa, el Director Ejecutivo del Registro Federal de Electores, Ren\u00e9 Miranda, explic\u00f3 que, a pesar de la emergencia sanitaria, el INE no ha dejado de trabajar en los preparativos del Proceso Electoral 2020-2021 y en las actividades registrales y de revisi\u00f3n de los instrumentos que permitir\u00e1n conformar una Lista Nominal confiable para las pr\u00f3ximas elecciones de 2021.<\/p>\n<p>Record\u00f3 que la autoridad electoral enfrenta una situaci\u00f3n in\u00e9dita ocasionada por la emergencia sanitaria.<\/p>\n<p>\u201cNunca antes se hab\u00eda cerrado durante cuatro meses o m\u00e1s nuestros m\u00f3dulos, la importancia de contar ahora con la Credencial para Votar, aunque no sea s\u00f3lo para votar, sino como medio de identificaci\u00f3n, cada vez es mayor\u201d.<\/p>\n<p>Por ello, dijo, el INE se prepara para atender una gran demanda de tr\u00e1mites a trav\u00e9s de la estructura desconcentrada del Instituto.<\/p>\n<p>\u201cEstamos trabajando con nuestras delegaciones en todo el pa\u00eds para que todas y todos estemos dedicados a este tema. Vamos a enfrentarlo con total disposici\u00f3n, con el \u00e1nimo de atender a la mayor cantidad de ciudadanas y ciudadanos, a partir del primer d\u00eda de apertura y paulatinamente estaremos monitoreando para poder ir tomando las acciones necesarias en la materia\u201d.<\/p>\n<p>Con la reapertura de los M\u00f3dulos de Atenci\u00f3n Ciudadana, el INE refrenda su compromiso con las y los ciudadanos de garantizar su derecho a la identidad a trav\u00e9s de la expedici\u00f3n de la Credencial para Votar.<\/p>\n<p>Para conocer la fecha de apertura del m\u00f3dulo que corresponde a la direcci\u00f3n de las y los ciudadanos, el Instituto pone a su disposici\u00f3n el sistema de ubicaci\u00f3n de m\u00f3dulos, el cual puede ser consultado en ine.mx.<\/p>\n<p>&nbsp;<\/p>\n","protected":false},"excerpt":{"rendered":"<p>\u00danicamente se atender\u00e1 a personas con previa cita, a quienes hayan tramitado la Credencial para<\/p>\n","protected":false},"author":1,"featured_media":7615,"comment_status":"open","ping_status":"open","sticky":false,"template":"","format":"standard","meta":{"footnotes":""},"categories":[3],"tags":[265],"class_list":["post-7614","post","type-post","status-publish","format-standard","has-post-thumbnail","hentry","category-estatales","tag-grupovolcanes"],"yoast_head":"<!-- This site is optimized with the Yoast SEO plugin v25.3 - https:\/\/yoast.com\/wordpress\/plugins\/seo\/ -->\n<title>Comenzar\u00e1 INE reapertura gradual de m\u00f3dulos de atenci\u00f3n ciudadana a partir del 3 de agosto para recoger credenciales. - Volcanes<\/title>\n<meta name=\"robots\" content=\"index, follow, max-snippet:-1, max-image-preview:large, max-video-preview:-1\" \/>\n<link rel=\"canonical\" href=\"https:\/\/volcanes.net\/?p=7614\" \/>\n<meta property=\"og:locale\" content=\"es_MX\" \/>\n<meta property=\"og:type\" content=\"article\" \/>\n<meta property=\"og:title\" content=\"Comenzar\u00e1 INE reapertura gradual de m\u00f3dulos de atenci\u00f3n ciudadana a partir del 3 de agosto para recoger credenciales. - Volcanes\" \/>\n<meta property=\"og:description\" content=\"\u00danicamente se atender\u00e1 a personas con previa cita, a quienes hayan tramitado la Credencial para\" \/>\n<meta property=\"og:url\" content=\"https:\/\/volcanes.net\/?p=7614\" \/>\n<meta property=\"og:site_name\" content=\"Volcanes\" \/>\n<meta property=\"article:publisher\" content=\"https:\/\/www.facebook.com\/volcanes.net\/\" \/>\n<meta property=\"article:published_time\" content=\"2020-07-20T16:35:46+00:00\" \/>\n<meta property=\"og:image\" content=\"https:\/\/volcanes.net\/wp-content\/uploads\/2020\/07\/ine.png\" \/>\n\t<meta property=\"og:image:width\" content=\"233\" \/>\n\t<meta property=\"og:image:height\" content=\"113\" \/>\n\t<meta property=\"og:image:type\" content=\"image\/png\" \/>\n<meta name=\"author\" content=\"admin\" \/>\n<meta name=\"twitter:card\" content=\"summary_large_image\" \/>\n<meta name=\"twitter:label1\" content=\"Escrito por\" \/>\n\t<meta name=\"twitter:data1\" content=\"admin\" \/>\n\t<meta name=\"twitter:label2\" content=\"Tiempo de lectura\" \/>\n\t<meta name=\"twitter:data2\" content=\"4 minutos\" \/>\n<script type=\"application\/ld+json\" class=\"yoast-schema-graph\">{\"@context\":\"https:\/\/schema.org\",\"@graph\":[{\"@type\":\"Article\",\"@id\":\"https:\/\/volcanes.net\/?p=7614#article\",\"isPartOf\":{\"@id\":\"https:\/\/volcanes.net\/?p=7614\"},\"author\":{\"name\":\"admin\",\"@id\":\"https:\/\/volcanes.net\/#\/schema\/person\/4bf0f383940966a4abd53f5048c0e6b9\"},\"headline\":\"Comenzar\u00e1 INE reapertura gradual de m\u00f3dulos de atenci\u00f3n ciudadana a partir del 3 de agosto para recoger credenciales.\",\"datePublished\":\"2020-07-20T16:35:46+00:00\",\"mainEntityOfPage\":{\"@id\":\"https:\/\/volcanes.net\/?p=7614\"},\"wordCount\":847,\"commentCount\":0,\"publisher\":{\"@id\":\"https:\/\/volcanes.net\/#organization\"},\"image\":{\"@id\":\"https:\/\/volcanes.net\/?p=7614#primaryimage\"},\"thumbnailUrl\":\"https:\/\/volcanes.net\/wp-content\/uploads\/2020\/07\/ine.png\",\"keywords\":[\"GrupoVolcanes\"],\"articleSection\":[\"Estatales\"],\"inLanguage\":\"es\",\"potentialAction\":[{\"@type\":\"CommentAction\",\"name\":\"Comment\",\"target\":[\"https:\/\/volcanes.net\/?p=7614#respond\"]}]},{\"@type\":\"WebPage\",\"@id\":\"https:\/\/volcanes.net\/?p=7614\",\"url\":\"https:\/\/volcanes.net\/?p=7614\",\"name\":\"Comenzar\u00e1 INE reapertura gradual de m\u00f3dulos de atenci\u00f3n ciudadana a partir del 3 de agosto para recoger credenciales. - Volcanes\",\"isPartOf\":{\"@id\":\"https:\/\/volcanes.net\/#website\"},\"primaryImageOfPage\":{\"@id\":\"https:\/\/volcanes.net\/?p=7614#primaryimage\"},\"image\":{\"@id\":\"https:\/\/volcanes.net\/?p=7614#primaryimage\"},\"thumbnailUrl\":\"https:\/\/volcanes.net\/wp-content\/uploads\/2020\/07\/ine.png\",\"datePublished\":\"2020-07-20T16:35:46+00:00\",\"breadcrumb\":{\"@id\":\"https:\/\/volcanes.net\/?p=7614#breadcrumb\"},\"inLanguage\":\"es\",\"potentialAction\":[{\"@type\":\"ReadAction\",\"target\":[\"https:\/\/volcanes.net\/?p=7614\"]}]},{\"@type\":\"ImageObject\",\"inLanguage\":\"es\",\"@id\":\"https:\/\/volcanes.net\/?p=7614#primaryimage\",\"url\":\"https:\/\/volcanes.net\/wp-content\/uploads\/2020\/07\/ine.png\",\"contentUrl\":\"https:\/\/volcanes.net\/wp-content\/uploads\/2020\/07\/ine.png\",\"width\":233,\"height\":113},{\"@type\":\"BreadcrumbList\",\"@id\":\"https:\/\/volcanes.net\/?p=7614#breadcrumb\",\"itemListElement\":[{\"@type\":\"ListItem\",\"position\":1,\"name\":\"Portada\",\"item\":\"https:\/\/volcanes.net\/\"},{\"@type\":\"ListItem\",\"position\":2,\"name\":\"Comenzar\u00e1 INE reapertura gradual de m\u00f3dulos de atenci\u00f3n ciudadana a partir del 3 de agosto para recoger credenciales.\"}]},{\"@type\":\"WebSite\",\"@id\":\"https:\/\/volcanes.net\/#website\",\"url\":\"https:\/\/volcanes.net\/\",\"name\":\"Volcanes.Net\",\"description\":\"Periodismo Profesional\",\"publisher\":{\"@id\":\"https:\/\/volcanes.net\/#organization\"},\"potentialAction\":[{\"@type\":\"SearchAction\",\"target\":{\"@type\":\"EntryPoint\",\"urlTemplate\":\"https:\/\/volcanes.net\/?s={search_term_string}\"},\"query-input\":{\"@type\":\"PropertyValueSpecification\",\"valueRequired\":true,\"valueName\":\"search_term_string\"}}],\"inLanguage\":\"es\"},{\"@type\":\"Organization\",\"@id\":\"https:\/\/volcanes.net\/#organization\",\"name\":\"Grupo Volcanes\",\"url\":\"https:\/\/volcanes.net\/\",\"logo\":{\"@type\":\"ImageObject\",\"inLanguage\":\"es\",\"@id\":\"https:\/\/volcanes.net\/#\/schema\/logo\/image\/\",\"url\":\"http:\/\/volcanes.net\/wp-content\/uploads\/2017\/12\/Avatar2.jpg\",\"contentUrl\":\"http:\/\/volcanes.net\/wp-content\/uploads\/2017\/12\/Avatar2.jpg\",\"width\":378,\"height\":378,\"caption\":\"Grupo Volcanes\"},\"image\":{\"@id\":\"https:\/\/volcanes.net\/#\/schema\/logo\/image\/\"},\"sameAs\":[\"https:\/\/www.facebook.com\/volcanes.net\/\"]},{\"@type\":\"Person\",\"@id\":\"https:\/\/volcanes.net\/#\/schema\/person\/4bf0f383940966a4abd53f5048c0e6b9\",\"name\":\"admin\",\"image\":{\"@type\":\"ImageObject\",\"inLanguage\":\"es\",\"@id\":\"https:\/\/volcanes.net\/#\/schema\/person\/image\/\",\"url\":\"https:\/\/secure.gravatar.com\/avatar\/ca004e6cba8462b8cb7abc86e382930c?s=96&d=mm&r=g\",\"contentUrl\":\"https:\/\/secure.gravatar.com\/avatar\/ca004e6cba8462b8cb7abc86e382930c?s=96&d=mm&r=g\",\"caption\":\"admin\"}}]}<\/script>\n<!-- \/ Yoast SEO plugin. -->","yoast_head_json":{"title":"Comenzar\u00e1 INE reapertura gradual de m\u00f3dulos de atenci\u00f3n ciudadana a partir del 3 de agosto para recoger credenciales. - Volcanes","robots":{"index":"index","follow":"follow","max-snippet":"max-snippet:-1","max-image-preview":"max-image-preview:large","max-video-preview":"max-video-preview:-1"},"canonical":"https:\/\/volcanes.net\/?p=7614","og_locale":"es_MX","og_type":"article","og_title":"Comenzar\u00e1 INE reapertura gradual de m\u00f3dulos de atenci\u00f3n ciudadana a partir del 3 de agosto para recoger credenciales. - Volcanes","og_description":"\u00danicamente se atender\u00e1 a personas con previa cita, a quienes hayan tramitado la Credencial para","og_url":"https:\/\/volcanes.net\/?p=7614","og_site_name":"Volcanes","article_publisher":"https:\/\/www.facebook.com\/volcanes.net\/","article_published_time":"2020-07-20T16:35:46+00:00","og_image":[{"width":233,"height":113,"url":"https:\/\/volcanes.net\/wp-content\/uploads\/2020\/07\/ine.png","type":"image\/png"}],"author":"admin","twitter_card":"summary_large_image","twitter_misc":{"Escrito por":"admin","Tiempo de lectura":"4 minutos"},"schema":{"@context":"https:\/\/schema.org","@graph":[{"@type":"Article","@id":"https:\/\/volcanes.net\/?p=7614#article","isPartOf":{"@id":"https:\/\/volcanes.net\/?p=7614"},"author":{"name":"admin","@id":"https:\/\/volcanes.net\/#\/schema\/person\/4bf0f383940966a4abd53f5048c0e6b9"},"headline":"Comenzar\u00e1 INE reapertura gradual de m\u00f3dulos de atenci\u00f3n ciudadana a partir del 3 de agosto para recoger credenciales.","datePublished":"2020-07-20T16:35:46+00:00","mainEntityOfPage":{"@id":"https:\/\/volcanes.net\/?p=7614"},"wordCount":847,"commentCount":0,"publisher":{"@id":"https:\/\/volcanes.net\/#organization"},"image":{"@id":"https:\/\/volcanes.net\/?p=7614#primaryimage"},"thumbnailUrl":"https:\/\/volcanes.net\/wp-content\/uploads\/2020\/07\/ine.png","keywords":["GrupoVolcanes"],"articleSection":["Estatales"],"inLanguage":"es","potentialAction":[{"@type":"CommentAction","name":"Comment","target":["https:\/\/volcanes.net\/?p=7614#respond"]}]},{"@type":"WebPage","@id":"https:\/\/volcanes.net\/?p=7614","url":"https:\/\/volcanes.net\/?p=7614","name":"Comenzar\u00e1 INE reapertura gradual de m\u00f3dulos de atenci\u00f3n ciudadana a partir del 3 de agosto para recoger credenciales. - Volcanes","isPartOf":{"@id":"https:\/\/volcanes.net\/#website"},"primaryImageOfPage":{"@id":"https:\/\/volcanes.net\/?p=7614#primaryimage"},"image":{"@id":"https:\/\/volcanes.net\/?p=7614#primaryimage"},"thumbnailUrl":"https:\/\/volcanes.net\/wp-content\/uploads\/2020\/07\/ine.png","datePublished":"2020-07-20T16:35:46+00:00","breadcrumb":{"@id":"https:\/\/volcanes.net\/?p=7614#breadcrumb"},"inLanguage":"es","potentialAction":[{"@type":"ReadAction","target":["https:\/\/volcanes.net\/?p=7614"]}]},{"@type":"ImageObject","inLanguage":"es","@id":"https:\/\/volcanes.net\/?p=7614#primaryimage","url":"https:\/\/volcanes.net\/wp-content\/uploads\/2020\/07\/ine.png","contentUrl":"https:\/\/volcanes.net\/wp-content\/uploads\/2020\/07\/ine.png","width":233,"height":113},{"@type":"BreadcrumbList","@id":"https:\/\/volcanes.net\/?p=7614#breadcrumb","itemListElement":[{"@type":"ListItem","position":1,"name":"Portada","item":"https:\/\/volcanes.net\/"},{"@type":"ListItem","position":2,"name":"Comenzar\u00e1 INE reapertura gradual de m\u00f3dulos de atenci\u00f3n ciudadana a partir del 3 de agosto para recoger credenciales."}]},{"@type":"WebSite","@id":"https:\/\/volcanes.net\/#website","url":"https:\/\/volcanes.net\/","name":"Volcanes.Net","description":"Periodismo Profesional","publisher":{"@id":"https:\/\/volcanes.net\/#organization"},"potentialAction":[{"@type":"SearchAction","target":{"@type":"EntryPoint","urlTemplate":"https:\/\/volcanes.net\/?s={search_term_string}"},"query-input":{"@type":"PropertyValueSpecification","valueRequired":true,"valueName":"search_term_string"}}],"inLanguage":"es"},{"@type":"Organization","@id":"https:\/\/volcanes.net\/#organization","name":"Grupo Volcanes","url":"https:\/\/volcanes.net\/","logo":{"@type":"ImageObject","inLanguage":"es","@id":"https:\/\/volcanes.net\/#\/schema\/logo\/image\/","url":"http:\/\/volcanes.net\/wp-content\/uploads\/2017\/12\/Avatar2.jpg","contentUrl":"http:\/\/volcanes.net\/wp-content\/uploads\/2017\/12\/Avatar2.jpg","width":378,"height":378,"caption":"Grupo Volcanes"},"image":{"@id":"https:\/\/volcanes.net\/#\/schema\/logo\/image\/"},"sameAs":["https:\/\/www.facebook.com\/volcanes.net\/"]},{"@type":"Person","@id":"https:\/\/volcanes.net\/#\/schema\/person\/4bf0f383940966a4abd53f5048c0e6b9","name":"admin","image":{"@type":"ImageObject","inLanguage":"es","@id":"https:\/\/volcanes.net\/#\/schema\/person\/image\/","url":"https:\/\/secure.gravatar.com\/avatar\/ca004e6cba8462b8cb7abc86e382930c?s=96&d=mm&r=g","contentUrl":"https:\/\/secure.gravatar.com\/avatar\/ca004e6cba8462b8cb7abc86e382930c?s=96&d=mm&r=g","caption":"admin"}}]}},"_links":{"self":[{"href":"https:\/\/volcanes.net\/index.php?rest_route=\/wp\/v2\/posts\/7614"}],"collection":[{"href":"https:\/\/volcanes.net\/index.php?rest_route=\/wp\/v2\/posts"}],"about":[{"href":"https:\/\/volcanes.net\/index.php?rest_route=\/wp\/v2\/types\/post"}],"author":[{"embeddable":true,"href":"https:\/\/volcanes.net\/index.php?rest_route=\/wp\/v2\/users\/1"}],"replies":[{"embeddable":true,"href":"https:\/\/volcanes.net\/index.php?rest_route=%2Fwp%2Fv2%2Fcomments&post=7614"}],"version-history":[{"count":1,"href":"https:\/\/volcanes.net\/index.php?rest_route=\/wp\/v2\/posts\/7614\/revisions"}],"predecessor-version":[{"id":7616,"href":"https:\/\/volcanes.net\/index.php?rest_route=\/wp\/v2\/posts\/7614\/revisions\/7616"}],"wp:featuredmedia":[{"embeddable":true,"href":"https:\/\/volcanes.net\/index.php?rest_route=\/wp\/v2\/media\/7615"}],"wp:attachment":[{"href":"https:\/\/volcanes.net\/index.php?rest_route=%2Fwp%2Fv2%2Fmedia&parent=7614"}],"wp:term":[{"taxonomy":"category","embeddable":true,"href":"https:\/\/volcanes.net\/index.php?rest_route=%2Fwp%2Fv2%2Fcategories&post=7614"},{"taxonomy":"post_tag","embeddable":true,"href":"https:\/\/volcanes.net\/index.php?rest_route=%2Fwp%2Fv2%2Ftags&post=7614"}],"curies":[{"name":"wp","href":"https:\/\/api.w.org\/{rel}","templated":true}]}}