{"id":7620,"date":"2020-07-20T10:45:46","date_gmt":"2020-07-20T16:45:46","guid":{"rendered":"http:\/\/volcanes.net\/?p=7620"},"modified":"2020-07-20T10:45:47","modified_gmt":"2020-07-20T16:45:47","slug":"vision-ciudadana-reforzo-ayuda-alimentaria-a-habitantes-de-valle-de-chalco-en-esta-pandemia-por-covid-19","status":"publish","type":"post","link":"https:\/\/volcanes.net\/?p=7620","title":{"rendered":"Visi\u00f3n ciudadana reforz\u00f3 ayuda alimentaria a habitantes de Valle De Chalco en esta pandemia por covid -19"},"content":{"rendered":"<div style=\"margin-top: 0px; margin-bottom: 0px;\" class=\"sharethis-inline-share-buttons\" ><\/div><p>Valle de Chalco Solidaridad, Estado de M\u00e9xico. -\u201cEsta pandemia adem\u00e1s de enfrentar el reto sanitario, nos obliga a buscar mecanismos de ayuda a familias vulnerables que desaf\u00edan sobre todo un problema econ\u00f3mico y por ende el alimentario, Visi\u00f3n Ciudadana por a\u00f1os ha manejado programas en donde se han entregado paquetes con art\u00edculos de primera necesidad de la canasta b\u00e1sica\u201d, se\u00f1al\u00f3 Francisco Ju\u00e1rez Garc\u00eda, un l\u00edder social con m\u00e1s de 25 a\u00f1os de trayectoria pol\u00edtica y p\u00fablica, quien adem\u00e1s representa a esta organizaci\u00f3n.<\/p>\n<p>\u00c9l est\u00e1 respaldado por Hugo Bello Valenzo, l\u00edder Nacional del Sindicato Libertad. Ju\u00e1rez Garc\u00eda tambi\u00e9n impulsa las propuestas del Movimiento Nacional por la Esperanza (MNE), que encabeza en el pa\u00eds Ren\u00e9 Bejarano Mart\u00ednez, en donde promueve el buen vivir en todas sus manifestaciones.<\/p>\n<p>Agreg\u00f3 que organizaron un proyecto desde el principio de la emergencia sanitaria para entregar alimentos a grupos de personas que ya tienen ubicadas con un nivel alto en sus necesidades, situaci\u00f3n que han ejecutado de manera permanente cada semana, desde que comenz\u00f3 la emergencia sanitaria \u201cqueremos reconocer la gran labor de nuestros colaboradores, que cada d\u00eda se comprometen a realizar todos los trabajos de log\u00edstica que van desde la compra, el armado de paquetes y el reparto\u201d.<\/p>\n<p>En este punto Ju\u00e1rez Garc\u00eda dijo que han mantenido las medidas de seguridad que se tienen previstas por las autoridades y que no han dejado de trabajar en esta ayuda a pesar de que el riesgo es grande, \u201csin embargo la necesidad de las gente es a\u00fan m\u00e1s, porque han tenido que mantener el resguardo domiciliario, muchos de ellos perdieron sus empleos o la forma de traer el pan a su mesa porque eran prestadores de servicios y solo cuentan con lo que les podemos ofrecer\u201d.<\/p>\n<p>Subray\u00f3 que en este momento cualquier tipo de ayuda es bienvenida por la poblaci\u00f3n, porque a\u00fan no se ve cuando va ser m\u00e1s seguro comenzar con las actividades y por ende con la reactivaci\u00f3n econ\u00f3mica, en donde habr\u00e1 que tener una colaboraci\u00f3n para enfrentar esta crisis, pues la poblaci\u00f3n, la organizaciones sociales y pol\u00edticas, la autoridades de todos los niveles deben ser parte de la soluci\u00f3n y de la transformaci\u00f3n.<\/p>\n<p>\u201cSomos un proyecto social de apoyo permanente a la ciudadan\u00eda, sin importar cuestiones de tipo electoral, el compromiso va m\u00e1s all\u00e1 de obtener un voto, es por generar el crecimiento de las comunidades y que se cuenten con mejores condiciones de vida para todos a trav\u00e9s de la gesti\u00f3n o de hacer realidad el desarrollo, la gran mayor\u00eda de las veces con recursos propios\u201d.<\/p>\n<p>Visi\u00f3n Ciudadana se ha caracterizado por impulsar nuevas oportunidades en la poblaci\u00f3n de Valle de Chalco y Chalco que por sus condiciones sociales, requieren de organizaci\u00f3n y colaboraci\u00f3n para desarrollar su entorno, buscando siempre mejorar la atenci\u00f3n en salud, educaci\u00f3n, vivienda, servicios p\u00fablicos y trabajo.<\/p>\n<p>En otro orden de ideas con el respaldo de Francisco Ju\u00e1rez y Visi\u00f3n Ciudadana, Mireya Nayeli Ram\u00edrez P\u00e9rez, ha logrado posicionarse como un liderazgo presente en Chalco, con un intenso trabajo social, pol\u00edtico y p\u00fablico, a trav\u00e9s de su puesto de Cuarta Regidora de la actual administraci\u00f3n chalquense. Esta l\u00edder demuestra su voluntad de servir, as\u00ed como su entrega durante la emergencia sanitaria en donde ha estado al frente en campo de esta ayuda humanitaria.<\/p>\n<p>Por ello Francisco Ju\u00e1rez detall\u00f3 que son un proyecto incluyente, pues la democracia participativa se logra con la aportaci\u00f3n de todos, para generar los cambios que se requieren se tiene que ser proactivo, a pesar de los acontecimientos in\u00e9ditos que en estos momentos se est\u00e1n enfrentando.<br \/>\nPor ello invit\u00f3 a los ciudadanos en primera instancia a seguir las pr\u00e1cticas de autocuidado, a seguir de manera estricta las recomendaciones de las autoridades de salud, a mantener en medida de lo posible el aislamiento, a ser disciplinados, pues la prevenci\u00f3n es la mejor aliada en este momento. \u201cMientras tanto en Visi\u00f3n Ciudadana continuaremos trabajando y apoyando\u201d.<\/p>\n<p>&nbsp;<\/p>\n","protected":false},"excerpt":{"rendered":"<p>Valle de Chalco Solidaridad, Estado de M\u00e9xico. -\u201cEsta pandemia adem\u00e1s de enfrentar el reto sanitario,<\/p>\n","protected":false},"author":1,"featured_media":7621,"comment_status":"open","ping_status":"open","sticky":false,"template":"","format":"standard","meta":{"footnotes":""},"categories":[1],"tags":[265,5],"class_list":["post-7620","post","type-post","status-publish","format-standard","has-post-thumbnail","hentry","category-municipales","tag-grupovolcanes","tag-valle-de-chalco"],"yoast_head":"<!-- This site is optimized with the Yoast SEO plugin v25.3 - https:\/\/yoast.com\/wordpress\/plugins\/seo\/ -->\n<title>Visi\u00f3n ciudadana reforz\u00f3 ayuda alimentaria a habitantes de Valle De Chalco en esta pandemia por covid -19 - Volcanes<\/title>\n<meta name=\"robots\" content=\"index, follow, max-snippet:-1, max-image-preview:large, max-video-preview:-1\" \/>\n<link rel=\"canonical\" href=\"https:\/\/volcanes.net\/?p=7620\" \/>\n<meta property=\"og:locale\" content=\"es_MX\" \/>\n<meta property=\"og:type\" content=\"article\" \/>\n<meta property=\"og:title\" content=\"Visi\u00f3n ciudadana reforz\u00f3 ayuda alimentaria a habitantes de Valle De Chalco en esta pandemia por covid -19 - Volcanes\" \/>\n<meta property=\"og:description\" content=\"Valle de Chalco Solidaridad, Estado de M\u00e9xico. -\u201cEsta pandemia adem\u00e1s de enfrentar el reto sanitario,\" \/>\n<meta property=\"og:url\" content=\"https:\/\/volcanes.net\/?p=7620\" \/>\n<meta property=\"og:site_name\" content=\"Volcanes\" \/>\n<meta property=\"article:publisher\" content=\"https:\/\/www.facebook.com\/volcanes.net\/\" \/>\n<meta property=\"article:published_time\" content=\"2020-07-20T16:45:46+00:00\" \/>\n<meta property=\"article:modified_time\" content=\"2020-07-20T16:45:47+00:00\" \/>\n<meta property=\"og:image\" content=\"https:\/\/volcanes.net\/wp-content\/uploads\/2020\/07\/IMG-20200720-WA0039_opt.jpg\" \/>\n\t<meta property=\"og:image:width\" content=\"400\" \/>\n\t<meta property=\"og:image:height\" content=\"377\" \/>\n\t<meta property=\"og:image:type\" content=\"image\/jpeg\" \/>\n<meta name=\"author\" content=\"admin\" \/>\n<meta name=\"twitter:card\" content=\"summary_large_image\" \/>\n<meta name=\"twitter:label1\" content=\"Escrito por\" \/>\n\t<meta name=\"twitter:data1\" content=\"admin\" \/>\n\t<meta name=\"twitter:label2\" content=\"Tiempo de lectura\" \/>\n\t<meta name=\"twitter:data2\" content=\"4 minutos\" \/>\n<script type=\"application\/ld+json\" class=\"yoast-schema-graph\">{\"@context\":\"https:\/\/schema.org\",\"@graph\":[{\"@type\":\"Article\",\"@id\":\"https:\/\/volcanes.net\/?p=7620#article\",\"isPartOf\":{\"@id\":\"https:\/\/volcanes.net\/?p=7620\"},\"author\":{\"name\":\"admin\",\"@id\":\"https:\/\/volcanes.net\/#\/schema\/person\/4bf0f383940966a4abd53f5048c0e6b9\"},\"headline\":\"Visi\u00f3n ciudadana reforz\u00f3 ayuda alimentaria a habitantes de Valle De Chalco en esta pandemia por covid -19\",\"datePublished\":\"2020-07-20T16:45:46+00:00\",\"dateModified\":\"2020-07-20T16:45:47+00:00\",\"mainEntityOfPage\":{\"@id\":\"https:\/\/volcanes.net\/?p=7620\"},\"wordCount\":734,\"commentCount\":0,\"publisher\":{\"@id\":\"https:\/\/volcanes.net\/#organization\"},\"image\":{\"@id\":\"https:\/\/volcanes.net\/?p=7620#primaryimage\"},\"thumbnailUrl\":\"https:\/\/volcanes.net\/wp-content\/uploads\/2020\/07\/IMG-20200720-WA0039_opt.jpg\",\"keywords\":[\"GrupoVolcanes\",\"Valle de Chalco\"],\"articleSection\":[\"Municipales\"],\"inLanguage\":\"es\",\"potentialAction\":[{\"@type\":\"CommentAction\",\"name\":\"Comment\",\"target\":[\"https:\/\/volcanes.net\/?p=7620#respond\"]}]},{\"@type\":\"WebPage\",\"@id\":\"https:\/\/volcanes.net\/?p=7620\",\"url\":\"https:\/\/volcanes.net\/?p=7620\",\"name\":\"Visi\u00f3n ciudadana reforz\u00f3 ayuda alimentaria a habitantes de Valle De Chalco en esta pandemia por covid -19 - Volcanes\",\"isPartOf\":{\"@id\":\"https:\/\/volcanes.net\/#website\"},\"primaryImageOfPage\":{\"@id\":\"https:\/\/volcanes.net\/?p=7620#primaryimage\"},\"image\":{\"@id\":\"https:\/\/volcanes.net\/?p=7620#primaryimage\"},\"thumbnailUrl\":\"https:\/\/volcanes.net\/wp-content\/uploads\/2020\/07\/IMG-20200720-WA0039_opt.jpg\",\"datePublished\":\"2020-07-20T16:45:46+00:00\",\"dateModified\":\"2020-07-20T16:45:47+00:00\",\"breadcrumb\":{\"@id\":\"https:\/\/volcanes.net\/?p=7620#breadcrumb\"},\"inLanguage\":\"es\",\"potentialAction\":[{\"@type\":\"ReadAction\",\"target\":[\"https:\/\/volcanes.net\/?p=7620\"]}]},{\"@type\":\"ImageObject\",\"inLanguage\":\"es\",\"@id\":\"https:\/\/volcanes.net\/?p=7620#primaryimage\",\"url\":\"https:\/\/volcanes.net\/wp-content\/uploads\/2020\/07\/IMG-20200720-WA0039_opt.jpg\",\"contentUrl\":\"https:\/\/volcanes.net\/wp-content\/uploads\/2020\/07\/IMG-20200720-WA0039_opt.jpg\",\"width\":400,\"height\":377},{\"@type\":\"BreadcrumbList\",\"@id\":\"https:\/\/volcanes.net\/?p=7620#breadcrumb\",\"itemListElement\":[{\"@type\":\"ListItem\",\"position\":1,\"name\":\"Portada\",\"item\":\"https:\/\/volcanes.net\/\"},{\"@type\":\"ListItem\",\"position\":2,\"name\":\"Visi\u00f3n ciudadana reforz\u00f3 ayuda alimentaria a habitantes de Valle De Chalco en esta pandemia por covid -19\"}]},{\"@type\":\"WebSite\",\"@id\":\"https:\/\/volcanes.net\/#website\",\"url\":\"https:\/\/volcanes.net\/\",\"name\":\"Volcanes.Net\",\"description\":\"Periodismo Profesional\",\"publisher\":{\"@id\":\"https:\/\/volcanes.net\/#organization\"},\"potentialAction\":[{\"@type\":\"SearchAction\",\"target\":{\"@type\":\"EntryPoint\",\"urlTemplate\":\"https:\/\/volcanes.net\/?s={search_term_string}\"},\"query-input\":{\"@type\":\"PropertyValueSpecification\",\"valueRequired\":true,\"valueName\":\"search_term_string\"}}],\"inLanguage\":\"es\"},{\"@type\":\"Organization\",\"@id\":\"https:\/\/volcanes.net\/#organization\",\"name\":\"Grupo Volcanes\",\"url\":\"https:\/\/volcanes.net\/\",\"logo\":{\"@type\":\"ImageObject\",\"inLanguage\":\"es\",\"@id\":\"https:\/\/volcanes.net\/#\/schema\/logo\/image\/\",\"url\":\"http:\/\/volcanes.net\/wp-content\/uploads\/2017\/12\/Avatar2.jpg\",\"contentUrl\":\"http:\/\/volcanes.net\/wp-content\/uploads\/2017\/12\/Avatar2.jpg\",\"width\":378,\"height\":378,\"caption\":\"Grupo Volcanes\"},\"image\":{\"@id\":\"https:\/\/volcanes.net\/#\/schema\/logo\/image\/\"},\"sameAs\":[\"https:\/\/www.facebook.com\/volcanes.net\/\"]},{\"@type\":\"Person\",\"@id\":\"https:\/\/volcanes.net\/#\/schema\/person\/4bf0f383940966a4abd53f5048c0e6b9\",\"name\":\"admin\",\"image\":{\"@type\":\"ImageObject\",\"inLanguage\":\"es\",\"@id\":\"https:\/\/volcanes.net\/#\/schema\/person\/image\/\",\"url\":\"https:\/\/secure.gravatar.com\/avatar\/ca004e6cba8462b8cb7abc86e382930c?s=96&d=mm&r=g\",\"contentUrl\":\"https:\/\/secure.gravatar.com\/avatar\/ca004e6cba8462b8cb7abc86e382930c?s=96&d=mm&r=g\",\"caption\":\"admin\"}}]}<\/script>\n<!-- \/ Yoast SEO plugin. -->","yoast_head_json":{"title":"Visi\u00f3n ciudadana reforz\u00f3 ayuda alimentaria a habitantes de Valle De Chalco en esta pandemia por covid -19 - Volcanes","robots":{"index":"index","follow":"follow","max-snippet":"max-snippet:-1","max-image-preview":"max-image-preview:large","max-video-preview":"max-video-preview:-1"},"canonical":"https:\/\/volcanes.net\/?p=7620","og_locale":"es_MX","og_type":"article","og_title":"Visi\u00f3n ciudadana reforz\u00f3 ayuda alimentaria a habitantes de Valle De Chalco en esta pandemia por covid -19 - Volcanes","og_description":"Valle de Chalco Solidaridad, Estado de M\u00e9xico. -\u201cEsta pandemia adem\u00e1s de enfrentar el reto sanitario,","og_url":"https:\/\/volcanes.net\/?p=7620","og_site_name":"Volcanes","article_publisher":"https:\/\/www.facebook.com\/volcanes.net\/","article_published_time":"2020-07-20T16:45:46+00:00","article_modified_time":"2020-07-20T16:45:47+00:00","og_image":[{"width":400,"height":377,"url":"https:\/\/volcanes.net\/wp-content\/uploads\/2020\/07\/IMG-20200720-WA0039_opt.jpg","type":"image\/jpeg"}],"author":"admin","twitter_card":"summary_large_image","twitter_misc":{"Escrito por":"admin","Tiempo de lectura":"4 minutos"},"schema":{"@context":"https:\/\/schema.org","@graph":[{"@type":"Article","@id":"https:\/\/volcanes.net\/?p=7620#article","isPartOf":{"@id":"https:\/\/volcanes.net\/?p=7620"},"author":{"name":"admin","@id":"https:\/\/volcanes.net\/#\/schema\/person\/4bf0f383940966a4abd53f5048c0e6b9"},"headline":"Visi\u00f3n ciudadana reforz\u00f3 ayuda alimentaria a habitantes de Valle De Chalco en esta pandemia por covid -19","datePublished":"2020-07-20T16:45:46+00:00","dateModified":"2020-07-20T16:45:47+00:00","mainEntityOfPage":{"@id":"https:\/\/volcanes.net\/?p=7620"},"wordCount":734,"commentCount":0,"publisher":{"@id":"https:\/\/volcanes.net\/#organization"},"image":{"@id":"https:\/\/volcanes.net\/?p=7620#primaryimage"},"thumbnailUrl":"https:\/\/volcanes.net\/wp-content\/uploads\/2020\/07\/IMG-20200720-WA0039_opt.jpg","keywords":["GrupoVolcanes","Valle de Chalco"],"articleSection":["Municipales"],"inLanguage":"es","potentialAction":[{"@type":"CommentAction","name":"Comment","target":["https:\/\/volcanes.net\/?p=7620#respond"]}]},{"@type":"WebPage","@id":"https:\/\/volcanes.net\/?p=7620","url":"https:\/\/volcanes.net\/?p=7620","name":"Visi\u00f3n ciudadana reforz\u00f3 ayuda alimentaria a habitantes de Valle De Chalco en esta pandemia por covid -19 - Volcanes","isPartOf":{"@id":"https:\/\/volcanes.net\/#website"},"primaryImageOfPage":{"@id":"https:\/\/volcanes.net\/?p=7620#primaryimage"},"image":{"@id":"https:\/\/volcanes.net\/?p=7620#primaryimage"},"thumbnailUrl":"https:\/\/volcanes.net\/wp-content\/uploads\/2020\/07\/IMG-20200720-WA0039_opt.jpg","datePublished":"2020-07-20T16:45:46+00:00","dateModified":"2020-07-20T16:45:47+00:00","breadcrumb":{"@id":"https:\/\/volcanes.net\/?p=7620#breadcrumb"},"inLanguage":"es","potentialAction":[{"@type":"ReadAction","target":["https:\/\/volcanes.net\/?p=7620"]}]},{"@type":"ImageObject","inLanguage":"es","@id":"https:\/\/volcanes.net\/?p=7620#primaryimage","url":"https:\/\/volcanes.net\/wp-content\/uploads\/2020\/07\/IMG-20200720-WA0039_opt.jpg","contentUrl":"https:\/\/volcanes.net\/wp-content\/uploads\/2020\/07\/IMG-20200720-WA0039_opt.jpg","width":400,"height":377},{"@type":"BreadcrumbList","@id":"https:\/\/volcanes.net\/?p=7620#breadcrumb","itemListElement":[{"@type":"ListItem","position":1,"name":"Portada","item":"https:\/\/volcanes.net\/"},{"@type":"ListItem","position":2,"name":"Visi\u00f3n ciudadana reforz\u00f3 ayuda alimentaria a habitantes de Valle De Chalco en esta pandemia por covid -19"}]},{"@type":"WebSite","@id":"https:\/\/volcanes.net\/#website","url":"https:\/\/volcanes.net\/","name":"Volcanes.Net","description":"Periodismo Profesional","publisher":{"@id":"https:\/\/volcanes.net\/#organization"},"potentialAction":[{"@type":"SearchAction","target":{"@type":"EntryPoint","urlTemplate":"https:\/\/volcanes.net\/?s={search_term_string}"},"query-input":{"@type":"PropertyValueSpecification","valueRequired":true,"valueName":"search_term_string"}}],"inLanguage":"es"},{"@type":"Organization","@id":"https:\/\/volcanes.net\/#organization","name":"Grupo Volcanes","url":"https:\/\/volcanes.net\/","logo":{"@type":"ImageObject","inLanguage":"es","@id":"https:\/\/volcanes.net\/#\/schema\/logo\/image\/","url":"http:\/\/volcanes.net\/wp-content\/uploads\/2017\/12\/Avatar2.jpg","contentUrl":"http:\/\/volcanes.net\/wp-content\/uploads\/2017\/12\/Avatar2.jpg","width":378,"height":378,"caption":"Grupo Volcanes"},"image":{"@id":"https:\/\/volcanes.net\/#\/schema\/logo\/image\/"},"sameAs":["https:\/\/www.facebook.com\/volcanes.net\/"]},{"@type":"Person","@id":"https:\/\/volcanes.net\/#\/schema\/person\/4bf0f383940966a4abd53f5048c0e6b9","name":"admin","image":{"@type":"ImageObject","inLanguage":"es","@id":"https:\/\/volcanes.net\/#\/schema\/person\/image\/","url":"https:\/\/secure.gravatar.com\/avatar\/ca004e6cba8462b8cb7abc86e382930c?s=96&d=mm&r=g","contentUrl":"https:\/\/secure.gravatar.com\/avatar\/ca004e6cba8462b8cb7abc86e382930c?s=96&d=mm&r=g","caption":"admin"}}]}},"_links":{"self":[{"href":"https:\/\/volcanes.net\/index.php?rest_route=\/wp\/v2\/posts\/7620"}],"collection":[{"href":"https:\/\/volcanes.net\/index.php?rest_route=\/wp\/v2\/posts"}],"about":[{"href":"https:\/\/volcanes.net\/index.php?rest_route=\/wp\/v2\/types\/post"}],"author":[{"embeddable":true,"href":"https:\/\/volcanes.net\/index.php?rest_route=\/wp\/v2\/users\/1"}],"replies":[{"embeddable":true,"href":"https:\/\/volcanes.net\/index.php?rest_route=%2Fwp%2Fv2%2Fcomments&post=7620"}],"version-history":[{"count":1,"href":"https:\/\/volcanes.net\/index.php?rest_route=\/wp\/v2\/posts\/7620\/revisions"}],"predecessor-version":[{"id":7622,"href":"https:\/\/volcanes.net\/index.php?rest_route=\/wp\/v2\/posts\/7620\/revisions\/7622"}],"wp:featuredmedia":[{"embeddable":true,"href":"https:\/\/volcanes.net\/index.php?rest_route=\/wp\/v2\/media\/7621"}],"wp:attachment":[{"href":"https:\/\/volcanes.net\/index.php?rest_route=%2Fwp%2Fv2%2Fmedia&parent=7620"}],"wp:term":[{"taxonomy":"category","embeddable":true,"href":"https:\/\/volcanes.net\/index.php?rest_route=%2Fwp%2Fv2%2Fcategories&post=7620"},{"taxonomy":"post_tag","embeddable":true,"href":"https:\/\/volcanes.net\/index.php?rest_route=%2Fwp%2Fv2%2Ftags&post=7620"}],"curies":[{"name":"wp","href":"https:\/\/api.w.org\/{rel}","templated":true}]}}