{"id":7639,"date":"2020-07-21T12:43:52","date_gmt":"2020-07-21T18:43:52","guid":{"rendered":"http:\/\/volcanes.net\/?p=7639"},"modified":"2020-07-21T12:43:52","modified_gmt":"2020-07-21T18:43:52","slug":"panteon-de-valle-de-chalco-limita-inhumaciones","status":"publish","type":"post","link":"https:\/\/volcanes.net\/?p=7639","title":{"rendered":"Pante\u00f3n de Valle de Chalco limita inhumaciones"},"content":{"rendered":"<div style=\"margin-top: 0px; margin-bottom: 0px;\" class=\"sharethis-inline-share-buttons\" ><\/div><p>Valle de Chalco, Estado de M\u00e9xico. \u2013 El ayuntamiento de este municipio mexiquense tuvo que suspender los entierros de personas de otros municipios con el fin de evitar una saturaci\u00f3n en la hect\u00e1rea habilitada como pante\u00f3n.<\/p>\n<p>\u201cTen\u00edamos convenios con otras demarcaciones, pues se les estaba permitiendo sepultar en algunas ocasiones, en caso de emergencias, pero es que en todos los municipios estamos igual, ya no hay espacios.<\/p>\n<p>Ya para el mes de junio nosotros retiramos los convenios, pues al paso que \u00edbamos terminar\u00edamos llenando la hect\u00e1rea que adquirimos recientemente, y en octubre o noviembre tendr\u00edamos que buscar otro espacio; ya preocupados dijimos: \u00fanicamente vamos a permitir el servicio para la gente vallechalquense\u201d, explic\u00f3 el edil Armando Garc\u00eda.<\/p>\n<p>Cabe mencionar que el\u00a01 de mayo comenz\u00f3 a utilizarse el predio que compr\u00f3 el gobierno municipal y hasta la fecha se han sepultado en ese lugar a m\u00e1s de 410 personas, varias de ellas por Covid-19.<\/p>\n<p>\u201cDe manera normal estaban estimados entre 70 y 100 decesos mensuales, m\u00e1s o menos est\u00e1 proporcionado, afortunadamente en estos \u00faltimos meses, junio y julio, la cifra va a la baja.<\/p>\n<p>\u201cEn mayo tuvimos un aproximado de 280 entierros, ya para junio baj\u00f3 a 157 y en julio van 50\u201d, detall\u00f3.<\/p>\n<p>No obstante se tiene el reporte de que en los \u00faltimos cinco d\u00edas nada m\u00e1s ha fallecido una persona por este virus.<\/p>\n<p>\u201cEn el municipio no tenemos crematorio, \u00fanicamente la inhumaci\u00f3n, existen espacios para urnas, pero creman en otro lado\u201d, explic\u00f3 el edil.<\/p>\n<p>&nbsp;<\/p>\n","protected":false},"excerpt":{"rendered":"<p>Valle de Chalco, Estado de M\u00e9xico. \u2013 El ayuntamiento de este municipio mexiquense tuvo que<\/p>\n","protected":false},"author":1,"featured_media":7640,"comment_status":"open","ping_status":"open","sticky":false,"template":"","format":"standard","meta":{"footnotes":""},"categories":[1],"tags":[5],"class_list":["post-7639","post","type-post","status-publish","format-standard","has-post-thumbnail","hentry","category-municipales","tag-valle-de-chalco"],"yoast_head":"<!-- This site is optimized with the Yoast SEO plugin v25.3 - https:\/\/yoast.com\/wordpress\/plugins\/seo\/ -->\n<title>Pante\u00f3n de Valle de Chalco limita inhumaciones - Volcanes<\/title>\n<meta name=\"robots\" content=\"index, follow, max-snippet:-1, max-image-preview:large, max-video-preview:-1\" \/>\n<link rel=\"canonical\" href=\"https:\/\/volcanes.net\/?p=7639\" \/>\n<meta property=\"og:locale\" content=\"es_MX\" \/>\n<meta property=\"og:type\" content=\"article\" \/>\n<meta property=\"og:title\" content=\"Pante\u00f3n de Valle de Chalco limita inhumaciones - Volcanes\" \/>\n<meta property=\"og:description\" content=\"Valle de Chalco, Estado de M\u00e9xico. \u2013 El ayuntamiento de este municipio mexiquense tuvo que\" \/>\n<meta property=\"og:url\" content=\"https:\/\/volcanes.net\/?p=7639\" \/>\n<meta property=\"og:site_name\" content=\"Volcanes\" \/>\n<meta property=\"article:publisher\" content=\"https:\/\/www.facebook.com\/volcanes.net\/\" \/>\n<meta property=\"article:published_time\" content=\"2020-07-21T18:43:52+00:00\" \/>\n<meta property=\"og:image\" content=\"https:\/\/volcanes.net\/wp-content\/uploads\/2020\/07\/panteon_valle_de_chalco_09_opt.jpg\" \/>\n\t<meta property=\"og:image:width\" content=\"400\" \/>\n\t<meta property=\"og:image:height\" content=\"266\" \/>\n\t<meta property=\"og:image:type\" content=\"image\/jpeg\" \/>\n<meta name=\"author\" content=\"admin\" \/>\n<meta name=\"twitter:card\" content=\"summary_large_image\" \/>\n<meta name=\"twitter:label1\" content=\"Escrito por\" \/>\n\t<meta name=\"twitter:data1\" content=\"admin\" \/>\n\t<meta name=\"twitter:label2\" content=\"Tiempo de lectura\" \/>\n\t<meta name=\"twitter:data2\" content=\"1 minuto\" \/>\n<script type=\"application\/ld+json\" class=\"yoast-schema-graph\">{\"@context\":\"https:\/\/schema.org\",\"@graph\":[{\"@type\":\"Article\",\"@id\":\"https:\/\/volcanes.net\/?p=7639#article\",\"isPartOf\":{\"@id\":\"https:\/\/volcanes.net\/?p=7639\"},\"author\":{\"name\":\"admin\",\"@id\":\"https:\/\/volcanes.net\/#\/schema\/person\/4bf0f383940966a4abd53f5048c0e6b9\"},\"headline\":\"Pante\u00f3n de Valle de Chalco limita inhumaciones\",\"datePublished\":\"2020-07-21T18:43:52+00:00\",\"mainEntityOfPage\":{\"@id\":\"https:\/\/volcanes.net\/?p=7639\"},\"wordCount\":262,\"commentCount\":0,\"publisher\":{\"@id\":\"https:\/\/volcanes.net\/#organization\"},\"image\":{\"@id\":\"https:\/\/volcanes.net\/?p=7639#primaryimage\"},\"thumbnailUrl\":\"https:\/\/volcanes.net\/wp-content\/uploads\/2020\/07\/panteon_valle_de_chalco_09_opt.jpg\",\"keywords\":[\"Valle de Chalco\"],\"articleSection\":[\"Municipales\"],\"inLanguage\":\"es\",\"potentialAction\":[{\"@type\":\"CommentAction\",\"name\":\"Comment\",\"target\":[\"https:\/\/volcanes.net\/?p=7639#respond\"]}]},{\"@type\":\"WebPage\",\"@id\":\"https:\/\/volcanes.net\/?p=7639\",\"url\":\"https:\/\/volcanes.net\/?p=7639\",\"name\":\"Pante\u00f3n de Valle de Chalco limita inhumaciones - Volcanes\",\"isPartOf\":{\"@id\":\"https:\/\/volcanes.net\/#website\"},\"primaryImageOfPage\":{\"@id\":\"https:\/\/volcanes.net\/?p=7639#primaryimage\"},\"image\":{\"@id\":\"https:\/\/volcanes.net\/?p=7639#primaryimage\"},\"thumbnailUrl\":\"https:\/\/volcanes.net\/wp-content\/uploads\/2020\/07\/panteon_valle_de_chalco_09_opt.jpg\",\"datePublished\":\"2020-07-21T18:43:52+00:00\",\"breadcrumb\":{\"@id\":\"https:\/\/volcanes.net\/?p=7639#breadcrumb\"},\"inLanguage\":\"es\",\"potentialAction\":[{\"@type\":\"ReadAction\",\"target\":[\"https:\/\/volcanes.net\/?p=7639\"]}]},{\"@type\":\"ImageObject\",\"inLanguage\":\"es\",\"@id\":\"https:\/\/volcanes.net\/?p=7639#primaryimage\",\"url\":\"https:\/\/volcanes.net\/wp-content\/uploads\/2020\/07\/panteon_valle_de_chalco_09_opt.jpg\",\"contentUrl\":\"https:\/\/volcanes.net\/wp-content\/uploads\/2020\/07\/panteon_valle_de_chalco_09_opt.jpg\",\"width\":400,\"height\":266},{\"@type\":\"BreadcrumbList\",\"@id\":\"https:\/\/volcanes.net\/?p=7639#breadcrumb\",\"itemListElement\":[{\"@type\":\"ListItem\",\"position\":1,\"name\":\"Portada\",\"item\":\"https:\/\/volcanes.net\/\"},{\"@type\":\"ListItem\",\"position\":2,\"name\":\"Pante\u00f3n de Valle de Chalco limita inhumaciones\"}]},{\"@type\":\"WebSite\",\"@id\":\"https:\/\/volcanes.net\/#website\",\"url\":\"https:\/\/volcanes.net\/\",\"name\":\"Volcanes.Net\",\"description\":\"Periodismo Profesional\",\"publisher\":{\"@id\":\"https:\/\/volcanes.net\/#organization\"},\"potentialAction\":[{\"@type\":\"SearchAction\",\"target\":{\"@type\":\"EntryPoint\",\"urlTemplate\":\"https:\/\/volcanes.net\/?s={search_term_string}\"},\"query-input\":{\"@type\":\"PropertyValueSpecification\",\"valueRequired\":true,\"valueName\":\"search_term_string\"}}],\"inLanguage\":\"es\"},{\"@type\":\"Organization\",\"@id\":\"https:\/\/volcanes.net\/#organization\",\"name\":\"Grupo Volcanes\",\"url\":\"https:\/\/volcanes.net\/\",\"logo\":{\"@type\":\"ImageObject\",\"inLanguage\":\"es\",\"@id\":\"https:\/\/volcanes.net\/#\/schema\/logo\/image\/\",\"url\":\"http:\/\/volcanes.net\/wp-content\/uploads\/2017\/12\/Avatar2.jpg\",\"contentUrl\":\"http:\/\/volcanes.net\/wp-content\/uploads\/2017\/12\/Avatar2.jpg\",\"width\":378,\"height\":378,\"caption\":\"Grupo Volcanes\"},\"image\":{\"@id\":\"https:\/\/volcanes.net\/#\/schema\/logo\/image\/\"},\"sameAs\":[\"https:\/\/www.facebook.com\/volcanes.net\/\"]},{\"@type\":\"Person\",\"@id\":\"https:\/\/volcanes.net\/#\/schema\/person\/4bf0f383940966a4abd53f5048c0e6b9\",\"name\":\"admin\",\"image\":{\"@type\":\"ImageObject\",\"inLanguage\":\"es\",\"@id\":\"https:\/\/volcanes.net\/#\/schema\/person\/image\/\",\"url\":\"https:\/\/secure.gravatar.com\/avatar\/ca004e6cba8462b8cb7abc86e382930c?s=96&d=mm&r=g\",\"contentUrl\":\"https:\/\/secure.gravatar.com\/avatar\/ca004e6cba8462b8cb7abc86e382930c?s=96&d=mm&r=g\",\"caption\":\"admin\"}}]}<\/script>\n<!-- \/ Yoast SEO plugin. -->","yoast_head_json":{"title":"Pante\u00f3n de Valle de Chalco limita inhumaciones - Volcanes","robots":{"index":"index","follow":"follow","max-snippet":"max-snippet:-1","max-image-preview":"max-image-preview:large","max-video-preview":"max-video-preview:-1"},"canonical":"https:\/\/volcanes.net\/?p=7639","og_locale":"es_MX","og_type":"article","og_title":"Pante\u00f3n de Valle de Chalco limita inhumaciones - Volcanes","og_description":"Valle de Chalco, Estado de M\u00e9xico. \u2013 El ayuntamiento de este municipio mexiquense tuvo que","og_url":"https:\/\/volcanes.net\/?p=7639","og_site_name":"Volcanes","article_publisher":"https:\/\/www.facebook.com\/volcanes.net\/","article_published_time":"2020-07-21T18:43:52+00:00","og_image":[{"width":400,"height":266,"url":"https:\/\/volcanes.net\/wp-content\/uploads\/2020\/07\/panteon_valle_de_chalco_09_opt.jpg","type":"image\/jpeg"}],"author":"admin","twitter_card":"summary_large_image","twitter_misc":{"Escrito por":"admin","Tiempo de lectura":"1 minuto"},"schema":{"@context":"https:\/\/schema.org","@graph":[{"@type":"Article","@id":"https:\/\/volcanes.net\/?p=7639#article","isPartOf":{"@id":"https:\/\/volcanes.net\/?p=7639"},"author":{"name":"admin","@id":"https:\/\/volcanes.net\/#\/schema\/person\/4bf0f383940966a4abd53f5048c0e6b9"},"headline":"Pante\u00f3n de Valle de Chalco limita inhumaciones","datePublished":"2020-07-21T18:43:52+00:00","mainEntityOfPage":{"@id":"https:\/\/volcanes.net\/?p=7639"},"wordCount":262,"commentCount":0,"publisher":{"@id":"https:\/\/volcanes.net\/#organization"},"image":{"@id":"https:\/\/volcanes.net\/?p=7639#primaryimage"},"thumbnailUrl":"https:\/\/volcanes.net\/wp-content\/uploads\/2020\/07\/panteon_valle_de_chalco_09_opt.jpg","keywords":["Valle de Chalco"],"articleSection":["Municipales"],"inLanguage":"es","potentialAction":[{"@type":"CommentAction","name":"Comment","target":["https:\/\/volcanes.net\/?p=7639#respond"]}]},{"@type":"WebPage","@id":"https:\/\/volcanes.net\/?p=7639","url":"https:\/\/volcanes.net\/?p=7639","name":"Pante\u00f3n de Valle de Chalco limita inhumaciones - Volcanes","isPartOf":{"@id":"https:\/\/volcanes.net\/#website"},"primaryImageOfPage":{"@id":"https:\/\/volcanes.net\/?p=7639#primaryimage"},"image":{"@id":"https:\/\/volcanes.net\/?p=7639#primaryimage"},"thumbnailUrl":"https:\/\/volcanes.net\/wp-content\/uploads\/2020\/07\/panteon_valle_de_chalco_09_opt.jpg","datePublished":"2020-07-21T18:43:52+00:00","breadcrumb":{"@id":"https:\/\/volcanes.net\/?p=7639#breadcrumb"},"inLanguage":"es","potentialAction":[{"@type":"ReadAction","target":["https:\/\/volcanes.net\/?p=7639"]}]},{"@type":"ImageObject","inLanguage":"es","@id":"https:\/\/volcanes.net\/?p=7639#primaryimage","url":"https:\/\/volcanes.net\/wp-content\/uploads\/2020\/07\/panteon_valle_de_chalco_09_opt.jpg","contentUrl":"https:\/\/volcanes.net\/wp-content\/uploads\/2020\/07\/panteon_valle_de_chalco_09_opt.jpg","width":400,"height":266},{"@type":"BreadcrumbList","@id":"https:\/\/volcanes.net\/?p=7639#breadcrumb","itemListElement":[{"@type":"ListItem","position":1,"name":"Portada","item":"https:\/\/volcanes.net\/"},{"@type":"ListItem","position":2,"name":"Pante\u00f3n de Valle de Chalco limita inhumaciones"}]},{"@type":"WebSite","@id":"https:\/\/volcanes.net\/#website","url":"https:\/\/volcanes.net\/","name":"Volcanes.Net","description":"Periodismo Profesional","publisher":{"@id":"https:\/\/volcanes.net\/#organization"},"potentialAction":[{"@type":"SearchAction","target":{"@type":"EntryPoint","urlTemplate":"https:\/\/volcanes.net\/?s={search_term_string}"},"query-input":{"@type":"PropertyValueSpecification","valueRequired":true,"valueName":"search_term_string"}}],"inLanguage":"es"},{"@type":"Organization","@id":"https:\/\/volcanes.net\/#organization","name":"Grupo Volcanes","url":"https:\/\/volcanes.net\/","logo":{"@type":"ImageObject","inLanguage":"es","@id":"https:\/\/volcanes.net\/#\/schema\/logo\/image\/","url":"http:\/\/volcanes.net\/wp-content\/uploads\/2017\/12\/Avatar2.jpg","contentUrl":"http:\/\/volcanes.net\/wp-content\/uploads\/2017\/12\/Avatar2.jpg","width":378,"height":378,"caption":"Grupo Volcanes"},"image":{"@id":"https:\/\/volcanes.net\/#\/schema\/logo\/image\/"},"sameAs":["https:\/\/www.facebook.com\/volcanes.net\/"]},{"@type":"Person","@id":"https:\/\/volcanes.net\/#\/schema\/person\/4bf0f383940966a4abd53f5048c0e6b9","name":"admin","image":{"@type":"ImageObject","inLanguage":"es","@id":"https:\/\/volcanes.net\/#\/schema\/person\/image\/","url":"https:\/\/secure.gravatar.com\/avatar\/ca004e6cba8462b8cb7abc86e382930c?s=96&d=mm&r=g","contentUrl":"https:\/\/secure.gravatar.com\/avatar\/ca004e6cba8462b8cb7abc86e382930c?s=96&d=mm&r=g","caption":"admin"}}]}},"_links":{"self":[{"href":"https:\/\/volcanes.net\/index.php?rest_route=\/wp\/v2\/posts\/7639"}],"collection":[{"href":"https:\/\/volcanes.net\/index.php?rest_route=\/wp\/v2\/posts"}],"about":[{"href":"https:\/\/volcanes.net\/index.php?rest_route=\/wp\/v2\/types\/post"}],"author":[{"embeddable":true,"href":"https:\/\/volcanes.net\/index.php?rest_route=\/wp\/v2\/users\/1"}],"replies":[{"embeddable":true,"href":"https:\/\/volcanes.net\/index.php?rest_route=%2Fwp%2Fv2%2Fcomments&post=7639"}],"version-history":[{"count":1,"href":"https:\/\/volcanes.net\/index.php?rest_route=\/wp\/v2\/posts\/7639\/revisions"}],"predecessor-version":[{"id":7641,"href":"https:\/\/volcanes.net\/index.php?rest_route=\/wp\/v2\/posts\/7639\/revisions\/7641"}],"wp:featuredmedia":[{"embeddable":true,"href":"https:\/\/volcanes.net\/index.php?rest_route=\/wp\/v2\/media\/7640"}],"wp:attachment":[{"href":"https:\/\/volcanes.net\/index.php?rest_route=%2Fwp%2Fv2%2Fmedia&parent=7639"}],"wp:term":[{"taxonomy":"category","embeddable":true,"href":"https:\/\/volcanes.net\/index.php?rest_route=%2Fwp%2Fv2%2Fcategories&post=7639"},{"taxonomy":"post_tag","embeddable":true,"href":"https:\/\/volcanes.net\/index.php?rest_route=%2Fwp%2Fv2%2Ftags&post=7639"}],"curies":[{"name":"wp","href":"https:\/\/api.w.org\/{rel}","templated":true}]}}