{"id":764,"date":"2018-01-24T14:41:08","date_gmt":"2018-01-24T14:41:08","guid":{"rendered":"http:\/\/volcanes.net\/?p=764"},"modified":"2018-01-24T14:41:08","modified_gmt":"2018-01-24T14:41:08","slug":"pena-nieto-se-compromete-a-dar-nuevo-impulso-economico-a-tabasco-video","status":"publish","type":"post","link":"https:\/\/volcanes.net\/?p=764","title":{"rendered":"Pe\u00f1a Nieto se compromete a dar nuevo impulso econ\u00f3mico a Tabasco (VIDEO)"},"content":{"rendered":"<div style=\"margin-top: 0px; margin-bottom: 0px;\" class=\"sharethis-inline-share-buttons\" ><\/div><p>El presidente Enrique Pe\u00f1a Nieto se comprometi\u00f3 a dar un nuevo impulso econ\u00f3mico a Tabasco mediante la diversificaci\u00f3n de sus actividades y con el aprovechamiento de la reforma energ\u00e9tica, para que en el mediano plazo recupere su actividad productiva.<\/p>\n<p>Dijo que ante el rezago que tiene la entidad, al igual que Campeche, por la disminuci\u00f3n de la actividad petrolera, se aplicar\u00e1n acciones inmediatas como el financiamiento por parte de Nacional Financiera (Nafin), el Instituto Nacional del Emprendedor (Inadem), e inversiones espec\u00edficas de Pemex, as\u00ed como el pago con pasivos a proveedores.<\/p>\n<p>Dijo que para dar impulso al paquete de acciones anunciado en 2016 se dar\u00e1 \u201cox\u00edgeno y apoyo a la actividad econ\u00f3mica de la entidad a partir de la reforma energ\u00e9tica, y que Pemex como empresa productiva del Estado, pueda hacer asociaciones con el sector privado para que pueda invertir y generar riqueza.<\/p>\n<p>\u201cEso nos va a permitir en el mediano plazo, y cuando hablo del mediano plazo, en los siguientes cinco o 10 a\u00f1os, nuevamente recuperar nuestra capacidad productiva\u201d, indic\u00f3 en la\u00a0inauguraci\u00f3n del Libramiento de Villahermosa; la primera etapa de la modernizaci\u00f3n de la Carretera Villahermosa-C\u00e1rdenas, y el Proyecto Hidrol\u00f3gico para Proteger a la Poblaci\u00f3n de Inundaciones y Aprovechar Mejor el Agua.<\/p>\n<p>El mandatario federal a\u00f1adi\u00f3 que junto a la inversi\u00f3n privada est\u00e1 la inversi\u00f3n p\u00fablica, que generar\u00e1 empleo con obras que alivian y dan beneficios y calidad de vida a los habitantes, adem\u00e1s de que le permite cumplir con los compromisos pactados, en la \u201crealidad que hoy atraviesa Tabasco, cuya econom\u00eda estaba centrada en la industria petrolera\u201d.<\/p>\n<p>Acompa\u00f1ado por el gobernador de Tabasco, Arturo N\u00fa\u00f1ez Jim\u00e9nez, y el secretario de Comunicaciones y Transportes, Gerardo Ru\u00edz Esparza, reconoci\u00f3 que por ello Tabasco contrasta con la realidad que vive el resto del pa\u00eds, por lo que en 2016 \u201canunciamos varias acciones para reactivar la econom\u00eda, que apoyaron a que hubiese recuperaci\u00f3n del empleo\u201d.<\/p>\n<p>Pe\u00f1a Nieto apunt\u00f3 que de acuerdo con cifras del Instituto Nacional de Estad\u00edstica y Geograf\u00eda (INEGI), en todo el pa\u00eds la tasa de desempleo es de 3.1 por ciento, la m\u00e1s baja, lo que significa que casi 97 por ciento de las personas en edad de trabajar tienen empleo.<\/p>\n<p>\u201cA estas alturas nos da ocasi\u00f3n de poder ir cerrando los compromisos que hice en todas las entidades federativas. Hoy le estoy cumpliendo a Tabasco, estoy cumpliendo con las obras que compromet\u00ed, obras de infraestructura hidr\u00e1ulica\u201d, destac\u00f3 luego de develar las placas inaugurales de estas obras que constituyen compromisos de su gobierno.<\/p>\n<p>&nbsp;<\/p>\n<div class=\"jetpack-video-wrapper\"><span class=\"embed-youtube\"><\/span><\/div>\n","protected":false},"excerpt":{"rendered":"<p>El presidente Enrique Pe\u00f1a Nieto se comprometi\u00f3 a dar un nuevo impulso econ\u00f3mico a Tabasco<\/p>\n","protected":false},"author":1,"featured_media":754,"comment_status":"open","ping_status":"open","sticky":false,"template":"","format":"standard","meta":{"footnotes":""},"categories":[1],"tags":[45,44],"class_list":["post-764","post","type-post","status-publish","format-standard","has-post-thumbnail","hentry","category-municipales","tag-epn","tag-gobierno-de-la-republica"],"yoast_head":"<!-- This site is optimized with the Yoast SEO plugin v25.3 - https:\/\/yoast.com\/wordpress\/plugins\/seo\/ -->\n<title>Pe\u00f1a Nieto se compromete a dar nuevo impulso econ\u00f3mico a Tabasco (VIDEO) - Volcanes<\/title>\n<meta name=\"robots\" content=\"index, follow, max-snippet:-1, max-image-preview:large, max-video-preview:-1\" \/>\n<link rel=\"canonical\" href=\"https:\/\/volcanes.net\/?p=764\" \/>\n<meta property=\"og:locale\" content=\"es_MX\" \/>\n<meta property=\"og:type\" content=\"article\" \/>\n<meta property=\"og:title\" content=\"Pe\u00f1a Nieto se compromete a dar nuevo impulso econ\u00f3mico a Tabasco (VIDEO) - Volcanes\" \/>\n<meta property=\"og:description\" content=\"El presidente Enrique Pe\u00f1a Nieto se comprometi\u00f3 a dar un nuevo impulso econ\u00f3mico a Tabasco\" \/>\n<meta property=\"og:url\" content=\"https:\/\/volcanes.net\/?p=764\" \/>\n<meta property=\"og:site_name\" content=\"Volcanes\" \/>\n<meta property=\"article:publisher\" content=\"https:\/\/www.facebook.com\/volcanes.net\/\" \/>\n<meta property=\"article:published_time\" content=\"2018-01-24T14:41:08+00:00\" \/>\n<meta property=\"og:image\" content=\"https:\/\/volcanes.net\/wp-content\/uploads\/2018\/01\/epn6.jpg\" \/>\n\t<meta property=\"og:image:width\" content=\"400\" \/>\n\t<meta property=\"og:image:height\" content=\"200\" \/>\n\t<meta property=\"og:image:type\" content=\"image\/jpeg\" \/>\n<meta name=\"author\" content=\"admin\" \/>\n<meta name=\"twitter:card\" content=\"summary_large_image\" \/>\n<meta name=\"twitter:label1\" content=\"Escrito por\" \/>\n\t<meta name=\"twitter:data1\" content=\"admin\" \/>\n\t<meta name=\"twitter:label2\" content=\"Tiempo de lectura\" \/>\n\t<meta name=\"twitter:data2\" content=\"2 minutos\" \/>\n<script type=\"application\/ld+json\" class=\"yoast-schema-graph\">{\"@context\":\"https:\/\/schema.org\",\"@graph\":[{\"@type\":\"Article\",\"@id\":\"https:\/\/volcanes.net\/?p=764#article\",\"isPartOf\":{\"@id\":\"https:\/\/volcanes.net\/?p=764\"},\"author\":{\"name\":\"admin\",\"@id\":\"https:\/\/volcanes.net\/#\/schema\/person\/4bf0f383940966a4abd53f5048c0e6b9\"},\"headline\":\"Pe\u00f1a Nieto se compromete a dar nuevo impulso econ\u00f3mico a Tabasco (VIDEO)\",\"datePublished\":\"2018-01-24T14:41:08+00:00\",\"mainEntityOfPage\":{\"@id\":\"https:\/\/volcanes.net\/?p=764\"},\"wordCount\":461,\"commentCount\":0,\"publisher\":{\"@id\":\"https:\/\/volcanes.net\/#organization\"},\"image\":{\"@id\":\"https:\/\/volcanes.net\/?p=764#primaryimage\"},\"thumbnailUrl\":\"https:\/\/volcanes.net\/wp-content\/uploads\/2018\/01\/epn6.jpg\",\"keywords\":[\"EPN\",\"Gobierno de la Rep\u00fablica\"],\"articleSection\":[\"Municipales\"],\"inLanguage\":\"es\",\"potentialAction\":[{\"@type\":\"CommentAction\",\"name\":\"Comment\",\"target\":[\"https:\/\/volcanes.net\/?p=764#respond\"]}]},{\"@type\":\"WebPage\",\"@id\":\"https:\/\/volcanes.net\/?p=764\",\"url\":\"https:\/\/volcanes.net\/?p=764\",\"name\":\"Pe\u00f1a Nieto se compromete a dar nuevo impulso econ\u00f3mico a Tabasco (VIDEO) - Volcanes\",\"isPartOf\":{\"@id\":\"https:\/\/volcanes.net\/#website\"},\"primaryImageOfPage\":{\"@id\":\"https:\/\/volcanes.net\/?p=764#primaryimage\"},\"image\":{\"@id\":\"https:\/\/volcanes.net\/?p=764#primaryimage\"},\"thumbnailUrl\":\"https:\/\/volcanes.net\/wp-content\/uploads\/2018\/01\/epn6.jpg\",\"datePublished\":\"2018-01-24T14:41:08+00:00\",\"breadcrumb\":{\"@id\":\"https:\/\/volcanes.net\/?p=764#breadcrumb\"},\"inLanguage\":\"es\",\"potentialAction\":[{\"@type\":\"ReadAction\",\"target\":[\"https:\/\/volcanes.net\/?p=764\"]}]},{\"@type\":\"ImageObject\",\"inLanguage\":\"es\",\"@id\":\"https:\/\/volcanes.net\/?p=764#primaryimage\",\"url\":\"https:\/\/volcanes.net\/wp-content\/uploads\/2018\/01\/epn6.jpg\",\"contentUrl\":\"https:\/\/volcanes.net\/wp-content\/uploads\/2018\/01\/epn6.jpg\",\"width\":400,\"height\":200},{\"@type\":\"BreadcrumbList\",\"@id\":\"https:\/\/volcanes.net\/?p=764#breadcrumb\",\"itemListElement\":[{\"@type\":\"ListItem\",\"position\":1,\"name\":\"Portada\",\"item\":\"https:\/\/volcanes.net\/\"},{\"@type\":\"ListItem\",\"position\":2,\"name\":\"Pe\u00f1a Nieto se compromete a dar nuevo impulso econ\u00f3mico a Tabasco (VIDEO)\"}]},{\"@type\":\"WebSite\",\"@id\":\"https:\/\/volcanes.net\/#website\",\"url\":\"https:\/\/volcanes.net\/\",\"name\":\"Volcanes.Net\",\"description\":\"Periodismo Profesional\",\"publisher\":{\"@id\":\"https:\/\/volcanes.net\/#organization\"},\"potentialAction\":[{\"@type\":\"SearchAction\",\"target\":{\"@type\":\"EntryPoint\",\"urlTemplate\":\"https:\/\/volcanes.net\/?s={search_term_string}\"},\"query-input\":{\"@type\":\"PropertyValueSpecification\",\"valueRequired\":true,\"valueName\":\"search_term_string\"}}],\"inLanguage\":\"es\"},{\"@type\":\"Organization\",\"@id\":\"https:\/\/volcanes.net\/#organization\",\"name\":\"Grupo Volcanes\",\"url\":\"https:\/\/volcanes.net\/\",\"logo\":{\"@type\":\"ImageObject\",\"inLanguage\":\"es\",\"@id\":\"https:\/\/volcanes.net\/#\/schema\/logo\/image\/\",\"url\":\"http:\/\/volcanes.net\/wp-content\/uploads\/2017\/12\/Avatar2.jpg\",\"contentUrl\":\"http:\/\/volcanes.net\/wp-content\/uploads\/2017\/12\/Avatar2.jpg\",\"width\":378,\"height\":378,\"caption\":\"Grupo Volcanes\"},\"image\":{\"@id\":\"https:\/\/volcanes.net\/#\/schema\/logo\/image\/\"},\"sameAs\":[\"https:\/\/www.facebook.com\/volcanes.net\/\"]},{\"@type\":\"Person\",\"@id\":\"https:\/\/volcanes.net\/#\/schema\/person\/4bf0f383940966a4abd53f5048c0e6b9\",\"name\":\"admin\",\"image\":{\"@type\":\"ImageObject\",\"inLanguage\":\"es\",\"@id\":\"https:\/\/volcanes.net\/#\/schema\/person\/image\/\",\"url\":\"https:\/\/secure.gravatar.com\/avatar\/ca004e6cba8462b8cb7abc86e382930c?s=96&d=mm&r=g\",\"contentUrl\":\"https:\/\/secure.gravatar.com\/avatar\/ca004e6cba8462b8cb7abc86e382930c?s=96&d=mm&r=g\",\"caption\":\"admin\"}}]}<\/script>\n<!-- \/ Yoast SEO plugin. -->","yoast_head_json":{"title":"Pe\u00f1a Nieto se compromete a dar nuevo impulso econ\u00f3mico a Tabasco (VIDEO) - Volcanes","robots":{"index":"index","follow":"follow","max-snippet":"max-snippet:-1","max-image-preview":"max-image-preview:large","max-video-preview":"max-video-preview:-1"},"canonical":"https:\/\/volcanes.net\/?p=764","og_locale":"es_MX","og_type":"article","og_title":"Pe\u00f1a Nieto se compromete a dar nuevo impulso econ\u00f3mico a Tabasco (VIDEO) - Volcanes","og_description":"El presidente Enrique Pe\u00f1a Nieto se comprometi\u00f3 a dar un nuevo impulso econ\u00f3mico a Tabasco","og_url":"https:\/\/volcanes.net\/?p=764","og_site_name":"Volcanes","article_publisher":"https:\/\/www.facebook.com\/volcanes.net\/","article_published_time":"2018-01-24T14:41:08+00:00","og_image":[{"width":400,"height":200,"url":"https:\/\/volcanes.net\/wp-content\/uploads\/2018\/01\/epn6.jpg","type":"image\/jpeg"}],"author":"admin","twitter_card":"summary_large_image","twitter_misc":{"Escrito por":"admin","Tiempo de lectura":"2 minutos"},"schema":{"@context":"https:\/\/schema.org","@graph":[{"@type":"Article","@id":"https:\/\/volcanes.net\/?p=764#article","isPartOf":{"@id":"https:\/\/volcanes.net\/?p=764"},"author":{"name":"admin","@id":"https:\/\/volcanes.net\/#\/schema\/person\/4bf0f383940966a4abd53f5048c0e6b9"},"headline":"Pe\u00f1a Nieto se compromete a dar nuevo impulso econ\u00f3mico a Tabasco (VIDEO)","datePublished":"2018-01-24T14:41:08+00:00","mainEntityOfPage":{"@id":"https:\/\/volcanes.net\/?p=764"},"wordCount":461,"commentCount":0,"publisher":{"@id":"https:\/\/volcanes.net\/#organization"},"image":{"@id":"https:\/\/volcanes.net\/?p=764#primaryimage"},"thumbnailUrl":"https:\/\/volcanes.net\/wp-content\/uploads\/2018\/01\/epn6.jpg","keywords":["EPN","Gobierno de la Rep\u00fablica"],"articleSection":["Municipales"],"inLanguage":"es","potentialAction":[{"@type":"CommentAction","name":"Comment","target":["https:\/\/volcanes.net\/?p=764#respond"]}]},{"@type":"WebPage","@id":"https:\/\/volcanes.net\/?p=764","url":"https:\/\/volcanes.net\/?p=764","name":"Pe\u00f1a Nieto se compromete a dar nuevo impulso econ\u00f3mico a Tabasco (VIDEO) - Volcanes","isPartOf":{"@id":"https:\/\/volcanes.net\/#website"},"primaryImageOfPage":{"@id":"https:\/\/volcanes.net\/?p=764#primaryimage"},"image":{"@id":"https:\/\/volcanes.net\/?p=764#primaryimage"},"thumbnailUrl":"https:\/\/volcanes.net\/wp-content\/uploads\/2018\/01\/epn6.jpg","datePublished":"2018-01-24T14:41:08+00:00","breadcrumb":{"@id":"https:\/\/volcanes.net\/?p=764#breadcrumb"},"inLanguage":"es","potentialAction":[{"@type":"ReadAction","target":["https:\/\/volcanes.net\/?p=764"]}]},{"@type":"ImageObject","inLanguage":"es","@id":"https:\/\/volcanes.net\/?p=764#primaryimage","url":"https:\/\/volcanes.net\/wp-content\/uploads\/2018\/01\/epn6.jpg","contentUrl":"https:\/\/volcanes.net\/wp-content\/uploads\/2018\/01\/epn6.jpg","width":400,"height":200},{"@type":"BreadcrumbList","@id":"https:\/\/volcanes.net\/?p=764#breadcrumb","itemListElement":[{"@type":"ListItem","position":1,"name":"Portada","item":"https:\/\/volcanes.net\/"},{"@type":"ListItem","position":2,"name":"Pe\u00f1a Nieto se compromete a dar nuevo impulso econ\u00f3mico a Tabasco (VIDEO)"}]},{"@type":"WebSite","@id":"https:\/\/volcanes.net\/#website","url":"https:\/\/volcanes.net\/","name":"Volcanes.Net","description":"Periodismo Profesional","publisher":{"@id":"https:\/\/volcanes.net\/#organization"},"potentialAction":[{"@type":"SearchAction","target":{"@type":"EntryPoint","urlTemplate":"https:\/\/volcanes.net\/?s={search_term_string}"},"query-input":{"@type":"PropertyValueSpecification","valueRequired":true,"valueName":"search_term_string"}}],"inLanguage":"es"},{"@type":"Organization","@id":"https:\/\/volcanes.net\/#organization","name":"Grupo Volcanes","url":"https:\/\/volcanes.net\/","logo":{"@type":"ImageObject","inLanguage":"es","@id":"https:\/\/volcanes.net\/#\/schema\/logo\/image\/","url":"http:\/\/volcanes.net\/wp-content\/uploads\/2017\/12\/Avatar2.jpg","contentUrl":"http:\/\/volcanes.net\/wp-content\/uploads\/2017\/12\/Avatar2.jpg","width":378,"height":378,"caption":"Grupo Volcanes"},"image":{"@id":"https:\/\/volcanes.net\/#\/schema\/logo\/image\/"},"sameAs":["https:\/\/www.facebook.com\/volcanes.net\/"]},{"@type":"Person","@id":"https:\/\/volcanes.net\/#\/schema\/person\/4bf0f383940966a4abd53f5048c0e6b9","name":"admin","image":{"@type":"ImageObject","inLanguage":"es","@id":"https:\/\/volcanes.net\/#\/schema\/person\/image\/","url":"https:\/\/secure.gravatar.com\/avatar\/ca004e6cba8462b8cb7abc86e382930c?s=96&d=mm&r=g","contentUrl":"https:\/\/secure.gravatar.com\/avatar\/ca004e6cba8462b8cb7abc86e382930c?s=96&d=mm&r=g","caption":"admin"}}]}},"_links":{"self":[{"href":"https:\/\/volcanes.net\/index.php?rest_route=\/wp\/v2\/posts\/764"}],"collection":[{"href":"https:\/\/volcanes.net\/index.php?rest_route=\/wp\/v2\/posts"}],"about":[{"href":"https:\/\/volcanes.net\/index.php?rest_route=\/wp\/v2\/types\/post"}],"author":[{"embeddable":true,"href":"https:\/\/volcanes.net\/index.php?rest_route=\/wp\/v2\/users\/1"}],"replies":[{"embeddable":true,"href":"https:\/\/volcanes.net\/index.php?rest_route=%2Fwp%2Fv2%2Fcomments&post=764"}],"version-history":[{"count":1,"href":"https:\/\/volcanes.net\/index.php?rest_route=\/wp\/v2\/posts\/764\/revisions"}],"predecessor-version":[{"id":765,"href":"https:\/\/volcanes.net\/index.php?rest_route=\/wp\/v2\/posts\/764\/revisions\/765"}],"wp:featuredmedia":[{"embeddable":true,"href":"https:\/\/volcanes.net\/index.php?rest_route=\/wp\/v2\/media\/754"}],"wp:attachment":[{"href":"https:\/\/volcanes.net\/index.php?rest_route=%2Fwp%2Fv2%2Fmedia&parent=764"}],"wp:term":[{"taxonomy":"category","embeddable":true,"href":"https:\/\/volcanes.net\/index.php?rest_route=%2Fwp%2Fv2%2Fcategories&post=764"},{"taxonomy":"post_tag","embeddable":true,"href":"https:\/\/volcanes.net\/index.php?rest_route=%2Fwp%2Fv2%2Ftags&post=764"}],"curies":[{"name":"wp","href":"https:\/\/api.w.org\/{rel}","templated":true}]}}