{"id":7642,"date":"2020-07-21T12:47:33","date_gmt":"2020-07-21T18:47:33","guid":{"rendered":"http:\/\/volcanes.net\/?p=7642"},"modified":"2020-07-21T12:47:33","modified_gmt":"2020-07-21T18:47:33","slug":"arranca-en-amecameca-siembra-de-crias-de-carpa-y-tilapia","status":"publish","type":"post","link":"https:\/\/volcanes.net\/?p=7642","title":{"rendered":"Arranca en #Amecameca siembra de cr\u00edas de carpa y tilapia."},"content":{"rendered":"<div style=\"margin-top: 0px; margin-bottom: 0px;\" class=\"sharethis-inline-share-buttons\" ><\/div><p>Oscar Ventura | Mexiquenses.<\/p>\n<ul>\n<li>Proyecta Secretar\u00eda de Desarrollo Agropecuario entregar 371 mil cr\u00edas de esas especies para la regi\u00f3n de Amecameca.<br \/>\n\u2022 Esperan una derrama econ\u00f3mica de casi 6.5 millones de pesos en la comercializaci\u00f3n de este producto.<\/li>\n<\/ul>\n<p>Amecameca, Estado de M\u00e9xico, 21 de julio de 2020. La Secretar\u00eda de Desarrollo Agropecuario (Sedagro) inici\u00f3, con las debidas medidas sanitarias, la siembra de 15 mil cr\u00edas de tilapia en la Unidad de Producci\u00f3n Teporingos, en la comunidad de Zoyatzingo en Amecameca.<\/p>\n<p>Joana Rangel Mart\u00ednez es una de las productoras acu\u00edcolas mexiquenses beneficiada con apoyos de infraestructura en el a\u00f1o 2019 por el gobierno estatal, y este 2020 ya dio inicio con la siembra de tilapia en su unidad de producci\u00f3n.<\/p>\n<p>El gobierno estatal entregar\u00e1 un total de 371 mil organismos, en 19 unidades de producci\u00f3n y embalses, en beneficio de 760 acuacultores de la delegaci\u00f3n regional de Amecameca.<\/p>\n<p>Con ello se espera una producci\u00f3n de 86.6 millones de kilos de carne de tilapia y carpa, as\u00ed como una derrama econ\u00f3mica de 6.5 millones de pesos en la comercializaci\u00f3n de este alimento rico en vitaminas y prote\u00ednas.<\/p>\n<p>&nbsp;<\/p>\n","protected":false},"excerpt":{"rendered":"<p>Oscar Ventura | Mexiquenses. Proyecta Secretar\u00eda de Desarrollo Agropecuario entregar 371 mil cr\u00edas de esas<\/p>\n","protected":false},"author":1,"featured_media":7643,"comment_status":"open","ping_status":"open","sticky":false,"template":"","format":"standard","meta":{"footnotes":""},"categories":[1],"tags":[7,265],"class_list":["post-7642","post","type-post","status-publish","format-standard","has-post-thumbnail","hentry","category-municipales","tag-amecameca","tag-grupovolcanes"],"yoast_head":"<!-- This site is optimized with the Yoast SEO plugin v25.3 - https:\/\/yoast.com\/wordpress\/plugins\/seo\/ -->\n<title>Arranca en #Amecameca siembra de cr\u00edas de carpa y tilapia. - Volcanes<\/title>\n<meta name=\"robots\" content=\"index, follow, max-snippet:-1, max-image-preview:large, max-video-preview:-1\" \/>\n<link rel=\"canonical\" href=\"https:\/\/volcanes.net\/?p=7642\" \/>\n<meta property=\"og:locale\" content=\"es_MX\" \/>\n<meta property=\"og:type\" content=\"article\" \/>\n<meta property=\"og:title\" content=\"Arranca en #Amecameca siembra de cr\u00edas de carpa y tilapia. - Volcanes\" \/>\n<meta property=\"og:description\" content=\"Oscar Ventura | Mexiquenses. Proyecta Secretar\u00eda de Desarrollo Agropecuario entregar 371 mil cr\u00edas de esas\" \/>\n<meta property=\"og:url\" content=\"https:\/\/volcanes.net\/?p=7642\" \/>\n<meta property=\"og:site_name\" content=\"Volcanes\" \/>\n<meta property=\"article:publisher\" content=\"https:\/\/www.facebook.com\/volcanes.net\/\" \/>\n<meta property=\"article:published_time\" content=\"2020-07-21T18:47:33+00:00\" \/>\n<meta property=\"og:image\" content=\"https:\/\/volcanes.net\/wp-content\/uploads\/2020\/07\/WhatsApp-Image-2020-07-21-at-1.10.25-PM.jpeg\" \/>\n\t<meta property=\"og:image:width\" content=\"1200\" \/>\n\t<meta property=\"og:image:height\" content=\"672\" \/>\n\t<meta property=\"og:image:type\" content=\"image\/jpeg\" \/>\n<meta name=\"author\" content=\"admin\" \/>\n<meta name=\"twitter:card\" content=\"summary_large_image\" \/>\n<meta name=\"twitter:label1\" content=\"Escrito por\" \/>\n\t<meta name=\"twitter:data1\" content=\"admin\" \/>\n\t<meta name=\"twitter:label2\" content=\"Tiempo de lectura\" \/>\n\t<meta name=\"twitter:data2\" content=\"1 minuto\" \/>\n<script type=\"application\/ld+json\" class=\"yoast-schema-graph\">{\"@context\":\"https:\/\/schema.org\",\"@graph\":[{\"@type\":\"Article\",\"@id\":\"https:\/\/volcanes.net\/?p=7642#article\",\"isPartOf\":{\"@id\":\"https:\/\/volcanes.net\/?p=7642\"},\"author\":{\"name\":\"admin\",\"@id\":\"https:\/\/volcanes.net\/#\/schema\/person\/4bf0f383940966a4abd53f5048c0e6b9\"},\"headline\":\"Arranca en #Amecameca siembra de cr\u00edas de carpa y tilapia.\",\"datePublished\":\"2020-07-21T18:47:33+00:00\",\"mainEntityOfPage\":{\"@id\":\"https:\/\/volcanes.net\/?p=7642\"},\"wordCount\":202,\"commentCount\":0,\"publisher\":{\"@id\":\"https:\/\/volcanes.net\/#organization\"},\"image\":{\"@id\":\"https:\/\/volcanes.net\/?p=7642#primaryimage\"},\"thumbnailUrl\":\"https:\/\/volcanes.net\/wp-content\/uploads\/2020\/07\/WhatsApp-Image-2020-07-21-at-1.10.25-PM.jpeg\",\"keywords\":[\"Amecameca\",\"GrupoVolcanes\"],\"articleSection\":[\"Municipales\"],\"inLanguage\":\"es\",\"potentialAction\":[{\"@type\":\"CommentAction\",\"name\":\"Comment\",\"target\":[\"https:\/\/volcanes.net\/?p=7642#respond\"]}]},{\"@type\":\"WebPage\",\"@id\":\"https:\/\/volcanes.net\/?p=7642\",\"url\":\"https:\/\/volcanes.net\/?p=7642\",\"name\":\"Arranca en #Amecameca siembra de cr\u00edas de carpa y tilapia. - Volcanes\",\"isPartOf\":{\"@id\":\"https:\/\/volcanes.net\/#website\"},\"primaryImageOfPage\":{\"@id\":\"https:\/\/volcanes.net\/?p=7642#primaryimage\"},\"image\":{\"@id\":\"https:\/\/volcanes.net\/?p=7642#primaryimage\"},\"thumbnailUrl\":\"https:\/\/volcanes.net\/wp-content\/uploads\/2020\/07\/WhatsApp-Image-2020-07-21-at-1.10.25-PM.jpeg\",\"datePublished\":\"2020-07-21T18:47:33+00:00\",\"breadcrumb\":{\"@id\":\"https:\/\/volcanes.net\/?p=7642#breadcrumb\"},\"inLanguage\":\"es\",\"potentialAction\":[{\"@type\":\"ReadAction\",\"target\":[\"https:\/\/volcanes.net\/?p=7642\"]}]},{\"@type\":\"ImageObject\",\"inLanguage\":\"es\",\"@id\":\"https:\/\/volcanes.net\/?p=7642#primaryimage\",\"url\":\"https:\/\/volcanes.net\/wp-content\/uploads\/2020\/07\/WhatsApp-Image-2020-07-21-at-1.10.25-PM.jpeg\",\"contentUrl\":\"https:\/\/volcanes.net\/wp-content\/uploads\/2020\/07\/WhatsApp-Image-2020-07-21-at-1.10.25-PM.jpeg\",\"width\":1200,\"height\":672},{\"@type\":\"BreadcrumbList\",\"@id\":\"https:\/\/volcanes.net\/?p=7642#breadcrumb\",\"itemListElement\":[{\"@type\":\"ListItem\",\"position\":1,\"name\":\"Portada\",\"item\":\"https:\/\/volcanes.net\/\"},{\"@type\":\"ListItem\",\"position\":2,\"name\":\"Arranca en #Amecameca siembra de cr\u00edas de carpa y tilapia.\"}]},{\"@type\":\"WebSite\",\"@id\":\"https:\/\/volcanes.net\/#website\",\"url\":\"https:\/\/volcanes.net\/\",\"name\":\"Volcanes.Net\",\"description\":\"Periodismo Profesional\",\"publisher\":{\"@id\":\"https:\/\/volcanes.net\/#organization\"},\"potentialAction\":[{\"@type\":\"SearchAction\",\"target\":{\"@type\":\"EntryPoint\",\"urlTemplate\":\"https:\/\/volcanes.net\/?s={search_term_string}\"},\"query-input\":{\"@type\":\"PropertyValueSpecification\",\"valueRequired\":true,\"valueName\":\"search_term_string\"}}],\"inLanguage\":\"es\"},{\"@type\":\"Organization\",\"@id\":\"https:\/\/volcanes.net\/#organization\",\"name\":\"Grupo Volcanes\",\"url\":\"https:\/\/volcanes.net\/\",\"logo\":{\"@type\":\"ImageObject\",\"inLanguage\":\"es\",\"@id\":\"https:\/\/volcanes.net\/#\/schema\/logo\/image\/\",\"url\":\"http:\/\/volcanes.net\/wp-content\/uploads\/2017\/12\/Avatar2.jpg\",\"contentUrl\":\"http:\/\/volcanes.net\/wp-content\/uploads\/2017\/12\/Avatar2.jpg\",\"width\":378,\"height\":378,\"caption\":\"Grupo Volcanes\"},\"image\":{\"@id\":\"https:\/\/volcanes.net\/#\/schema\/logo\/image\/\"},\"sameAs\":[\"https:\/\/www.facebook.com\/volcanes.net\/\"]},{\"@type\":\"Person\",\"@id\":\"https:\/\/volcanes.net\/#\/schema\/person\/4bf0f383940966a4abd53f5048c0e6b9\",\"name\":\"admin\",\"image\":{\"@type\":\"ImageObject\",\"inLanguage\":\"es\",\"@id\":\"https:\/\/volcanes.net\/#\/schema\/person\/image\/\",\"url\":\"https:\/\/secure.gravatar.com\/avatar\/ca004e6cba8462b8cb7abc86e382930c?s=96&d=mm&r=g\",\"contentUrl\":\"https:\/\/secure.gravatar.com\/avatar\/ca004e6cba8462b8cb7abc86e382930c?s=96&d=mm&r=g\",\"caption\":\"admin\"}}]}<\/script>\n<!-- \/ Yoast SEO plugin. -->","yoast_head_json":{"title":"Arranca en #Amecameca siembra de cr\u00edas de carpa y tilapia. - Volcanes","robots":{"index":"index","follow":"follow","max-snippet":"max-snippet:-1","max-image-preview":"max-image-preview:large","max-video-preview":"max-video-preview:-1"},"canonical":"https:\/\/volcanes.net\/?p=7642","og_locale":"es_MX","og_type":"article","og_title":"Arranca en #Amecameca siembra de cr\u00edas de carpa y tilapia. - Volcanes","og_description":"Oscar Ventura | Mexiquenses. Proyecta Secretar\u00eda de Desarrollo Agropecuario entregar 371 mil cr\u00edas de esas","og_url":"https:\/\/volcanes.net\/?p=7642","og_site_name":"Volcanes","article_publisher":"https:\/\/www.facebook.com\/volcanes.net\/","article_published_time":"2020-07-21T18:47:33+00:00","og_image":[{"width":1200,"height":672,"url":"https:\/\/volcanes.net\/wp-content\/uploads\/2020\/07\/WhatsApp-Image-2020-07-21-at-1.10.25-PM.jpeg","type":"image\/jpeg"}],"author":"admin","twitter_card":"summary_large_image","twitter_misc":{"Escrito por":"admin","Tiempo de lectura":"1 minuto"},"schema":{"@context":"https:\/\/schema.org","@graph":[{"@type":"Article","@id":"https:\/\/volcanes.net\/?p=7642#article","isPartOf":{"@id":"https:\/\/volcanes.net\/?p=7642"},"author":{"name":"admin","@id":"https:\/\/volcanes.net\/#\/schema\/person\/4bf0f383940966a4abd53f5048c0e6b9"},"headline":"Arranca en #Amecameca siembra de cr\u00edas de carpa y tilapia.","datePublished":"2020-07-21T18:47:33+00:00","mainEntityOfPage":{"@id":"https:\/\/volcanes.net\/?p=7642"},"wordCount":202,"commentCount":0,"publisher":{"@id":"https:\/\/volcanes.net\/#organization"},"image":{"@id":"https:\/\/volcanes.net\/?p=7642#primaryimage"},"thumbnailUrl":"https:\/\/volcanes.net\/wp-content\/uploads\/2020\/07\/WhatsApp-Image-2020-07-21-at-1.10.25-PM.jpeg","keywords":["Amecameca","GrupoVolcanes"],"articleSection":["Municipales"],"inLanguage":"es","potentialAction":[{"@type":"CommentAction","name":"Comment","target":["https:\/\/volcanes.net\/?p=7642#respond"]}]},{"@type":"WebPage","@id":"https:\/\/volcanes.net\/?p=7642","url":"https:\/\/volcanes.net\/?p=7642","name":"Arranca en #Amecameca siembra de cr\u00edas de carpa y tilapia. - Volcanes","isPartOf":{"@id":"https:\/\/volcanes.net\/#website"},"primaryImageOfPage":{"@id":"https:\/\/volcanes.net\/?p=7642#primaryimage"},"image":{"@id":"https:\/\/volcanes.net\/?p=7642#primaryimage"},"thumbnailUrl":"https:\/\/volcanes.net\/wp-content\/uploads\/2020\/07\/WhatsApp-Image-2020-07-21-at-1.10.25-PM.jpeg","datePublished":"2020-07-21T18:47:33+00:00","breadcrumb":{"@id":"https:\/\/volcanes.net\/?p=7642#breadcrumb"},"inLanguage":"es","potentialAction":[{"@type":"ReadAction","target":["https:\/\/volcanes.net\/?p=7642"]}]},{"@type":"ImageObject","inLanguage":"es","@id":"https:\/\/volcanes.net\/?p=7642#primaryimage","url":"https:\/\/volcanes.net\/wp-content\/uploads\/2020\/07\/WhatsApp-Image-2020-07-21-at-1.10.25-PM.jpeg","contentUrl":"https:\/\/volcanes.net\/wp-content\/uploads\/2020\/07\/WhatsApp-Image-2020-07-21-at-1.10.25-PM.jpeg","width":1200,"height":672},{"@type":"BreadcrumbList","@id":"https:\/\/volcanes.net\/?p=7642#breadcrumb","itemListElement":[{"@type":"ListItem","position":1,"name":"Portada","item":"https:\/\/volcanes.net\/"},{"@type":"ListItem","position":2,"name":"Arranca en #Amecameca siembra de cr\u00edas de carpa y tilapia."}]},{"@type":"WebSite","@id":"https:\/\/volcanes.net\/#website","url":"https:\/\/volcanes.net\/","name":"Volcanes.Net","description":"Periodismo Profesional","publisher":{"@id":"https:\/\/volcanes.net\/#organization"},"potentialAction":[{"@type":"SearchAction","target":{"@type":"EntryPoint","urlTemplate":"https:\/\/volcanes.net\/?s={search_term_string}"},"query-input":{"@type":"PropertyValueSpecification","valueRequired":true,"valueName":"search_term_string"}}],"inLanguage":"es"},{"@type":"Organization","@id":"https:\/\/volcanes.net\/#organization","name":"Grupo Volcanes","url":"https:\/\/volcanes.net\/","logo":{"@type":"ImageObject","inLanguage":"es","@id":"https:\/\/volcanes.net\/#\/schema\/logo\/image\/","url":"http:\/\/volcanes.net\/wp-content\/uploads\/2017\/12\/Avatar2.jpg","contentUrl":"http:\/\/volcanes.net\/wp-content\/uploads\/2017\/12\/Avatar2.jpg","width":378,"height":378,"caption":"Grupo Volcanes"},"image":{"@id":"https:\/\/volcanes.net\/#\/schema\/logo\/image\/"},"sameAs":["https:\/\/www.facebook.com\/volcanes.net\/"]},{"@type":"Person","@id":"https:\/\/volcanes.net\/#\/schema\/person\/4bf0f383940966a4abd53f5048c0e6b9","name":"admin","image":{"@type":"ImageObject","inLanguage":"es","@id":"https:\/\/volcanes.net\/#\/schema\/person\/image\/","url":"https:\/\/secure.gravatar.com\/avatar\/ca004e6cba8462b8cb7abc86e382930c?s=96&d=mm&r=g","contentUrl":"https:\/\/secure.gravatar.com\/avatar\/ca004e6cba8462b8cb7abc86e382930c?s=96&d=mm&r=g","caption":"admin"}}]}},"_links":{"self":[{"href":"https:\/\/volcanes.net\/index.php?rest_route=\/wp\/v2\/posts\/7642"}],"collection":[{"href":"https:\/\/volcanes.net\/index.php?rest_route=\/wp\/v2\/posts"}],"about":[{"href":"https:\/\/volcanes.net\/index.php?rest_route=\/wp\/v2\/types\/post"}],"author":[{"embeddable":true,"href":"https:\/\/volcanes.net\/index.php?rest_route=\/wp\/v2\/users\/1"}],"replies":[{"embeddable":true,"href":"https:\/\/volcanes.net\/index.php?rest_route=%2Fwp%2Fv2%2Fcomments&post=7642"}],"version-history":[{"count":1,"href":"https:\/\/volcanes.net\/index.php?rest_route=\/wp\/v2\/posts\/7642\/revisions"}],"predecessor-version":[{"id":7644,"href":"https:\/\/volcanes.net\/index.php?rest_route=\/wp\/v2\/posts\/7642\/revisions\/7644"}],"wp:featuredmedia":[{"embeddable":true,"href":"https:\/\/volcanes.net\/index.php?rest_route=\/wp\/v2\/media\/7643"}],"wp:attachment":[{"href":"https:\/\/volcanes.net\/index.php?rest_route=%2Fwp%2Fv2%2Fmedia&parent=7642"}],"wp:term":[{"taxonomy":"category","embeddable":true,"href":"https:\/\/volcanes.net\/index.php?rest_route=%2Fwp%2Fv2%2Fcategories&post=7642"},{"taxonomy":"post_tag","embeddable":true,"href":"https:\/\/volcanes.net\/index.php?rest_route=%2Fwp%2Fv2%2Ftags&post=7642"}],"curies":[{"name":"wp","href":"https:\/\/api.w.org\/{rel}","templated":true}]}}