{"id":766,"date":"2018-01-24T14:44:06","date_gmt":"2018-01-24T14:44:06","guid":{"rendered":"http:\/\/volcanes.net\/?p=766"},"modified":"2018-01-24T14:44:06","modified_gmt":"2018-01-24T14:44:06","slug":"abandona-mexico-dialogo-entre-oposicion-y-gobierno-venezolano","status":"publish","type":"post","link":"https:\/\/volcanes.net\/?p=766","title":{"rendered":"Abandona M\u00e9xico di\u00e1logo entre oposici\u00f3n y gobierno venezolano"},"content":{"rendered":"<div style=\"margin-top: 0px; margin-bottom: 0px;\" class=\"sharethis-inline-share-buttons\" ><\/div><p>El secretario de Relaciones Exteriores de M\u00e9xico, Luis Videgaray, anunci\u00f3 hoy aqu\u00ed la salida de su pa\u00eds como acompa\u00f1ante del proceso de di\u00e1logo entre el gobierno y la oposici\u00f3n en Venezuela, que se realiza en Rep\u00fablica Dominicana.<\/p>\n<p>La decisi\u00f3n fue adoptada por el gobierno del presidente mexicano Enrique Pe\u00f1a Nieto, luego del anuncio realizado este martes por la Asamblea Nacional Constituyente respecto a que se convocar\u00e1 a elecciones presidenciales en Venezuela antes del 30 de abril pr\u00f3ximo.<\/p>\n<p>\u201cLa decisi\u00f3n que ha tomado el d\u00eda de hoy (martes) el gobierno de Venezuela altera de manera esencial el di\u00e1logo y la seriedad\u201d del proceso, indic\u00f3 Videgaray en declaraciones a la prensa, tras una reuni\u00f3n del Grupo de Lima, realizada en la capital chilena<\/p>\n<p>Dijo que \u201cuno de los elementos fundamentales a negociarse en esa mesa era la fecha de la elecci\u00f3n, una negociaci\u00f3n que no estaba concluida. Si una de las partes, en este caso el gobierno, de manera unilateral, define la fecha de la elecci\u00f3n, quiere decir que el proceso de negociaci\u00f3n ha dejado de ser serio\u201d.<\/p>\n<p>\u201cCreemos que el proceso de di\u00e1logo, a partir de la decisi\u00f3n anunciada hoy (martes) en Caracas, ha perdido seriedad y por eso nos retiramos\u201d de la instancia que tiene como sede a Rep\u00fablica Dominicana, subray\u00f3 tras la cita donde 14 pa\u00edses latinoamericanos se pronunciaron sobre la crisis pol\u00edtico-social venezolana.<\/p>\n<p>Puntualiz\u00f3 que M\u00e9xico adopt\u00f3 la decisi\u00f3n \u201ccon gran pesar por el cari\u00f1o que tenemos al pueblo hermano de Venezuela\u201d y acot\u00f3 que el anuncio que se realizar\u00e1n comicios presidenciales en el primer cuatrimestre de este a\u00f1o \u201cnos obliga\u201d a abandonar el di\u00e1logo entre oposici\u00f3n y gobierno porque \u201ccontraviene la esencia del proceso\u201d.<\/p>\n<p>A\u00f1adi\u00f3 que \u201clamentablemente nos vemos obligados a tomar esta decisi\u00f3n (salir del proceso de di\u00e1logo en Rep\u00fablica Dominicana), lo lamentamos profundamente, sobre todo por el pueblo venezolano\u201d.<\/p>\n<p>Videgaray enfatiz\u00f3 que \u201csiempre dijimos que acudir\u00edamos a acompa\u00f1ar el di\u00e1logo, primero convencidos que solo a trav\u00e9s de la negociaci\u00f3n pol\u00edtica puede lograrse una soluci\u00f3n pac\u00edfica que restaure la democracia en Venezuela y que permita que sean los venezolanos, y solo los venezolanos, quienes decidan cu\u00e1l es el camino\u201d.<\/p>\n<p>Acot\u00f3 que acudieron al di\u00e1logo entre el gobierno y la oposici\u00f3n venezolana \u201cde buena fe y siempre y cuando observ\u00e1ramos un di\u00e1logo genuino y serio durante las sesiones de trabajo que ocurrieron en Rep\u00fablica Dominicana, lo que encontramos fue un di\u00e1logo profesional\u201d.<\/p>\n<p>Recalc\u00f3 que \u201cM\u00e9xico seguir\u00e1 haciendo todos los esfuerzos diplom\u00e1ticos, con respeto a la soberan\u00eda venezolana, para contribuir a que esta situaci\u00f3n tan grave se restablezca por la v\u00eda democr\u00e1tica y estaremos abiertos con generosidad y buena fe a participar en cualquier instrumento, proceso o camino que lleve en esa direcci\u00f3n\u201d.<\/p>\n<p>El secretario mexicano de Relaciones Exteriores indic\u00f3 que \u201ctenemos relaciones diplom\u00e1ticas con el gobierno venezolano, tenemos di\u00e1logo, tenemos una relaci\u00f3n de mucho respeto con el canciller venezolano Jorge Arreaza, con quien me reun\u00ed ayer, una reuni\u00f3n cordial, y apostamos a seguir teniendo una relaci\u00f3n diplom\u00e1tica con Venezuela\u201d.<\/p>\n<p>En cuanto a la celebraci\u00f3n de los comicios presidenciales antes del 30 de abril pr\u00f3ximo, coment\u00f3 que \u201csi la elecci\u00f3n se realiza conforme a los est\u00e1ndares internacionales, es una elecci\u00f3n cre\u00edble, robusta, democr\u00e1tica, M\u00e9xico lo va a celebrar. En caso contrario lo vamos a lamentar profundamente\u201d.<\/p>\n<p>\u201cNada nos dar\u00eda m\u00e1s gusto que en Venezuela hubiera una reconciliaci\u00f3n nacional por la v\u00eda de la democracia y las elecciones libres. Lamentamos mucho la decisi\u00f3n (de retirarse del proceso de di\u00e1logo), pero creemos que es una decisi\u00f3n obligada\u201d, recalc\u00f3.<\/p>\n<p>El proceso de di\u00e1logo entre el gobierno y la oposici\u00f3n venezolana en Rep\u00fablica Dominicana sostuvo reuniones el 1 y 15 de diciembre pasado y el 12 de enero de este a\u00f1o con el acompa\u00f1amiento de M\u00e9xico, Chile, San Vicente y las Granadinas, Nicaragua y Bolivia.<\/p>\n","protected":false},"excerpt":{"rendered":"<p>El secretario de Relaciones Exteriores de M\u00e9xico, Luis Videgaray, anunci\u00f3 hoy aqu\u00ed la salida de<\/p>\n","protected":false},"author":1,"featured_media":753,"comment_status":"open","ping_status":"open","sticky":false,"template":"","format":"standard","meta":{"footnotes":""},"categories":[1],"tags":[67],"class_list":["post-766","post","type-post","status-publish","format-standard","has-post-thumbnail","hentry","category-municipales","tag-sre"],"yoast_head":"<!-- This site is optimized with the Yoast SEO plugin v25.3 - https:\/\/yoast.com\/wordpress\/plugins\/seo\/ -->\n<title>Abandona M\u00e9xico di\u00e1logo entre oposici\u00f3n y gobierno venezolano - Volcanes<\/title>\n<meta name=\"robots\" content=\"index, follow, max-snippet:-1, max-image-preview:large, max-video-preview:-1\" \/>\n<link rel=\"canonical\" href=\"https:\/\/volcanes.net\/?p=766\" \/>\n<meta property=\"og:locale\" content=\"es_MX\" \/>\n<meta property=\"og:type\" content=\"article\" \/>\n<meta property=\"og:title\" content=\"Abandona M\u00e9xico di\u00e1logo entre oposici\u00f3n y gobierno venezolano - Volcanes\" \/>\n<meta property=\"og:description\" content=\"El secretario de Relaciones Exteriores de M\u00e9xico, Luis Videgaray, anunci\u00f3 hoy aqu\u00ed la salida de\" \/>\n<meta property=\"og:url\" content=\"https:\/\/volcanes.net\/?p=766\" \/>\n<meta property=\"og:site_name\" content=\"Volcanes\" \/>\n<meta property=\"article:publisher\" content=\"https:\/\/www.facebook.com\/volcanes.net\/\" \/>\n<meta property=\"article:published_time\" content=\"2018-01-24T14:44:06+00:00\" \/>\n<meta property=\"og:image\" content=\"https:\/\/volcanes.net\/wp-content\/uploads\/2018\/01\/videgaray3.jpg\" \/>\n\t<meta property=\"og:image:width\" content=\"400\" \/>\n\t<meta property=\"og:image:height\" content=\"200\" \/>\n\t<meta property=\"og:image:type\" content=\"image\/jpeg\" \/>\n<meta name=\"author\" content=\"admin\" \/>\n<meta name=\"twitter:card\" content=\"summary_large_image\" \/>\n<meta name=\"twitter:label1\" content=\"Escrito por\" \/>\n\t<meta name=\"twitter:data1\" content=\"admin\" \/>\n\t<meta name=\"twitter:label2\" content=\"Tiempo de lectura\" \/>\n\t<meta name=\"twitter:data2\" content=\"3 minutos\" \/>\n<script type=\"application\/ld+json\" class=\"yoast-schema-graph\">{\"@context\":\"https:\/\/schema.org\",\"@graph\":[{\"@type\":\"Article\",\"@id\":\"https:\/\/volcanes.net\/?p=766#article\",\"isPartOf\":{\"@id\":\"https:\/\/volcanes.net\/?p=766\"},\"author\":{\"name\":\"admin\",\"@id\":\"https:\/\/volcanes.net\/#\/schema\/person\/4bf0f383940966a4abd53f5048c0e6b9\"},\"headline\":\"Abandona M\u00e9xico di\u00e1logo entre oposici\u00f3n y gobierno venezolano\",\"datePublished\":\"2018-01-24T14:44:06+00:00\",\"mainEntityOfPage\":{\"@id\":\"https:\/\/volcanes.net\/?p=766\"},\"wordCount\":710,\"commentCount\":0,\"publisher\":{\"@id\":\"https:\/\/volcanes.net\/#organization\"},\"image\":{\"@id\":\"https:\/\/volcanes.net\/?p=766#primaryimage\"},\"thumbnailUrl\":\"https:\/\/volcanes.net\/wp-content\/uploads\/2018\/01\/videgaray3.jpg\",\"keywords\":[\"SRE\"],\"articleSection\":[\"Municipales\"],\"inLanguage\":\"es\",\"potentialAction\":[{\"@type\":\"CommentAction\",\"name\":\"Comment\",\"target\":[\"https:\/\/volcanes.net\/?p=766#respond\"]}]},{\"@type\":\"WebPage\",\"@id\":\"https:\/\/volcanes.net\/?p=766\",\"url\":\"https:\/\/volcanes.net\/?p=766\",\"name\":\"Abandona M\u00e9xico di\u00e1logo entre oposici\u00f3n y gobierno venezolano - Volcanes\",\"isPartOf\":{\"@id\":\"https:\/\/volcanes.net\/#website\"},\"primaryImageOfPage\":{\"@id\":\"https:\/\/volcanes.net\/?p=766#primaryimage\"},\"image\":{\"@id\":\"https:\/\/volcanes.net\/?p=766#primaryimage\"},\"thumbnailUrl\":\"https:\/\/volcanes.net\/wp-content\/uploads\/2018\/01\/videgaray3.jpg\",\"datePublished\":\"2018-01-24T14:44:06+00:00\",\"breadcrumb\":{\"@id\":\"https:\/\/volcanes.net\/?p=766#breadcrumb\"},\"inLanguage\":\"es\",\"potentialAction\":[{\"@type\":\"ReadAction\",\"target\":[\"https:\/\/volcanes.net\/?p=766\"]}]},{\"@type\":\"ImageObject\",\"inLanguage\":\"es\",\"@id\":\"https:\/\/volcanes.net\/?p=766#primaryimage\",\"url\":\"https:\/\/volcanes.net\/wp-content\/uploads\/2018\/01\/videgaray3.jpg\",\"contentUrl\":\"https:\/\/volcanes.net\/wp-content\/uploads\/2018\/01\/videgaray3.jpg\",\"width\":400,\"height\":200},{\"@type\":\"BreadcrumbList\",\"@id\":\"https:\/\/volcanes.net\/?p=766#breadcrumb\",\"itemListElement\":[{\"@type\":\"ListItem\",\"position\":1,\"name\":\"Portada\",\"item\":\"https:\/\/volcanes.net\/\"},{\"@type\":\"ListItem\",\"position\":2,\"name\":\"Abandona M\u00e9xico di\u00e1logo entre oposici\u00f3n y gobierno venezolano\"}]},{\"@type\":\"WebSite\",\"@id\":\"https:\/\/volcanes.net\/#website\",\"url\":\"https:\/\/volcanes.net\/\",\"name\":\"Volcanes.Net\",\"description\":\"Periodismo Profesional\",\"publisher\":{\"@id\":\"https:\/\/volcanes.net\/#organization\"},\"potentialAction\":[{\"@type\":\"SearchAction\",\"target\":{\"@type\":\"EntryPoint\",\"urlTemplate\":\"https:\/\/volcanes.net\/?s={search_term_string}\"},\"query-input\":{\"@type\":\"PropertyValueSpecification\",\"valueRequired\":true,\"valueName\":\"search_term_string\"}}],\"inLanguage\":\"es\"},{\"@type\":\"Organization\",\"@id\":\"https:\/\/volcanes.net\/#organization\",\"name\":\"Grupo Volcanes\",\"url\":\"https:\/\/volcanes.net\/\",\"logo\":{\"@type\":\"ImageObject\",\"inLanguage\":\"es\",\"@id\":\"https:\/\/volcanes.net\/#\/schema\/logo\/image\/\",\"url\":\"http:\/\/volcanes.net\/wp-content\/uploads\/2017\/12\/Avatar2.jpg\",\"contentUrl\":\"http:\/\/volcanes.net\/wp-content\/uploads\/2017\/12\/Avatar2.jpg\",\"width\":378,\"height\":378,\"caption\":\"Grupo Volcanes\"},\"image\":{\"@id\":\"https:\/\/volcanes.net\/#\/schema\/logo\/image\/\"},\"sameAs\":[\"https:\/\/www.facebook.com\/volcanes.net\/\"]},{\"@type\":\"Person\",\"@id\":\"https:\/\/volcanes.net\/#\/schema\/person\/4bf0f383940966a4abd53f5048c0e6b9\",\"name\":\"admin\",\"image\":{\"@type\":\"ImageObject\",\"inLanguage\":\"es\",\"@id\":\"https:\/\/volcanes.net\/#\/schema\/person\/image\/\",\"url\":\"https:\/\/secure.gravatar.com\/avatar\/ca004e6cba8462b8cb7abc86e382930c?s=96&d=mm&r=g\",\"contentUrl\":\"https:\/\/secure.gravatar.com\/avatar\/ca004e6cba8462b8cb7abc86e382930c?s=96&d=mm&r=g\",\"caption\":\"admin\"}}]}<\/script>\n<!-- \/ Yoast SEO plugin. -->","yoast_head_json":{"title":"Abandona M\u00e9xico di\u00e1logo entre oposici\u00f3n y gobierno venezolano - Volcanes","robots":{"index":"index","follow":"follow","max-snippet":"max-snippet:-1","max-image-preview":"max-image-preview:large","max-video-preview":"max-video-preview:-1"},"canonical":"https:\/\/volcanes.net\/?p=766","og_locale":"es_MX","og_type":"article","og_title":"Abandona M\u00e9xico di\u00e1logo entre oposici\u00f3n y gobierno venezolano - Volcanes","og_description":"El secretario de Relaciones Exteriores de M\u00e9xico, Luis Videgaray, anunci\u00f3 hoy aqu\u00ed la salida de","og_url":"https:\/\/volcanes.net\/?p=766","og_site_name":"Volcanes","article_publisher":"https:\/\/www.facebook.com\/volcanes.net\/","article_published_time":"2018-01-24T14:44:06+00:00","og_image":[{"width":400,"height":200,"url":"https:\/\/volcanes.net\/wp-content\/uploads\/2018\/01\/videgaray3.jpg","type":"image\/jpeg"}],"author":"admin","twitter_card":"summary_large_image","twitter_misc":{"Escrito por":"admin","Tiempo de lectura":"3 minutos"},"schema":{"@context":"https:\/\/schema.org","@graph":[{"@type":"Article","@id":"https:\/\/volcanes.net\/?p=766#article","isPartOf":{"@id":"https:\/\/volcanes.net\/?p=766"},"author":{"name":"admin","@id":"https:\/\/volcanes.net\/#\/schema\/person\/4bf0f383940966a4abd53f5048c0e6b9"},"headline":"Abandona M\u00e9xico di\u00e1logo entre oposici\u00f3n y gobierno venezolano","datePublished":"2018-01-24T14:44:06+00:00","mainEntityOfPage":{"@id":"https:\/\/volcanes.net\/?p=766"},"wordCount":710,"commentCount":0,"publisher":{"@id":"https:\/\/volcanes.net\/#organization"},"image":{"@id":"https:\/\/volcanes.net\/?p=766#primaryimage"},"thumbnailUrl":"https:\/\/volcanes.net\/wp-content\/uploads\/2018\/01\/videgaray3.jpg","keywords":["SRE"],"articleSection":["Municipales"],"inLanguage":"es","potentialAction":[{"@type":"CommentAction","name":"Comment","target":["https:\/\/volcanes.net\/?p=766#respond"]}]},{"@type":"WebPage","@id":"https:\/\/volcanes.net\/?p=766","url":"https:\/\/volcanes.net\/?p=766","name":"Abandona M\u00e9xico di\u00e1logo entre oposici\u00f3n y gobierno venezolano - Volcanes","isPartOf":{"@id":"https:\/\/volcanes.net\/#website"},"primaryImageOfPage":{"@id":"https:\/\/volcanes.net\/?p=766#primaryimage"},"image":{"@id":"https:\/\/volcanes.net\/?p=766#primaryimage"},"thumbnailUrl":"https:\/\/volcanes.net\/wp-content\/uploads\/2018\/01\/videgaray3.jpg","datePublished":"2018-01-24T14:44:06+00:00","breadcrumb":{"@id":"https:\/\/volcanes.net\/?p=766#breadcrumb"},"inLanguage":"es","potentialAction":[{"@type":"ReadAction","target":["https:\/\/volcanes.net\/?p=766"]}]},{"@type":"ImageObject","inLanguage":"es","@id":"https:\/\/volcanes.net\/?p=766#primaryimage","url":"https:\/\/volcanes.net\/wp-content\/uploads\/2018\/01\/videgaray3.jpg","contentUrl":"https:\/\/volcanes.net\/wp-content\/uploads\/2018\/01\/videgaray3.jpg","width":400,"height":200},{"@type":"BreadcrumbList","@id":"https:\/\/volcanes.net\/?p=766#breadcrumb","itemListElement":[{"@type":"ListItem","position":1,"name":"Portada","item":"https:\/\/volcanes.net\/"},{"@type":"ListItem","position":2,"name":"Abandona M\u00e9xico di\u00e1logo entre oposici\u00f3n y gobierno venezolano"}]},{"@type":"WebSite","@id":"https:\/\/volcanes.net\/#website","url":"https:\/\/volcanes.net\/","name":"Volcanes.Net","description":"Periodismo Profesional","publisher":{"@id":"https:\/\/volcanes.net\/#organization"},"potentialAction":[{"@type":"SearchAction","target":{"@type":"EntryPoint","urlTemplate":"https:\/\/volcanes.net\/?s={search_term_string}"},"query-input":{"@type":"PropertyValueSpecification","valueRequired":true,"valueName":"search_term_string"}}],"inLanguage":"es"},{"@type":"Organization","@id":"https:\/\/volcanes.net\/#organization","name":"Grupo Volcanes","url":"https:\/\/volcanes.net\/","logo":{"@type":"ImageObject","inLanguage":"es","@id":"https:\/\/volcanes.net\/#\/schema\/logo\/image\/","url":"http:\/\/volcanes.net\/wp-content\/uploads\/2017\/12\/Avatar2.jpg","contentUrl":"http:\/\/volcanes.net\/wp-content\/uploads\/2017\/12\/Avatar2.jpg","width":378,"height":378,"caption":"Grupo Volcanes"},"image":{"@id":"https:\/\/volcanes.net\/#\/schema\/logo\/image\/"},"sameAs":["https:\/\/www.facebook.com\/volcanes.net\/"]},{"@type":"Person","@id":"https:\/\/volcanes.net\/#\/schema\/person\/4bf0f383940966a4abd53f5048c0e6b9","name":"admin","image":{"@type":"ImageObject","inLanguage":"es","@id":"https:\/\/volcanes.net\/#\/schema\/person\/image\/","url":"https:\/\/secure.gravatar.com\/avatar\/ca004e6cba8462b8cb7abc86e382930c?s=96&d=mm&r=g","contentUrl":"https:\/\/secure.gravatar.com\/avatar\/ca004e6cba8462b8cb7abc86e382930c?s=96&d=mm&r=g","caption":"admin"}}]}},"_links":{"self":[{"href":"https:\/\/volcanes.net\/index.php?rest_route=\/wp\/v2\/posts\/766"}],"collection":[{"href":"https:\/\/volcanes.net\/index.php?rest_route=\/wp\/v2\/posts"}],"about":[{"href":"https:\/\/volcanes.net\/index.php?rest_route=\/wp\/v2\/types\/post"}],"author":[{"embeddable":true,"href":"https:\/\/volcanes.net\/index.php?rest_route=\/wp\/v2\/users\/1"}],"replies":[{"embeddable":true,"href":"https:\/\/volcanes.net\/index.php?rest_route=%2Fwp%2Fv2%2Fcomments&post=766"}],"version-history":[{"count":1,"href":"https:\/\/volcanes.net\/index.php?rest_route=\/wp\/v2\/posts\/766\/revisions"}],"predecessor-version":[{"id":767,"href":"https:\/\/volcanes.net\/index.php?rest_route=\/wp\/v2\/posts\/766\/revisions\/767"}],"wp:featuredmedia":[{"embeddable":true,"href":"https:\/\/volcanes.net\/index.php?rest_route=\/wp\/v2\/media\/753"}],"wp:attachment":[{"href":"https:\/\/volcanes.net\/index.php?rest_route=%2Fwp%2Fv2%2Fmedia&parent=766"}],"wp:term":[{"taxonomy":"category","embeddable":true,"href":"https:\/\/volcanes.net\/index.php?rest_route=%2Fwp%2Fv2%2Fcategories&post=766"},{"taxonomy":"post_tag","embeddable":true,"href":"https:\/\/volcanes.net\/index.php?rest_route=%2Fwp%2Fv2%2Ftags&post=766"}],"curies":[{"name":"wp","href":"https:\/\/api.w.org\/{rel}","templated":true}]}}