{"id":7660,"date":"2020-07-22T22:36:10","date_gmt":"2020-07-23T04:36:10","guid":{"rendered":"http:\/\/volcanes.net\/?p=7660"},"modified":"2020-07-22T22:36:10","modified_gmt":"2020-07-23T04:36:10","slug":"secretarias-de-seguridad-desarrollo-social-y-del-trabajo-signan-convenio-interinstitucional-a-favor-de-las-mujeres-en-reclusion","status":"publish","type":"post","link":"https:\/\/volcanes.net\/?p=7660","title":{"rendered":"Secretar\u00edas de seguridad, desarrollo social y del trabajo signan convenio interinstitucional a favor de las mujeres en reclusi\u00f3n."},"content":{"rendered":"<div style=\"margin-top: 0px; margin-bottom: 0px;\" class=\"sharethis-inline-share-buttons\" ><\/div><p>Rosy Hern\u00e1ndez | Volcanes Multimedios.<\/p>\n<ul>\n<li>Tiene por objetivo desarrollar habilidades de capacitaci\u00f3n para el trabajo y socioemocionales de las PPL<br \/>\n\u2022 Se busca fomentar la cultura del autoempleo<\/li>\n<\/ul>\n<p>Toluca, Estado de M\u00e9xico, 22 de julio de 2020. \u2013 Como parte de los programas para la reinserci\u00f3n social de las Personas Privadas de la Libertad (PPL), as\u00ed como los servicios post penales, el Gobierno del Estado de M\u00e9xico a trav\u00e9s de las Secretar\u00edas de Seguridad (SS), Desarrollo Social y del Trabajo, signaron un convenio de colaboraci\u00f3n para impulsar el pleno progreso de mujeres en reclusi\u00f3n, en el que se incluye a los hijos de las mismas.<\/p>\n<p>En el Centro de Control, Comando, Comunicaci\u00f3n, C\u00f3mputo y Calidad (C5), Maribel Cervantes Guerrero, titular de la SS, comparti\u00f3 que esta iniciativa interinstitucional tiene por objetivo desarrollar habilidades de capacitaci\u00f3n para el trabajo y socioemocionales de las mujeres de los Centros Penitenciarios, a fin de empoderarlas y proporcionar las herramientas necesarias para un futuro en libertad.<\/p>\n<p>Tambi\u00e9n se pretende impulsar un programa para hijas e hijos de mujeres en situaci\u00f3n de reclusi\u00f3n, en el que se facilitar\u00e1n apoyos que contribuyan a su bienestar a trav\u00e9s de cinco acciones: distribuci\u00f3n de vales; becas para escuelas de artes y oficios; canastas alimentarias; canalizaci\u00f3n m\u00e9dica y psicol\u00f3gica, as\u00ed como apoyo para el autoempleo y microcr\u00e9ditos.<\/p>\n<p>Nuestro compromiso es seguir avanzando en el mejoramiento del Sistema Penitenciario, en el impulso de un trato justo y apegado a derecho para la poblaci\u00f3n reclusa y en la creaci\u00f3n de condiciones para que la Reinserci\u00f3n Social de quien recupere su libertad sea en beneficio de nuestra entidad, reiter\u00f3 la funcionaria.<\/p>\n<p>Este convenio pretende concretar tres acciones espec\u00edficas, en primer lugar, se prev\u00e9 promocionar la cultura del autoempleo con la impartici\u00f3n de 10 talleres y crear alianzas con la iniciativa privada; seguido por la impartici\u00f3n de talleres de Desarrollo Humano, tres bases y siete de seguimiento y finalmente la creaci\u00f3n de bibliotecas para fomentar la lectura, en el que se buscar\u00e1 la donaci\u00f3n de libros en temas de salud, derecho, acci\u00f3n, poes\u00eda, novela, comedia y superaci\u00f3n personal.<\/p>\n<p>Por su parte, Martha Hilda Gonz\u00e1lez Calder\u00f3n, Secretaria del Trabajo, expres\u00f3 la satisfacci\u00f3n de contribuir a la causa de mejora para estas mujeres en estado de vulnerabilidad, as\u00ed como el compromiso de ejecutar cada uno de los puntos previstos en la firma, por ello propuso establecer una mesa de evaluaci\u00f3n con reuniones peri\u00f3dicas que permitan la mejora.<\/p>\n<p>En su intervenci\u00f3n, el Secretario de Desarrollo Social, Eric Sevilla Montes de Oca subray\u00f3 que la violencia de g\u00e9nero tambi\u00e9n est\u00e1 representada por la discriminaci\u00f3n y el abandono, sobre todo, cuando se trata de mujeres recluidas en centros de prevenci\u00f3n y readaptaci\u00f3n social.<\/p>\n<p>Expres\u00f3 que \u201cpor ello, para el Gobierno del Estado de M\u00e9xico, este es un fen\u00f3meno que merece toda la atenci\u00f3n institucional y aqu\u00ed reside la importancia del convenio suscrito en favor de estas mexiquenses y de sus familias, \u00abes as\u00ed que al impulsar pol\u00edticas inclusivas y con perspectiva de g\u00e9nero, haremos que m\u00e1s de ellas desarrollen sus capacidades, se incorporen al mercado productivo y promuevan el desarrollo econ\u00f3mico y social de sus familias\u201d, concluy\u00f3.<\/p>\n<p>A la firma tambi\u00e9n asistieron Manuel Palma Rangel, Subsecretario de Control Penitenciario y Melissa Estefan\u00eda Vargas Camacho, Vocal Ejecutiva del Consejo Estatal de la Mujer y Bienestar Social.<\/p>\n<p>La Secretar\u00eda de Seguridad le recuerda que los tel\u00e9fonos 089 Denuncia An\u00f3nima y 9-1-1 N\u00famero de Emergencias trabajan las 24 horas del d\u00eda. Puede contactarnos a trav\u00e9s de las redes sociales: Facebook @SS.Edomex, y en Twitter @ SS_Edomex.<\/p>\n<p>&nbsp;<\/p>\n","protected":false},"excerpt":{"rendered":"<p>Rosy Hern\u00e1ndez | Volcanes Multimedios. Tiene por objetivo desarrollar habilidades de capacitaci\u00f3n para el trabajo<\/p>\n","protected":false},"author":1,"featured_media":7661,"comment_status":"open","ping_status":"open","sticky":false,"template":"","format":"standard","meta":{"footnotes":""},"categories":[3],"tags":[265],"class_list":["post-7660","post","type-post","status-publish","format-standard","has-post-thumbnail","hentry","category-estatales","tag-grupovolcanes"],"yoast_head":"<!-- This site is optimized with the Yoast SEO plugin v25.3 - https:\/\/yoast.com\/wordpress\/plugins\/seo\/ -->\n<title>Secretar\u00edas de seguridad, desarrollo social y del trabajo signan convenio interinstitucional a favor de las mujeres en reclusi\u00f3n. - Volcanes<\/title>\n<meta name=\"robots\" content=\"index, follow, max-snippet:-1, max-image-preview:large, max-video-preview:-1\" \/>\n<link rel=\"canonical\" href=\"https:\/\/volcanes.net\/?p=7660\" \/>\n<meta property=\"og:locale\" content=\"es_MX\" \/>\n<meta property=\"og:type\" content=\"article\" \/>\n<meta property=\"og:title\" content=\"Secretar\u00edas de seguridad, desarrollo social y del trabajo signan convenio interinstitucional a favor de las mujeres en reclusi\u00f3n. - Volcanes\" \/>\n<meta property=\"og:description\" content=\"Rosy Hern\u00e1ndez | Volcanes Multimedios. Tiene por objetivo desarrollar habilidades de capacitaci\u00f3n para el trabajo\" \/>\n<meta property=\"og:url\" content=\"https:\/\/volcanes.net\/?p=7660\" \/>\n<meta property=\"og:site_name\" content=\"Volcanes\" \/>\n<meta property=\"article:publisher\" content=\"https:\/\/www.facebook.com\/volcanes.net\/\" \/>\n<meta property=\"article:published_time\" content=\"2020-07-23T04:36:10+00:00\" \/>\n<meta property=\"og:image\" content=\"https:\/\/volcanes.net\/wp-content\/uploads\/2020\/07\/WhatsApp-Image-2020-07-22-at-3.35.05-PM.jpeg\" \/>\n\t<meta property=\"og:image:width\" content=\"1280\" \/>\n\t<meta property=\"og:image:height\" content=\"853\" \/>\n\t<meta property=\"og:image:type\" content=\"image\/jpeg\" \/>\n<meta name=\"author\" content=\"admin\" \/>\n<meta name=\"twitter:card\" content=\"summary_large_image\" \/>\n<meta name=\"twitter:label1\" content=\"Escrito por\" \/>\n\t<meta name=\"twitter:data1\" content=\"admin\" \/>\n\t<meta name=\"twitter:label2\" content=\"Tiempo de lectura\" \/>\n\t<meta name=\"twitter:data2\" content=\"3 minutos\" \/>\n<script type=\"application\/ld+json\" class=\"yoast-schema-graph\">{\"@context\":\"https:\/\/schema.org\",\"@graph\":[{\"@type\":\"Article\",\"@id\":\"https:\/\/volcanes.net\/?p=7660#article\",\"isPartOf\":{\"@id\":\"https:\/\/volcanes.net\/?p=7660\"},\"author\":{\"name\":\"admin\",\"@id\":\"https:\/\/volcanes.net\/#\/schema\/person\/4bf0f383940966a4abd53f5048c0e6b9\"},\"headline\":\"Secretar\u00edas de seguridad, desarrollo social y del trabajo signan convenio interinstitucional a favor de las mujeres en reclusi\u00f3n.\",\"datePublished\":\"2020-07-23T04:36:10+00:00\",\"mainEntityOfPage\":{\"@id\":\"https:\/\/volcanes.net\/?p=7660\"},\"wordCount\":658,\"commentCount\":0,\"publisher\":{\"@id\":\"https:\/\/volcanes.net\/#organization\"},\"image\":{\"@id\":\"https:\/\/volcanes.net\/?p=7660#primaryimage\"},\"thumbnailUrl\":\"https:\/\/volcanes.net\/wp-content\/uploads\/2020\/07\/WhatsApp-Image-2020-07-22-at-3.35.05-PM.jpeg\",\"keywords\":[\"GrupoVolcanes\"],\"articleSection\":[\"Estatales\"],\"inLanguage\":\"es\",\"potentialAction\":[{\"@type\":\"CommentAction\",\"name\":\"Comment\",\"target\":[\"https:\/\/volcanes.net\/?p=7660#respond\"]}]},{\"@type\":\"WebPage\",\"@id\":\"https:\/\/volcanes.net\/?p=7660\",\"url\":\"https:\/\/volcanes.net\/?p=7660\",\"name\":\"Secretar\u00edas de seguridad, desarrollo social y del trabajo signan convenio interinstitucional a favor de las mujeres en reclusi\u00f3n. - Volcanes\",\"isPartOf\":{\"@id\":\"https:\/\/volcanes.net\/#website\"},\"primaryImageOfPage\":{\"@id\":\"https:\/\/volcanes.net\/?p=7660#primaryimage\"},\"image\":{\"@id\":\"https:\/\/volcanes.net\/?p=7660#primaryimage\"},\"thumbnailUrl\":\"https:\/\/volcanes.net\/wp-content\/uploads\/2020\/07\/WhatsApp-Image-2020-07-22-at-3.35.05-PM.jpeg\",\"datePublished\":\"2020-07-23T04:36:10+00:00\",\"breadcrumb\":{\"@id\":\"https:\/\/volcanes.net\/?p=7660#breadcrumb\"},\"inLanguage\":\"es\",\"potentialAction\":[{\"@type\":\"ReadAction\",\"target\":[\"https:\/\/volcanes.net\/?p=7660\"]}]},{\"@type\":\"ImageObject\",\"inLanguage\":\"es\",\"@id\":\"https:\/\/volcanes.net\/?p=7660#primaryimage\",\"url\":\"https:\/\/volcanes.net\/wp-content\/uploads\/2020\/07\/WhatsApp-Image-2020-07-22-at-3.35.05-PM.jpeg\",\"contentUrl\":\"https:\/\/volcanes.net\/wp-content\/uploads\/2020\/07\/WhatsApp-Image-2020-07-22-at-3.35.05-PM.jpeg\",\"width\":1280,\"height\":853},{\"@type\":\"BreadcrumbList\",\"@id\":\"https:\/\/volcanes.net\/?p=7660#breadcrumb\",\"itemListElement\":[{\"@type\":\"ListItem\",\"position\":1,\"name\":\"Portada\",\"item\":\"https:\/\/volcanes.net\/\"},{\"@type\":\"ListItem\",\"position\":2,\"name\":\"Secretar\u00edas de seguridad, desarrollo social y del trabajo signan convenio interinstitucional a favor de las mujeres en reclusi\u00f3n.\"}]},{\"@type\":\"WebSite\",\"@id\":\"https:\/\/volcanes.net\/#website\",\"url\":\"https:\/\/volcanes.net\/\",\"name\":\"Volcanes.Net\",\"description\":\"Periodismo Profesional\",\"publisher\":{\"@id\":\"https:\/\/volcanes.net\/#organization\"},\"potentialAction\":[{\"@type\":\"SearchAction\",\"target\":{\"@type\":\"EntryPoint\",\"urlTemplate\":\"https:\/\/volcanes.net\/?s={search_term_string}\"},\"query-input\":{\"@type\":\"PropertyValueSpecification\",\"valueRequired\":true,\"valueName\":\"search_term_string\"}}],\"inLanguage\":\"es\"},{\"@type\":\"Organization\",\"@id\":\"https:\/\/volcanes.net\/#organization\",\"name\":\"Grupo Volcanes\",\"url\":\"https:\/\/volcanes.net\/\",\"logo\":{\"@type\":\"ImageObject\",\"inLanguage\":\"es\",\"@id\":\"https:\/\/volcanes.net\/#\/schema\/logo\/image\/\",\"url\":\"http:\/\/volcanes.net\/wp-content\/uploads\/2017\/12\/Avatar2.jpg\",\"contentUrl\":\"http:\/\/volcanes.net\/wp-content\/uploads\/2017\/12\/Avatar2.jpg\",\"width\":378,\"height\":378,\"caption\":\"Grupo Volcanes\"},\"image\":{\"@id\":\"https:\/\/volcanes.net\/#\/schema\/logo\/image\/\"},\"sameAs\":[\"https:\/\/www.facebook.com\/volcanes.net\/\"]},{\"@type\":\"Person\",\"@id\":\"https:\/\/volcanes.net\/#\/schema\/person\/4bf0f383940966a4abd53f5048c0e6b9\",\"name\":\"admin\",\"image\":{\"@type\":\"ImageObject\",\"inLanguage\":\"es\",\"@id\":\"https:\/\/volcanes.net\/#\/schema\/person\/image\/\",\"url\":\"https:\/\/secure.gravatar.com\/avatar\/ca004e6cba8462b8cb7abc86e382930c?s=96&d=mm&r=g\",\"contentUrl\":\"https:\/\/secure.gravatar.com\/avatar\/ca004e6cba8462b8cb7abc86e382930c?s=96&d=mm&r=g\",\"caption\":\"admin\"}}]}<\/script>\n<!-- \/ Yoast SEO plugin. -->","yoast_head_json":{"title":"Secretar\u00edas de seguridad, desarrollo social y del trabajo signan convenio interinstitucional a favor de las mujeres en reclusi\u00f3n. - Volcanes","robots":{"index":"index","follow":"follow","max-snippet":"max-snippet:-1","max-image-preview":"max-image-preview:large","max-video-preview":"max-video-preview:-1"},"canonical":"https:\/\/volcanes.net\/?p=7660","og_locale":"es_MX","og_type":"article","og_title":"Secretar\u00edas de seguridad, desarrollo social y del trabajo signan convenio interinstitucional a favor de las mujeres en reclusi\u00f3n. - Volcanes","og_description":"Rosy Hern\u00e1ndez | Volcanes Multimedios. Tiene por objetivo desarrollar habilidades de capacitaci\u00f3n para el trabajo","og_url":"https:\/\/volcanes.net\/?p=7660","og_site_name":"Volcanes","article_publisher":"https:\/\/www.facebook.com\/volcanes.net\/","article_published_time":"2020-07-23T04:36:10+00:00","og_image":[{"width":1280,"height":853,"url":"https:\/\/volcanes.net\/wp-content\/uploads\/2020\/07\/WhatsApp-Image-2020-07-22-at-3.35.05-PM.jpeg","type":"image\/jpeg"}],"author":"admin","twitter_card":"summary_large_image","twitter_misc":{"Escrito por":"admin","Tiempo de lectura":"3 minutos"},"schema":{"@context":"https:\/\/schema.org","@graph":[{"@type":"Article","@id":"https:\/\/volcanes.net\/?p=7660#article","isPartOf":{"@id":"https:\/\/volcanes.net\/?p=7660"},"author":{"name":"admin","@id":"https:\/\/volcanes.net\/#\/schema\/person\/4bf0f383940966a4abd53f5048c0e6b9"},"headline":"Secretar\u00edas de seguridad, desarrollo social y del trabajo signan convenio interinstitucional a favor de las mujeres en reclusi\u00f3n.","datePublished":"2020-07-23T04:36:10+00:00","mainEntityOfPage":{"@id":"https:\/\/volcanes.net\/?p=7660"},"wordCount":658,"commentCount":0,"publisher":{"@id":"https:\/\/volcanes.net\/#organization"},"image":{"@id":"https:\/\/volcanes.net\/?p=7660#primaryimage"},"thumbnailUrl":"https:\/\/volcanes.net\/wp-content\/uploads\/2020\/07\/WhatsApp-Image-2020-07-22-at-3.35.05-PM.jpeg","keywords":["GrupoVolcanes"],"articleSection":["Estatales"],"inLanguage":"es","potentialAction":[{"@type":"CommentAction","name":"Comment","target":["https:\/\/volcanes.net\/?p=7660#respond"]}]},{"@type":"WebPage","@id":"https:\/\/volcanes.net\/?p=7660","url":"https:\/\/volcanes.net\/?p=7660","name":"Secretar\u00edas de seguridad, desarrollo social y del trabajo signan convenio interinstitucional a favor de las mujeres en reclusi\u00f3n. - Volcanes","isPartOf":{"@id":"https:\/\/volcanes.net\/#website"},"primaryImageOfPage":{"@id":"https:\/\/volcanes.net\/?p=7660#primaryimage"},"image":{"@id":"https:\/\/volcanes.net\/?p=7660#primaryimage"},"thumbnailUrl":"https:\/\/volcanes.net\/wp-content\/uploads\/2020\/07\/WhatsApp-Image-2020-07-22-at-3.35.05-PM.jpeg","datePublished":"2020-07-23T04:36:10+00:00","breadcrumb":{"@id":"https:\/\/volcanes.net\/?p=7660#breadcrumb"},"inLanguage":"es","potentialAction":[{"@type":"ReadAction","target":["https:\/\/volcanes.net\/?p=7660"]}]},{"@type":"ImageObject","inLanguage":"es","@id":"https:\/\/volcanes.net\/?p=7660#primaryimage","url":"https:\/\/volcanes.net\/wp-content\/uploads\/2020\/07\/WhatsApp-Image-2020-07-22-at-3.35.05-PM.jpeg","contentUrl":"https:\/\/volcanes.net\/wp-content\/uploads\/2020\/07\/WhatsApp-Image-2020-07-22-at-3.35.05-PM.jpeg","width":1280,"height":853},{"@type":"BreadcrumbList","@id":"https:\/\/volcanes.net\/?p=7660#breadcrumb","itemListElement":[{"@type":"ListItem","position":1,"name":"Portada","item":"https:\/\/volcanes.net\/"},{"@type":"ListItem","position":2,"name":"Secretar\u00edas de seguridad, desarrollo social y del trabajo signan convenio interinstitucional a favor de las mujeres en reclusi\u00f3n."}]},{"@type":"WebSite","@id":"https:\/\/volcanes.net\/#website","url":"https:\/\/volcanes.net\/","name":"Volcanes.Net","description":"Periodismo Profesional","publisher":{"@id":"https:\/\/volcanes.net\/#organization"},"potentialAction":[{"@type":"SearchAction","target":{"@type":"EntryPoint","urlTemplate":"https:\/\/volcanes.net\/?s={search_term_string}"},"query-input":{"@type":"PropertyValueSpecification","valueRequired":true,"valueName":"search_term_string"}}],"inLanguage":"es"},{"@type":"Organization","@id":"https:\/\/volcanes.net\/#organization","name":"Grupo Volcanes","url":"https:\/\/volcanes.net\/","logo":{"@type":"ImageObject","inLanguage":"es","@id":"https:\/\/volcanes.net\/#\/schema\/logo\/image\/","url":"http:\/\/volcanes.net\/wp-content\/uploads\/2017\/12\/Avatar2.jpg","contentUrl":"http:\/\/volcanes.net\/wp-content\/uploads\/2017\/12\/Avatar2.jpg","width":378,"height":378,"caption":"Grupo Volcanes"},"image":{"@id":"https:\/\/volcanes.net\/#\/schema\/logo\/image\/"},"sameAs":["https:\/\/www.facebook.com\/volcanes.net\/"]},{"@type":"Person","@id":"https:\/\/volcanes.net\/#\/schema\/person\/4bf0f383940966a4abd53f5048c0e6b9","name":"admin","image":{"@type":"ImageObject","inLanguage":"es","@id":"https:\/\/volcanes.net\/#\/schema\/person\/image\/","url":"https:\/\/secure.gravatar.com\/avatar\/ca004e6cba8462b8cb7abc86e382930c?s=96&d=mm&r=g","contentUrl":"https:\/\/secure.gravatar.com\/avatar\/ca004e6cba8462b8cb7abc86e382930c?s=96&d=mm&r=g","caption":"admin"}}]}},"_links":{"self":[{"href":"https:\/\/volcanes.net\/index.php?rest_route=\/wp\/v2\/posts\/7660"}],"collection":[{"href":"https:\/\/volcanes.net\/index.php?rest_route=\/wp\/v2\/posts"}],"about":[{"href":"https:\/\/volcanes.net\/index.php?rest_route=\/wp\/v2\/types\/post"}],"author":[{"embeddable":true,"href":"https:\/\/volcanes.net\/index.php?rest_route=\/wp\/v2\/users\/1"}],"replies":[{"embeddable":true,"href":"https:\/\/volcanes.net\/index.php?rest_route=%2Fwp%2Fv2%2Fcomments&post=7660"}],"version-history":[{"count":1,"href":"https:\/\/volcanes.net\/index.php?rest_route=\/wp\/v2\/posts\/7660\/revisions"}],"predecessor-version":[{"id":7662,"href":"https:\/\/volcanes.net\/index.php?rest_route=\/wp\/v2\/posts\/7660\/revisions\/7662"}],"wp:featuredmedia":[{"embeddable":true,"href":"https:\/\/volcanes.net\/index.php?rest_route=\/wp\/v2\/media\/7661"}],"wp:attachment":[{"href":"https:\/\/volcanes.net\/index.php?rest_route=%2Fwp%2Fv2%2Fmedia&parent=7660"}],"wp:term":[{"taxonomy":"category","embeddable":true,"href":"https:\/\/volcanes.net\/index.php?rest_route=%2Fwp%2Fv2%2Fcategories&post=7660"},{"taxonomy":"post_tag","embeddable":true,"href":"https:\/\/volcanes.net\/index.php?rest_route=%2Fwp%2Fv2%2Ftags&post=7660"}],"curies":[{"name":"wp","href":"https:\/\/api.w.org\/{rel}","templated":true}]}}