{"id":7663,"date":"2020-07-22T22:38:31","date_gmt":"2020-07-23T04:38:31","guid":{"rendered":"http:\/\/volcanes.net\/?p=7663"},"modified":"2020-07-22T22:38:31","modified_gmt":"2020-07-23T04:38:31","slug":"aprovechan-en-valle-de-chalco-temporada-de-lluvias-para-reforestar","status":"publish","type":"post","link":"https:\/\/volcanes.net\/?p=7663","title":{"rendered":"Aprovechan en Valle De Chalco temporada de lluvias para reforestar"},"content":{"rendered":"<div style=\"margin-top: 0px; margin-bottom: 0px;\" class=\"sharethis-inline-share-buttons\" ><\/div><p>Guillermo L\u00f3pez Valencia | Mexiquenses Multimedios.<\/p>\n<p>Armando Reyes Regalado Treceavo Regidor Emanado del Partido Verde Dirige Los Trabajos<\/p>\n<p>Valle de Chalco, Estado de M\u00e9xico.- Como parte de las actividades de reforestaci\u00f3n que est\u00e1 llevando a cabo la Treceava Regidur\u00eda, encabezada por Armando Reyes Regalado, comisionado en Ecolog\u00eda y Conservaci\u00f3n de Medio Ambiente, acompa\u00f1ado de su equipo de trabajo, contin\u00faan las Jornadas De Reforestaci\u00f3n, aprovechando la temporada de lluvias y en d\u00edas pr\u00f3ximos continuar\u00e1n con la plantaci\u00f3n de m\u00e1s \u00e1rboles.<\/p>\n<p>En entrevista telef\u00f3nica, dijo que se han sembrado hasta \u00e9ste momento m\u00e1s de sesenta \u00e1rboles frutales y del tipo ficus en diferentes lugares del municipio. \u00abEstamos realizando jornadas de calidad y no de cantidad\u00bb, asegur\u00f3; adem\u00e1s dijo que el objetivo principal es que lo que se ha sembrado tenga por lo menos el 90% de efectividad; es decir, que la mayor parte de \u00e1rboles sembrados hasta este momento si se logran.<\/p>\n<p>De igual forma, aprovech\u00f3 para agradecer a los ciudadanos que han colaborado en los trabajos y pide a las personas que los cuiden, prueba de ello son algunos programas como lo es \u00abAdopta un \u00c1rbol\u00bb, reiter\u00f3 que ha aceptado retos de parte del Presidente Estatal del Partido Verde Ecologista De M\u00e9xico, que preside el Diputado Jos\u00e9 Alberto Couttolenc, dirigidos b\u00e1sicamente en seguir trabajando los temas en beneficio de nuestro medio ambiente y principalmente en la reforestaci\u00f3n.<\/p>\n<p>Es de destacar que en un audiovisual difundido en sus redes sociales, el funcionario municipal, revel\u00f3 muy buenas noticias, esto se logr\u00f3 gracias a las iniciativas de Ley que propusieron los Diputados de la \u00abFamilia Verde\u00bb, y que ya fueron aprobados, de \u00e9sta forma se modifica la Ley Org\u00e1nica municipal en el Estado, misma que va encaminada para garantizar el mantenimiento, mejoramiento y la recuperaci\u00f3n de los espacios verdes de nuestro Estado de M\u00e9xico.<\/p>\n<p>Con est\u00e1s acciones se lograr\u00e1n las reforestaciones y el cuidado de los \u00e1rboles que ya se han plantado, de \u00e9sta manera se disminuir\u00e1 la contaminaci\u00f3n y se tendr\u00e1 un aire m\u00e1s limpio. Finalmente se\u00f1al\u00f3 que la Ley para cuidar las \u00e1reas verdes, actualmente ya es una realidad.<\/p>\n<p>&nbsp;<\/p>\n","protected":false},"excerpt":{"rendered":"<p>Guillermo L\u00f3pez Valencia | Mexiquenses Multimedios. Armando Reyes Regalado Treceavo Regidor Emanado del Partido Verde<\/p>\n","protected":false},"author":1,"featured_media":7664,"comment_status":"open","ping_status":"open","sticky":false,"template":"","format":"standard","meta":{"footnotes":""},"categories":[1],"tags":[5],"class_list":["post-7663","post","type-post","status-publish","format-standard","has-post-thumbnail","hentry","category-municipales","tag-valle-de-chalco"],"yoast_head":"<!-- This site is optimized with the Yoast SEO plugin v25.3 - https:\/\/yoast.com\/wordpress\/plugins\/seo\/ -->\n<title>Aprovechan en Valle De Chalco temporada de lluvias para reforestar - Volcanes<\/title>\n<meta name=\"robots\" content=\"index, follow, max-snippet:-1, max-image-preview:large, max-video-preview:-1\" \/>\n<link rel=\"canonical\" href=\"https:\/\/volcanes.net\/?p=7663\" \/>\n<meta property=\"og:locale\" content=\"es_MX\" \/>\n<meta property=\"og:type\" content=\"article\" \/>\n<meta property=\"og:title\" content=\"Aprovechan en Valle De Chalco temporada de lluvias para reforestar - Volcanes\" \/>\n<meta property=\"og:description\" content=\"Guillermo L\u00f3pez Valencia | Mexiquenses Multimedios. Armando Reyes Regalado Treceavo Regidor Emanado del Partido Verde\" \/>\n<meta property=\"og:url\" content=\"https:\/\/volcanes.net\/?p=7663\" \/>\n<meta property=\"og:site_name\" content=\"Volcanes\" \/>\n<meta property=\"article:publisher\" content=\"https:\/\/www.facebook.com\/volcanes.net\/\" \/>\n<meta property=\"article:published_time\" content=\"2020-07-23T04:38:31+00:00\" \/>\n<meta property=\"og:image\" content=\"https:\/\/volcanes.net\/wp-content\/uploads\/2020\/07\/WhatsApp-Image-2020-07-22-at-8.52.50-PM.jpeg\" \/>\n\t<meta property=\"og:image:width\" content=\"393\" \/>\n\t<meta property=\"og:image:height\" content=\"210\" \/>\n\t<meta property=\"og:image:type\" content=\"image\/jpeg\" \/>\n<meta name=\"author\" content=\"admin\" \/>\n<meta name=\"twitter:card\" content=\"summary_large_image\" \/>\n<meta name=\"twitter:label1\" content=\"Escrito por\" \/>\n\t<meta name=\"twitter:data1\" content=\"admin\" \/>\n\t<meta name=\"twitter:label2\" content=\"Tiempo de lectura\" \/>\n\t<meta name=\"twitter:data2\" content=\"2 minutos\" \/>\n<script type=\"application\/ld+json\" class=\"yoast-schema-graph\">{\"@context\":\"https:\/\/schema.org\",\"@graph\":[{\"@type\":\"Article\",\"@id\":\"https:\/\/volcanes.net\/?p=7663#article\",\"isPartOf\":{\"@id\":\"https:\/\/volcanes.net\/?p=7663\"},\"author\":{\"name\":\"admin\",\"@id\":\"https:\/\/volcanes.net\/#\/schema\/person\/4bf0f383940966a4abd53f5048c0e6b9\"},\"headline\":\"Aprovechan en Valle De Chalco temporada de lluvias para reforestar\",\"datePublished\":\"2020-07-23T04:38:31+00:00\",\"mainEntityOfPage\":{\"@id\":\"https:\/\/volcanes.net\/?p=7663\"},\"wordCount\":385,\"commentCount\":0,\"publisher\":{\"@id\":\"https:\/\/volcanes.net\/#organization\"},\"image\":{\"@id\":\"https:\/\/volcanes.net\/?p=7663#primaryimage\"},\"thumbnailUrl\":\"https:\/\/volcanes.net\/wp-content\/uploads\/2020\/07\/WhatsApp-Image-2020-07-22-at-8.52.50-PM.jpeg\",\"keywords\":[\"Valle de Chalco\"],\"articleSection\":[\"Municipales\"],\"inLanguage\":\"es\",\"potentialAction\":[{\"@type\":\"CommentAction\",\"name\":\"Comment\",\"target\":[\"https:\/\/volcanes.net\/?p=7663#respond\"]}]},{\"@type\":\"WebPage\",\"@id\":\"https:\/\/volcanes.net\/?p=7663\",\"url\":\"https:\/\/volcanes.net\/?p=7663\",\"name\":\"Aprovechan en Valle De Chalco temporada de lluvias para reforestar - Volcanes\",\"isPartOf\":{\"@id\":\"https:\/\/volcanes.net\/#website\"},\"primaryImageOfPage\":{\"@id\":\"https:\/\/volcanes.net\/?p=7663#primaryimage\"},\"image\":{\"@id\":\"https:\/\/volcanes.net\/?p=7663#primaryimage\"},\"thumbnailUrl\":\"https:\/\/volcanes.net\/wp-content\/uploads\/2020\/07\/WhatsApp-Image-2020-07-22-at-8.52.50-PM.jpeg\",\"datePublished\":\"2020-07-23T04:38:31+00:00\",\"breadcrumb\":{\"@id\":\"https:\/\/volcanes.net\/?p=7663#breadcrumb\"},\"inLanguage\":\"es\",\"potentialAction\":[{\"@type\":\"ReadAction\",\"target\":[\"https:\/\/volcanes.net\/?p=7663\"]}]},{\"@type\":\"ImageObject\",\"inLanguage\":\"es\",\"@id\":\"https:\/\/volcanes.net\/?p=7663#primaryimage\",\"url\":\"https:\/\/volcanes.net\/wp-content\/uploads\/2020\/07\/WhatsApp-Image-2020-07-22-at-8.52.50-PM.jpeg\",\"contentUrl\":\"https:\/\/volcanes.net\/wp-content\/uploads\/2020\/07\/WhatsApp-Image-2020-07-22-at-8.52.50-PM.jpeg\",\"width\":393,\"height\":210},{\"@type\":\"BreadcrumbList\",\"@id\":\"https:\/\/volcanes.net\/?p=7663#breadcrumb\",\"itemListElement\":[{\"@type\":\"ListItem\",\"position\":1,\"name\":\"Portada\",\"item\":\"https:\/\/volcanes.net\/\"},{\"@type\":\"ListItem\",\"position\":2,\"name\":\"Aprovechan en Valle De Chalco temporada de lluvias para reforestar\"}]},{\"@type\":\"WebSite\",\"@id\":\"https:\/\/volcanes.net\/#website\",\"url\":\"https:\/\/volcanes.net\/\",\"name\":\"Volcanes.Net\",\"description\":\"Periodismo Profesional\",\"publisher\":{\"@id\":\"https:\/\/volcanes.net\/#organization\"},\"potentialAction\":[{\"@type\":\"SearchAction\",\"target\":{\"@type\":\"EntryPoint\",\"urlTemplate\":\"https:\/\/volcanes.net\/?s={search_term_string}\"},\"query-input\":{\"@type\":\"PropertyValueSpecification\",\"valueRequired\":true,\"valueName\":\"search_term_string\"}}],\"inLanguage\":\"es\"},{\"@type\":\"Organization\",\"@id\":\"https:\/\/volcanes.net\/#organization\",\"name\":\"Grupo Volcanes\",\"url\":\"https:\/\/volcanes.net\/\",\"logo\":{\"@type\":\"ImageObject\",\"inLanguage\":\"es\",\"@id\":\"https:\/\/volcanes.net\/#\/schema\/logo\/image\/\",\"url\":\"http:\/\/volcanes.net\/wp-content\/uploads\/2017\/12\/Avatar2.jpg\",\"contentUrl\":\"http:\/\/volcanes.net\/wp-content\/uploads\/2017\/12\/Avatar2.jpg\",\"width\":378,\"height\":378,\"caption\":\"Grupo Volcanes\"},\"image\":{\"@id\":\"https:\/\/volcanes.net\/#\/schema\/logo\/image\/\"},\"sameAs\":[\"https:\/\/www.facebook.com\/volcanes.net\/\"]},{\"@type\":\"Person\",\"@id\":\"https:\/\/volcanes.net\/#\/schema\/person\/4bf0f383940966a4abd53f5048c0e6b9\",\"name\":\"admin\",\"image\":{\"@type\":\"ImageObject\",\"inLanguage\":\"es\",\"@id\":\"https:\/\/volcanes.net\/#\/schema\/person\/image\/\",\"url\":\"https:\/\/secure.gravatar.com\/avatar\/ca004e6cba8462b8cb7abc86e382930c?s=96&d=mm&r=g\",\"contentUrl\":\"https:\/\/secure.gravatar.com\/avatar\/ca004e6cba8462b8cb7abc86e382930c?s=96&d=mm&r=g\",\"caption\":\"admin\"}}]}<\/script>\n<!-- \/ Yoast SEO plugin. -->","yoast_head_json":{"title":"Aprovechan en Valle De Chalco temporada de lluvias para reforestar - Volcanes","robots":{"index":"index","follow":"follow","max-snippet":"max-snippet:-1","max-image-preview":"max-image-preview:large","max-video-preview":"max-video-preview:-1"},"canonical":"https:\/\/volcanes.net\/?p=7663","og_locale":"es_MX","og_type":"article","og_title":"Aprovechan en Valle De Chalco temporada de lluvias para reforestar - Volcanes","og_description":"Guillermo L\u00f3pez Valencia | Mexiquenses Multimedios. Armando Reyes Regalado Treceavo Regidor Emanado del Partido Verde","og_url":"https:\/\/volcanes.net\/?p=7663","og_site_name":"Volcanes","article_publisher":"https:\/\/www.facebook.com\/volcanes.net\/","article_published_time":"2020-07-23T04:38:31+00:00","og_image":[{"width":393,"height":210,"url":"https:\/\/volcanes.net\/wp-content\/uploads\/2020\/07\/WhatsApp-Image-2020-07-22-at-8.52.50-PM.jpeg","type":"image\/jpeg"}],"author":"admin","twitter_card":"summary_large_image","twitter_misc":{"Escrito por":"admin","Tiempo de lectura":"2 minutos"},"schema":{"@context":"https:\/\/schema.org","@graph":[{"@type":"Article","@id":"https:\/\/volcanes.net\/?p=7663#article","isPartOf":{"@id":"https:\/\/volcanes.net\/?p=7663"},"author":{"name":"admin","@id":"https:\/\/volcanes.net\/#\/schema\/person\/4bf0f383940966a4abd53f5048c0e6b9"},"headline":"Aprovechan en Valle De Chalco temporada de lluvias para reforestar","datePublished":"2020-07-23T04:38:31+00:00","mainEntityOfPage":{"@id":"https:\/\/volcanes.net\/?p=7663"},"wordCount":385,"commentCount":0,"publisher":{"@id":"https:\/\/volcanes.net\/#organization"},"image":{"@id":"https:\/\/volcanes.net\/?p=7663#primaryimage"},"thumbnailUrl":"https:\/\/volcanes.net\/wp-content\/uploads\/2020\/07\/WhatsApp-Image-2020-07-22-at-8.52.50-PM.jpeg","keywords":["Valle de Chalco"],"articleSection":["Municipales"],"inLanguage":"es","potentialAction":[{"@type":"CommentAction","name":"Comment","target":["https:\/\/volcanes.net\/?p=7663#respond"]}]},{"@type":"WebPage","@id":"https:\/\/volcanes.net\/?p=7663","url":"https:\/\/volcanes.net\/?p=7663","name":"Aprovechan en Valle De Chalco temporada de lluvias para reforestar - Volcanes","isPartOf":{"@id":"https:\/\/volcanes.net\/#website"},"primaryImageOfPage":{"@id":"https:\/\/volcanes.net\/?p=7663#primaryimage"},"image":{"@id":"https:\/\/volcanes.net\/?p=7663#primaryimage"},"thumbnailUrl":"https:\/\/volcanes.net\/wp-content\/uploads\/2020\/07\/WhatsApp-Image-2020-07-22-at-8.52.50-PM.jpeg","datePublished":"2020-07-23T04:38:31+00:00","breadcrumb":{"@id":"https:\/\/volcanes.net\/?p=7663#breadcrumb"},"inLanguage":"es","potentialAction":[{"@type":"ReadAction","target":["https:\/\/volcanes.net\/?p=7663"]}]},{"@type":"ImageObject","inLanguage":"es","@id":"https:\/\/volcanes.net\/?p=7663#primaryimage","url":"https:\/\/volcanes.net\/wp-content\/uploads\/2020\/07\/WhatsApp-Image-2020-07-22-at-8.52.50-PM.jpeg","contentUrl":"https:\/\/volcanes.net\/wp-content\/uploads\/2020\/07\/WhatsApp-Image-2020-07-22-at-8.52.50-PM.jpeg","width":393,"height":210},{"@type":"BreadcrumbList","@id":"https:\/\/volcanes.net\/?p=7663#breadcrumb","itemListElement":[{"@type":"ListItem","position":1,"name":"Portada","item":"https:\/\/volcanes.net\/"},{"@type":"ListItem","position":2,"name":"Aprovechan en Valle De Chalco temporada de lluvias para reforestar"}]},{"@type":"WebSite","@id":"https:\/\/volcanes.net\/#website","url":"https:\/\/volcanes.net\/","name":"Volcanes.Net","description":"Periodismo Profesional","publisher":{"@id":"https:\/\/volcanes.net\/#organization"},"potentialAction":[{"@type":"SearchAction","target":{"@type":"EntryPoint","urlTemplate":"https:\/\/volcanes.net\/?s={search_term_string}"},"query-input":{"@type":"PropertyValueSpecification","valueRequired":true,"valueName":"search_term_string"}}],"inLanguage":"es"},{"@type":"Organization","@id":"https:\/\/volcanes.net\/#organization","name":"Grupo Volcanes","url":"https:\/\/volcanes.net\/","logo":{"@type":"ImageObject","inLanguage":"es","@id":"https:\/\/volcanes.net\/#\/schema\/logo\/image\/","url":"http:\/\/volcanes.net\/wp-content\/uploads\/2017\/12\/Avatar2.jpg","contentUrl":"http:\/\/volcanes.net\/wp-content\/uploads\/2017\/12\/Avatar2.jpg","width":378,"height":378,"caption":"Grupo Volcanes"},"image":{"@id":"https:\/\/volcanes.net\/#\/schema\/logo\/image\/"},"sameAs":["https:\/\/www.facebook.com\/volcanes.net\/"]},{"@type":"Person","@id":"https:\/\/volcanes.net\/#\/schema\/person\/4bf0f383940966a4abd53f5048c0e6b9","name":"admin","image":{"@type":"ImageObject","inLanguage":"es","@id":"https:\/\/volcanes.net\/#\/schema\/person\/image\/","url":"https:\/\/secure.gravatar.com\/avatar\/ca004e6cba8462b8cb7abc86e382930c?s=96&d=mm&r=g","contentUrl":"https:\/\/secure.gravatar.com\/avatar\/ca004e6cba8462b8cb7abc86e382930c?s=96&d=mm&r=g","caption":"admin"}}]}},"_links":{"self":[{"href":"https:\/\/volcanes.net\/index.php?rest_route=\/wp\/v2\/posts\/7663"}],"collection":[{"href":"https:\/\/volcanes.net\/index.php?rest_route=\/wp\/v2\/posts"}],"about":[{"href":"https:\/\/volcanes.net\/index.php?rest_route=\/wp\/v2\/types\/post"}],"author":[{"embeddable":true,"href":"https:\/\/volcanes.net\/index.php?rest_route=\/wp\/v2\/users\/1"}],"replies":[{"embeddable":true,"href":"https:\/\/volcanes.net\/index.php?rest_route=%2Fwp%2Fv2%2Fcomments&post=7663"}],"version-history":[{"count":1,"href":"https:\/\/volcanes.net\/index.php?rest_route=\/wp\/v2\/posts\/7663\/revisions"}],"predecessor-version":[{"id":7665,"href":"https:\/\/volcanes.net\/index.php?rest_route=\/wp\/v2\/posts\/7663\/revisions\/7665"}],"wp:featuredmedia":[{"embeddable":true,"href":"https:\/\/volcanes.net\/index.php?rest_route=\/wp\/v2\/media\/7664"}],"wp:attachment":[{"href":"https:\/\/volcanes.net\/index.php?rest_route=%2Fwp%2Fv2%2Fmedia&parent=7663"}],"wp:term":[{"taxonomy":"category","embeddable":true,"href":"https:\/\/volcanes.net\/index.php?rest_route=%2Fwp%2Fv2%2Fcategories&post=7663"},{"taxonomy":"post_tag","embeddable":true,"href":"https:\/\/volcanes.net\/index.php?rest_route=%2Fwp%2Fv2%2Ftags&post=7663"}],"curies":[{"name":"wp","href":"https:\/\/api.w.org\/{rel}","templated":true}]}}