{"id":7677,"date":"2020-07-24T10:50:56","date_gmt":"2020-07-24T16:50:56","guid":{"rendered":"http:\/\/volcanes.net\/?p=7677"},"modified":"2020-07-24T10:50:56","modified_gmt":"2020-07-24T16:50:56","slug":"mexico-suma-83-decesos-por-covid-19-en-mujeres-embarazadas","status":"publish","type":"post","link":"https:\/\/volcanes.net\/?p=7677","title":{"rendered":"M\u00e9xico suma 83 decesos por covid-19 en mujeres embarazadas"},"content":{"rendered":"<div style=\"margin-top: 0px; margin-bottom: 0px;\" class=\"sharethis-inline-share-buttons\" ><\/div><p>Natalia Hern\u00e1ndez | Volcanes Multimedios<\/p>\n<p>Nacional.-\u00a0De acuerdo con el director general de Epidemiolog\u00eda, Jos\u00e9 Luis Alom\u00eda, inform\u00f3 que hasta el momento suman 2 mil 842 casos confirmados de Covid-19, en mujeres embarazadas y 83 fallecimientos.<\/p>\n<p>Ante ello el funcionario explic\u00f3 que, de los casos positivos, el 88 por ciento fueron detectados durante el periodo de embarazo, mientras que el 21 por ciento fue durante el puerperio.<\/p>\n<p>Cabe mencionar que en la mayor\u00eda de los casos se presentaron en los estados de Baja California, Sonora, Ciudad de M\u00e9xico, Estado de M\u00e9xico, Veracruz, Tabasco y Quintana Roo.<\/p>\n<p>Sin embargo, Karla Berdichevsky Feldman, directora general del Centro Nacional de Equidad de G\u00e9nero y Salud Reproductiva, puntualiz\u00f3 que estas cifras a\u00fan ser\u00edan preliminares.<\/p>\n<p>La funcionaria record\u00f3 que las mujeres embarazadas deben extremar las medidas de prevenci\u00f3n en la pandemia ante el riesgo que mantienen a las enfermedades virales; por lo que es de suma importancia identificar posibles comorbilidades y que es clave tener una planeaci\u00f3n para el parto.<\/p>\n<p>Adem\u00e1s, indic\u00f3 que, en la L\u00ednea Materna, disponible en el n\u00famero 800 Materna (800 628 3762), podr\u00e1n orientar a las futuras mam\u00e1s ante una posible complicaci\u00f3n en el embarazo, parto o puerperio, se exhorta a la poblaci\u00f3n a utilizar este servicio telef\u00f3nico de manera responsable, debido a que han recibido llamadas donde preguntan si \u201cen verdad existe la l\u00ednea\u201d.<\/p>\n<p>&nbsp;<\/p>\n","protected":false},"excerpt":{"rendered":"<p>Natalia Hern\u00e1ndez | Volcanes Multimedios Nacional.-\u00a0De acuerdo con el director general de Epidemiolog\u00eda, Jos\u00e9 Luis<\/p>\n","protected":false},"author":1,"featured_media":7678,"comment_status":"open","ping_status":"open","sticky":false,"template":"","format":"standard","meta":{"footnotes":""},"categories":[3],"tags":[265],"class_list":["post-7677","post","type-post","status-publish","format-standard","has-post-thumbnail","hentry","category-estatales","tag-grupovolcanes"],"yoast_head":"<!-- This site is optimized with the Yoast SEO plugin v25.3 - https:\/\/yoast.com\/wordpress\/plugins\/seo\/ -->\n<title>M\u00e9xico suma 83 decesos por covid-19 en mujeres embarazadas - Volcanes<\/title>\n<meta name=\"robots\" content=\"index, follow, max-snippet:-1, max-image-preview:large, max-video-preview:-1\" \/>\n<link rel=\"canonical\" href=\"https:\/\/volcanes.net\/?p=7677\" \/>\n<meta property=\"og:locale\" content=\"es_MX\" \/>\n<meta property=\"og:type\" content=\"article\" \/>\n<meta property=\"og:title\" content=\"M\u00e9xico suma 83 decesos por covid-19 en mujeres embarazadas - Volcanes\" \/>\n<meta property=\"og:description\" content=\"Natalia Hern\u00e1ndez | Volcanes Multimedios Nacional.-\u00a0De acuerdo con el director general de Epidemiolog\u00eda, Jos\u00e9 Luis\" \/>\n<meta property=\"og:url\" content=\"https:\/\/volcanes.net\/?p=7677\" \/>\n<meta property=\"og:site_name\" content=\"Volcanes\" \/>\n<meta property=\"article:publisher\" content=\"https:\/\/www.facebook.com\/volcanes.net\/\" \/>\n<meta property=\"article:published_time\" content=\"2020-07-24T16:50:56+00:00\" \/>\n<meta property=\"og:image\" content=\"https:\/\/volcanes.net\/wp-content\/uploads\/2020\/07\/1586557945_401718_1586558182_noticia_normal_recorte1_opt.jpg\" \/>\n\t<meta property=\"og:image:width\" content=\"400\" \/>\n\t<meta property=\"og:image:height\" content=\"225\" \/>\n\t<meta property=\"og:image:type\" content=\"image\/jpeg\" \/>\n<meta name=\"author\" content=\"admin\" \/>\n<meta name=\"twitter:card\" content=\"summary_large_image\" \/>\n<meta name=\"twitter:label1\" content=\"Escrito por\" \/>\n\t<meta name=\"twitter:data1\" content=\"admin\" \/>\n\t<meta name=\"twitter:label2\" content=\"Tiempo de lectura\" \/>\n\t<meta name=\"twitter:data2\" content=\"1 minuto\" \/>\n<script type=\"application\/ld+json\" class=\"yoast-schema-graph\">{\"@context\":\"https:\/\/schema.org\",\"@graph\":[{\"@type\":\"Article\",\"@id\":\"https:\/\/volcanes.net\/?p=7677#article\",\"isPartOf\":{\"@id\":\"https:\/\/volcanes.net\/?p=7677\"},\"author\":{\"name\":\"admin\",\"@id\":\"https:\/\/volcanes.net\/#\/schema\/person\/4bf0f383940966a4abd53f5048c0e6b9\"},\"headline\":\"M\u00e9xico suma 83 decesos por covid-19 en mujeres embarazadas\",\"datePublished\":\"2020-07-24T16:50:56+00:00\",\"mainEntityOfPage\":{\"@id\":\"https:\/\/volcanes.net\/?p=7677\"},\"wordCount\":245,\"commentCount\":0,\"publisher\":{\"@id\":\"https:\/\/volcanes.net\/#organization\"},\"image\":{\"@id\":\"https:\/\/volcanes.net\/?p=7677#primaryimage\"},\"thumbnailUrl\":\"https:\/\/volcanes.net\/wp-content\/uploads\/2020\/07\/1586557945_401718_1586558182_noticia_normal_recorte1_opt.jpg\",\"keywords\":[\"GrupoVolcanes\"],\"articleSection\":[\"Estatales\"],\"inLanguage\":\"es\",\"potentialAction\":[{\"@type\":\"CommentAction\",\"name\":\"Comment\",\"target\":[\"https:\/\/volcanes.net\/?p=7677#respond\"]}]},{\"@type\":\"WebPage\",\"@id\":\"https:\/\/volcanes.net\/?p=7677\",\"url\":\"https:\/\/volcanes.net\/?p=7677\",\"name\":\"M\u00e9xico suma 83 decesos por covid-19 en mujeres embarazadas - Volcanes\",\"isPartOf\":{\"@id\":\"https:\/\/volcanes.net\/#website\"},\"primaryImageOfPage\":{\"@id\":\"https:\/\/volcanes.net\/?p=7677#primaryimage\"},\"image\":{\"@id\":\"https:\/\/volcanes.net\/?p=7677#primaryimage\"},\"thumbnailUrl\":\"https:\/\/volcanes.net\/wp-content\/uploads\/2020\/07\/1586557945_401718_1586558182_noticia_normal_recorte1_opt.jpg\",\"datePublished\":\"2020-07-24T16:50:56+00:00\",\"breadcrumb\":{\"@id\":\"https:\/\/volcanes.net\/?p=7677#breadcrumb\"},\"inLanguage\":\"es\",\"potentialAction\":[{\"@type\":\"ReadAction\",\"target\":[\"https:\/\/volcanes.net\/?p=7677\"]}]},{\"@type\":\"ImageObject\",\"inLanguage\":\"es\",\"@id\":\"https:\/\/volcanes.net\/?p=7677#primaryimage\",\"url\":\"https:\/\/volcanes.net\/wp-content\/uploads\/2020\/07\/1586557945_401718_1586558182_noticia_normal_recorte1_opt.jpg\",\"contentUrl\":\"https:\/\/volcanes.net\/wp-content\/uploads\/2020\/07\/1586557945_401718_1586558182_noticia_normal_recorte1_opt.jpg\",\"width\":400,\"height\":225},{\"@type\":\"BreadcrumbList\",\"@id\":\"https:\/\/volcanes.net\/?p=7677#breadcrumb\",\"itemListElement\":[{\"@type\":\"ListItem\",\"position\":1,\"name\":\"Portada\",\"item\":\"https:\/\/volcanes.net\/\"},{\"@type\":\"ListItem\",\"position\":2,\"name\":\"M\u00e9xico suma 83 decesos por covid-19 en mujeres embarazadas\"}]},{\"@type\":\"WebSite\",\"@id\":\"https:\/\/volcanes.net\/#website\",\"url\":\"https:\/\/volcanes.net\/\",\"name\":\"Volcanes.Net\",\"description\":\"Periodismo Profesional\",\"publisher\":{\"@id\":\"https:\/\/volcanes.net\/#organization\"},\"potentialAction\":[{\"@type\":\"SearchAction\",\"target\":{\"@type\":\"EntryPoint\",\"urlTemplate\":\"https:\/\/volcanes.net\/?s={search_term_string}\"},\"query-input\":{\"@type\":\"PropertyValueSpecification\",\"valueRequired\":true,\"valueName\":\"search_term_string\"}}],\"inLanguage\":\"es\"},{\"@type\":\"Organization\",\"@id\":\"https:\/\/volcanes.net\/#organization\",\"name\":\"Grupo Volcanes\",\"url\":\"https:\/\/volcanes.net\/\",\"logo\":{\"@type\":\"ImageObject\",\"inLanguage\":\"es\",\"@id\":\"https:\/\/volcanes.net\/#\/schema\/logo\/image\/\",\"url\":\"http:\/\/volcanes.net\/wp-content\/uploads\/2017\/12\/Avatar2.jpg\",\"contentUrl\":\"http:\/\/volcanes.net\/wp-content\/uploads\/2017\/12\/Avatar2.jpg\",\"width\":378,\"height\":378,\"caption\":\"Grupo Volcanes\"},\"image\":{\"@id\":\"https:\/\/volcanes.net\/#\/schema\/logo\/image\/\"},\"sameAs\":[\"https:\/\/www.facebook.com\/volcanes.net\/\"]},{\"@type\":\"Person\",\"@id\":\"https:\/\/volcanes.net\/#\/schema\/person\/4bf0f383940966a4abd53f5048c0e6b9\",\"name\":\"admin\",\"image\":{\"@type\":\"ImageObject\",\"inLanguage\":\"es\",\"@id\":\"https:\/\/volcanes.net\/#\/schema\/person\/image\/\",\"url\":\"https:\/\/secure.gravatar.com\/avatar\/ca004e6cba8462b8cb7abc86e382930c?s=96&d=mm&r=g\",\"contentUrl\":\"https:\/\/secure.gravatar.com\/avatar\/ca004e6cba8462b8cb7abc86e382930c?s=96&d=mm&r=g\",\"caption\":\"admin\"}}]}<\/script>\n<!-- \/ Yoast SEO plugin. -->","yoast_head_json":{"title":"M\u00e9xico suma 83 decesos por covid-19 en mujeres embarazadas - Volcanes","robots":{"index":"index","follow":"follow","max-snippet":"max-snippet:-1","max-image-preview":"max-image-preview:large","max-video-preview":"max-video-preview:-1"},"canonical":"https:\/\/volcanes.net\/?p=7677","og_locale":"es_MX","og_type":"article","og_title":"M\u00e9xico suma 83 decesos por covid-19 en mujeres embarazadas - Volcanes","og_description":"Natalia Hern\u00e1ndez | Volcanes Multimedios Nacional.-\u00a0De acuerdo con el director general de Epidemiolog\u00eda, Jos\u00e9 Luis","og_url":"https:\/\/volcanes.net\/?p=7677","og_site_name":"Volcanes","article_publisher":"https:\/\/www.facebook.com\/volcanes.net\/","article_published_time":"2020-07-24T16:50:56+00:00","og_image":[{"width":400,"height":225,"url":"https:\/\/volcanes.net\/wp-content\/uploads\/2020\/07\/1586557945_401718_1586558182_noticia_normal_recorte1_opt.jpg","type":"image\/jpeg"}],"author":"admin","twitter_card":"summary_large_image","twitter_misc":{"Escrito por":"admin","Tiempo de lectura":"1 minuto"},"schema":{"@context":"https:\/\/schema.org","@graph":[{"@type":"Article","@id":"https:\/\/volcanes.net\/?p=7677#article","isPartOf":{"@id":"https:\/\/volcanes.net\/?p=7677"},"author":{"name":"admin","@id":"https:\/\/volcanes.net\/#\/schema\/person\/4bf0f383940966a4abd53f5048c0e6b9"},"headline":"M\u00e9xico suma 83 decesos por covid-19 en mujeres embarazadas","datePublished":"2020-07-24T16:50:56+00:00","mainEntityOfPage":{"@id":"https:\/\/volcanes.net\/?p=7677"},"wordCount":245,"commentCount":0,"publisher":{"@id":"https:\/\/volcanes.net\/#organization"},"image":{"@id":"https:\/\/volcanes.net\/?p=7677#primaryimage"},"thumbnailUrl":"https:\/\/volcanes.net\/wp-content\/uploads\/2020\/07\/1586557945_401718_1586558182_noticia_normal_recorte1_opt.jpg","keywords":["GrupoVolcanes"],"articleSection":["Estatales"],"inLanguage":"es","potentialAction":[{"@type":"CommentAction","name":"Comment","target":["https:\/\/volcanes.net\/?p=7677#respond"]}]},{"@type":"WebPage","@id":"https:\/\/volcanes.net\/?p=7677","url":"https:\/\/volcanes.net\/?p=7677","name":"M\u00e9xico suma 83 decesos por covid-19 en mujeres embarazadas - Volcanes","isPartOf":{"@id":"https:\/\/volcanes.net\/#website"},"primaryImageOfPage":{"@id":"https:\/\/volcanes.net\/?p=7677#primaryimage"},"image":{"@id":"https:\/\/volcanes.net\/?p=7677#primaryimage"},"thumbnailUrl":"https:\/\/volcanes.net\/wp-content\/uploads\/2020\/07\/1586557945_401718_1586558182_noticia_normal_recorte1_opt.jpg","datePublished":"2020-07-24T16:50:56+00:00","breadcrumb":{"@id":"https:\/\/volcanes.net\/?p=7677#breadcrumb"},"inLanguage":"es","potentialAction":[{"@type":"ReadAction","target":["https:\/\/volcanes.net\/?p=7677"]}]},{"@type":"ImageObject","inLanguage":"es","@id":"https:\/\/volcanes.net\/?p=7677#primaryimage","url":"https:\/\/volcanes.net\/wp-content\/uploads\/2020\/07\/1586557945_401718_1586558182_noticia_normal_recorte1_opt.jpg","contentUrl":"https:\/\/volcanes.net\/wp-content\/uploads\/2020\/07\/1586557945_401718_1586558182_noticia_normal_recorte1_opt.jpg","width":400,"height":225},{"@type":"BreadcrumbList","@id":"https:\/\/volcanes.net\/?p=7677#breadcrumb","itemListElement":[{"@type":"ListItem","position":1,"name":"Portada","item":"https:\/\/volcanes.net\/"},{"@type":"ListItem","position":2,"name":"M\u00e9xico suma 83 decesos por covid-19 en mujeres embarazadas"}]},{"@type":"WebSite","@id":"https:\/\/volcanes.net\/#website","url":"https:\/\/volcanes.net\/","name":"Volcanes.Net","description":"Periodismo Profesional","publisher":{"@id":"https:\/\/volcanes.net\/#organization"},"potentialAction":[{"@type":"SearchAction","target":{"@type":"EntryPoint","urlTemplate":"https:\/\/volcanes.net\/?s={search_term_string}"},"query-input":{"@type":"PropertyValueSpecification","valueRequired":true,"valueName":"search_term_string"}}],"inLanguage":"es"},{"@type":"Organization","@id":"https:\/\/volcanes.net\/#organization","name":"Grupo Volcanes","url":"https:\/\/volcanes.net\/","logo":{"@type":"ImageObject","inLanguage":"es","@id":"https:\/\/volcanes.net\/#\/schema\/logo\/image\/","url":"http:\/\/volcanes.net\/wp-content\/uploads\/2017\/12\/Avatar2.jpg","contentUrl":"http:\/\/volcanes.net\/wp-content\/uploads\/2017\/12\/Avatar2.jpg","width":378,"height":378,"caption":"Grupo Volcanes"},"image":{"@id":"https:\/\/volcanes.net\/#\/schema\/logo\/image\/"},"sameAs":["https:\/\/www.facebook.com\/volcanes.net\/"]},{"@type":"Person","@id":"https:\/\/volcanes.net\/#\/schema\/person\/4bf0f383940966a4abd53f5048c0e6b9","name":"admin","image":{"@type":"ImageObject","inLanguage":"es","@id":"https:\/\/volcanes.net\/#\/schema\/person\/image\/","url":"https:\/\/secure.gravatar.com\/avatar\/ca004e6cba8462b8cb7abc86e382930c?s=96&d=mm&r=g","contentUrl":"https:\/\/secure.gravatar.com\/avatar\/ca004e6cba8462b8cb7abc86e382930c?s=96&d=mm&r=g","caption":"admin"}}]}},"_links":{"self":[{"href":"https:\/\/volcanes.net\/index.php?rest_route=\/wp\/v2\/posts\/7677"}],"collection":[{"href":"https:\/\/volcanes.net\/index.php?rest_route=\/wp\/v2\/posts"}],"about":[{"href":"https:\/\/volcanes.net\/index.php?rest_route=\/wp\/v2\/types\/post"}],"author":[{"embeddable":true,"href":"https:\/\/volcanes.net\/index.php?rest_route=\/wp\/v2\/users\/1"}],"replies":[{"embeddable":true,"href":"https:\/\/volcanes.net\/index.php?rest_route=%2Fwp%2Fv2%2Fcomments&post=7677"}],"version-history":[{"count":1,"href":"https:\/\/volcanes.net\/index.php?rest_route=\/wp\/v2\/posts\/7677\/revisions"}],"predecessor-version":[{"id":7679,"href":"https:\/\/volcanes.net\/index.php?rest_route=\/wp\/v2\/posts\/7677\/revisions\/7679"}],"wp:featuredmedia":[{"embeddable":true,"href":"https:\/\/volcanes.net\/index.php?rest_route=\/wp\/v2\/media\/7678"}],"wp:attachment":[{"href":"https:\/\/volcanes.net\/index.php?rest_route=%2Fwp%2Fv2%2Fmedia&parent=7677"}],"wp:term":[{"taxonomy":"category","embeddable":true,"href":"https:\/\/volcanes.net\/index.php?rest_route=%2Fwp%2Fv2%2Fcategories&post=7677"},{"taxonomy":"post_tag","embeddable":true,"href":"https:\/\/volcanes.net\/index.php?rest_route=%2Fwp%2Fv2%2Ftags&post=7677"}],"curies":[{"name":"wp","href":"https:\/\/api.w.org\/{rel}","templated":true}]}}