{"id":768,"date":"2018-01-24T14:45:35","date_gmt":"2018-01-24T14:45:35","guid":{"rendered":"http:\/\/volcanes.net\/?p=768"},"modified":"2018-01-24T14:45:35","modified_gmt":"2018-01-24T14:45:35","slug":"gobernacion-abierta-a-dialogar-con-javier-corral-refrenda-navarrete","status":"publish","type":"post","link":"https:\/\/volcanes.net\/?p=768","title":{"rendered":"Gobernaci\u00f3n, abierta a dialogar con Javier Corral, refrenda Navarrete"},"content":{"rendered":"<div style=\"margin-top: 0px; margin-bottom: 0px;\" class=\"sharethis-inline-share-buttons\" ><\/div><p>La Secretar\u00eda de Gobernaci\u00f3n (Segob) mantiene las puertas abiertas para dialogar con el gobernador de Chihuahua, Javier Corral Jurado, en torno a las inquietudes que tiene sobre la partida federal del 2017 para su entidad.<\/p>\n<p>As\u00ed lo refrend\u00f3 el secretario de Gobernaci\u00f3n, Alfonso Navarrete Prida, quien confi\u00f3 en que durante la marcha que encabeza el mandatario estatal hacia\u00a0la Ciudad de M\u00e9xico, puedan dialogar sobre este tema.<\/p>\n<p>A pregunta expresa, el funcionario federal estim\u00f3 que la Caravana por la Dignidad \u201ctiene m\u00e1s un asunto jur\u00eddico que electoral\u201d.<\/p>\n<p>Indic\u00f3 que si Javier Corral tiene alg\u00fan argumento jur\u00eddico \u201clo puede hacer valer, si no lo hay, pues desde luego tendr\u00e1 que entregarse esa carpeta de investigaci\u00f3n y hacer que las instituciones, en este caso la Fiscal\u00eda (especializada en materia de delitos electorales) funcione y le pueda dar resultados a los mexicanos\u201d.<\/p>\n<p>Respecto a un posible encuentro con el gobernador de Chihuahua, indic\u00f3 que \u201chemos tenido conversaciones. Quedamos en reunirnos \u2013s\u00e9 que ahora regres\u00f3 a marchar- en algunos espacios de su marcha\u201d.<\/p>\n<p>El responsable de la pol\u00edtica interna del pa\u00eds opin\u00f3 que el gobierno de Chihuahua puede tomar las acciones que considere convenientes, pero enfatiz\u00f3 que ninguna autoridad local necesita convocar a m\u00edtines y marchas \u201ccuando tiene argumentos, leyes y cuando tiene abiertas las puertas del di\u00e1logo\u201d.<\/p>\n<p>\u201cAqu\u00ed (en la Segob), tiene las puertas absolutamente abiertas\u201d, a\u00f1adi\u00f3 Navarrete Prida, luego de reunirse con la exembajadora de M\u00e9xico en Brasil y exsubsecretaria de Gobernaci\u00f3n, Beatriz Paredes.<\/p>\n<p>A su vez, Paredes Rangel indic\u00f3 que acudi\u00f3 al Antiguo Palacio de Cobi\u00e1n a saludar a Navarrete Prida, a quien le tiene no s\u00f3lo un gran respeto sino aprecio. \u201cTuvimos oportunidad de trabajar juntos en la Secretar\u00eda de Gobernaci\u00f3n, acompa\u00f1ando al doctor (Jorge) Carpizo\u201d, record\u00f3.<\/p>\n","protected":false},"excerpt":{"rendered":"<p>La Secretar\u00eda de Gobernaci\u00f3n (Segob) mantiene las puertas abiertas para dialogar con el gobernador de<\/p>\n","protected":false},"author":1,"featured_media":752,"comment_status":"open","ping_status":"open","sticky":false,"template":"","format":"standard","meta":{"footnotes":""},"categories":[1],"tags":[58],"class_list":["post-768","post","type-post","status-publish","format-standard","has-post-thumbnail","hentry","category-municipales","tag-segob"],"yoast_head":"<!-- This site is optimized with the Yoast SEO plugin v25.3 - https:\/\/yoast.com\/wordpress\/plugins\/seo\/ -->\n<title>Gobernaci\u00f3n, abierta a dialogar con Javier Corral, refrenda Navarrete - Volcanes<\/title>\n<meta name=\"robots\" content=\"index, follow, max-snippet:-1, max-image-preview:large, max-video-preview:-1\" \/>\n<link rel=\"canonical\" href=\"https:\/\/volcanes.net\/?p=768\" \/>\n<meta property=\"og:locale\" content=\"es_MX\" \/>\n<meta property=\"og:type\" content=\"article\" \/>\n<meta property=\"og:title\" content=\"Gobernaci\u00f3n, abierta a dialogar con Javier Corral, refrenda Navarrete - Volcanes\" \/>\n<meta property=\"og:description\" content=\"La Secretar\u00eda de Gobernaci\u00f3n (Segob) mantiene las puertas abiertas para dialogar con el gobernador de\" \/>\n<meta property=\"og:url\" content=\"https:\/\/volcanes.net\/?p=768\" \/>\n<meta property=\"og:site_name\" content=\"Volcanes\" \/>\n<meta property=\"article:publisher\" content=\"https:\/\/www.facebook.com\/volcanes.net\/\" \/>\n<meta property=\"article:published_time\" content=\"2018-01-24T14:45:35+00:00\" \/>\n<meta property=\"og:image\" content=\"https:\/\/volcanes.net\/wp-content\/uploads\/2018\/01\/np3.jpg\" \/>\n\t<meta property=\"og:image:width\" content=\"400\" \/>\n\t<meta property=\"og:image:height\" content=\"200\" \/>\n\t<meta property=\"og:image:type\" content=\"image\/jpeg\" \/>\n<meta name=\"author\" content=\"admin\" \/>\n<meta name=\"twitter:card\" content=\"summary_large_image\" \/>\n<meta name=\"twitter:label1\" content=\"Escrito por\" \/>\n\t<meta name=\"twitter:data1\" content=\"admin\" \/>\n\t<meta name=\"twitter:label2\" content=\"Tiempo de lectura\" \/>\n\t<meta name=\"twitter:data2\" content=\"2 minutos\" \/>\n<script type=\"application\/ld+json\" class=\"yoast-schema-graph\">{\"@context\":\"https:\/\/schema.org\",\"@graph\":[{\"@type\":\"Article\",\"@id\":\"https:\/\/volcanes.net\/?p=768#article\",\"isPartOf\":{\"@id\":\"https:\/\/volcanes.net\/?p=768\"},\"author\":{\"name\":\"admin\",\"@id\":\"https:\/\/volcanes.net\/#\/schema\/person\/4bf0f383940966a4abd53f5048c0e6b9\"},\"headline\":\"Gobernaci\u00f3n, abierta a dialogar con Javier Corral, refrenda Navarrete\",\"datePublished\":\"2018-01-24T14:45:35+00:00\",\"mainEntityOfPage\":{\"@id\":\"https:\/\/volcanes.net\/?p=768\"},\"wordCount\":318,\"commentCount\":0,\"publisher\":{\"@id\":\"https:\/\/volcanes.net\/#organization\"},\"image\":{\"@id\":\"https:\/\/volcanes.net\/?p=768#primaryimage\"},\"thumbnailUrl\":\"https:\/\/volcanes.net\/wp-content\/uploads\/2018\/01\/np3.jpg\",\"keywords\":[\"SEGOB\"],\"articleSection\":[\"Municipales\"],\"inLanguage\":\"es\",\"potentialAction\":[{\"@type\":\"CommentAction\",\"name\":\"Comment\",\"target\":[\"https:\/\/volcanes.net\/?p=768#respond\"]}]},{\"@type\":\"WebPage\",\"@id\":\"https:\/\/volcanes.net\/?p=768\",\"url\":\"https:\/\/volcanes.net\/?p=768\",\"name\":\"Gobernaci\u00f3n, abierta a dialogar con Javier Corral, refrenda Navarrete - Volcanes\",\"isPartOf\":{\"@id\":\"https:\/\/volcanes.net\/#website\"},\"primaryImageOfPage\":{\"@id\":\"https:\/\/volcanes.net\/?p=768#primaryimage\"},\"image\":{\"@id\":\"https:\/\/volcanes.net\/?p=768#primaryimage\"},\"thumbnailUrl\":\"https:\/\/volcanes.net\/wp-content\/uploads\/2018\/01\/np3.jpg\",\"datePublished\":\"2018-01-24T14:45:35+00:00\",\"breadcrumb\":{\"@id\":\"https:\/\/volcanes.net\/?p=768#breadcrumb\"},\"inLanguage\":\"es\",\"potentialAction\":[{\"@type\":\"ReadAction\",\"target\":[\"https:\/\/volcanes.net\/?p=768\"]}]},{\"@type\":\"ImageObject\",\"inLanguage\":\"es\",\"@id\":\"https:\/\/volcanes.net\/?p=768#primaryimage\",\"url\":\"https:\/\/volcanes.net\/wp-content\/uploads\/2018\/01\/np3.jpg\",\"contentUrl\":\"https:\/\/volcanes.net\/wp-content\/uploads\/2018\/01\/np3.jpg\",\"width\":400,\"height\":200},{\"@type\":\"BreadcrumbList\",\"@id\":\"https:\/\/volcanes.net\/?p=768#breadcrumb\",\"itemListElement\":[{\"@type\":\"ListItem\",\"position\":1,\"name\":\"Portada\",\"item\":\"https:\/\/volcanes.net\/\"},{\"@type\":\"ListItem\",\"position\":2,\"name\":\"Gobernaci\u00f3n, abierta a dialogar con Javier Corral, refrenda Navarrete\"}]},{\"@type\":\"WebSite\",\"@id\":\"https:\/\/volcanes.net\/#website\",\"url\":\"https:\/\/volcanes.net\/\",\"name\":\"Volcanes.Net\",\"description\":\"Periodismo Profesional\",\"publisher\":{\"@id\":\"https:\/\/volcanes.net\/#organization\"},\"potentialAction\":[{\"@type\":\"SearchAction\",\"target\":{\"@type\":\"EntryPoint\",\"urlTemplate\":\"https:\/\/volcanes.net\/?s={search_term_string}\"},\"query-input\":{\"@type\":\"PropertyValueSpecification\",\"valueRequired\":true,\"valueName\":\"search_term_string\"}}],\"inLanguage\":\"es\"},{\"@type\":\"Organization\",\"@id\":\"https:\/\/volcanes.net\/#organization\",\"name\":\"Grupo Volcanes\",\"url\":\"https:\/\/volcanes.net\/\",\"logo\":{\"@type\":\"ImageObject\",\"inLanguage\":\"es\",\"@id\":\"https:\/\/volcanes.net\/#\/schema\/logo\/image\/\",\"url\":\"http:\/\/volcanes.net\/wp-content\/uploads\/2017\/12\/Avatar2.jpg\",\"contentUrl\":\"http:\/\/volcanes.net\/wp-content\/uploads\/2017\/12\/Avatar2.jpg\",\"width\":378,\"height\":378,\"caption\":\"Grupo Volcanes\"},\"image\":{\"@id\":\"https:\/\/volcanes.net\/#\/schema\/logo\/image\/\"},\"sameAs\":[\"https:\/\/www.facebook.com\/volcanes.net\/\"]},{\"@type\":\"Person\",\"@id\":\"https:\/\/volcanes.net\/#\/schema\/person\/4bf0f383940966a4abd53f5048c0e6b9\",\"name\":\"admin\",\"image\":{\"@type\":\"ImageObject\",\"inLanguage\":\"es\",\"@id\":\"https:\/\/volcanes.net\/#\/schema\/person\/image\/\",\"url\":\"https:\/\/secure.gravatar.com\/avatar\/ca004e6cba8462b8cb7abc86e382930c?s=96&d=mm&r=g\",\"contentUrl\":\"https:\/\/secure.gravatar.com\/avatar\/ca004e6cba8462b8cb7abc86e382930c?s=96&d=mm&r=g\",\"caption\":\"admin\"}}]}<\/script>\n<!-- \/ Yoast SEO plugin. -->","yoast_head_json":{"title":"Gobernaci\u00f3n, abierta a dialogar con Javier Corral, refrenda Navarrete - Volcanes","robots":{"index":"index","follow":"follow","max-snippet":"max-snippet:-1","max-image-preview":"max-image-preview:large","max-video-preview":"max-video-preview:-1"},"canonical":"https:\/\/volcanes.net\/?p=768","og_locale":"es_MX","og_type":"article","og_title":"Gobernaci\u00f3n, abierta a dialogar con Javier Corral, refrenda Navarrete - Volcanes","og_description":"La Secretar\u00eda de Gobernaci\u00f3n (Segob) mantiene las puertas abiertas para dialogar con el gobernador de","og_url":"https:\/\/volcanes.net\/?p=768","og_site_name":"Volcanes","article_publisher":"https:\/\/www.facebook.com\/volcanes.net\/","article_published_time":"2018-01-24T14:45:35+00:00","og_image":[{"width":400,"height":200,"url":"https:\/\/volcanes.net\/wp-content\/uploads\/2018\/01\/np3.jpg","type":"image\/jpeg"}],"author":"admin","twitter_card":"summary_large_image","twitter_misc":{"Escrito por":"admin","Tiempo de lectura":"2 minutos"},"schema":{"@context":"https:\/\/schema.org","@graph":[{"@type":"Article","@id":"https:\/\/volcanes.net\/?p=768#article","isPartOf":{"@id":"https:\/\/volcanes.net\/?p=768"},"author":{"name":"admin","@id":"https:\/\/volcanes.net\/#\/schema\/person\/4bf0f383940966a4abd53f5048c0e6b9"},"headline":"Gobernaci\u00f3n, abierta a dialogar con Javier Corral, refrenda Navarrete","datePublished":"2018-01-24T14:45:35+00:00","mainEntityOfPage":{"@id":"https:\/\/volcanes.net\/?p=768"},"wordCount":318,"commentCount":0,"publisher":{"@id":"https:\/\/volcanes.net\/#organization"},"image":{"@id":"https:\/\/volcanes.net\/?p=768#primaryimage"},"thumbnailUrl":"https:\/\/volcanes.net\/wp-content\/uploads\/2018\/01\/np3.jpg","keywords":["SEGOB"],"articleSection":["Municipales"],"inLanguage":"es","potentialAction":[{"@type":"CommentAction","name":"Comment","target":["https:\/\/volcanes.net\/?p=768#respond"]}]},{"@type":"WebPage","@id":"https:\/\/volcanes.net\/?p=768","url":"https:\/\/volcanes.net\/?p=768","name":"Gobernaci\u00f3n, abierta a dialogar con Javier Corral, refrenda Navarrete - Volcanes","isPartOf":{"@id":"https:\/\/volcanes.net\/#website"},"primaryImageOfPage":{"@id":"https:\/\/volcanes.net\/?p=768#primaryimage"},"image":{"@id":"https:\/\/volcanes.net\/?p=768#primaryimage"},"thumbnailUrl":"https:\/\/volcanes.net\/wp-content\/uploads\/2018\/01\/np3.jpg","datePublished":"2018-01-24T14:45:35+00:00","breadcrumb":{"@id":"https:\/\/volcanes.net\/?p=768#breadcrumb"},"inLanguage":"es","potentialAction":[{"@type":"ReadAction","target":["https:\/\/volcanes.net\/?p=768"]}]},{"@type":"ImageObject","inLanguage":"es","@id":"https:\/\/volcanes.net\/?p=768#primaryimage","url":"https:\/\/volcanes.net\/wp-content\/uploads\/2018\/01\/np3.jpg","contentUrl":"https:\/\/volcanes.net\/wp-content\/uploads\/2018\/01\/np3.jpg","width":400,"height":200},{"@type":"BreadcrumbList","@id":"https:\/\/volcanes.net\/?p=768#breadcrumb","itemListElement":[{"@type":"ListItem","position":1,"name":"Portada","item":"https:\/\/volcanes.net\/"},{"@type":"ListItem","position":2,"name":"Gobernaci\u00f3n, abierta a dialogar con Javier Corral, refrenda Navarrete"}]},{"@type":"WebSite","@id":"https:\/\/volcanes.net\/#website","url":"https:\/\/volcanes.net\/","name":"Volcanes.Net","description":"Periodismo Profesional","publisher":{"@id":"https:\/\/volcanes.net\/#organization"},"potentialAction":[{"@type":"SearchAction","target":{"@type":"EntryPoint","urlTemplate":"https:\/\/volcanes.net\/?s={search_term_string}"},"query-input":{"@type":"PropertyValueSpecification","valueRequired":true,"valueName":"search_term_string"}}],"inLanguage":"es"},{"@type":"Organization","@id":"https:\/\/volcanes.net\/#organization","name":"Grupo Volcanes","url":"https:\/\/volcanes.net\/","logo":{"@type":"ImageObject","inLanguage":"es","@id":"https:\/\/volcanes.net\/#\/schema\/logo\/image\/","url":"http:\/\/volcanes.net\/wp-content\/uploads\/2017\/12\/Avatar2.jpg","contentUrl":"http:\/\/volcanes.net\/wp-content\/uploads\/2017\/12\/Avatar2.jpg","width":378,"height":378,"caption":"Grupo Volcanes"},"image":{"@id":"https:\/\/volcanes.net\/#\/schema\/logo\/image\/"},"sameAs":["https:\/\/www.facebook.com\/volcanes.net\/"]},{"@type":"Person","@id":"https:\/\/volcanes.net\/#\/schema\/person\/4bf0f383940966a4abd53f5048c0e6b9","name":"admin","image":{"@type":"ImageObject","inLanguage":"es","@id":"https:\/\/volcanes.net\/#\/schema\/person\/image\/","url":"https:\/\/secure.gravatar.com\/avatar\/ca004e6cba8462b8cb7abc86e382930c?s=96&d=mm&r=g","contentUrl":"https:\/\/secure.gravatar.com\/avatar\/ca004e6cba8462b8cb7abc86e382930c?s=96&d=mm&r=g","caption":"admin"}}]}},"_links":{"self":[{"href":"https:\/\/volcanes.net\/index.php?rest_route=\/wp\/v2\/posts\/768"}],"collection":[{"href":"https:\/\/volcanes.net\/index.php?rest_route=\/wp\/v2\/posts"}],"about":[{"href":"https:\/\/volcanes.net\/index.php?rest_route=\/wp\/v2\/types\/post"}],"author":[{"embeddable":true,"href":"https:\/\/volcanes.net\/index.php?rest_route=\/wp\/v2\/users\/1"}],"replies":[{"embeddable":true,"href":"https:\/\/volcanes.net\/index.php?rest_route=%2Fwp%2Fv2%2Fcomments&post=768"}],"version-history":[{"count":1,"href":"https:\/\/volcanes.net\/index.php?rest_route=\/wp\/v2\/posts\/768\/revisions"}],"predecessor-version":[{"id":769,"href":"https:\/\/volcanes.net\/index.php?rest_route=\/wp\/v2\/posts\/768\/revisions\/769"}],"wp:featuredmedia":[{"embeddable":true,"href":"https:\/\/volcanes.net\/index.php?rest_route=\/wp\/v2\/media\/752"}],"wp:attachment":[{"href":"https:\/\/volcanes.net\/index.php?rest_route=%2Fwp%2Fv2%2Fmedia&parent=768"}],"wp:term":[{"taxonomy":"category","embeddable":true,"href":"https:\/\/volcanes.net\/index.php?rest_route=%2Fwp%2Fv2%2Fcategories&post=768"},{"taxonomy":"post_tag","embeddable":true,"href":"https:\/\/volcanes.net\/index.php?rest_route=%2Fwp%2Fv2%2Ftags&post=768"}],"curies":[{"name":"wp","href":"https:\/\/api.w.org\/{rel}","templated":true}]}}