{"id":7683,"date":"2020-07-24T11:28:48","date_gmt":"2020-07-24T17:28:48","guid":{"rendered":"http:\/\/volcanes.net\/?p=7683"},"modified":"2020-07-24T11:28:48","modified_gmt":"2020-07-24T17:28:48","slug":"lo-detienen-por-el-delito-de-portacion-de-parque-para-armamento-de-uso-exclusivo-del-ejercito-mexicano-en-ixtapaluca","status":"publish","type":"post","link":"https:\/\/volcanes.net\/?p=7683","title":{"rendered":"Lo detienen por el delito de portaci\u00f3n de parque para armamento de uso exclusivo del ej\u00e9rcito mexicano en #Ixtapaluca"},"content":{"rendered":"<div style=\"margin-top: 0px; margin-bottom: 0px;\" class=\"sharethis-inline-share-buttons\" ><\/div><p>Ixtapaluca, Estado de M\u00e9xico. \u2013 Elementos de la Secretar\u00eda de Seguridad (SS) detuvieron a un sujeto por el delito de portaci\u00f3n de parque para armamento de uso exclusivo del Ej\u00e9rcito Mexicano, ya loque llevaba en su veh\u00edculo una bolsa en la que hab\u00eda 250 cartuchos \u00fatiles calibre 9 mil\u00edmetros.<\/p>\n<p>Al realizar un operativo Argos con el fin de inhibir actividades delictivas, el personal operativo de la SS que se encontraba sobre la avenida Cuauht\u00e9moc esquina calle Encinos, en la colonia Hornos de Santa B\u00e1rbara en el municipio de Ixtapaluca, solicitaron hacer una inspecci\u00f3n a una camioneta Explorer de color negro.<\/p>\n<p>Al realizar la supervisi\u00f3n, fueron localizados, en el asiento de lado izquierdo, cinco bolsas de pl\u00e1stico transparente que un su interior llevaba 250 balas \u00fatiles, calibre 9 mil\u00edmetros de la marca \u00c1guila.<\/p>\n<p>Por tal motivo, los Polic\u00edas Estatales, detuvieron al conductor del veh\u00edculo, Fernando \u201cN\u201d de 25 a\u00f1os de edad, con domicilio en el mismo municipio.<\/p>\n<p>El sujeto, la camioneta y los proyectiles, fueron trasladados a las instalaciones de la Fiscal\u00eda General de Justicia del Estados de M\u00e9xico (FGJEM) en el poblado de Ayotla, a fin de determinar su situaci\u00f3n Jur\u00eddica.<\/p>\n<p>&nbsp;<\/p>\n","protected":false},"excerpt":{"rendered":"<p>Ixtapaluca, Estado de M\u00e9xico. \u2013 Elementos de la Secretar\u00eda de Seguridad (SS) detuvieron a un<\/p>\n","protected":false},"author":1,"featured_media":7684,"comment_status":"open","ping_status":"open","sticky":false,"template":"","format":"standard","meta":{"footnotes":""},"categories":[1],"tags":[265,6],"class_list":["post-7683","post","type-post","status-publish","format-standard","has-post-thumbnail","hentry","category-municipales","tag-grupovolcanes","tag-ixtapaluca"],"yoast_head":"<!-- This site is optimized with the Yoast SEO plugin v25.3 - https:\/\/yoast.com\/wordpress\/plugins\/seo\/ -->\n<title>Lo detienen por el delito de portaci\u00f3n de parque para armamento de uso exclusivo del ej\u00e9rcito mexicano en #Ixtapaluca - Volcanes<\/title>\n<meta name=\"robots\" content=\"index, follow, max-snippet:-1, max-image-preview:large, max-video-preview:-1\" \/>\n<link rel=\"canonical\" href=\"https:\/\/volcanes.net\/?p=7683\" \/>\n<meta property=\"og:locale\" content=\"es_MX\" \/>\n<meta property=\"og:type\" content=\"article\" \/>\n<meta property=\"og:title\" content=\"Lo detienen por el delito de portaci\u00f3n de parque para armamento de uso exclusivo del ej\u00e9rcito mexicano en #Ixtapaluca - Volcanes\" \/>\n<meta property=\"og:description\" content=\"Ixtapaluca, Estado de M\u00e9xico. \u2013 Elementos de la Secretar\u00eda de Seguridad (SS) detuvieron a un\" \/>\n<meta property=\"og:url\" content=\"https:\/\/volcanes.net\/?p=7683\" \/>\n<meta property=\"og:site_name\" content=\"Volcanes\" \/>\n<meta property=\"article:publisher\" content=\"https:\/\/www.facebook.com\/volcanes.net\/\" \/>\n<meta property=\"article:published_time\" content=\"2020-07-24T17:28:48+00:00\" \/>\n<meta property=\"og:image\" content=\"https:\/\/volcanes.net\/wp-content\/uploads\/2020\/07\/wp-1595551203594_opt.jpg\" \/>\n\t<meta property=\"og:image:width\" content=\"400\" \/>\n\t<meta property=\"og:image:height\" content=\"623\" \/>\n\t<meta property=\"og:image:type\" content=\"image\/jpeg\" \/>\n<meta name=\"author\" content=\"admin\" \/>\n<meta name=\"twitter:card\" content=\"summary_large_image\" \/>\n<meta name=\"twitter:label1\" content=\"Escrito por\" \/>\n\t<meta name=\"twitter:data1\" content=\"admin\" \/>\n\t<meta name=\"twitter:label2\" content=\"Tiempo de lectura\" \/>\n\t<meta name=\"twitter:data2\" content=\"1 minuto\" \/>\n<script type=\"application\/ld+json\" class=\"yoast-schema-graph\">{\"@context\":\"https:\/\/schema.org\",\"@graph\":[{\"@type\":\"Article\",\"@id\":\"https:\/\/volcanes.net\/?p=7683#article\",\"isPartOf\":{\"@id\":\"https:\/\/volcanes.net\/?p=7683\"},\"author\":{\"name\":\"admin\",\"@id\":\"https:\/\/volcanes.net\/#\/schema\/person\/4bf0f383940966a4abd53f5048c0e6b9\"},\"headline\":\"Lo detienen por el delito de portaci\u00f3n de parque para armamento de uso exclusivo del ej\u00e9rcito mexicano en #Ixtapaluca\",\"datePublished\":\"2020-07-24T17:28:48+00:00\",\"mainEntityOfPage\":{\"@id\":\"https:\/\/volcanes.net\/?p=7683\"},\"wordCount\":227,\"commentCount\":0,\"publisher\":{\"@id\":\"https:\/\/volcanes.net\/#organization\"},\"image\":{\"@id\":\"https:\/\/volcanes.net\/?p=7683#primaryimage\"},\"thumbnailUrl\":\"https:\/\/volcanes.net\/wp-content\/uploads\/2020\/07\/wp-1595551203594_opt.jpg\",\"keywords\":[\"GrupoVolcanes\",\"Ixtapaluca\"],\"articleSection\":[\"Municipales\"],\"inLanguage\":\"es\",\"potentialAction\":[{\"@type\":\"CommentAction\",\"name\":\"Comment\",\"target\":[\"https:\/\/volcanes.net\/?p=7683#respond\"]}]},{\"@type\":\"WebPage\",\"@id\":\"https:\/\/volcanes.net\/?p=7683\",\"url\":\"https:\/\/volcanes.net\/?p=7683\",\"name\":\"Lo detienen por el delito de portaci\u00f3n de parque para armamento de uso exclusivo del ej\u00e9rcito mexicano en #Ixtapaluca - Volcanes\",\"isPartOf\":{\"@id\":\"https:\/\/volcanes.net\/#website\"},\"primaryImageOfPage\":{\"@id\":\"https:\/\/volcanes.net\/?p=7683#primaryimage\"},\"image\":{\"@id\":\"https:\/\/volcanes.net\/?p=7683#primaryimage\"},\"thumbnailUrl\":\"https:\/\/volcanes.net\/wp-content\/uploads\/2020\/07\/wp-1595551203594_opt.jpg\",\"datePublished\":\"2020-07-24T17:28:48+00:00\",\"breadcrumb\":{\"@id\":\"https:\/\/volcanes.net\/?p=7683#breadcrumb\"},\"inLanguage\":\"es\",\"potentialAction\":[{\"@type\":\"ReadAction\",\"target\":[\"https:\/\/volcanes.net\/?p=7683\"]}]},{\"@type\":\"ImageObject\",\"inLanguage\":\"es\",\"@id\":\"https:\/\/volcanes.net\/?p=7683#primaryimage\",\"url\":\"https:\/\/volcanes.net\/wp-content\/uploads\/2020\/07\/wp-1595551203594_opt.jpg\",\"contentUrl\":\"https:\/\/volcanes.net\/wp-content\/uploads\/2020\/07\/wp-1595551203594_opt.jpg\",\"width\":400,\"height\":623},{\"@type\":\"BreadcrumbList\",\"@id\":\"https:\/\/volcanes.net\/?p=7683#breadcrumb\",\"itemListElement\":[{\"@type\":\"ListItem\",\"position\":1,\"name\":\"Portada\",\"item\":\"https:\/\/volcanes.net\/\"},{\"@type\":\"ListItem\",\"position\":2,\"name\":\"Lo detienen por el delito de portaci\u00f3n de parque para armamento de uso exclusivo del ej\u00e9rcito mexicano en #Ixtapaluca\"}]},{\"@type\":\"WebSite\",\"@id\":\"https:\/\/volcanes.net\/#website\",\"url\":\"https:\/\/volcanes.net\/\",\"name\":\"Volcanes.Net\",\"description\":\"Periodismo Profesional\",\"publisher\":{\"@id\":\"https:\/\/volcanes.net\/#organization\"},\"potentialAction\":[{\"@type\":\"SearchAction\",\"target\":{\"@type\":\"EntryPoint\",\"urlTemplate\":\"https:\/\/volcanes.net\/?s={search_term_string}\"},\"query-input\":{\"@type\":\"PropertyValueSpecification\",\"valueRequired\":true,\"valueName\":\"search_term_string\"}}],\"inLanguage\":\"es\"},{\"@type\":\"Organization\",\"@id\":\"https:\/\/volcanes.net\/#organization\",\"name\":\"Grupo Volcanes\",\"url\":\"https:\/\/volcanes.net\/\",\"logo\":{\"@type\":\"ImageObject\",\"inLanguage\":\"es\",\"@id\":\"https:\/\/volcanes.net\/#\/schema\/logo\/image\/\",\"url\":\"http:\/\/volcanes.net\/wp-content\/uploads\/2017\/12\/Avatar2.jpg\",\"contentUrl\":\"http:\/\/volcanes.net\/wp-content\/uploads\/2017\/12\/Avatar2.jpg\",\"width\":378,\"height\":378,\"caption\":\"Grupo Volcanes\"},\"image\":{\"@id\":\"https:\/\/volcanes.net\/#\/schema\/logo\/image\/\"},\"sameAs\":[\"https:\/\/www.facebook.com\/volcanes.net\/\"]},{\"@type\":\"Person\",\"@id\":\"https:\/\/volcanes.net\/#\/schema\/person\/4bf0f383940966a4abd53f5048c0e6b9\",\"name\":\"admin\",\"image\":{\"@type\":\"ImageObject\",\"inLanguage\":\"es\",\"@id\":\"https:\/\/volcanes.net\/#\/schema\/person\/image\/\",\"url\":\"https:\/\/secure.gravatar.com\/avatar\/ca004e6cba8462b8cb7abc86e382930c?s=96&d=mm&r=g\",\"contentUrl\":\"https:\/\/secure.gravatar.com\/avatar\/ca004e6cba8462b8cb7abc86e382930c?s=96&d=mm&r=g\",\"caption\":\"admin\"}}]}<\/script>\n<!-- \/ Yoast SEO plugin. -->","yoast_head_json":{"title":"Lo detienen por el delito de portaci\u00f3n de parque para armamento de uso exclusivo del ej\u00e9rcito mexicano en #Ixtapaluca - Volcanes","robots":{"index":"index","follow":"follow","max-snippet":"max-snippet:-1","max-image-preview":"max-image-preview:large","max-video-preview":"max-video-preview:-1"},"canonical":"https:\/\/volcanes.net\/?p=7683","og_locale":"es_MX","og_type":"article","og_title":"Lo detienen por el delito de portaci\u00f3n de parque para armamento de uso exclusivo del ej\u00e9rcito mexicano en #Ixtapaluca - Volcanes","og_description":"Ixtapaluca, Estado de M\u00e9xico. \u2013 Elementos de la Secretar\u00eda de Seguridad (SS) detuvieron a un","og_url":"https:\/\/volcanes.net\/?p=7683","og_site_name":"Volcanes","article_publisher":"https:\/\/www.facebook.com\/volcanes.net\/","article_published_time":"2020-07-24T17:28:48+00:00","og_image":[{"width":400,"height":623,"url":"https:\/\/volcanes.net\/wp-content\/uploads\/2020\/07\/wp-1595551203594_opt.jpg","type":"image\/jpeg"}],"author":"admin","twitter_card":"summary_large_image","twitter_misc":{"Escrito por":"admin","Tiempo de lectura":"1 minuto"},"schema":{"@context":"https:\/\/schema.org","@graph":[{"@type":"Article","@id":"https:\/\/volcanes.net\/?p=7683#article","isPartOf":{"@id":"https:\/\/volcanes.net\/?p=7683"},"author":{"name":"admin","@id":"https:\/\/volcanes.net\/#\/schema\/person\/4bf0f383940966a4abd53f5048c0e6b9"},"headline":"Lo detienen por el delito de portaci\u00f3n de parque para armamento de uso exclusivo del ej\u00e9rcito mexicano en #Ixtapaluca","datePublished":"2020-07-24T17:28:48+00:00","mainEntityOfPage":{"@id":"https:\/\/volcanes.net\/?p=7683"},"wordCount":227,"commentCount":0,"publisher":{"@id":"https:\/\/volcanes.net\/#organization"},"image":{"@id":"https:\/\/volcanes.net\/?p=7683#primaryimage"},"thumbnailUrl":"https:\/\/volcanes.net\/wp-content\/uploads\/2020\/07\/wp-1595551203594_opt.jpg","keywords":["GrupoVolcanes","Ixtapaluca"],"articleSection":["Municipales"],"inLanguage":"es","potentialAction":[{"@type":"CommentAction","name":"Comment","target":["https:\/\/volcanes.net\/?p=7683#respond"]}]},{"@type":"WebPage","@id":"https:\/\/volcanes.net\/?p=7683","url":"https:\/\/volcanes.net\/?p=7683","name":"Lo detienen por el delito de portaci\u00f3n de parque para armamento de uso exclusivo del ej\u00e9rcito mexicano en #Ixtapaluca - Volcanes","isPartOf":{"@id":"https:\/\/volcanes.net\/#website"},"primaryImageOfPage":{"@id":"https:\/\/volcanes.net\/?p=7683#primaryimage"},"image":{"@id":"https:\/\/volcanes.net\/?p=7683#primaryimage"},"thumbnailUrl":"https:\/\/volcanes.net\/wp-content\/uploads\/2020\/07\/wp-1595551203594_opt.jpg","datePublished":"2020-07-24T17:28:48+00:00","breadcrumb":{"@id":"https:\/\/volcanes.net\/?p=7683#breadcrumb"},"inLanguage":"es","potentialAction":[{"@type":"ReadAction","target":["https:\/\/volcanes.net\/?p=7683"]}]},{"@type":"ImageObject","inLanguage":"es","@id":"https:\/\/volcanes.net\/?p=7683#primaryimage","url":"https:\/\/volcanes.net\/wp-content\/uploads\/2020\/07\/wp-1595551203594_opt.jpg","contentUrl":"https:\/\/volcanes.net\/wp-content\/uploads\/2020\/07\/wp-1595551203594_opt.jpg","width":400,"height":623},{"@type":"BreadcrumbList","@id":"https:\/\/volcanes.net\/?p=7683#breadcrumb","itemListElement":[{"@type":"ListItem","position":1,"name":"Portada","item":"https:\/\/volcanes.net\/"},{"@type":"ListItem","position":2,"name":"Lo detienen por el delito de portaci\u00f3n de parque para armamento de uso exclusivo del ej\u00e9rcito mexicano en #Ixtapaluca"}]},{"@type":"WebSite","@id":"https:\/\/volcanes.net\/#website","url":"https:\/\/volcanes.net\/","name":"Volcanes.Net","description":"Periodismo Profesional","publisher":{"@id":"https:\/\/volcanes.net\/#organization"},"potentialAction":[{"@type":"SearchAction","target":{"@type":"EntryPoint","urlTemplate":"https:\/\/volcanes.net\/?s={search_term_string}"},"query-input":{"@type":"PropertyValueSpecification","valueRequired":true,"valueName":"search_term_string"}}],"inLanguage":"es"},{"@type":"Organization","@id":"https:\/\/volcanes.net\/#organization","name":"Grupo Volcanes","url":"https:\/\/volcanes.net\/","logo":{"@type":"ImageObject","inLanguage":"es","@id":"https:\/\/volcanes.net\/#\/schema\/logo\/image\/","url":"http:\/\/volcanes.net\/wp-content\/uploads\/2017\/12\/Avatar2.jpg","contentUrl":"http:\/\/volcanes.net\/wp-content\/uploads\/2017\/12\/Avatar2.jpg","width":378,"height":378,"caption":"Grupo Volcanes"},"image":{"@id":"https:\/\/volcanes.net\/#\/schema\/logo\/image\/"},"sameAs":["https:\/\/www.facebook.com\/volcanes.net\/"]},{"@type":"Person","@id":"https:\/\/volcanes.net\/#\/schema\/person\/4bf0f383940966a4abd53f5048c0e6b9","name":"admin","image":{"@type":"ImageObject","inLanguage":"es","@id":"https:\/\/volcanes.net\/#\/schema\/person\/image\/","url":"https:\/\/secure.gravatar.com\/avatar\/ca004e6cba8462b8cb7abc86e382930c?s=96&d=mm&r=g","contentUrl":"https:\/\/secure.gravatar.com\/avatar\/ca004e6cba8462b8cb7abc86e382930c?s=96&d=mm&r=g","caption":"admin"}}]}},"_links":{"self":[{"href":"https:\/\/volcanes.net\/index.php?rest_route=\/wp\/v2\/posts\/7683"}],"collection":[{"href":"https:\/\/volcanes.net\/index.php?rest_route=\/wp\/v2\/posts"}],"about":[{"href":"https:\/\/volcanes.net\/index.php?rest_route=\/wp\/v2\/types\/post"}],"author":[{"embeddable":true,"href":"https:\/\/volcanes.net\/index.php?rest_route=\/wp\/v2\/users\/1"}],"replies":[{"embeddable":true,"href":"https:\/\/volcanes.net\/index.php?rest_route=%2Fwp%2Fv2%2Fcomments&post=7683"}],"version-history":[{"count":1,"href":"https:\/\/volcanes.net\/index.php?rest_route=\/wp\/v2\/posts\/7683\/revisions"}],"predecessor-version":[{"id":7685,"href":"https:\/\/volcanes.net\/index.php?rest_route=\/wp\/v2\/posts\/7683\/revisions\/7685"}],"wp:featuredmedia":[{"embeddable":true,"href":"https:\/\/volcanes.net\/index.php?rest_route=\/wp\/v2\/media\/7684"}],"wp:attachment":[{"href":"https:\/\/volcanes.net\/index.php?rest_route=%2Fwp%2Fv2%2Fmedia&parent=7683"}],"wp:term":[{"taxonomy":"category","embeddable":true,"href":"https:\/\/volcanes.net\/index.php?rest_route=%2Fwp%2Fv2%2Fcategories&post=7683"},{"taxonomy":"post_tag","embeddable":true,"href":"https:\/\/volcanes.net\/index.php?rest_route=%2Fwp%2Fv2%2Ftags&post=7683"}],"curies":[{"name":"wp","href":"https:\/\/api.w.org\/{rel}","templated":true}]}}