{"id":7705,"date":"2020-07-27T08:02:38","date_gmt":"2020-07-27T14:02:38","guid":{"rendered":"http:\/\/volcanes.net\/?p=7705"},"modified":"2020-07-27T08:02:38","modified_gmt":"2020-07-27T14:02:38","slug":"los-detienen-en-nezahualcoyotl-por-su-presunta-participacion-en-un-homicidio-en-ixtapaluca","status":"publish","type":"post","link":"https:\/\/volcanes.net\/?p=7705","title":{"rendered":"Los detienen en Nezahualc\u00f3yotl por su presunta participaci\u00f3n en un homicidio en Ixtapaluca"},"content":{"rendered":"<div style=\"margin-top: 0px; margin-bottom: 0px;\" class=\"sharethis-inline-share-buttons\" ><\/div><div class=\"tiled-gallery type-rectangular\" data-original-width=\"860\" data-carousel-extra=\"{&quot;blog_id&quot;:1,&quot;permalink&quot;:&quot;https:\\\/\\\/reporterosenmovimiento.com\\\/2020\\\/07\\\/26\\\/dos-detenidos-en-nezahualcoyotl-por-homicidio-en-ixtapaluca\\\/&quot;,&quot;likes_blog_id&quot;:40185689}\">\n<div class=\"gallery-row\" data-original-width=\"860\" data-original-height=\"441\">\n<div class=\"gallery-group images-1\" data-original-width=\"491\" data-original-height=\"441\">\n<div class=\"tiled-gallery-item tiled-gallery-item-large\">Nezahualc\u00f3yotl, Estado de M\u00e9xico.- Elementos de la Direcci\u00f3n General de Seguridad Ciudadana Nezahualc\u00f3yotl detuvieron a dos sujetos que contaban con una orden de aprehensi\u00f3n por su probable responsabilidad en la comisi\u00f3n del delito de homicidio.<\/div>\n<\/div>\n<\/div>\n<\/div>\n<p><span id=\"more-306828\"><\/span><br \/>\nLos dos sujetos de 21 y 22 a\u00f1os de edad fueron detenidos tras haber sido denunciados como responsables de haber cometido un robo con violencia en calles de la colonia Benito Ju\u00e1rez.<\/p>\n<p>Los hoy presuntos homicidas, viajaban a bordo de un veh\u00edculo con crom\u00e1ticas de taxi de la CDMX cuando intentaban darse a la fuga luego de haber sido se\u00f1alados por varios j\u00f3venes como los responsables de haberlos amagado presuntamente con una de fuego para despojarlos de sus pertenencias, por lo que los elementos de la DGSC se dieron a la tarea de detenerlos, logr\u00e1ndolo metros m\u00e1s adelante.<\/p>\n<p>Al realizar una revisi\u00f3n precautoria a los detenidos y al veh\u00edculo, se localiz\u00f3 una pistola tipo revolver calibre 22 con tres cartuchos \u00fatiles y las pertenencias de los afectados, por lo que se les hizo saber sus derechos y que ser\u00edan puestos a disposici\u00f3n de la autoridad correspondiente.<\/p>\n<p>Sin embargo, al verificar los datos proporcionados por los detenidos, se conoci\u00f3 que Edwin N. y Luis N. contaban con una orden de aprehensi\u00f3n emitida por un Juez en el municipio de Chalco, luego de que se presume su participaci\u00f3n en un homicidio cometido al inicio de este a\u00f1o en el municipio de Ixtapaluca.<\/p>\n<p>Con los datos obtenidos por los elementos municipales se dio conocimiento a la polic\u00eda de investigaci\u00f3n para que pudieran hacerse cargo de los detenidos y ser trasladados ante la autoridad judicial que los requer\u00eda.<\/p>\n","protected":false},"excerpt":{"rendered":"<p>Nezahualc\u00f3yotl, Estado de M\u00e9xico.- Elementos de la Direcci\u00f3n General de Seguridad Ciudadana Nezahualc\u00f3yotl detuvieron a<\/p>\n","protected":false},"author":1,"featured_media":7706,"comment_status":"open","ping_status":"open","sticky":false,"template":"","format":"standard","meta":{"footnotes":""},"categories":[1],"tags":[21],"class_list":["post-7705","post","type-post","status-publish","format-standard","has-post-thumbnail","hentry","category-municipales","tag-nezahualcoyotl"],"yoast_head":"<!-- This site is optimized with the Yoast SEO plugin v25.3 - https:\/\/yoast.com\/wordpress\/plugins\/seo\/ -->\n<title>Los detienen en Nezahualc\u00f3yotl por su presunta participaci\u00f3n en un homicidio en Ixtapaluca - Volcanes<\/title>\n<meta name=\"robots\" content=\"index, follow, max-snippet:-1, max-image-preview:large, max-video-preview:-1\" \/>\n<link rel=\"canonical\" href=\"https:\/\/volcanes.net\/?p=7705\" \/>\n<meta property=\"og:locale\" content=\"es_MX\" \/>\n<meta property=\"og:type\" content=\"article\" \/>\n<meta property=\"og:title\" content=\"Los detienen en Nezahualc\u00f3yotl por su presunta participaci\u00f3n en un homicidio en Ixtapaluca - Volcanes\" \/>\n<meta property=\"og:description\" content=\"Nezahualc\u00f3yotl, Estado de M\u00e9xico.- Elementos de la Direcci\u00f3n General de Seguridad Ciudadana Nezahualc\u00f3yotl detuvieron a\" \/>\n<meta property=\"og:url\" content=\"https:\/\/volcanes.net\/?p=7705\" \/>\n<meta property=\"og:site_name\" content=\"Volcanes\" \/>\n<meta property=\"article:publisher\" content=\"https:\/\/www.facebook.com\/volcanes.net\/\" \/>\n<meta property=\"article:published_time\" content=\"2020-07-27T14:02:38+00:00\" \/>\n<meta property=\"og:image\" content=\"https:\/\/volcanes.net\/wp-content\/uploads\/2020\/07\/20200727_080121_opt.png\" \/>\n\t<meta property=\"og:image:width\" content=\"400\" \/>\n\t<meta property=\"og:image:height\" content=\"263\" \/>\n\t<meta property=\"og:image:type\" content=\"image\/png\" \/>\n<meta name=\"author\" content=\"admin\" \/>\n<meta name=\"twitter:card\" content=\"summary_large_image\" \/>\n<meta name=\"twitter:label1\" content=\"Escrito por\" \/>\n\t<meta name=\"twitter:data1\" content=\"admin\" \/>\n\t<meta name=\"twitter:label2\" content=\"Tiempo de lectura\" \/>\n\t<meta name=\"twitter:data2\" content=\"1 minuto\" \/>\n<script type=\"application\/ld+json\" class=\"yoast-schema-graph\">{\"@context\":\"https:\/\/schema.org\",\"@graph\":[{\"@type\":\"Article\",\"@id\":\"https:\/\/volcanes.net\/?p=7705#article\",\"isPartOf\":{\"@id\":\"https:\/\/volcanes.net\/?p=7705\"},\"author\":{\"name\":\"admin\",\"@id\":\"https:\/\/volcanes.net\/#\/schema\/person\/4bf0f383940966a4abd53f5048c0e6b9\"},\"headline\":\"Los detienen en Nezahualc\u00f3yotl por su presunta participaci\u00f3n en un homicidio en Ixtapaluca\",\"datePublished\":\"2020-07-27T14:02:38+00:00\",\"mainEntityOfPage\":{\"@id\":\"https:\/\/volcanes.net\/?p=7705\"},\"wordCount\":306,\"commentCount\":0,\"publisher\":{\"@id\":\"https:\/\/volcanes.net\/#organization\"},\"image\":{\"@id\":\"https:\/\/volcanes.net\/?p=7705#primaryimage\"},\"thumbnailUrl\":\"https:\/\/volcanes.net\/wp-content\/uploads\/2020\/07\/20200727_080121_opt.png\",\"keywords\":[\"Nezahualc\u00f3yotl\"],\"articleSection\":[\"Municipales\"],\"inLanguage\":\"es\",\"potentialAction\":[{\"@type\":\"CommentAction\",\"name\":\"Comment\",\"target\":[\"https:\/\/volcanes.net\/?p=7705#respond\"]}]},{\"@type\":\"WebPage\",\"@id\":\"https:\/\/volcanes.net\/?p=7705\",\"url\":\"https:\/\/volcanes.net\/?p=7705\",\"name\":\"Los detienen en Nezahualc\u00f3yotl por su presunta participaci\u00f3n en un homicidio en Ixtapaluca - Volcanes\",\"isPartOf\":{\"@id\":\"https:\/\/volcanes.net\/#website\"},\"primaryImageOfPage\":{\"@id\":\"https:\/\/volcanes.net\/?p=7705#primaryimage\"},\"image\":{\"@id\":\"https:\/\/volcanes.net\/?p=7705#primaryimage\"},\"thumbnailUrl\":\"https:\/\/volcanes.net\/wp-content\/uploads\/2020\/07\/20200727_080121_opt.png\",\"datePublished\":\"2020-07-27T14:02:38+00:00\",\"breadcrumb\":{\"@id\":\"https:\/\/volcanes.net\/?p=7705#breadcrumb\"},\"inLanguage\":\"es\",\"potentialAction\":[{\"@type\":\"ReadAction\",\"target\":[\"https:\/\/volcanes.net\/?p=7705\"]}]},{\"@type\":\"ImageObject\",\"inLanguage\":\"es\",\"@id\":\"https:\/\/volcanes.net\/?p=7705#primaryimage\",\"url\":\"https:\/\/volcanes.net\/wp-content\/uploads\/2020\/07\/20200727_080121_opt.png\",\"contentUrl\":\"https:\/\/volcanes.net\/wp-content\/uploads\/2020\/07\/20200727_080121_opt.png\",\"width\":400,\"height\":263},{\"@type\":\"BreadcrumbList\",\"@id\":\"https:\/\/volcanes.net\/?p=7705#breadcrumb\",\"itemListElement\":[{\"@type\":\"ListItem\",\"position\":1,\"name\":\"Portada\",\"item\":\"https:\/\/volcanes.net\/\"},{\"@type\":\"ListItem\",\"position\":2,\"name\":\"Los detienen en Nezahualc\u00f3yotl por su presunta participaci\u00f3n en un homicidio en Ixtapaluca\"}]},{\"@type\":\"WebSite\",\"@id\":\"https:\/\/volcanes.net\/#website\",\"url\":\"https:\/\/volcanes.net\/\",\"name\":\"Volcanes.Net\",\"description\":\"Periodismo Profesional\",\"publisher\":{\"@id\":\"https:\/\/volcanes.net\/#organization\"},\"potentialAction\":[{\"@type\":\"SearchAction\",\"target\":{\"@type\":\"EntryPoint\",\"urlTemplate\":\"https:\/\/volcanes.net\/?s={search_term_string}\"},\"query-input\":{\"@type\":\"PropertyValueSpecification\",\"valueRequired\":true,\"valueName\":\"search_term_string\"}}],\"inLanguage\":\"es\"},{\"@type\":\"Organization\",\"@id\":\"https:\/\/volcanes.net\/#organization\",\"name\":\"Grupo Volcanes\",\"url\":\"https:\/\/volcanes.net\/\",\"logo\":{\"@type\":\"ImageObject\",\"inLanguage\":\"es\",\"@id\":\"https:\/\/volcanes.net\/#\/schema\/logo\/image\/\",\"url\":\"http:\/\/volcanes.net\/wp-content\/uploads\/2017\/12\/Avatar2.jpg\",\"contentUrl\":\"http:\/\/volcanes.net\/wp-content\/uploads\/2017\/12\/Avatar2.jpg\",\"width\":378,\"height\":378,\"caption\":\"Grupo Volcanes\"},\"image\":{\"@id\":\"https:\/\/volcanes.net\/#\/schema\/logo\/image\/\"},\"sameAs\":[\"https:\/\/www.facebook.com\/volcanes.net\/\"]},{\"@type\":\"Person\",\"@id\":\"https:\/\/volcanes.net\/#\/schema\/person\/4bf0f383940966a4abd53f5048c0e6b9\",\"name\":\"admin\",\"image\":{\"@type\":\"ImageObject\",\"inLanguage\":\"es\",\"@id\":\"https:\/\/volcanes.net\/#\/schema\/person\/image\/\",\"url\":\"https:\/\/secure.gravatar.com\/avatar\/ca004e6cba8462b8cb7abc86e382930c?s=96&d=mm&r=g\",\"contentUrl\":\"https:\/\/secure.gravatar.com\/avatar\/ca004e6cba8462b8cb7abc86e382930c?s=96&d=mm&r=g\",\"caption\":\"admin\"}}]}<\/script>\n<!-- \/ Yoast SEO plugin. -->","yoast_head_json":{"title":"Los detienen en Nezahualc\u00f3yotl por su presunta participaci\u00f3n en un homicidio en Ixtapaluca - Volcanes","robots":{"index":"index","follow":"follow","max-snippet":"max-snippet:-1","max-image-preview":"max-image-preview:large","max-video-preview":"max-video-preview:-1"},"canonical":"https:\/\/volcanes.net\/?p=7705","og_locale":"es_MX","og_type":"article","og_title":"Los detienen en Nezahualc\u00f3yotl por su presunta participaci\u00f3n en un homicidio en Ixtapaluca - Volcanes","og_description":"Nezahualc\u00f3yotl, Estado de M\u00e9xico.- Elementos de la Direcci\u00f3n General de Seguridad Ciudadana Nezahualc\u00f3yotl detuvieron a","og_url":"https:\/\/volcanes.net\/?p=7705","og_site_name":"Volcanes","article_publisher":"https:\/\/www.facebook.com\/volcanes.net\/","article_published_time":"2020-07-27T14:02:38+00:00","og_image":[{"width":400,"height":263,"url":"https:\/\/volcanes.net\/wp-content\/uploads\/2020\/07\/20200727_080121_opt.png","type":"image\/png"}],"author":"admin","twitter_card":"summary_large_image","twitter_misc":{"Escrito por":"admin","Tiempo de lectura":"1 minuto"},"schema":{"@context":"https:\/\/schema.org","@graph":[{"@type":"Article","@id":"https:\/\/volcanes.net\/?p=7705#article","isPartOf":{"@id":"https:\/\/volcanes.net\/?p=7705"},"author":{"name":"admin","@id":"https:\/\/volcanes.net\/#\/schema\/person\/4bf0f383940966a4abd53f5048c0e6b9"},"headline":"Los detienen en Nezahualc\u00f3yotl por su presunta participaci\u00f3n en un homicidio en Ixtapaluca","datePublished":"2020-07-27T14:02:38+00:00","mainEntityOfPage":{"@id":"https:\/\/volcanes.net\/?p=7705"},"wordCount":306,"commentCount":0,"publisher":{"@id":"https:\/\/volcanes.net\/#organization"},"image":{"@id":"https:\/\/volcanes.net\/?p=7705#primaryimage"},"thumbnailUrl":"https:\/\/volcanes.net\/wp-content\/uploads\/2020\/07\/20200727_080121_opt.png","keywords":["Nezahualc\u00f3yotl"],"articleSection":["Municipales"],"inLanguage":"es","potentialAction":[{"@type":"CommentAction","name":"Comment","target":["https:\/\/volcanes.net\/?p=7705#respond"]}]},{"@type":"WebPage","@id":"https:\/\/volcanes.net\/?p=7705","url":"https:\/\/volcanes.net\/?p=7705","name":"Los detienen en Nezahualc\u00f3yotl por su presunta participaci\u00f3n en un homicidio en Ixtapaluca - Volcanes","isPartOf":{"@id":"https:\/\/volcanes.net\/#website"},"primaryImageOfPage":{"@id":"https:\/\/volcanes.net\/?p=7705#primaryimage"},"image":{"@id":"https:\/\/volcanes.net\/?p=7705#primaryimage"},"thumbnailUrl":"https:\/\/volcanes.net\/wp-content\/uploads\/2020\/07\/20200727_080121_opt.png","datePublished":"2020-07-27T14:02:38+00:00","breadcrumb":{"@id":"https:\/\/volcanes.net\/?p=7705#breadcrumb"},"inLanguage":"es","potentialAction":[{"@type":"ReadAction","target":["https:\/\/volcanes.net\/?p=7705"]}]},{"@type":"ImageObject","inLanguage":"es","@id":"https:\/\/volcanes.net\/?p=7705#primaryimage","url":"https:\/\/volcanes.net\/wp-content\/uploads\/2020\/07\/20200727_080121_opt.png","contentUrl":"https:\/\/volcanes.net\/wp-content\/uploads\/2020\/07\/20200727_080121_opt.png","width":400,"height":263},{"@type":"BreadcrumbList","@id":"https:\/\/volcanes.net\/?p=7705#breadcrumb","itemListElement":[{"@type":"ListItem","position":1,"name":"Portada","item":"https:\/\/volcanes.net\/"},{"@type":"ListItem","position":2,"name":"Los detienen en Nezahualc\u00f3yotl por su presunta participaci\u00f3n en un homicidio en Ixtapaluca"}]},{"@type":"WebSite","@id":"https:\/\/volcanes.net\/#website","url":"https:\/\/volcanes.net\/","name":"Volcanes.Net","description":"Periodismo Profesional","publisher":{"@id":"https:\/\/volcanes.net\/#organization"},"potentialAction":[{"@type":"SearchAction","target":{"@type":"EntryPoint","urlTemplate":"https:\/\/volcanes.net\/?s={search_term_string}"},"query-input":{"@type":"PropertyValueSpecification","valueRequired":true,"valueName":"search_term_string"}}],"inLanguage":"es"},{"@type":"Organization","@id":"https:\/\/volcanes.net\/#organization","name":"Grupo Volcanes","url":"https:\/\/volcanes.net\/","logo":{"@type":"ImageObject","inLanguage":"es","@id":"https:\/\/volcanes.net\/#\/schema\/logo\/image\/","url":"http:\/\/volcanes.net\/wp-content\/uploads\/2017\/12\/Avatar2.jpg","contentUrl":"http:\/\/volcanes.net\/wp-content\/uploads\/2017\/12\/Avatar2.jpg","width":378,"height":378,"caption":"Grupo Volcanes"},"image":{"@id":"https:\/\/volcanes.net\/#\/schema\/logo\/image\/"},"sameAs":["https:\/\/www.facebook.com\/volcanes.net\/"]},{"@type":"Person","@id":"https:\/\/volcanes.net\/#\/schema\/person\/4bf0f383940966a4abd53f5048c0e6b9","name":"admin","image":{"@type":"ImageObject","inLanguage":"es","@id":"https:\/\/volcanes.net\/#\/schema\/person\/image\/","url":"https:\/\/secure.gravatar.com\/avatar\/ca004e6cba8462b8cb7abc86e382930c?s=96&d=mm&r=g","contentUrl":"https:\/\/secure.gravatar.com\/avatar\/ca004e6cba8462b8cb7abc86e382930c?s=96&d=mm&r=g","caption":"admin"}}]}},"_links":{"self":[{"href":"https:\/\/volcanes.net\/index.php?rest_route=\/wp\/v2\/posts\/7705"}],"collection":[{"href":"https:\/\/volcanes.net\/index.php?rest_route=\/wp\/v2\/posts"}],"about":[{"href":"https:\/\/volcanes.net\/index.php?rest_route=\/wp\/v2\/types\/post"}],"author":[{"embeddable":true,"href":"https:\/\/volcanes.net\/index.php?rest_route=\/wp\/v2\/users\/1"}],"replies":[{"embeddable":true,"href":"https:\/\/volcanes.net\/index.php?rest_route=%2Fwp%2Fv2%2Fcomments&post=7705"}],"version-history":[{"count":1,"href":"https:\/\/volcanes.net\/index.php?rest_route=\/wp\/v2\/posts\/7705\/revisions"}],"predecessor-version":[{"id":7707,"href":"https:\/\/volcanes.net\/index.php?rest_route=\/wp\/v2\/posts\/7705\/revisions\/7707"}],"wp:featuredmedia":[{"embeddable":true,"href":"https:\/\/volcanes.net\/index.php?rest_route=\/wp\/v2\/media\/7706"}],"wp:attachment":[{"href":"https:\/\/volcanes.net\/index.php?rest_route=%2Fwp%2Fv2%2Fmedia&parent=7705"}],"wp:term":[{"taxonomy":"category","embeddable":true,"href":"https:\/\/volcanes.net\/index.php?rest_route=%2Fwp%2Fv2%2Fcategories&post=7705"},{"taxonomy":"post_tag","embeddable":true,"href":"https:\/\/volcanes.net\/index.php?rest_route=%2Fwp%2Fv2%2Ftags&post=7705"}],"curies":[{"name":"wp","href":"https:\/\/api.w.org\/{rel}","templated":true}]}}