{"id":7708,"date":"2020-07-27T09:13:48","date_gmt":"2020-07-27T15:13:48","guid":{"rendered":"http:\/\/volcanes.net\/?p=7708"},"modified":"2020-07-27T09:13:48","modified_gmt":"2020-07-27T15:13:48","slug":"aprehenden-a-sujeto-presuntamente-por-golpear-a-una-mujer-en-valle-de-chalco","status":"publish","type":"post","link":"https:\/\/volcanes.net\/?p=7708","title":{"rendered":"Aprehenden a sujeto presuntamente por golpear a una mujer en Valle de Chalco"},"content":{"rendered":"<div style=\"margin-top: 0px; margin-bottom: 0px;\" class=\"sharethis-inline-share-buttons\" ><\/div><p>Valle de Chalco, Estado de M\u00e9xico.-Polic\u00edas de Investigaci\u00f3n (PDI) de la Fiscal\u00eda Regional de Amecameca de esta Fiscal\u00eda General de Justicia (FGJEM) cumplimentaron una orden de aprehensi\u00f3n por el delito de lesiones agravadas en contra de Josu\u00e9 Nah\u00fam \u201cN\u201d, quien en julio del a\u00f1o pasado habr\u00eda golpeado a una mujer, en este municipio.<\/p>\n<p>\u200bEste sujeto fue detenido en la colonia Emiliano Zapata, de este municipio y fue ingresado al Centro Penitenciario y de Reinserci\u00f3n Social de Chalco, donde un Juez habr\u00e1 de determinar su situaci\u00f3n legal.<\/p>\n<p>\u200bEl delito por el cual es investigado ocurri\u00f3 el d\u00eda 30 de julio del a\u00f1o 2019, cuando ingres\u00f3 a un inmueble de la colonia San Isidro, donde se encontraba la v\u00edctima, a quien habr\u00eda insultado y golpeado, para luego herirla con un cuchillo. Tras haber cometido la agresi\u00f3n este sujeto huy\u00f3 del lugar, en tanto que la v\u00edctima fue auxiliada y trasladada a un hospital de la zona, donde recibi\u00f3 atenci\u00f3n m\u00e9dica.<\/p>\n<p>\u200bLa FGJEM inici\u00f3 la carpeta de investigaci\u00f3n respectiva por estos hechos y solicit\u00f3 a un Juez librar una orden de aprehensi\u00f3n en contra del probable agresor. Dicho mandamiento judicial fue otorgado y cumplimentado por Polic\u00edas de Investigaci\u00f3n.<\/p>\n<p>\u200bAl detenido se le debe considerar inocente hasta que sea dictada una sentencia condenatoria en su contra.<\/p>\n","protected":false},"excerpt":{"rendered":"<p>Valle de Chalco, Estado de M\u00e9xico.-Polic\u00edas de Investigaci\u00f3n (PDI) de la Fiscal\u00eda Regional de Amecameca<\/p>\n","protected":false},"author":1,"featured_media":7709,"comment_status":"open","ping_status":"open","sticky":false,"template":"","format":"standard","meta":{"footnotes":""},"categories":[1],"tags":[5],"class_list":["post-7708","post","type-post","status-publish","format-standard","has-post-thumbnail","hentry","category-municipales","tag-valle-de-chalco"],"yoast_head":"<!-- This site is optimized with the Yoast SEO plugin v25.3 - https:\/\/yoast.com\/wordpress\/plugins\/seo\/ -->\n<title>Aprehenden a sujeto presuntamente por golpear a una mujer en Valle de Chalco - Volcanes<\/title>\n<meta name=\"robots\" content=\"index, follow, max-snippet:-1, max-image-preview:large, max-video-preview:-1\" \/>\n<link rel=\"canonical\" href=\"https:\/\/volcanes.net\/?p=7708\" \/>\n<meta property=\"og:locale\" content=\"es_MX\" \/>\n<meta property=\"og:type\" content=\"article\" \/>\n<meta property=\"og:title\" content=\"Aprehenden a sujeto presuntamente por golpear a una mujer en Valle de Chalco - Volcanes\" \/>\n<meta property=\"og:description\" content=\"Valle de Chalco, Estado de M\u00e9xico.-Polic\u00edas de Investigaci\u00f3n (PDI) de la Fiscal\u00eda Regional de Amecameca\" \/>\n<meta property=\"og:url\" content=\"https:\/\/volcanes.net\/?p=7708\" \/>\n<meta property=\"og:site_name\" content=\"Volcanes\" \/>\n<meta property=\"article:publisher\" content=\"https:\/\/www.facebook.com\/volcanes.net\/\" \/>\n<meta property=\"article:published_time\" content=\"2020-07-27T15:13:48+00:00\" \/>\n<meta property=\"og:image\" content=\"https:\/\/volcanes.net\/wp-content\/uploads\/2020\/07\/WhatsApp-Image-2020-07-26-at-12.37.30-PM.jpeg\" \/>\n\t<meta property=\"og:image:width\" content=\"500\" \/>\n\t<meta property=\"og:image:height\" content=\"685\" \/>\n\t<meta property=\"og:image:type\" content=\"image\/jpeg\" \/>\n<meta name=\"author\" content=\"admin\" \/>\n<meta name=\"twitter:card\" content=\"summary_large_image\" \/>\n<meta name=\"twitter:label1\" content=\"Escrito por\" \/>\n\t<meta name=\"twitter:data1\" content=\"admin\" \/>\n\t<meta name=\"twitter:label2\" content=\"Tiempo de lectura\" \/>\n\t<meta name=\"twitter:data2\" content=\"1 minuto\" \/>\n<script type=\"application\/ld+json\" class=\"yoast-schema-graph\">{\"@context\":\"https:\/\/schema.org\",\"@graph\":[{\"@type\":\"Article\",\"@id\":\"https:\/\/volcanes.net\/?p=7708#article\",\"isPartOf\":{\"@id\":\"https:\/\/volcanes.net\/?p=7708\"},\"author\":{\"name\":\"admin\",\"@id\":\"https:\/\/volcanes.net\/#\/schema\/person\/4bf0f383940966a4abd53f5048c0e6b9\"},\"headline\":\"Aprehenden a sujeto presuntamente por golpear a una mujer en Valle de Chalco\",\"datePublished\":\"2020-07-27T15:13:48+00:00\",\"mainEntityOfPage\":{\"@id\":\"https:\/\/volcanes.net\/?p=7708\"},\"wordCount\":247,\"commentCount\":0,\"publisher\":{\"@id\":\"https:\/\/volcanes.net\/#organization\"},\"image\":{\"@id\":\"https:\/\/volcanes.net\/?p=7708#primaryimage\"},\"thumbnailUrl\":\"https:\/\/volcanes.net\/wp-content\/uploads\/2020\/07\/WhatsApp-Image-2020-07-26-at-12.37.30-PM.jpeg\",\"keywords\":[\"Valle de Chalco\"],\"articleSection\":[\"Municipales\"],\"inLanguage\":\"es\",\"potentialAction\":[{\"@type\":\"CommentAction\",\"name\":\"Comment\",\"target\":[\"https:\/\/volcanes.net\/?p=7708#respond\"]}]},{\"@type\":\"WebPage\",\"@id\":\"https:\/\/volcanes.net\/?p=7708\",\"url\":\"https:\/\/volcanes.net\/?p=7708\",\"name\":\"Aprehenden a sujeto presuntamente por golpear a una mujer en Valle de Chalco - Volcanes\",\"isPartOf\":{\"@id\":\"https:\/\/volcanes.net\/#website\"},\"primaryImageOfPage\":{\"@id\":\"https:\/\/volcanes.net\/?p=7708#primaryimage\"},\"image\":{\"@id\":\"https:\/\/volcanes.net\/?p=7708#primaryimage\"},\"thumbnailUrl\":\"https:\/\/volcanes.net\/wp-content\/uploads\/2020\/07\/WhatsApp-Image-2020-07-26-at-12.37.30-PM.jpeg\",\"datePublished\":\"2020-07-27T15:13:48+00:00\",\"breadcrumb\":{\"@id\":\"https:\/\/volcanes.net\/?p=7708#breadcrumb\"},\"inLanguage\":\"es\",\"potentialAction\":[{\"@type\":\"ReadAction\",\"target\":[\"https:\/\/volcanes.net\/?p=7708\"]}]},{\"@type\":\"ImageObject\",\"inLanguage\":\"es\",\"@id\":\"https:\/\/volcanes.net\/?p=7708#primaryimage\",\"url\":\"https:\/\/volcanes.net\/wp-content\/uploads\/2020\/07\/WhatsApp-Image-2020-07-26-at-12.37.30-PM.jpeg\",\"contentUrl\":\"https:\/\/volcanes.net\/wp-content\/uploads\/2020\/07\/WhatsApp-Image-2020-07-26-at-12.37.30-PM.jpeg\",\"width\":500,\"height\":685},{\"@type\":\"BreadcrumbList\",\"@id\":\"https:\/\/volcanes.net\/?p=7708#breadcrumb\",\"itemListElement\":[{\"@type\":\"ListItem\",\"position\":1,\"name\":\"Portada\",\"item\":\"https:\/\/volcanes.net\/\"},{\"@type\":\"ListItem\",\"position\":2,\"name\":\"Aprehenden a sujeto presuntamente por golpear a una mujer en Valle de Chalco\"}]},{\"@type\":\"WebSite\",\"@id\":\"https:\/\/volcanes.net\/#website\",\"url\":\"https:\/\/volcanes.net\/\",\"name\":\"Volcanes.Net\",\"description\":\"Periodismo Profesional\",\"publisher\":{\"@id\":\"https:\/\/volcanes.net\/#organization\"},\"potentialAction\":[{\"@type\":\"SearchAction\",\"target\":{\"@type\":\"EntryPoint\",\"urlTemplate\":\"https:\/\/volcanes.net\/?s={search_term_string}\"},\"query-input\":{\"@type\":\"PropertyValueSpecification\",\"valueRequired\":true,\"valueName\":\"search_term_string\"}}],\"inLanguage\":\"es\"},{\"@type\":\"Organization\",\"@id\":\"https:\/\/volcanes.net\/#organization\",\"name\":\"Grupo Volcanes\",\"url\":\"https:\/\/volcanes.net\/\",\"logo\":{\"@type\":\"ImageObject\",\"inLanguage\":\"es\",\"@id\":\"https:\/\/volcanes.net\/#\/schema\/logo\/image\/\",\"url\":\"http:\/\/volcanes.net\/wp-content\/uploads\/2017\/12\/Avatar2.jpg\",\"contentUrl\":\"http:\/\/volcanes.net\/wp-content\/uploads\/2017\/12\/Avatar2.jpg\",\"width\":378,\"height\":378,\"caption\":\"Grupo Volcanes\"},\"image\":{\"@id\":\"https:\/\/volcanes.net\/#\/schema\/logo\/image\/\"},\"sameAs\":[\"https:\/\/www.facebook.com\/volcanes.net\/\"]},{\"@type\":\"Person\",\"@id\":\"https:\/\/volcanes.net\/#\/schema\/person\/4bf0f383940966a4abd53f5048c0e6b9\",\"name\":\"admin\",\"image\":{\"@type\":\"ImageObject\",\"inLanguage\":\"es\",\"@id\":\"https:\/\/volcanes.net\/#\/schema\/person\/image\/\",\"url\":\"https:\/\/secure.gravatar.com\/avatar\/ca004e6cba8462b8cb7abc86e382930c?s=96&d=mm&r=g\",\"contentUrl\":\"https:\/\/secure.gravatar.com\/avatar\/ca004e6cba8462b8cb7abc86e382930c?s=96&d=mm&r=g\",\"caption\":\"admin\"}}]}<\/script>\n<!-- \/ Yoast SEO plugin. -->","yoast_head_json":{"title":"Aprehenden a sujeto presuntamente por golpear a una mujer en Valle de Chalco - Volcanes","robots":{"index":"index","follow":"follow","max-snippet":"max-snippet:-1","max-image-preview":"max-image-preview:large","max-video-preview":"max-video-preview:-1"},"canonical":"https:\/\/volcanes.net\/?p=7708","og_locale":"es_MX","og_type":"article","og_title":"Aprehenden a sujeto presuntamente por golpear a una mujer en Valle de Chalco - Volcanes","og_description":"Valle de Chalco, Estado de M\u00e9xico.-Polic\u00edas de Investigaci\u00f3n (PDI) de la Fiscal\u00eda Regional de Amecameca","og_url":"https:\/\/volcanes.net\/?p=7708","og_site_name":"Volcanes","article_publisher":"https:\/\/www.facebook.com\/volcanes.net\/","article_published_time":"2020-07-27T15:13:48+00:00","og_image":[{"width":500,"height":685,"url":"https:\/\/volcanes.net\/wp-content\/uploads\/2020\/07\/WhatsApp-Image-2020-07-26-at-12.37.30-PM.jpeg","type":"image\/jpeg"}],"author":"admin","twitter_card":"summary_large_image","twitter_misc":{"Escrito por":"admin","Tiempo de lectura":"1 minuto"},"schema":{"@context":"https:\/\/schema.org","@graph":[{"@type":"Article","@id":"https:\/\/volcanes.net\/?p=7708#article","isPartOf":{"@id":"https:\/\/volcanes.net\/?p=7708"},"author":{"name":"admin","@id":"https:\/\/volcanes.net\/#\/schema\/person\/4bf0f383940966a4abd53f5048c0e6b9"},"headline":"Aprehenden a sujeto presuntamente por golpear a una mujer en Valle de Chalco","datePublished":"2020-07-27T15:13:48+00:00","mainEntityOfPage":{"@id":"https:\/\/volcanes.net\/?p=7708"},"wordCount":247,"commentCount":0,"publisher":{"@id":"https:\/\/volcanes.net\/#organization"},"image":{"@id":"https:\/\/volcanes.net\/?p=7708#primaryimage"},"thumbnailUrl":"https:\/\/volcanes.net\/wp-content\/uploads\/2020\/07\/WhatsApp-Image-2020-07-26-at-12.37.30-PM.jpeg","keywords":["Valle de Chalco"],"articleSection":["Municipales"],"inLanguage":"es","potentialAction":[{"@type":"CommentAction","name":"Comment","target":["https:\/\/volcanes.net\/?p=7708#respond"]}]},{"@type":"WebPage","@id":"https:\/\/volcanes.net\/?p=7708","url":"https:\/\/volcanes.net\/?p=7708","name":"Aprehenden a sujeto presuntamente por golpear a una mujer en Valle de Chalco - Volcanes","isPartOf":{"@id":"https:\/\/volcanes.net\/#website"},"primaryImageOfPage":{"@id":"https:\/\/volcanes.net\/?p=7708#primaryimage"},"image":{"@id":"https:\/\/volcanes.net\/?p=7708#primaryimage"},"thumbnailUrl":"https:\/\/volcanes.net\/wp-content\/uploads\/2020\/07\/WhatsApp-Image-2020-07-26-at-12.37.30-PM.jpeg","datePublished":"2020-07-27T15:13:48+00:00","breadcrumb":{"@id":"https:\/\/volcanes.net\/?p=7708#breadcrumb"},"inLanguage":"es","potentialAction":[{"@type":"ReadAction","target":["https:\/\/volcanes.net\/?p=7708"]}]},{"@type":"ImageObject","inLanguage":"es","@id":"https:\/\/volcanes.net\/?p=7708#primaryimage","url":"https:\/\/volcanes.net\/wp-content\/uploads\/2020\/07\/WhatsApp-Image-2020-07-26-at-12.37.30-PM.jpeg","contentUrl":"https:\/\/volcanes.net\/wp-content\/uploads\/2020\/07\/WhatsApp-Image-2020-07-26-at-12.37.30-PM.jpeg","width":500,"height":685},{"@type":"BreadcrumbList","@id":"https:\/\/volcanes.net\/?p=7708#breadcrumb","itemListElement":[{"@type":"ListItem","position":1,"name":"Portada","item":"https:\/\/volcanes.net\/"},{"@type":"ListItem","position":2,"name":"Aprehenden a sujeto presuntamente por golpear a una mujer en Valle de Chalco"}]},{"@type":"WebSite","@id":"https:\/\/volcanes.net\/#website","url":"https:\/\/volcanes.net\/","name":"Volcanes.Net","description":"Periodismo Profesional","publisher":{"@id":"https:\/\/volcanes.net\/#organization"},"potentialAction":[{"@type":"SearchAction","target":{"@type":"EntryPoint","urlTemplate":"https:\/\/volcanes.net\/?s={search_term_string}"},"query-input":{"@type":"PropertyValueSpecification","valueRequired":true,"valueName":"search_term_string"}}],"inLanguage":"es"},{"@type":"Organization","@id":"https:\/\/volcanes.net\/#organization","name":"Grupo Volcanes","url":"https:\/\/volcanes.net\/","logo":{"@type":"ImageObject","inLanguage":"es","@id":"https:\/\/volcanes.net\/#\/schema\/logo\/image\/","url":"http:\/\/volcanes.net\/wp-content\/uploads\/2017\/12\/Avatar2.jpg","contentUrl":"http:\/\/volcanes.net\/wp-content\/uploads\/2017\/12\/Avatar2.jpg","width":378,"height":378,"caption":"Grupo Volcanes"},"image":{"@id":"https:\/\/volcanes.net\/#\/schema\/logo\/image\/"},"sameAs":["https:\/\/www.facebook.com\/volcanes.net\/"]},{"@type":"Person","@id":"https:\/\/volcanes.net\/#\/schema\/person\/4bf0f383940966a4abd53f5048c0e6b9","name":"admin","image":{"@type":"ImageObject","inLanguage":"es","@id":"https:\/\/volcanes.net\/#\/schema\/person\/image\/","url":"https:\/\/secure.gravatar.com\/avatar\/ca004e6cba8462b8cb7abc86e382930c?s=96&d=mm&r=g","contentUrl":"https:\/\/secure.gravatar.com\/avatar\/ca004e6cba8462b8cb7abc86e382930c?s=96&d=mm&r=g","caption":"admin"}}]}},"_links":{"self":[{"href":"https:\/\/volcanes.net\/index.php?rest_route=\/wp\/v2\/posts\/7708"}],"collection":[{"href":"https:\/\/volcanes.net\/index.php?rest_route=\/wp\/v2\/posts"}],"about":[{"href":"https:\/\/volcanes.net\/index.php?rest_route=\/wp\/v2\/types\/post"}],"author":[{"embeddable":true,"href":"https:\/\/volcanes.net\/index.php?rest_route=\/wp\/v2\/users\/1"}],"replies":[{"embeddable":true,"href":"https:\/\/volcanes.net\/index.php?rest_route=%2Fwp%2Fv2%2Fcomments&post=7708"}],"version-history":[{"count":2,"href":"https:\/\/volcanes.net\/index.php?rest_route=\/wp\/v2\/posts\/7708\/revisions"}],"predecessor-version":[{"id":7711,"href":"https:\/\/volcanes.net\/index.php?rest_route=\/wp\/v2\/posts\/7708\/revisions\/7711"}],"wp:featuredmedia":[{"embeddable":true,"href":"https:\/\/volcanes.net\/index.php?rest_route=\/wp\/v2\/media\/7709"}],"wp:attachment":[{"href":"https:\/\/volcanes.net\/index.php?rest_route=%2Fwp%2Fv2%2Fmedia&parent=7708"}],"wp:term":[{"taxonomy":"category","embeddable":true,"href":"https:\/\/volcanes.net\/index.php?rest_route=%2Fwp%2Fv2%2Fcategories&post=7708"},{"taxonomy":"post_tag","embeddable":true,"href":"https:\/\/volcanes.net\/index.php?rest_route=%2Fwp%2Fv2%2Ftags&post=7708"}],"curies":[{"name":"wp","href":"https:\/\/api.w.org\/{rel}","templated":true}]}}