{"id":7729,"date":"2020-07-28T07:01:07","date_gmt":"2020-07-28T13:01:07","guid":{"rendered":"http:\/\/volcanes.net\/?p=7729"},"modified":"2020-07-28T07:01:07","modified_gmt":"2020-07-28T13:01:07","slug":"gobierno-municipal-de-valle-de-chalco-sanitiza-espacios-religiosos","status":"publish","type":"post","link":"https:\/\/volcanes.net\/?p=7729","title":{"rendered":"Gobierno municipal de Valle de Chalco sanitiza espacios religiosos"},"content":{"rendered":"<div style=\"margin-top: 0px; margin-bottom: 0px;\" class=\"sharethis-inline-share-buttons\" ><\/div><p>Valle de Chalco, Estado de M\u00e9xico.- Para seguir con el apoyo a la poblaci\u00f3n que pr\u00e1ctica habitualmente actividades religiosas, y como una extensi\u00f3n del programa de sanitizaci\u00f3n de espacios p\u00fablicos, el gobierno municipal que encabeza Armando Garc\u00eda M\u00e9ndez, hizo una importante donaci\u00f3n de gel antibacterial y sanitiz\u00f3 centros de reuni\u00f3n y de culto.<\/p>\n<p>La implementaci\u00f3n de este programa de apoyo a la comunidad creyente, se inici\u00f3 con la sanitizaci\u00f3n de la Catedral de San Juan Diego, con el objetivo de ofrecer espacios libres y seguros de Covid 19.<\/p>\n<p>En las labores de desinfecci\u00f3n se utiliz\u00f3 un producto 100% org\u00e1nico, totalmente biodegradable y seguro para el ser humano, que garantiza una profunda acci\u00f3n contra bacterias, virus, hongos y esporas, adem\u00e1s de estar certificado por instituciones de salud internacionales y nacionales, como la FDA y EPA en Estados Unidos, y la COFEPRIS, SSA y SAGARPA en M\u00e9xico.<\/p>\n<p>A los trabajos de sanitizaci\u00f3n de la Catedral, acudi\u00f3 el Obispo V\u00edctor Ren\u00e9 Rodr\u00edguez G\u00f3mez, y el Padre Justino Mart\u00edn Hern\u00e1ndez Rueda, adem\u00e1s de Daniel Gonz\u00e1lez, coordinador de Asuntos Religiosos de la direcci\u00f3n de Gobierno que encabeza Celestino Barrera y elementos del \u00e1rea de Protecci\u00f3n Civil y H. Cuerpo de Bomberos a cargo de Manuel Rojas Salas as\u00ed como Miguel \u00c1ngel Res\u00e9ndiz, cronista municipal.<\/p>\n<p>Se espera que el gel antibacterial ayude a las personas a asear sus manos, antes de ingresar a sus centros de reuni\u00f3n y de culto, y as\u00ed, puedan practicar los protocolos de sanidad e higiene que recomienda la autoridad sanitaria.<\/p>\n<p>Otro criterio que debe observarse rigurosamente en la reapertura de los centros religiosos que se localizan en Valle de Chalco, para evitar la propagaci\u00f3n de contagios por covid-19, es el relativo al aforo m\u00e1ximo del 30%, adem\u00e1s del uso obligatorio de cubrebocas, y la sugerencia de no saludar de mano ni de beso.<\/p>\n<p>Los primeros centros que se beneficiaran con esta importante medida son los que se encuentran ubicados en la colonia Guadalupana, segunda secci\u00f3n. Esta acci\u00f3n ya se replica por instrucciones de Garc\u00eda M\u00e9ndez, a lo largo del territorio municipal en beneficio de las personas que hacen uso de estos lugares p\u00fablicos.<\/p>\n","protected":false},"excerpt":{"rendered":"<p>Valle de Chalco, Estado de M\u00e9xico.- Para seguir con el apoyo a la poblaci\u00f3n que<\/p>\n","protected":false},"author":1,"featured_media":7730,"comment_status":"open","ping_status":"open","sticky":false,"template":"","format":"standard","meta":{"footnotes":""},"categories":[1],"tags":[5],"class_list":["post-7729","post","type-post","status-publish","format-standard","has-post-thumbnail","hentry","category-municipales","tag-valle-de-chalco"],"yoast_head":"<!-- This site is optimized with the Yoast SEO plugin v25.3 - https:\/\/yoast.com\/wordpress\/plugins\/seo\/ -->\n<title>Gobierno municipal de Valle de Chalco sanitiza espacios religiosos - Volcanes<\/title>\n<meta name=\"robots\" content=\"index, follow, max-snippet:-1, max-image-preview:large, max-video-preview:-1\" \/>\n<link rel=\"canonical\" href=\"https:\/\/volcanes.net\/?p=7729\" \/>\n<meta property=\"og:locale\" content=\"es_MX\" \/>\n<meta property=\"og:type\" content=\"article\" \/>\n<meta property=\"og:title\" content=\"Gobierno municipal de Valle de Chalco sanitiza espacios religiosos - Volcanes\" \/>\n<meta property=\"og:description\" content=\"Valle de Chalco, Estado de M\u00e9xico.- Para seguir con el apoyo a la poblaci\u00f3n que\" \/>\n<meta property=\"og:url\" content=\"https:\/\/volcanes.net\/?p=7729\" \/>\n<meta property=\"og:site_name\" content=\"Volcanes\" \/>\n<meta property=\"article:publisher\" content=\"https:\/\/www.facebook.com\/volcanes.net\/\" \/>\n<meta property=\"article:published_time\" content=\"2020-07-28T13:01:07+00:00\" \/>\n<meta property=\"og:image\" content=\"https:\/\/volcanes.net\/wp-content\/uploads\/2020\/07\/wp-1595899335460_opt.jpg\" \/>\n\t<meta property=\"og:image:width\" content=\"400\" \/>\n\t<meta property=\"og:image:height\" content=\"225\" \/>\n\t<meta property=\"og:image:type\" content=\"image\/jpeg\" \/>\n<meta name=\"author\" content=\"admin\" \/>\n<meta name=\"twitter:card\" content=\"summary_large_image\" \/>\n<meta name=\"twitter:label1\" content=\"Escrito por\" \/>\n\t<meta name=\"twitter:data1\" content=\"admin\" \/>\n\t<meta name=\"twitter:label2\" content=\"Tiempo de lectura\" \/>\n\t<meta name=\"twitter:data2\" content=\"2 minutos\" \/>\n<script type=\"application\/ld+json\" class=\"yoast-schema-graph\">{\"@context\":\"https:\/\/schema.org\",\"@graph\":[{\"@type\":\"Article\",\"@id\":\"https:\/\/volcanes.net\/?p=7729#article\",\"isPartOf\":{\"@id\":\"https:\/\/volcanes.net\/?p=7729\"},\"author\":{\"name\":\"admin\",\"@id\":\"https:\/\/volcanes.net\/#\/schema\/person\/4bf0f383940966a4abd53f5048c0e6b9\"},\"headline\":\"Gobierno municipal de Valle de Chalco sanitiza espacios religiosos\",\"datePublished\":\"2020-07-28T13:01:07+00:00\",\"mainEntityOfPage\":{\"@id\":\"https:\/\/volcanes.net\/?p=7729\"},\"wordCount\":396,\"commentCount\":0,\"publisher\":{\"@id\":\"https:\/\/volcanes.net\/#organization\"},\"image\":{\"@id\":\"https:\/\/volcanes.net\/?p=7729#primaryimage\"},\"thumbnailUrl\":\"https:\/\/volcanes.net\/wp-content\/uploads\/2020\/07\/wp-1595899335460_opt.jpg\",\"keywords\":[\"Valle de Chalco\"],\"articleSection\":[\"Municipales\"],\"inLanguage\":\"es\",\"potentialAction\":[{\"@type\":\"CommentAction\",\"name\":\"Comment\",\"target\":[\"https:\/\/volcanes.net\/?p=7729#respond\"]}]},{\"@type\":\"WebPage\",\"@id\":\"https:\/\/volcanes.net\/?p=7729\",\"url\":\"https:\/\/volcanes.net\/?p=7729\",\"name\":\"Gobierno municipal de Valle de Chalco sanitiza espacios religiosos - Volcanes\",\"isPartOf\":{\"@id\":\"https:\/\/volcanes.net\/#website\"},\"primaryImageOfPage\":{\"@id\":\"https:\/\/volcanes.net\/?p=7729#primaryimage\"},\"image\":{\"@id\":\"https:\/\/volcanes.net\/?p=7729#primaryimage\"},\"thumbnailUrl\":\"https:\/\/volcanes.net\/wp-content\/uploads\/2020\/07\/wp-1595899335460_opt.jpg\",\"datePublished\":\"2020-07-28T13:01:07+00:00\",\"breadcrumb\":{\"@id\":\"https:\/\/volcanes.net\/?p=7729#breadcrumb\"},\"inLanguage\":\"es\",\"potentialAction\":[{\"@type\":\"ReadAction\",\"target\":[\"https:\/\/volcanes.net\/?p=7729\"]}]},{\"@type\":\"ImageObject\",\"inLanguage\":\"es\",\"@id\":\"https:\/\/volcanes.net\/?p=7729#primaryimage\",\"url\":\"https:\/\/volcanes.net\/wp-content\/uploads\/2020\/07\/wp-1595899335460_opt.jpg\",\"contentUrl\":\"https:\/\/volcanes.net\/wp-content\/uploads\/2020\/07\/wp-1595899335460_opt.jpg\",\"width\":400,\"height\":225},{\"@type\":\"BreadcrumbList\",\"@id\":\"https:\/\/volcanes.net\/?p=7729#breadcrumb\",\"itemListElement\":[{\"@type\":\"ListItem\",\"position\":1,\"name\":\"Portada\",\"item\":\"https:\/\/volcanes.net\/\"},{\"@type\":\"ListItem\",\"position\":2,\"name\":\"Gobierno municipal de Valle de Chalco sanitiza espacios religiosos\"}]},{\"@type\":\"WebSite\",\"@id\":\"https:\/\/volcanes.net\/#website\",\"url\":\"https:\/\/volcanes.net\/\",\"name\":\"Volcanes.Net\",\"description\":\"Periodismo Profesional\",\"publisher\":{\"@id\":\"https:\/\/volcanes.net\/#organization\"},\"potentialAction\":[{\"@type\":\"SearchAction\",\"target\":{\"@type\":\"EntryPoint\",\"urlTemplate\":\"https:\/\/volcanes.net\/?s={search_term_string}\"},\"query-input\":{\"@type\":\"PropertyValueSpecification\",\"valueRequired\":true,\"valueName\":\"search_term_string\"}}],\"inLanguage\":\"es\"},{\"@type\":\"Organization\",\"@id\":\"https:\/\/volcanes.net\/#organization\",\"name\":\"Grupo Volcanes\",\"url\":\"https:\/\/volcanes.net\/\",\"logo\":{\"@type\":\"ImageObject\",\"inLanguage\":\"es\",\"@id\":\"https:\/\/volcanes.net\/#\/schema\/logo\/image\/\",\"url\":\"http:\/\/volcanes.net\/wp-content\/uploads\/2017\/12\/Avatar2.jpg\",\"contentUrl\":\"http:\/\/volcanes.net\/wp-content\/uploads\/2017\/12\/Avatar2.jpg\",\"width\":378,\"height\":378,\"caption\":\"Grupo Volcanes\"},\"image\":{\"@id\":\"https:\/\/volcanes.net\/#\/schema\/logo\/image\/\"},\"sameAs\":[\"https:\/\/www.facebook.com\/volcanes.net\/\"]},{\"@type\":\"Person\",\"@id\":\"https:\/\/volcanes.net\/#\/schema\/person\/4bf0f383940966a4abd53f5048c0e6b9\",\"name\":\"admin\",\"image\":{\"@type\":\"ImageObject\",\"inLanguage\":\"es\",\"@id\":\"https:\/\/volcanes.net\/#\/schema\/person\/image\/\",\"url\":\"https:\/\/secure.gravatar.com\/avatar\/ca004e6cba8462b8cb7abc86e382930c?s=96&d=mm&r=g\",\"contentUrl\":\"https:\/\/secure.gravatar.com\/avatar\/ca004e6cba8462b8cb7abc86e382930c?s=96&d=mm&r=g\",\"caption\":\"admin\"}}]}<\/script>\n<!-- \/ Yoast SEO plugin. -->","yoast_head_json":{"title":"Gobierno municipal de Valle de Chalco sanitiza espacios religiosos - Volcanes","robots":{"index":"index","follow":"follow","max-snippet":"max-snippet:-1","max-image-preview":"max-image-preview:large","max-video-preview":"max-video-preview:-1"},"canonical":"https:\/\/volcanes.net\/?p=7729","og_locale":"es_MX","og_type":"article","og_title":"Gobierno municipal de Valle de Chalco sanitiza espacios religiosos - Volcanes","og_description":"Valle de Chalco, Estado de M\u00e9xico.- Para seguir con el apoyo a la poblaci\u00f3n que","og_url":"https:\/\/volcanes.net\/?p=7729","og_site_name":"Volcanes","article_publisher":"https:\/\/www.facebook.com\/volcanes.net\/","article_published_time":"2020-07-28T13:01:07+00:00","og_image":[{"width":400,"height":225,"url":"https:\/\/volcanes.net\/wp-content\/uploads\/2020\/07\/wp-1595899335460_opt.jpg","type":"image\/jpeg"}],"author":"admin","twitter_card":"summary_large_image","twitter_misc":{"Escrito por":"admin","Tiempo de lectura":"2 minutos"},"schema":{"@context":"https:\/\/schema.org","@graph":[{"@type":"Article","@id":"https:\/\/volcanes.net\/?p=7729#article","isPartOf":{"@id":"https:\/\/volcanes.net\/?p=7729"},"author":{"name":"admin","@id":"https:\/\/volcanes.net\/#\/schema\/person\/4bf0f383940966a4abd53f5048c0e6b9"},"headline":"Gobierno municipal de Valle de Chalco sanitiza espacios religiosos","datePublished":"2020-07-28T13:01:07+00:00","mainEntityOfPage":{"@id":"https:\/\/volcanes.net\/?p=7729"},"wordCount":396,"commentCount":0,"publisher":{"@id":"https:\/\/volcanes.net\/#organization"},"image":{"@id":"https:\/\/volcanes.net\/?p=7729#primaryimage"},"thumbnailUrl":"https:\/\/volcanes.net\/wp-content\/uploads\/2020\/07\/wp-1595899335460_opt.jpg","keywords":["Valle de Chalco"],"articleSection":["Municipales"],"inLanguage":"es","potentialAction":[{"@type":"CommentAction","name":"Comment","target":["https:\/\/volcanes.net\/?p=7729#respond"]}]},{"@type":"WebPage","@id":"https:\/\/volcanes.net\/?p=7729","url":"https:\/\/volcanes.net\/?p=7729","name":"Gobierno municipal de Valle de Chalco sanitiza espacios religiosos - Volcanes","isPartOf":{"@id":"https:\/\/volcanes.net\/#website"},"primaryImageOfPage":{"@id":"https:\/\/volcanes.net\/?p=7729#primaryimage"},"image":{"@id":"https:\/\/volcanes.net\/?p=7729#primaryimage"},"thumbnailUrl":"https:\/\/volcanes.net\/wp-content\/uploads\/2020\/07\/wp-1595899335460_opt.jpg","datePublished":"2020-07-28T13:01:07+00:00","breadcrumb":{"@id":"https:\/\/volcanes.net\/?p=7729#breadcrumb"},"inLanguage":"es","potentialAction":[{"@type":"ReadAction","target":["https:\/\/volcanes.net\/?p=7729"]}]},{"@type":"ImageObject","inLanguage":"es","@id":"https:\/\/volcanes.net\/?p=7729#primaryimage","url":"https:\/\/volcanes.net\/wp-content\/uploads\/2020\/07\/wp-1595899335460_opt.jpg","contentUrl":"https:\/\/volcanes.net\/wp-content\/uploads\/2020\/07\/wp-1595899335460_opt.jpg","width":400,"height":225},{"@type":"BreadcrumbList","@id":"https:\/\/volcanes.net\/?p=7729#breadcrumb","itemListElement":[{"@type":"ListItem","position":1,"name":"Portada","item":"https:\/\/volcanes.net\/"},{"@type":"ListItem","position":2,"name":"Gobierno municipal de Valle de Chalco sanitiza espacios religiosos"}]},{"@type":"WebSite","@id":"https:\/\/volcanes.net\/#website","url":"https:\/\/volcanes.net\/","name":"Volcanes.Net","description":"Periodismo Profesional","publisher":{"@id":"https:\/\/volcanes.net\/#organization"},"potentialAction":[{"@type":"SearchAction","target":{"@type":"EntryPoint","urlTemplate":"https:\/\/volcanes.net\/?s={search_term_string}"},"query-input":{"@type":"PropertyValueSpecification","valueRequired":true,"valueName":"search_term_string"}}],"inLanguage":"es"},{"@type":"Organization","@id":"https:\/\/volcanes.net\/#organization","name":"Grupo Volcanes","url":"https:\/\/volcanes.net\/","logo":{"@type":"ImageObject","inLanguage":"es","@id":"https:\/\/volcanes.net\/#\/schema\/logo\/image\/","url":"http:\/\/volcanes.net\/wp-content\/uploads\/2017\/12\/Avatar2.jpg","contentUrl":"http:\/\/volcanes.net\/wp-content\/uploads\/2017\/12\/Avatar2.jpg","width":378,"height":378,"caption":"Grupo Volcanes"},"image":{"@id":"https:\/\/volcanes.net\/#\/schema\/logo\/image\/"},"sameAs":["https:\/\/www.facebook.com\/volcanes.net\/"]},{"@type":"Person","@id":"https:\/\/volcanes.net\/#\/schema\/person\/4bf0f383940966a4abd53f5048c0e6b9","name":"admin","image":{"@type":"ImageObject","inLanguage":"es","@id":"https:\/\/volcanes.net\/#\/schema\/person\/image\/","url":"https:\/\/secure.gravatar.com\/avatar\/ca004e6cba8462b8cb7abc86e382930c?s=96&d=mm&r=g","contentUrl":"https:\/\/secure.gravatar.com\/avatar\/ca004e6cba8462b8cb7abc86e382930c?s=96&d=mm&r=g","caption":"admin"}}]}},"_links":{"self":[{"href":"https:\/\/volcanes.net\/index.php?rest_route=\/wp\/v2\/posts\/7729"}],"collection":[{"href":"https:\/\/volcanes.net\/index.php?rest_route=\/wp\/v2\/posts"}],"about":[{"href":"https:\/\/volcanes.net\/index.php?rest_route=\/wp\/v2\/types\/post"}],"author":[{"embeddable":true,"href":"https:\/\/volcanes.net\/index.php?rest_route=\/wp\/v2\/users\/1"}],"replies":[{"embeddable":true,"href":"https:\/\/volcanes.net\/index.php?rest_route=%2Fwp%2Fv2%2Fcomments&post=7729"}],"version-history":[{"count":1,"href":"https:\/\/volcanes.net\/index.php?rest_route=\/wp\/v2\/posts\/7729\/revisions"}],"predecessor-version":[{"id":7731,"href":"https:\/\/volcanes.net\/index.php?rest_route=\/wp\/v2\/posts\/7729\/revisions\/7731"}],"wp:featuredmedia":[{"embeddable":true,"href":"https:\/\/volcanes.net\/index.php?rest_route=\/wp\/v2\/media\/7730"}],"wp:attachment":[{"href":"https:\/\/volcanes.net\/index.php?rest_route=%2Fwp%2Fv2%2Fmedia&parent=7729"}],"wp:term":[{"taxonomy":"category","embeddable":true,"href":"https:\/\/volcanes.net\/index.php?rest_route=%2Fwp%2Fv2%2Fcategories&post=7729"},{"taxonomy":"post_tag","embeddable":true,"href":"https:\/\/volcanes.net\/index.php?rest_route=%2Fwp%2Fv2%2Ftags&post=7729"}],"curies":[{"name":"wp","href":"https:\/\/api.w.org\/{rel}","templated":true}]}}