{"id":7739,"date":"2020-07-29T09:39:10","date_gmt":"2020-07-29T15:39:10","guid":{"rendered":"http:\/\/volcanes.net\/?p=7739"},"modified":"2020-07-29T09:45:14","modified_gmt":"2020-07-29T15:45:14","slug":"la-direccion-de-ecologia-de-chalco-han-iniciado-los-proyectos-de-reforestacion-en-zonas-afectadas-y-la-adopcion-de-arboles","status":"publish","type":"post","link":"https:\/\/volcanes.net\/?p=7739","title":{"rendered":"La direcci\u00f3n de Ecolog\u00eda de Chalco han iniciado los proyectos de reforestaci\u00f3n en zonas afectadas y la adopci\u00f3n de \u00e1rboles"},"content":{"rendered":"<div style=\"margin-top: 0px; margin-bottom: 0px;\" class=\"sharethis-inline-share-buttons\" ><\/div><div id=\"undefined-sticky-wrapper\" class=\"mobile-sticky-wrapper mobile-is-sticky\">\n<div class=\"penci-header-mobile mobile\">\n<div class=\"penci-header-mobile_container\">\n<div style=\"text-align: left;\"><\/div>\n<div class=\"site-branding\" style=\"text-align: left;\">Chalco, Estado de M\u00e9xico. &#8211; Con el fin de mejorar el medio ambiente y promover el cuidado de la naturaleza, la direcci\u00f3n de Ecolog\u00eda del municipio de Chalco han iniciado dos proyectos, que es la reforestaci\u00f3n en zonas afectadas y la adopci\u00f3n de \u00e1rboles.<\/div>\n<\/div>\n<\/div>\n<\/div>\n<div id=\"content\" class=\"site-content\">\n<div id=\"primary\" class=\"content-area\">\n<p style=\"text-align: left;\">\n<div class=\"penci-container\" style=\"text-align: left;\">\n<div class=\"penci-container__content penci-con_sb2_sb1\">\n<div class=\"penci-wide-content penci-content-novc penci-sticky-content penci-content-single-inner\">\n<div class=\"theiaStickySidebar\">\n<div class=\"penci-content-post noloaddisqus \" data-url=\"https:\/\/www.agencianotimex.com\/2020\/07\/25\/adoptar-un-arbol-es-un-paso-para-cuidar-el-medio-ambiente\/\" data-id=\"27559\" data-title=\"\">\n<article id=\"post-27559\" class=\"penci-single-artcontent noloaddisqus post-27559 post type-post status-publish format-standard has-post-thumbnail hentry category-comunidad category-educacion-y-cultura category-el-mundo category-estado-de-mexico category-legisladores category-nacional category-salud category-seguridad tag-chalco tag-morena penci-post-item\">\n<div class=\"penci-entry-content entry-content\">\n<p>\u00a0Jaime Castro Navarro titular de Ecolog\u00eda destac\u00f3 la importancia de realizar campa\u00f1as de reforestaci\u00f3n en la localidad, debido a la devastaci\u00f3n de zonas boscosas que han tenido en la localidad por incendios, \u00aben los \u00faltimos meses se han registrado incendios graves, d\u00f3nde se ve afectada la zona boscosa de San Pablo Atlazalpan, San Juan y San Pedro Tezompa y de Ayotzingo, as\u00ed como de San Mart\u00edn Cuautlalpan, Huexoculco y Miraflores, d\u00f3nde se plantar\u00e1n \u00e1rboles para mejorar la zona y evitar problemas como la erosi\u00f3n de la tierra y con la \u00e9poca de lluvias tengan m\u00e1s problemas\u00bb.<\/p>\n<p>Castro Navarro, bi\u00f3logo de profesi\u00f3n asegur\u00f3 que este es solo uno de los problemas ambientales con los que se enfrentan, por lo que insisti\u00f3 en la participaci\u00f3n de la poblaci\u00f3n para el cuidado del medio ambiente.<\/p>\n<p>Agreg\u00f3 que otro de los proyectos que realizan es la adopci\u00f3n de \u00e1rboles, \u00abaqu\u00ed tenemos un rato de entregar cinco mil \u00e1rboles, pero lo solo es adoptar y ya, el equipo los entrega a quien desee y se les dan pl\u00e1ticas desde c\u00f3mo sembrarlo hasta el cuidado que deben tener, por ejemplo hemos acudido en zonas donde son de nueva creaci\u00f3n y les pedimos pongan \u00e1rboles que les ayudar\u00e1n a tener fibra en su hogares y que les servir\u00e1n de barrera contra alg\u00fan fen\u00f3meno de la naturaleza.<\/p>\n<p>Apunt\u00f3 que el gobierno municipal dirigido por Miguel Guti\u00e9rrez Morales est\u00e1 brindando los apoyos necesarios y promoviendo a trav\u00e9s de sus redes sociales las acciones que llevan a cabo en la direcci\u00f3n de ecolog\u00eda.<\/p>\n<p>Castro Navarro asever\u00f3 que tienen por delante un reto que es el mantener los \u00e1rboles vivos ya que forman parte de la f\u00e1brica de ox\u00edgeno que se puede tener en la localidad.<\/p>\n<p>El funcionario municipal indic\u00f3 que a\u00fan tienen otros proyectos que podr\u00edan presentarse y ayudar al medio ambiente en la localidad.<\/p>\n<\/div>\n<\/article>\n<\/div>\n<\/div>\n<\/div>\n<\/div>\n<\/div>\n<p style=\"text-align: left;\">\n<\/div>\n<\/div>\n","protected":false},"excerpt":{"rendered":"<p>Chalco, Estado de M\u00e9xico. &#8211; Con el fin de mejorar el medio ambiente y promover<\/p>\n","protected":false},"author":1,"featured_media":7740,"comment_status":"open","ping_status":"open","sticky":false,"template":"","format":"standard","meta":{"footnotes":""},"categories":[1],"tags":[9],"class_list":["post-7739","post","type-post","status-publish","format-standard","has-post-thumbnail","hentry","category-municipales","tag-chalco"],"yoast_head":"<!-- This site is optimized with the Yoast SEO plugin v25.3 - https:\/\/yoast.com\/wordpress\/plugins\/seo\/ -->\n<title>La direcci\u00f3n de Ecolog\u00eda de Chalco han iniciado los proyectos de reforestaci\u00f3n en zonas afectadas y la adopci\u00f3n de \u00e1rboles - Volcanes<\/title>\n<meta name=\"robots\" content=\"index, follow, max-snippet:-1, max-image-preview:large, max-video-preview:-1\" \/>\n<link rel=\"canonical\" href=\"https:\/\/volcanes.net\/?p=7739\" \/>\n<meta property=\"og:locale\" content=\"es_MX\" \/>\n<meta property=\"og:type\" content=\"article\" \/>\n<meta property=\"og:title\" content=\"La direcci\u00f3n de Ecolog\u00eda de Chalco han iniciado los proyectos de reforestaci\u00f3n en zonas afectadas y la adopci\u00f3n de \u00e1rboles - Volcanes\" \/>\n<meta property=\"og:description\" content=\"Chalco, Estado de M\u00e9xico. &#8211; Con el fin de mejorar el medio ambiente y promover\" \/>\n<meta property=\"og:url\" content=\"https:\/\/volcanes.net\/?p=7739\" \/>\n<meta property=\"og:site_name\" content=\"Volcanes\" \/>\n<meta property=\"article:publisher\" content=\"https:\/\/www.facebook.com\/volcanes.net\/\" \/>\n<meta property=\"article:published_time\" content=\"2020-07-29T15:39:10+00:00\" \/>\n<meta property=\"article:modified_time\" content=\"2020-07-29T15:45:14+00:00\" \/>\n<meta property=\"og:image\" content=\"https:\/\/volcanes.net\/wp-content\/uploads\/2020\/07\/20200729_103803_opt.png\" \/>\n\t<meta property=\"og:image:width\" content=\"400\" \/>\n\t<meta property=\"og:image:height\" content=\"331\" \/>\n\t<meta property=\"og:image:type\" content=\"image\/png\" \/>\n<meta name=\"author\" content=\"admin\" \/>\n<meta name=\"twitter:card\" content=\"summary_large_image\" \/>\n<meta name=\"twitter:label1\" content=\"Escrito por\" \/>\n\t<meta name=\"twitter:data1\" content=\"admin\" \/>\n\t<meta name=\"twitter:label2\" content=\"Tiempo de lectura\" \/>\n\t<meta name=\"twitter:data2\" content=\"2 minutos\" \/>\n<script type=\"application\/ld+json\" class=\"yoast-schema-graph\">{\"@context\":\"https:\/\/schema.org\",\"@graph\":[{\"@type\":\"Article\",\"@id\":\"https:\/\/volcanes.net\/?p=7739#article\",\"isPartOf\":{\"@id\":\"https:\/\/volcanes.net\/?p=7739\"},\"author\":{\"name\":\"admin\",\"@id\":\"https:\/\/volcanes.net\/#\/schema\/person\/4bf0f383940966a4abd53f5048c0e6b9\"},\"headline\":\"La direcci\u00f3n de Ecolog\u00eda de Chalco han iniciado los proyectos de reforestaci\u00f3n en zonas afectadas y la adopci\u00f3n de \u00e1rboles\",\"datePublished\":\"2020-07-29T15:39:10+00:00\",\"dateModified\":\"2020-07-29T15:45:14+00:00\",\"mainEntityOfPage\":{\"@id\":\"https:\/\/volcanes.net\/?p=7739\"},\"wordCount\":408,\"commentCount\":0,\"publisher\":{\"@id\":\"https:\/\/volcanes.net\/#organization\"},\"image\":{\"@id\":\"https:\/\/volcanes.net\/?p=7739#primaryimage\"},\"thumbnailUrl\":\"https:\/\/volcanes.net\/wp-content\/uploads\/2020\/07\/20200729_103803_opt.png\",\"keywords\":[\"Chalco\"],\"articleSection\":[\"Municipales\"],\"inLanguage\":\"es\",\"potentialAction\":[{\"@type\":\"CommentAction\",\"name\":\"Comment\",\"target\":[\"https:\/\/volcanes.net\/?p=7739#respond\"]}]},{\"@type\":\"WebPage\",\"@id\":\"https:\/\/volcanes.net\/?p=7739\",\"url\":\"https:\/\/volcanes.net\/?p=7739\",\"name\":\"La direcci\u00f3n de Ecolog\u00eda de Chalco han iniciado los proyectos de reforestaci\u00f3n en zonas afectadas y la adopci\u00f3n de \u00e1rboles - Volcanes\",\"isPartOf\":{\"@id\":\"https:\/\/volcanes.net\/#website\"},\"primaryImageOfPage\":{\"@id\":\"https:\/\/volcanes.net\/?p=7739#primaryimage\"},\"image\":{\"@id\":\"https:\/\/volcanes.net\/?p=7739#primaryimage\"},\"thumbnailUrl\":\"https:\/\/volcanes.net\/wp-content\/uploads\/2020\/07\/20200729_103803_opt.png\",\"datePublished\":\"2020-07-29T15:39:10+00:00\",\"dateModified\":\"2020-07-29T15:45:14+00:00\",\"breadcrumb\":{\"@id\":\"https:\/\/volcanes.net\/?p=7739#breadcrumb\"},\"inLanguage\":\"es\",\"potentialAction\":[{\"@type\":\"ReadAction\",\"target\":[\"https:\/\/volcanes.net\/?p=7739\"]}]},{\"@type\":\"ImageObject\",\"inLanguage\":\"es\",\"@id\":\"https:\/\/volcanes.net\/?p=7739#primaryimage\",\"url\":\"https:\/\/volcanes.net\/wp-content\/uploads\/2020\/07\/20200729_103803_opt.png\",\"contentUrl\":\"https:\/\/volcanes.net\/wp-content\/uploads\/2020\/07\/20200729_103803_opt.png\",\"width\":400,\"height\":331},{\"@type\":\"BreadcrumbList\",\"@id\":\"https:\/\/volcanes.net\/?p=7739#breadcrumb\",\"itemListElement\":[{\"@type\":\"ListItem\",\"position\":1,\"name\":\"Portada\",\"item\":\"https:\/\/volcanes.net\/\"},{\"@type\":\"ListItem\",\"position\":2,\"name\":\"La direcci\u00f3n de Ecolog\u00eda de Chalco han iniciado los proyectos de reforestaci\u00f3n en zonas afectadas y la adopci\u00f3n de \u00e1rboles\"}]},{\"@type\":\"WebSite\",\"@id\":\"https:\/\/volcanes.net\/#website\",\"url\":\"https:\/\/volcanes.net\/\",\"name\":\"Volcanes.Net\",\"description\":\"Periodismo Profesional\",\"publisher\":{\"@id\":\"https:\/\/volcanes.net\/#organization\"},\"potentialAction\":[{\"@type\":\"SearchAction\",\"target\":{\"@type\":\"EntryPoint\",\"urlTemplate\":\"https:\/\/volcanes.net\/?s={search_term_string}\"},\"query-input\":{\"@type\":\"PropertyValueSpecification\",\"valueRequired\":true,\"valueName\":\"search_term_string\"}}],\"inLanguage\":\"es\"},{\"@type\":\"Organization\",\"@id\":\"https:\/\/volcanes.net\/#organization\",\"name\":\"Grupo Volcanes\",\"url\":\"https:\/\/volcanes.net\/\",\"logo\":{\"@type\":\"ImageObject\",\"inLanguage\":\"es\",\"@id\":\"https:\/\/volcanes.net\/#\/schema\/logo\/image\/\",\"url\":\"http:\/\/volcanes.net\/wp-content\/uploads\/2017\/12\/Avatar2.jpg\",\"contentUrl\":\"http:\/\/volcanes.net\/wp-content\/uploads\/2017\/12\/Avatar2.jpg\",\"width\":378,\"height\":378,\"caption\":\"Grupo Volcanes\"},\"image\":{\"@id\":\"https:\/\/volcanes.net\/#\/schema\/logo\/image\/\"},\"sameAs\":[\"https:\/\/www.facebook.com\/volcanes.net\/\"]},{\"@type\":\"Person\",\"@id\":\"https:\/\/volcanes.net\/#\/schema\/person\/4bf0f383940966a4abd53f5048c0e6b9\",\"name\":\"admin\",\"image\":{\"@type\":\"ImageObject\",\"inLanguage\":\"es\",\"@id\":\"https:\/\/volcanes.net\/#\/schema\/person\/image\/\",\"url\":\"https:\/\/secure.gravatar.com\/avatar\/ca004e6cba8462b8cb7abc86e382930c?s=96&d=mm&r=g\",\"contentUrl\":\"https:\/\/secure.gravatar.com\/avatar\/ca004e6cba8462b8cb7abc86e382930c?s=96&d=mm&r=g\",\"caption\":\"admin\"}}]}<\/script>\n<!-- \/ Yoast SEO plugin. -->","yoast_head_json":{"title":"La direcci\u00f3n de Ecolog\u00eda de Chalco han iniciado los proyectos de reforestaci\u00f3n en zonas afectadas y la adopci\u00f3n de \u00e1rboles - Volcanes","robots":{"index":"index","follow":"follow","max-snippet":"max-snippet:-1","max-image-preview":"max-image-preview:large","max-video-preview":"max-video-preview:-1"},"canonical":"https:\/\/volcanes.net\/?p=7739","og_locale":"es_MX","og_type":"article","og_title":"La direcci\u00f3n de Ecolog\u00eda de Chalco han iniciado los proyectos de reforestaci\u00f3n en zonas afectadas y la adopci\u00f3n de \u00e1rboles - Volcanes","og_description":"Chalco, Estado de M\u00e9xico. &#8211; Con el fin de mejorar el medio ambiente y promover","og_url":"https:\/\/volcanes.net\/?p=7739","og_site_name":"Volcanes","article_publisher":"https:\/\/www.facebook.com\/volcanes.net\/","article_published_time":"2020-07-29T15:39:10+00:00","article_modified_time":"2020-07-29T15:45:14+00:00","og_image":[{"width":400,"height":331,"url":"https:\/\/volcanes.net\/wp-content\/uploads\/2020\/07\/20200729_103803_opt.png","type":"image\/png"}],"author":"admin","twitter_card":"summary_large_image","twitter_misc":{"Escrito por":"admin","Tiempo de lectura":"2 minutos"},"schema":{"@context":"https:\/\/schema.org","@graph":[{"@type":"Article","@id":"https:\/\/volcanes.net\/?p=7739#article","isPartOf":{"@id":"https:\/\/volcanes.net\/?p=7739"},"author":{"name":"admin","@id":"https:\/\/volcanes.net\/#\/schema\/person\/4bf0f383940966a4abd53f5048c0e6b9"},"headline":"La direcci\u00f3n de Ecolog\u00eda de Chalco han iniciado los proyectos de reforestaci\u00f3n en zonas afectadas y la adopci\u00f3n de \u00e1rboles","datePublished":"2020-07-29T15:39:10+00:00","dateModified":"2020-07-29T15:45:14+00:00","mainEntityOfPage":{"@id":"https:\/\/volcanes.net\/?p=7739"},"wordCount":408,"commentCount":0,"publisher":{"@id":"https:\/\/volcanes.net\/#organization"},"image":{"@id":"https:\/\/volcanes.net\/?p=7739#primaryimage"},"thumbnailUrl":"https:\/\/volcanes.net\/wp-content\/uploads\/2020\/07\/20200729_103803_opt.png","keywords":["Chalco"],"articleSection":["Municipales"],"inLanguage":"es","potentialAction":[{"@type":"CommentAction","name":"Comment","target":["https:\/\/volcanes.net\/?p=7739#respond"]}]},{"@type":"WebPage","@id":"https:\/\/volcanes.net\/?p=7739","url":"https:\/\/volcanes.net\/?p=7739","name":"La direcci\u00f3n de Ecolog\u00eda de Chalco han iniciado los proyectos de reforestaci\u00f3n en zonas afectadas y la adopci\u00f3n de \u00e1rboles - Volcanes","isPartOf":{"@id":"https:\/\/volcanes.net\/#website"},"primaryImageOfPage":{"@id":"https:\/\/volcanes.net\/?p=7739#primaryimage"},"image":{"@id":"https:\/\/volcanes.net\/?p=7739#primaryimage"},"thumbnailUrl":"https:\/\/volcanes.net\/wp-content\/uploads\/2020\/07\/20200729_103803_opt.png","datePublished":"2020-07-29T15:39:10+00:00","dateModified":"2020-07-29T15:45:14+00:00","breadcrumb":{"@id":"https:\/\/volcanes.net\/?p=7739#breadcrumb"},"inLanguage":"es","potentialAction":[{"@type":"ReadAction","target":["https:\/\/volcanes.net\/?p=7739"]}]},{"@type":"ImageObject","inLanguage":"es","@id":"https:\/\/volcanes.net\/?p=7739#primaryimage","url":"https:\/\/volcanes.net\/wp-content\/uploads\/2020\/07\/20200729_103803_opt.png","contentUrl":"https:\/\/volcanes.net\/wp-content\/uploads\/2020\/07\/20200729_103803_opt.png","width":400,"height":331},{"@type":"BreadcrumbList","@id":"https:\/\/volcanes.net\/?p=7739#breadcrumb","itemListElement":[{"@type":"ListItem","position":1,"name":"Portada","item":"https:\/\/volcanes.net\/"},{"@type":"ListItem","position":2,"name":"La direcci\u00f3n de Ecolog\u00eda de Chalco han iniciado los proyectos de reforestaci\u00f3n en zonas afectadas y la adopci\u00f3n de \u00e1rboles"}]},{"@type":"WebSite","@id":"https:\/\/volcanes.net\/#website","url":"https:\/\/volcanes.net\/","name":"Volcanes.Net","description":"Periodismo Profesional","publisher":{"@id":"https:\/\/volcanes.net\/#organization"},"potentialAction":[{"@type":"SearchAction","target":{"@type":"EntryPoint","urlTemplate":"https:\/\/volcanes.net\/?s={search_term_string}"},"query-input":{"@type":"PropertyValueSpecification","valueRequired":true,"valueName":"search_term_string"}}],"inLanguage":"es"},{"@type":"Organization","@id":"https:\/\/volcanes.net\/#organization","name":"Grupo Volcanes","url":"https:\/\/volcanes.net\/","logo":{"@type":"ImageObject","inLanguage":"es","@id":"https:\/\/volcanes.net\/#\/schema\/logo\/image\/","url":"http:\/\/volcanes.net\/wp-content\/uploads\/2017\/12\/Avatar2.jpg","contentUrl":"http:\/\/volcanes.net\/wp-content\/uploads\/2017\/12\/Avatar2.jpg","width":378,"height":378,"caption":"Grupo Volcanes"},"image":{"@id":"https:\/\/volcanes.net\/#\/schema\/logo\/image\/"},"sameAs":["https:\/\/www.facebook.com\/volcanes.net\/"]},{"@type":"Person","@id":"https:\/\/volcanes.net\/#\/schema\/person\/4bf0f383940966a4abd53f5048c0e6b9","name":"admin","image":{"@type":"ImageObject","inLanguage":"es","@id":"https:\/\/volcanes.net\/#\/schema\/person\/image\/","url":"https:\/\/secure.gravatar.com\/avatar\/ca004e6cba8462b8cb7abc86e382930c?s=96&d=mm&r=g","contentUrl":"https:\/\/secure.gravatar.com\/avatar\/ca004e6cba8462b8cb7abc86e382930c?s=96&d=mm&r=g","caption":"admin"}}]}},"_links":{"self":[{"href":"https:\/\/volcanes.net\/index.php?rest_route=\/wp\/v2\/posts\/7739"}],"collection":[{"href":"https:\/\/volcanes.net\/index.php?rest_route=\/wp\/v2\/posts"}],"about":[{"href":"https:\/\/volcanes.net\/index.php?rest_route=\/wp\/v2\/types\/post"}],"author":[{"embeddable":true,"href":"https:\/\/volcanes.net\/index.php?rest_route=\/wp\/v2\/users\/1"}],"replies":[{"embeddable":true,"href":"https:\/\/volcanes.net\/index.php?rest_route=%2Fwp%2Fv2%2Fcomments&post=7739"}],"version-history":[{"count":2,"href":"https:\/\/volcanes.net\/index.php?rest_route=\/wp\/v2\/posts\/7739\/revisions"}],"predecessor-version":[{"id":7742,"href":"https:\/\/volcanes.net\/index.php?rest_route=\/wp\/v2\/posts\/7739\/revisions\/7742"}],"wp:featuredmedia":[{"embeddable":true,"href":"https:\/\/volcanes.net\/index.php?rest_route=\/wp\/v2\/media\/7740"}],"wp:attachment":[{"href":"https:\/\/volcanes.net\/index.php?rest_route=%2Fwp%2Fv2%2Fmedia&parent=7739"}],"wp:term":[{"taxonomy":"category","embeddable":true,"href":"https:\/\/volcanes.net\/index.php?rest_route=%2Fwp%2Fv2%2Fcategories&post=7739"},{"taxonomy":"post_tag","embeddable":true,"href":"https:\/\/volcanes.net\/index.php?rest_route=%2Fwp%2Fv2%2Ftags&post=7739"}],"curies":[{"name":"wp","href":"https:\/\/api.w.org\/{rel}","templated":true}]}}