{"id":7743,"date":"2020-07-29T09:58:01","date_gmt":"2020-07-29T15:58:01","guid":{"rendered":"http:\/\/volcanes.net\/?p=7743"},"modified":"2020-07-29T10:03:18","modified_gmt":"2020-07-29T16:03:18","slug":"del-1-al-18-de-agosto-se-llevara-a-cabo-la-septima-edicion-del-festival-de-chiles-en-nogada","status":"publish","type":"post","link":"https:\/\/volcanes.net\/?p=7743","title":{"rendered":"Del 1 al 18 de agosto se llevar\u00e1 a cabo la S\u00e9ptima Edici\u00f3n del Festival de Chiles en Nogada en la regi\u00f3n de los volcanes"},"content":{"rendered":"<div style=\"margin-top: 0px; margin-bottom: 0px;\" class=\"sharethis-inline-share-buttons\" ><\/div><p>Amecameca, Estado de M\u00e9xico.- Con la finalidad de reactivar la econom\u00eda de la Regi\u00f3n de los volcanes y con la participaci\u00f3n de 18 Restaurantes de la zona, del 1 al 18 de agosto se llevar\u00e1 a cabo la S\u00e9ptima Edici\u00f3n del Festival de Chiles en Nogada y en donde los participantes llevar\u00e1n a cabo de manera estricta todas las medidas de Seguridad debido a la pandemia que se est\u00e1 viviendo actualmente y podr\u00e1n recibir a los comensales en un 30 o 40 % de su capacidad.<\/p>\n<p>Teniendo como escenario la Hacienda de Panoaya y en conferencia de prensa donde estuvieron la Diputada Local, Lorena Mar\u00edn, Viviana Santa Ana L\u00f3pez del comit\u00e9 organizador, el chef Guillermo Ponce, As\u00ed como del Representante de la CANIRAC de la Zona Oriente, \u00c1ngel Barbosa G\u00f3mez; quien Se\u00f1al\u00f3; que este a\u00f1o deb\u00eddo a las circunstancias que se est\u00e1n viviendo se cambiaron las modalidades y este festival ser\u00e1 100% digital a trav\u00e9s de su p\u00e1gina de FACEBOOK &#8220;festival de chiles en nogada&#8221; donde viene toda la informaci\u00f3n y participantes.<\/p>\n<p>Finalmente la Diputada Local; Lorena Marin; Se\u00f1alo que el objetivo de, este festival es el reactivar e impulsar la econom\u00eda de la Regi\u00f3n a trav\u00e9s de &#8221; Consume lo Local&#8221; y los recursos que se generen se queden aqu\u00ed en esta zona de los volcanes y donde tambi\u00e9n habr\u00e1 conferencias de parte de Chefs Internacionales y especialistas en la materia.<\/p>\n","protected":false},"excerpt":{"rendered":"<p>Amecameca, Estado de M\u00e9xico.- Con la finalidad de reactivar la econom\u00eda de la Regi\u00f3n de<\/p>\n","protected":false},"author":1,"featured_media":7744,"comment_status":"open","ping_status":"open","sticky":false,"template":"","format":"standard","meta":{"footnotes":""},"categories":[1],"tags":[206],"class_list":["post-7743","post","type-post","status-publish","format-standard","has-post-thumbnail","hentry","category-municipales","tag-zona-volcanes"],"yoast_head":"<!-- This site is optimized with the Yoast SEO plugin v25.3 - https:\/\/yoast.com\/wordpress\/plugins\/seo\/ -->\n<title>Del 1 al 18 de agosto se llevar\u00e1 a cabo la S\u00e9ptima Edici\u00f3n del Festival de Chiles en Nogada en la regi\u00f3n de los volcanes - Volcanes<\/title>\n<meta name=\"robots\" content=\"index, follow, max-snippet:-1, max-image-preview:large, max-video-preview:-1\" \/>\n<link rel=\"canonical\" href=\"https:\/\/volcanes.net\/?p=7743\" \/>\n<meta property=\"og:locale\" content=\"es_MX\" \/>\n<meta property=\"og:type\" content=\"article\" \/>\n<meta property=\"og:title\" content=\"Del 1 al 18 de agosto se llevar\u00e1 a cabo la S\u00e9ptima Edici\u00f3n del Festival de Chiles en Nogada en la regi\u00f3n de los volcanes - Volcanes\" \/>\n<meta property=\"og:description\" content=\"Amecameca, Estado de M\u00e9xico.- Con la finalidad de reactivar la econom\u00eda de la Regi\u00f3n de\" \/>\n<meta property=\"og:url\" content=\"https:\/\/volcanes.net\/?p=7743\" \/>\n<meta property=\"og:site_name\" content=\"Volcanes\" \/>\n<meta property=\"article:publisher\" content=\"https:\/\/www.facebook.com\/volcanes.net\/\" \/>\n<meta property=\"article:published_time\" content=\"2020-07-29T15:58:01+00:00\" \/>\n<meta property=\"article:modified_time\" content=\"2020-07-29T16:03:18+00:00\" \/>\n<meta property=\"og:image\" content=\"https:\/\/volcanes.net\/wp-content\/uploads\/2020\/07\/FB_IMG_1596037974206_opt.jpg\" \/>\n\t<meta property=\"og:image:width\" content=\"400\" \/>\n\t<meta property=\"og:image:height\" content=\"400\" \/>\n\t<meta property=\"og:image:type\" content=\"image\/jpeg\" \/>\n<meta name=\"author\" content=\"admin\" \/>\n<meta name=\"twitter:card\" content=\"summary_large_image\" \/>\n<meta name=\"twitter:label1\" content=\"Escrito por\" \/>\n\t<meta name=\"twitter:data1\" content=\"admin\" \/>\n\t<meta name=\"twitter:label2\" content=\"Tiempo de lectura\" \/>\n\t<meta name=\"twitter:data2\" content=\"1 minuto\" \/>\n<script type=\"application\/ld+json\" class=\"yoast-schema-graph\">{\"@context\":\"https:\/\/schema.org\",\"@graph\":[{\"@type\":\"Article\",\"@id\":\"https:\/\/volcanes.net\/?p=7743#article\",\"isPartOf\":{\"@id\":\"https:\/\/volcanes.net\/?p=7743\"},\"author\":{\"name\":\"admin\",\"@id\":\"https:\/\/volcanes.net\/#\/schema\/person\/4bf0f383940966a4abd53f5048c0e6b9\"},\"headline\":\"Del 1 al 18 de agosto se llevar\u00e1 a cabo la S\u00e9ptima Edici\u00f3n del Festival de Chiles en Nogada en la regi\u00f3n de los volcanes\",\"datePublished\":\"2020-07-29T15:58:01+00:00\",\"dateModified\":\"2020-07-29T16:03:18+00:00\",\"mainEntityOfPage\":{\"@id\":\"https:\/\/volcanes.net\/?p=7743\"},\"wordCount\":274,\"commentCount\":0,\"publisher\":{\"@id\":\"https:\/\/volcanes.net\/#organization\"},\"image\":{\"@id\":\"https:\/\/volcanes.net\/?p=7743#primaryimage\"},\"thumbnailUrl\":\"https:\/\/volcanes.net\/wp-content\/uploads\/2020\/07\/FB_IMG_1596037974206_opt.jpg\",\"keywords\":[\"zona volcanes\"],\"articleSection\":[\"Municipales\"],\"inLanguage\":\"es\",\"potentialAction\":[{\"@type\":\"CommentAction\",\"name\":\"Comment\",\"target\":[\"https:\/\/volcanes.net\/?p=7743#respond\"]}]},{\"@type\":\"WebPage\",\"@id\":\"https:\/\/volcanes.net\/?p=7743\",\"url\":\"https:\/\/volcanes.net\/?p=7743\",\"name\":\"Del 1 al 18 de agosto se llevar\u00e1 a cabo la S\u00e9ptima Edici\u00f3n del Festival de Chiles en Nogada en la regi\u00f3n de los volcanes - Volcanes\",\"isPartOf\":{\"@id\":\"https:\/\/volcanes.net\/#website\"},\"primaryImageOfPage\":{\"@id\":\"https:\/\/volcanes.net\/?p=7743#primaryimage\"},\"image\":{\"@id\":\"https:\/\/volcanes.net\/?p=7743#primaryimage\"},\"thumbnailUrl\":\"https:\/\/volcanes.net\/wp-content\/uploads\/2020\/07\/FB_IMG_1596037974206_opt.jpg\",\"datePublished\":\"2020-07-29T15:58:01+00:00\",\"dateModified\":\"2020-07-29T16:03:18+00:00\",\"breadcrumb\":{\"@id\":\"https:\/\/volcanes.net\/?p=7743#breadcrumb\"},\"inLanguage\":\"es\",\"potentialAction\":[{\"@type\":\"ReadAction\",\"target\":[\"https:\/\/volcanes.net\/?p=7743\"]}]},{\"@type\":\"ImageObject\",\"inLanguage\":\"es\",\"@id\":\"https:\/\/volcanes.net\/?p=7743#primaryimage\",\"url\":\"https:\/\/volcanes.net\/wp-content\/uploads\/2020\/07\/FB_IMG_1596037974206_opt.jpg\",\"contentUrl\":\"https:\/\/volcanes.net\/wp-content\/uploads\/2020\/07\/FB_IMG_1596037974206_opt.jpg\",\"width\":400,\"height\":400},{\"@type\":\"BreadcrumbList\",\"@id\":\"https:\/\/volcanes.net\/?p=7743#breadcrumb\",\"itemListElement\":[{\"@type\":\"ListItem\",\"position\":1,\"name\":\"Portada\",\"item\":\"https:\/\/volcanes.net\/\"},{\"@type\":\"ListItem\",\"position\":2,\"name\":\"Del 1 al 18 de agosto se llevar\u00e1 a cabo la S\u00e9ptima Edici\u00f3n del Festival de Chiles en Nogada en la regi\u00f3n de los volcanes\"}]},{\"@type\":\"WebSite\",\"@id\":\"https:\/\/volcanes.net\/#website\",\"url\":\"https:\/\/volcanes.net\/\",\"name\":\"Volcanes.Net\",\"description\":\"Periodismo Profesional\",\"publisher\":{\"@id\":\"https:\/\/volcanes.net\/#organization\"},\"potentialAction\":[{\"@type\":\"SearchAction\",\"target\":{\"@type\":\"EntryPoint\",\"urlTemplate\":\"https:\/\/volcanes.net\/?s={search_term_string}\"},\"query-input\":{\"@type\":\"PropertyValueSpecification\",\"valueRequired\":true,\"valueName\":\"search_term_string\"}}],\"inLanguage\":\"es\"},{\"@type\":\"Organization\",\"@id\":\"https:\/\/volcanes.net\/#organization\",\"name\":\"Grupo Volcanes\",\"url\":\"https:\/\/volcanes.net\/\",\"logo\":{\"@type\":\"ImageObject\",\"inLanguage\":\"es\",\"@id\":\"https:\/\/volcanes.net\/#\/schema\/logo\/image\/\",\"url\":\"http:\/\/volcanes.net\/wp-content\/uploads\/2017\/12\/Avatar2.jpg\",\"contentUrl\":\"http:\/\/volcanes.net\/wp-content\/uploads\/2017\/12\/Avatar2.jpg\",\"width\":378,\"height\":378,\"caption\":\"Grupo Volcanes\"},\"image\":{\"@id\":\"https:\/\/volcanes.net\/#\/schema\/logo\/image\/\"},\"sameAs\":[\"https:\/\/www.facebook.com\/volcanes.net\/\"]},{\"@type\":\"Person\",\"@id\":\"https:\/\/volcanes.net\/#\/schema\/person\/4bf0f383940966a4abd53f5048c0e6b9\",\"name\":\"admin\",\"image\":{\"@type\":\"ImageObject\",\"inLanguage\":\"es\",\"@id\":\"https:\/\/volcanes.net\/#\/schema\/person\/image\/\",\"url\":\"https:\/\/secure.gravatar.com\/avatar\/ca004e6cba8462b8cb7abc86e382930c?s=96&d=mm&r=g\",\"contentUrl\":\"https:\/\/secure.gravatar.com\/avatar\/ca004e6cba8462b8cb7abc86e382930c?s=96&d=mm&r=g\",\"caption\":\"admin\"}}]}<\/script>\n<!-- \/ Yoast SEO plugin. -->","yoast_head_json":{"title":"Del 1 al 18 de agosto se llevar\u00e1 a cabo la S\u00e9ptima Edici\u00f3n del Festival de Chiles en Nogada en la regi\u00f3n de los volcanes - Volcanes","robots":{"index":"index","follow":"follow","max-snippet":"max-snippet:-1","max-image-preview":"max-image-preview:large","max-video-preview":"max-video-preview:-1"},"canonical":"https:\/\/volcanes.net\/?p=7743","og_locale":"es_MX","og_type":"article","og_title":"Del 1 al 18 de agosto se llevar\u00e1 a cabo la S\u00e9ptima Edici\u00f3n del Festival de Chiles en Nogada en la regi\u00f3n de los volcanes - Volcanes","og_description":"Amecameca, Estado de M\u00e9xico.- Con la finalidad de reactivar la econom\u00eda de la Regi\u00f3n de","og_url":"https:\/\/volcanes.net\/?p=7743","og_site_name":"Volcanes","article_publisher":"https:\/\/www.facebook.com\/volcanes.net\/","article_published_time":"2020-07-29T15:58:01+00:00","article_modified_time":"2020-07-29T16:03:18+00:00","og_image":[{"width":400,"height":400,"url":"https:\/\/volcanes.net\/wp-content\/uploads\/2020\/07\/FB_IMG_1596037974206_opt.jpg","type":"image\/jpeg"}],"author":"admin","twitter_card":"summary_large_image","twitter_misc":{"Escrito por":"admin","Tiempo de lectura":"1 minuto"},"schema":{"@context":"https:\/\/schema.org","@graph":[{"@type":"Article","@id":"https:\/\/volcanes.net\/?p=7743#article","isPartOf":{"@id":"https:\/\/volcanes.net\/?p=7743"},"author":{"name":"admin","@id":"https:\/\/volcanes.net\/#\/schema\/person\/4bf0f383940966a4abd53f5048c0e6b9"},"headline":"Del 1 al 18 de agosto se llevar\u00e1 a cabo la S\u00e9ptima Edici\u00f3n del Festival de Chiles en Nogada en la regi\u00f3n de los volcanes","datePublished":"2020-07-29T15:58:01+00:00","dateModified":"2020-07-29T16:03:18+00:00","mainEntityOfPage":{"@id":"https:\/\/volcanes.net\/?p=7743"},"wordCount":274,"commentCount":0,"publisher":{"@id":"https:\/\/volcanes.net\/#organization"},"image":{"@id":"https:\/\/volcanes.net\/?p=7743#primaryimage"},"thumbnailUrl":"https:\/\/volcanes.net\/wp-content\/uploads\/2020\/07\/FB_IMG_1596037974206_opt.jpg","keywords":["zona volcanes"],"articleSection":["Municipales"],"inLanguage":"es","potentialAction":[{"@type":"CommentAction","name":"Comment","target":["https:\/\/volcanes.net\/?p=7743#respond"]}]},{"@type":"WebPage","@id":"https:\/\/volcanes.net\/?p=7743","url":"https:\/\/volcanes.net\/?p=7743","name":"Del 1 al 18 de agosto se llevar\u00e1 a cabo la S\u00e9ptima Edici\u00f3n del Festival de Chiles en Nogada en la regi\u00f3n de los volcanes - Volcanes","isPartOf":{"@id":"https:\/\/volcanes.net\/#website"},"primaryImageOfPage":{"@id":"https:\/\/volcanes.net\/?p=7743#primaryimage"},"image":{"@id":"https:\/\/volcanes.net\/?p=7743#primaryimage"},"thumbnailUrl":"https:\/\/volcanes.net\/wp-content\/uploads\/2020\/07\/FB_IMG_1596037974206_opt.jpg","datePublished":"2020-07-29T15:58:01+00:00","dateModified":"2020-07-29T16:03:18+00:00","breadcrumb":{"@id":"https:\/\/volcanes.net\/?p=7743#breadcrumb"},"inLanguage":"es","potentialAction":[{"@type":"ReadAction","target":["https:\/\/volcanes.net\/?p=7743"]}]},{"@type":"ImageObject","inLanguage":"es","@id":"https:\/\/volcanes.net\/?p=7743#primaryimage","url":"https:\/\/volcanes.net\/wp-content\/uploads\/2020\/07\/FB_IMG_1596037974206_opt.jpg","contentUrl":"https:\/\/volcanes.net\/wp-content\/uploads\/2020\/07\/FB_IMG_1596037974206_opt.jpg","width":400,"height":400},{"@type":"BreadcrumbList","@id":"https:\/\/volcanes.net\/?p=7743#breadcrumb","itemListElement":[{"@type":"ListItem","position":1,"name":"Portada","item":"https:\/\/volcanes.net\/"},{"@type":"ListItem","position":2,"name":"Del 1 al 18 de agosto se llevar\u00e1 a cabo la S\u00e9ptima Edici\u00f3n del Festival de Chiles en Nogada en la regi\u00f3n de los volcanes"}]},{"@type":"WebSite","@id":"https:\/\/volcanes.net\/#website","url":"https:\/\/volcanes.net\/","name":"Volcanes.Net","description":"Periodismo Profesional","publisher":{"@id":"https:\/\/volcanes.net\/#organization"},"potentialAction":[{"@type":"SearchAction","target":{"@type":"EntryPoint","urlTemplate":"https:\/\/volcanes.net\/?s={search_term_string}"},"query-input":{"@type":"PropertyValueSpecification","valueRequired":true,"valueName":"search_term_string"}}],"inLanguage":"es"},{"@type":"Organization","@id":"https:\/\/volcanes.net\/#organization","name":"Grupo Volcanes","url":"https:\/\/volcanes.net\/","logo":{"@type":"ImageObject","inLanguage":"es","@id":"https:\/\/volcanes.net\/#\/schema\/logo\/image\/","url":"http:\/\/volcanes.net\/wp-content\/uploads\/2017\/12\/Avatar2.jpg","contentUrl":"http:\/\/volcanes.net\/wp-content\/uploads\/2017\/12\/Avatar2.jpg","width":378,"height":378,"caption":"Grupo Volcanes"},"image":{"@id":"https:\/\/volcanes.net\/#\/schema\/logo\/image\/"},"sameAs":["https:\/\/www.facebook.com\/volcanes.net\/"]},{"@type":"Person","@id":"https:\/\/volcanes.net\/#\/schema\/person\/4bf0f383940966a4abd53f5048c0e6b9","name":"admin","image":{"@type":"ImageObject","inLanguage":"es","@id":"https:\/\/volcanes.net\/#\/schema\/person\/image\/","url":"https:\/\/secure.gravatar.com\/avatar\/ca004e6cba8462b8cb7abc86e382930c?s=96&d=mm&r=g","contentUrl":"https:\/\/secure.gravatar.com\/avatar\/ca004e6cba8462b8cb7abc86e382930c?s=96&d=mm&r=g","caption":"admin"}}]}},"_links":{"self":[{"href":"https:\/\/volcanes.net\/index.php?rest_route=\/wp\/v2\/posts\/7743"}],"collection":[{"href":"https:\/\/volcanes.net\/index.php?rest_route=\/wp\/v2\/posts"}],"about":[{"href":"https:\/\/volcanes.net\/index.php?rest_route=\/wp\/v2\/types\/post"}],"author":[{"embeddable":true,"href":"https:\/\/volcanes.net\/index.php?rest_route=\/wp\/v2\/users\/1"}],"replies":[{"embeddable":true,"href":"https:\/\/volcanes.net\/index.php?rest_route=%2Fwp%2Fv2%2Fcomments&post=7743"}],"version-history":[{"count":3,"href":"https:\/\/volcanes.net\/index.php?rest_route=\/wp\/v2\/posts\/7743\/revisions"}],"predecessor-version":[{"id":7747,"href":"https:\/\/volcanes.net\/index.php?rest_route=\/wp\/v2\/posts\/7743\/revisions\/7747"}],"wp:featuredmedia":[{"embeddable":true,"href":"https:\/\/volcanes.net\/index.php?rest_route=\/wp\/v2\/media\/7744"}],"wp:attachment":[{"href":"https:\/\/volcanes.net\/index.php?rest_route=%2Fwp%2Fv2%2Fmedia&parent=7743"}],"wp:term":[{"taxonomy":"category","embeddable":true,"href":"https:\/\/volcanes.net\/index.php?rest_route=%2Fwp%2Fv2%2Fcategories&post=7743"},{"taxonomy":"post_tag","embeddable":true,"href":"https:\/\/volcanes.net\/index.php?rest_route=%2Fwp%2Fv2%2Ftags&post=7743"}],"curies":[{"name":"wp","href":"https:\/\/api.w.org\/{rel}","templated":true}]}}