{"id":7754,"date":"2020-07-29T17:23:41","date_gmt":"2020-07-29T23:23:41","guid":{"rendered":"http:\/\/volcanes.net\/?p=7754"},"modified":"2020-07-29T17:24:32","modified_gmt":"2020-07-29T23:24:32","slug":"inicio-construccion-de-la-casa-del-adulto-mayor-en-ozumba","status":"publish","type":"post","link":"https:\/\/volcanes.net\/?p=7754","title":{"rendered":"Inicia  construcci\u00f3n de la Casa del Adulto Mayor en Ozumba"},"content":{"rendered":"<div style=\"margin-top: 0px; margin-bottom: 0px;\" class=\"sharethis-inline-share-buttons\" ><\/div><p>Dio inicio la construcci\u00f3n de la Casa de D\u00eda del Adulto Mayor en Ozumba, con la gesti\u00f3n y apoyo de la Presidenta del SMDIF, profesora Edith Castillo Enr\u00edquez y el apoyo del gobierno municipal que encabeza el edil Valent\u00edn Mart\u00ednez Castillo, quienes dieron el banderazo de salida a tan importante obra este 27 de julio, en la Delegaci\u00f3n de San Vicente Chimalhuac\u00e1n.<\/p>\n<p>Cabe se\u00f1alar que la construcci\u00f3n de la Casa de D\u00eda del Adulto Mayor, es un proyecto que estaba estancado desde administraciones anteriores, y ahora por fin ser\u00e1 una realidad. Pues ser\u00e1 un espacio en donde las personas mayores podr\u00e1n socializar con otras personas adultas y con sus instructores, podr\u00e1n realizar manualidades, cocinar, bailar, hacer ejercicio y convivir.<\/p>\n<p>La profesora Edith agradeci\u00f3 el apoyo de la presidenta del DIFEM, Fernanda Castillo de Del Mazo, ya que sin su trabajo en este proyecto no habr\u00eda sido posible.<\/p>\n<p>Por su parte, el alcalde Valent\u00edn Mart\u00ednez, agradeci\u00f3 al \u201cGobernador Alfredo del Mazo Maza, a su esposa la Se\u00f1ora Fernanda Castillo de del Mazo y al Secretario Rafael D\u00edaz Leal Barrueta por su apoyo en tan importante causa\u201d.<\/p>\n<p>Asimismo, reconoci\u00f3 la labor que realiz\u00f3 el equipo del SMDIF de Ozumba, \u201cquienes tras un arduo trabajo de gesti\u00f3n y compromiso est\u00e1n haciendo posible que los abuelitos de nuestro municipio tengan su propio lugar\u201d, escribi\u00f3 en sus redes sociales.<\/p>\n","protected":false},"excerpt":{"rendered":"<p>Dio inicio la construcci\u00f3n de la Casa de D\u00eda del Adulto Mayor en Ozumba, con<\/p>\n","protected":false},"author":1,"featured_media":7755,"comment_status":"open","ping_status":"open","sticky":false,"template":"","format":"standard","meta":{"footnotes":""},"categories":[1],"tags":[14],"class_list":["post-7754","post","type-post","status-publish","format-standard","has-post-thumbnail","hentry","category-municipales","tag-ozumba"],"yoast_head":"<!-- This site is optimized with the Yoast SEO plugin v25.3 - https:\/\/yoast.com\/wordpress\/plugins\/seo\/ -->\n<title>Inicia construcci\u00f3n de la Casa del Adulto Mayor en Ozumba - Volcanes<\/title>\n<meta name=\"robots\" content=\"index, follow, max-snippet:-1, max-image-preview:large, max-video-preview:-1\" \/>\n<link rel=\"canonical\" href=\"https:\/\/volcanes.net\/?p=7754\" \/>\n<meta property=\"og:locale\" content=\"es_MX\" \/>\n<meta property=\"og:type\" content=\"article\" \/>\n<meta property=\"og:title\" content=\"Inicia construcci\u00f3n de la Casa del Adulto Mayor en Ozumba - Volcanes\" \/>\n<meta property=\"og:description\" content=\"Dio inicio la construcci\u00f3n de la Casa de D\u00eda del Adulto Mayor en Ozumba, con\" \/>\n<meta property=\"og:url\" content=\"https:\/\/volcanes.net\/?p=7754\" \/>\n<meta property=\"og:site_name\" content=\"Volcanes\" \/>\n<meta property=\"article:publisher\" content=\"https:\/\/www.facebook.com\/volcanes.net\/\" \/>\n<meta property=\"article:published_time\" content=\"2020-07-29T23:23:41+00:00\" \/>\n<meta property=\"article:modified_time\" content=\"2020-07-29T23:24:32+00:00\" \/>\n<meta property=\"og:image\" content=\"https:\/\/volcanes.net\/wp-content\/uploads\/2020\/07\/IMG-20200729-WA0024_opt.jpg\" \/>\n\t<meta property=\"og:image:width\" content=\"400\" \/>\n\t<meta property=\"og:image:height\" content=\"267\" \/>\n\t<meta property=\"og:image:type\" content=\"image\/jpeg\" \/>\n<meta name=\"author\" content=\"admin\" \/>\n<meta name=\"twitter:card\" content=\"summary_large_image\" \/>\n<meta name=\"twitter:label1\" content=\"Escrito por\" \/>\n\t<meta name=\"twitter:data1\" content=\"admin\" \/>\n\t<meta name=\"twitter:label2\" content=\"Tiempo de lectura\" \/>\n\t<meta name=\"twitter:data2\" content=\"1 minuto\" \/>\n<script type=\"application\/ld+json\" class=\"yoast-schema-graph\">{\"@context\":\"https:\/\/schema.org\",\"@graph\":[{\"@type\":\"Article\",\"@id\":\"https:\/\/volcanes.net\/?p=7754#article\",\"isPartOf\":{\"@id\":\"https:\/\/volcanes.net\/?p=7754\"},\"author\":{\"name\":\"admin\",\"@id\":\"https:\/\/volcanes.net\/#\/schema\/person\/4bf0f383940966a4abd53f5048c0e6b9\"},\"headline\":\"Inicia construcci\u00f3n de la Casa del Adulto Mayor en Ozumba\",\"datePublished\":\"2020-07-29T23:23:41+00:00\",\"dateModified\":\"2020-07-29T23:24:32+00:00\",\"mainEntityOfPage\":{\"@id\":\"https:\/\/volcanes.net\/?p=7754\"},\"wordCount\":254,\"commentCount\":0,\"publisher\":{\"@id\":\"https:\/\/volcanes.net\/#organization\"},\"image\":{\"@id\":\"https:\/\/volcanes.net\/?p=7754#primaryimage\"},\"thumbnailUrl\":\"https:\/\/volcanes.net\/wp-content\/uploads\/2020\/07\/IMG-20200729-WA0024_opt.jpg\",\"keywords\":[\"Ozumba\"],\"articleSection\":[\"Municipales\"],\"inLanguage\":\"es\",\"potentialAction\":[{\"@type\":\"CommentAction\",\"name\":\"Comment\",\"target\":[\"https:\/\/volcanes.net\/?p=7754#respond\"]}]},{\"@type\":\"WebPage\",\"@id\":\"https:\/\/volcanes.net\/?p=7754\",\"url\":\"https:\/\/volcanes.net\/?p=7754\",\"name\":\"Inicia construcci\u00f3n de la Casa del Adulto Mayor en Ozumba - Volcanes\",\"isPartOf\":{\"@id\":\"https:\/\/volcanes.net\/#website\"},\"primaryImageOfPage\":{\"@id\":\"https:\/\/volcanes.net\/?p=7754#primaryimage\"},\"image\":{\"@id\":\"https:\/\/volcanes.net\/?p=7754#primaryimage\"},\"thumbnailUrl\":\"https:\/\/volcanes.net\/wp-content\/uploads\/2020\/07\/IMG-20200729-WA0024_opt.jpg\",\"datePublished\":\"2020-07-29T23:23:41+00:00\",\"dateModified\":\"2020-07-29T23:24:32+00:00\",\"breadcrumb\":{\"@id\":\"https:\/\/volcanes.net\/?p=7754#breadcrumb\"},\"inLanguage\":\"es\",\"potentialAction\":[{\"@type\":\"ReadAction\",\"target\":[\"https:\/\/volcanes.net\/?p=7754\"]}]},{\"@type\":\"ImageObject\",\"inLanguage\":\"es\",\"@id\":\"https:\/\/volcanes.net\/?p=7754#primaryimage\",\"url\":\"https:\/\/volcanes.net\/wp-content\/uploads\/2020\/07\/IMG-20200729-WA0024_opt.jpg\",\"contentUrl\":\"https:\/\/volcanes.net\/wp-content\/uploads\/2020\/07\/IMG-20200729-WA0024_opt.jpg\",\"width\":400,\"height\":267},{\"@type\":\"BreadcrumbList\",\"@id\":\"https:\/\/volcanes.net\/?p=7754#breadcrumb\",\"itemListElement\":[{\"@type\":\"ListItem\",\"position\":1,\"name\":\"Portada\",\"item\":\"https:\/\/volcanes.net\/\"},{\"@type\":\"ListItem\",\"position\":2,\"name\":\"Inicia construcci\u00f3n de la Casa del Adulto Mayor en Ozumba\"}]},{\"@type\":\"WebSite\",\"@id\":\"https:\/\/volcanes.net\/#website\",\"url\":\"https:\/\/volcanes.net\/\",\"name\":\"Volcanes.Net\",\"description\":\"Periodismo Profesional\",\"publisher\":{\"@id\":\"https:\/\/volcanes.net\/#organization\"},\"potentialAction\":[{\"@type\":\"SearchAction\",\"target\":{\"@type\":\"EntryPoint\",\"urlTemplate\":\"https:\/\/volcanes.net\/?s={search_term_string}\"},\"query-input\":{\"@type\":\"PropertyValueSpecification\",\"valueRequired\":true,\"valueName\":\"search_term_string\"}}],\"inLanguage\":\"es\"},{\"@type\":\"Organization\",\"@id\":\"https:\/\/volcanes.net\/#organization\",\"name\":\"Grupo Volcanes\",\"url\":\"https:\/\/volcanes.net\/\",\"logo\":{\"@type\":\"ImageObject\",\"inLanguage\":\"es\",\"@id\":\"https:\/\/volcanes.net\/#\/schema\/logo\/image\/\",\"url\":\"http:\/\/volcanes.net\/wp-content\/uploads\/2017\/12\/Avatar2.jpg\",\"contentUrl\":\"http:\/\/volcanes.net\/wp-content\/uploads\/2017\/12\/Avatar2.jpg\",\"width\":378,\"height\":378,\"caption\":\"Grupo Volcanes\"},\"image\":{\"@id\":\"https:\/\/volcanes.net\/#\/schema\/logo\/image\/\"},\"sameAs\":[\"https:\/\/www.facebook.com\/volcanes.net\/\"]},{\"@type\":\"Person\",\"@id\":\"https:\/\/volcanes.net\/#\/schema\/person\/4bf0f383940966a4abd53f5048c0e6b9\",\"name\":\"admin\",\"image\":{\"@type\":\"ImageObject\",\"inLanguage\":\"es\",\"@id\":\"https:\/\/volcanes.net\/#\/schema\/person\/image\/\",\"url\":\"https:\/\/secure.gravatar.com\/avatar\/ca004e6cba8462b8cb7abc86e382930c?s=96&d=mm&r=g\",\"contentUrl\":\"https:\/\/secure.gravatar.com\/avatar\/ca004e6cba8462b8cb7abc86e382930c?s=96&d=mm&r=g\",\"caption\":\"admin\"}}]}<\/script>\n<!-- \/ Yoast SEO plugin. -->","yoast_head_json":{"title":"Inicia construcci\u00f3n de la Casa del Adulto Mayor en Ozumba - Volcanes","robots":{"index":"index","follow":"follow","max-snippet":"max-snippet:-1","max-image-preview":"max-image-preview:large","max-video-preview":"max-video-preview:-1"},"canonical":"https:\/\/volcanes.net\/?p=7754","og_locale":"es_MX","og_type":"article","og_title":"Inicia construcci\u00f3n de la Casa del Adulto Mayor en Ozumba - Volcanes","og_description":"Dio inicio la construcci\u00f3n de la Casa de D\u00eda del Adulto Mayor en Ozumba, con","og_url":"https:\/\/volcanes.net\/?p=7754","og_site_name":"Volcanes","article_publisher":"https:\/\/www.facebook.com\/volcanes.net\/","article_published_time":"2020-07-29T23:23:41+00:00","article_modified_time":"2020-07-29T23:24:32+00:00","og_image":[{"width":400,"height":267,"url":"https:\/\/volcanes.net\/wp-content\/uploads\/2020\/07\/IMG-20200729-WA0024_opt.jpg","type":"image\/jpeg"}],"author":"admin","twitter_card":"summary_large_image","twitter_misc":{"Escrito por":"admin","Tiempo de lectura":"1 minuto"},"schema":{"@context":"https:\/\/schema.org","@graph":[{"@type":"Article","@id":"https:\/\/volcanes.net\/?p=7754#article","isPartOf":{"@id":"https:\/\/volcanes.net\/?p=7754"},"author":{"name":"admin","@id":"https:\/\/volcanes.net\/#\/schema\/person\/4bf0f383940966a4abd53f5048c0e6b9"},"headline":"Inicia construcci\u00f3n de la Casa del Adulto Mayor en Ozumba","datePublished":"2020-07-29T23:23:41+00:00","dateModified":"2020-07-29T23:24:32+00:00","mainEntityOfPage":{"@id":"https:\/\/volcanes.net\/?p=7754"},"wordCount":254,"commentCount":0,"publisher":{"@id":"https:\/\/volcanes.net\/#organization"},"image":{"@id":"https:\/\/volcanes.net\/?p=7754#primaryimage"},"thumbnailUrl":"https:\/\/volcanes.net\/wp-content\/uploads\/2020\/07\/IMG-20200729-WA0024_opt.jpg","keywords":["Ozumba"],"articleSection":["Municipales"],"inLanguage":"es","potentialAction":[{"@type":"CommentAction","name":"Comment","target":["https:\/\/volcanes.net\/?p=7754#respond"]}]},{"@type":"WebPage","@id":"https:\/\/volcanes.net\/?p=7754","url":"https:\/\/volcanes.net\/?p=7754","name":"Inicia construcci\u00f3n de la Casa del Adulto Mayor en Ozumba - Volcanes","isPartOf":{"@id":"https:\/\/volcanes.net\/#website"},"primaryImageOfPage":{"@id":"https:\/\/volcanes.net\/?p=7754#primaryimage"},"image":{"@id":"https:\/\/volcanes.net\/?p=7754#primaryimage"},"thumbnailUrl":"https:\/\/volcanes.net\/wp-content\/uploads\/2020\/07\/IMG-20200729-WA0024_opt.jpg","datePublished":"2020-07-29T23:23:41+00:00","dateModified":"2020-07-29T23:24:32+00:00","breadcrumb":{"@id":"https:\/\/volcanes.net\/?p=7754#breadcrumb"},"inLanguage":"es","potentialAction":[{"@type":"ReadAction","target":["https:\/\/volcanes.net\/?p=7754"]}]},{"@type":"ImageObject","inLanguage":"es","@id":"https:\/\/volcanes.net\/?p=7754#primaryimage","url":"https:\/\/volcanes.net\/wp-content\/uploads\/2020\/07\/IMG-20200729-WA0024_opt.jpg","contentUrl":"https:\/\/volcanes.net\/wp-content\/uploads\/2020\/07\/IMG-20200729-WA0024_opt.jpg","width":400,"height":267},{"@type":"BreadcrumbList","@id":"https:\/\/volcanes.net\/?p=7754#breadcrumb","itemListElement":[{"@type":"ListItem","position":1,"name":"Portada","item":"https:\/\/volcanes.net\/"},{"@type":"ListItem","position":2,"name":"Inicia construcci\u00f3n de la Casa del Adulto Mayor en Ozumba"}]},{"@type":"WebSite","@id":"https:\/\/volcanes.net\/#website","url":"https:\/\/volcanes.net\/","name":"Volcanes.Net","description":"Periodismo Profesional","publisher":{"@id":"https:\/\/volcanes.net\/#organization"},"potentialAction":[{"@type":"SearchAction","target":{"@type":"EntryPoint","urlTemplate":"https:\/\/volcanes.net\/?s={search_term_string}"},"query-input":{"@type":"PropertyValueSpecification","valueRequired":true,"valueName":"search_term_string"}}],"inLanguage":"es"},{"@type":"Organization","@id":"https:\/\/volcanes.net\/#organization","name":"Grupo Volcanes","url":"https:\/\/volcanes.net\/","logo":{"@type":"ImageObject","inLanguage":"es","@id":"https:\/\/volcanes.net\/#\/schema\/logo\/image\/","url":"http:\/\/volcanes.net\/wp-content\/uploads\/2017\/12\/Avatar2.jpg","contentUrl":"http:\/\/volcanes.net\/wp-content\/uploads\/2017\/12\/Avatar2.jpg","width":378,"height":378,"caption":"Grupo Volcanes"},"image":{"@id":"https:\/\/volcanes.net\/#\/schema\/logo\/image\/"},"sameAs":["https:\/\/www.facebook.com\/volcanes.net\/"]},{"@type":"Person","@id":"https:\/\/volcanes.net\/#\/schema\/person\/4bf0f383940966a4abd53f5048c0e6b9","name":"admin","image":{"@type":"ImageObject","inLanguage":"es","@id":"https:\/\/volcanes.net\/#\/schema\/person\/image\/","url":"https:\/\/secure.gravatar.com\/avatar\/ca004e6cba8462b8cb7abc86e382930c?s=96&d=mm&r=g","contentUrl":"https:\/\/secure.gravatar.com\/avatar\/ca004e6cba8462b8cb7abc86e382930c?s=96&d=mm&r=g","caption":"admin"}}]}},"_links":{"self":[{"href":"https:\/\/volcanes.net\/index.php?rest_route=\/wp\/v2\/posts\/7754"}],"collection":[{"href":"https:\/\/volcanes.net\/index.php?rest_route=\/wp\/v2\/posts"}],"about":[{"href":"https:\/\/volcanes.net\/index.php?rest_route=\/wp\/v2\/types\/post"}],"author":[{"embeddable":true,"href":"https:\/\/volcanes.net\/index.php?rest_route=\/wp\/v2\/users\/1"}],"replies":[{"embeddable":true,"href":"https:\/\/volcanes.net\/index.php?rest_route=%2Fwp%2Fv2%2Fcomments&post=7754"}],"version-history":[{"count":2,"href":"https:\/\/volcanes.net\/index.php?rest_route=\/wp\/v2\/posts\/7754\/revisions"}],"predecessor-version":[{"id":7757,"href":"https:\/\/volcanes.net\/index.php?rest_route=\/wp\/v2\/posts\/7754\/revisions\/7757"}],"wp:featuredmedia":[{"embeddable":true,"href":"https:\/\/volcanes.net\/index.php?rest_route=\/wp\/v2\/media\/7755"}],"wp:attachment":[{"href":"https:\/\/volcanes.net\/index.php?rest_route=%2Fwp%2Fv2%2Fmedia&parent=7754"}],"wp:term":[{"taxonomy":"category","embeddable":true,"href":"https:\/\/volcanes.net\/index.php?rest_route=%2Fwp%2Fv2%2Fcategories&post=7754"},{"taxonomy":"post_tag","embeddable":true,"href":"https:\/\/volcanes.net\/index.php?rest_route=%2Fwp%2Fv2%2Ftags&post=7754"}],"curies":[{"name":"wp","href":"https:\/\/api.w.org\/{rel}","templated":true}]}}