{"id":7779,"date":"2020-07-31T17:49:10","date_gmt":"2020-07-31T23:49:10","guid":{"rendered":"http:\/\/volcanes.net\/?p=7779"},"modified":"2020-07-31T17:50:34","modified_gmt":"2020-07-31T23:50:34","slug":"reciben-familias-amecamequenses-apoyos-economicos-para-reconstruir-viviendas-afectadas-por-los-sismos","status":"publish","type":"post","link":"https:\/\/volcanes.net\/?p=7779","title":{"rendered":"Reciben familias amecamequenses apoyos econ\u00f3micos para reconstruir viviendas afectadas por los sismos"},"content":{"rendered":"<div style=\"margin-top: 0px; margin-bottom: 0px;\" class=\"sharethis-inline-share-buttons\" ><\/div><p>Amecameca de Ju\u00e1rez, Estado de M\u00e9xico.- Los beneficiarios del programa de Apoyo a la Vivienda de la Secretar\u00eda de Desarrollo Agrario, Territorial y Urbano, SEDATU, firmaron los contratos y convenios que les permitir\u00e1 recibir los apoyos econ\u00f3micos para reconstruir sus viviendas que fueron da\u00f1adas por los sismos de 2017 y 2018; ah\u00ed mismo el Gobierno Municipal anunci\u00f3 la condonaci\u00f3n de pago por concepto de las Licencias de Construcci\u00f3n, Uso de Suelo y Alineamiento, para coadyuvar con la econom\u00eda de estas familias.<\/p>\n<p>Los beneficiarios de esta primera etapa recibieron de la Comisi\u00f3n Nacional de Vivienda, CONAVI, los contratos y convenios que los hacen acreedores a los recursos econ\u00f3micos para poder iniciar inmediatamente con las obras de reconstrucci\u00f3n de sus hogares.<\/p>\n<p>En su intervenci\u00f3n el Alcalde Miguel \u00c1ngel Salom\u00f3n Cort\u00e9s, agradeci\u00f3 el apoyo del Gobierno Federal para que estas familias eleven su calidad de vida, ah\u00ed mismo ratific\u00f3 su compromiso de continuar gestionando mayores apoyos para los amecamequenses y les adelant\u00f3 que les ser\u00e1n condonados los pagos por concepto de licencias de construcci\u00f3n, uso de suelo y alineamiento.<\/p>\n","protected":false},"excerpt":{"rendered":"<p>Amecameca de Ju\u00e1rez, Estado de M\u00e9xico.- Los beneficiarios del programa de Apoyo a la Vivienda<\/p>\n","protected":false},"author":1,"featured_media":7780,"comment_status":"open","ping_status":"open","sticky":false,"template":"","format":"standard","meta":{"footnotes":""},"categories":[1],"tags":[7],"class_list":["post-7779","post","type-post","status-publish","format-standard","has-post-thumbnail","hentry","category-municipales","tag-amecameca"],"yoast_head":"<!-- This site is optimized with the Yoast SEO plugin v25.3 - https:\/\/yoast.com\/wordpress\/plugins\/seo\/ -->\n<title>Reciben familias amecamequenses apoyos econ\u00f3micos para reconstruir viviendas afectadas por los sismos - Volcanes<\/title>\n<meta name=\"robots\" content=\"index, follow, max-snippet:-1, max-image-preview:large, max-video-preview:-1\" \/>\n<link rel=\"canonical\" href=\"https:\/\/volcanes.net\/?p=7779\" \/>\n<meta property=\"og:locale\" content=\"es_MX\" \/>\n<meta property=\"og:type\" content=\"article\" \/>\n<meta property=\"og:title\" content=\"Reciben familias amecamequenses apoyos econ\u00f3micos para reconstruir viviendas afectadas por los sismos - Volcanes\" \/>\n<meta property=\"og:description\" content=\"Amecameca de Ju\u00e1rez, Estado de M\u00e9xico.- Los beneficiarios del programa de Apoyo a la Vivienda\" \/>\n<meta property=\"og:url\" content=\"https:\/\/volcanes.net\/?p=7779\" \/>\n<meta property=\"og:site_name\" content=\"Volcanes\" \/>\n<meta property=\"article:publisher\" content=\"https:\/\/www.facebook.com\/volcanes.net\/\" \/>\n<meta property=\"article:published_time\" content=\"2020-07-31T23:49:10+00:00\" \/>\n<meta property=\"article:modified_time\" content=\"2020-07-31T23:50:34+00:00\" \/>\n<meta property=\"og:image\" content=\"https:\/\/volcanes.net\/wp-content\/uploads\/2020\/07\/IMG-20200731-WA0013_opt.jpg\" \/>\n\t<meta property=\"og:image:width\" content=\"400\" \/>\n\t<meta property=\"og:image:height\" content=\"221\" \/>\n\t<meta property=\"og:image:type\" content=\"image\/jpeg\" \/>\n<meta name=\"author\" content=\"admin\" \/>\n<meta name=\"twitter:card\" content=\"summary_large_image\" \/>\n<meta name=\"twitter:label1\" content=\"Escrito por\" \/>\n\t<meta name=\"twitter:data1\" content=\"admin\" \/>\n\t<meta name=\"twitter:label2\" content=\"Tiempo de lectura\" \/>\n\t<meta name=\"twitter:data2\" content=\"1 minuto\" \/>\n<script type=\"application\/ld+json\" class=\"yoast-schema-graph\">{\"@context\":\"https:\/\/schema.org\",\"@graph\":[{\"@type\":\"Article\",\"@id\":\"https:\/\/volcanes.net\/?p=7779#article\",\"isPartOf\":{\"@id\":\"https:\/\/volcanes.net\/?p=7779\"},\"author\":{\"name\":\"admin\",\"@id\":\"https:\/\/volcanes.net\/#\/schema\/person\/4bf0f383940966a4abd53f5048c0e6b9\"},\"headline\":\"Reciben familias amecamequenses apoyos econ\u00f3micos para reconstruir viviendas afectadas por los sismos\",\"datePublished\":\"2020-07-31T23:49:10+00:00\",\"dateModified\":\"2020-07-31T23:50:34+00:00\",\"mainEntityOfPage\":{\"@id\":\"https:\/\/volcanes.net\/?p=7779\"},\"wordCount\":204,\"commentCount\":0,\"publisher\":{\"@id\":\"https:\/\/volcanes.net\/#organization\"},\"image\":{\"@id\":\"https:\/\/volcanes.net\/?p=7779#primaryimage\"},\"thumbnailUrl\":\"https:\/\/volcanes.net\/wp-content\/uploads\/2020\/07\/IMG-20200731-WA0013_opt.jpg\",\"keywords\":[\"Amecameca\"],\"articleSection\":[\"Municipales\"],\"inLanguage\":\"es\",\"potentialAction\":[{\"@type\":\"CommentAction\",\"name\":\"Comment\",\"target\":[\"https:\/\/volcanes.net\/?p=7779#respond\"]}]},{\"@type\":\"WebPage\",\"@id\":\"https:\/\/volcanes.net\/?p=7779\",\"url\":\"https:\/\/volcanes.net\/?p=7779\",\"name\":\"Reciben familias amecamequenses apoyos econ\u00f3micos para reconstruir viviendas afectadas por los sismos - Volcanes\",\"isPartOf\":{\"@id\":\"https:\/\/volcanes.net\/#website\"},\"primaryImageOfPage\":{\"@id\":\"https:\/\/volcanes.net\/?p=7779#primaryimage\"},\"image\":{\"@id\":\"https:\/\/volcanes.net\/?p=7779#primaryimage\"},\"thumbnailUrl\":\"https:\/\/volcanes.net\/wp-content\/uploads\/2020\/07\/IMG-20200731-WA0013_opt.jpg\",\"datePublished\":\"2020-07-31T23:49:10+00:00\",\"dateModified\":\"2020-07-31T23:50:34+00:00\",\"breadcrumb\":{\"@id\":\"https:\/\/volcanes.net\/?p=7779#breadcrumb\"},\"inLanguage\":\"es\",\"potentialAction\":[{\"@type\":\"ReadAction\",\"target\":[\"https:\/\/volcanes.net\/?p=7779\"]}]},{\"@type\":\"ImageObject\",\"inLanguage\":\"es\",\"@id\":\"https:\/\/volcanes.net\/?p=7779#primaryimage\",\"url\":\"https:\/\/volcanes.net\/wp-content\/uploads\/2020\/07\/IMG-20200731-WA0013_opt.jpg\",\"contentUrl\":\"https:\/\/volcanes.net\/wp-content\/uploads\/2020\/07\/IMG-20200731-WA0013_opt.jpg\",\"width\":400,\"height\":221},{\"@type\":\"BreadcrumbList\",\"@id\":\"https:\/\/volcanes.net\/?p=7779#breadcrumb\",\"itemListElement\":[{\"@type\":\"ListItem\",\"position\":1,\"name\":\"Portada\",\"item\":\"https:\/\/volcanes.net\/\"},{\"@type\":\"ListItem\",\"position\":2,\"name\":\"Reciben familias amecamequenses apoyos econ\u00f3micos para reconstruir viviendas afectadas por los sismos\"}]},{\"@type\":\"WebSite\",\"@id\":\"https:\/\/volcanes.net\/#website\",\"url\":\"https:\/\/volcanes.net\/\",\"name\":\"Volcanes.Net\",\"description\":\"Periodismo Profesional\",\"publisher\":{\"@id\":\"https:\/\/volcanes.net\/#organization\"},\"potentialAction\":[{\"@type\":\"SearchAction\",\"target\":{\"@type\":\"EntryPoint\",\"urlTemplate\":\"https:\/\/volcanes.net\/?s={search_term_string}\"},\"query-input\":{\"@type\":\"PropertyValueSpecification\",\"valueRequired\":true,\"valueName\":\"search_term_string\"}}],\"inLanguage\":\"es\"},{\"@type\":\"Organization\",\"@id\":\"https:\/\/volcanes.net\/#organization\",\"name\":\"Grupo Volcanes\",\"url\":\"https:\/\/volcanes.net\/\",\"logo\":{\"@type\":\"ImageObject\",\"inLanguage\":\"es\",\"@id\":\"https:\/\/volcanes.net\/#\/schema\/logo\/image\/\",\"url\":\"http:\/\/volcanes.net\/wp-content\/uploads\/2017\/12\/Avatar2.jpg\",\"contentUrl\":\"http:\/\/volcanes.net\/wp-content\/uploads\/2017\/12\/Avatar2.jpg\",\"width\":378,\"height\":378,\"caption\":\"Grupo Volcanes\"},\"image\":{\"@id\":\"https:\/\/volcanes.net\/#\/schema\/logo\/image\/\"},\"sameAs\":[\"https:\/\/www.facebook.com\/volcanes.net\/\"]},{\"@type\":\"Person\",\"@id\":\"https:\/\/volcanes.net\/#\/schema\/person\/4bf0f383940966a4abd53f5048c0e6b9\",\"name\":\"admin\",\"image\":{\"@type\":\"ImageObject\",\"inLanguage\":\"es\",\"@id\":\"https:\/\/volcanes.net\/#\/schema\/person\/image\/\",\"url\":\"https:\/\/secure.gravatar.com\/avatar\/ca004e6cba8462b8cb7abc86e382930c?s=96&d=mm&r=g\",\"contentUrl\":\"https:\/\/secure.gravatar.com\/avatar\/ca004e6cba8462b8cb7abc86e382930c?s=96&d=mm&r=g\",\"caption\":\"admin\"}}]}<\/script>\n<!-- \/ Yoast SEO plugin. -->","yoast_head_json":{"title":"Reciben familias amecamequenses apoyos econ\u00f3micos para reconstruir viviendas afectadas por los sismos - Volcanes","robots":{"index":"index","follow":"follow","max-snippet":"max-snippet:-1","max-image-preview":"max-image-preview:large","max-video-preview":"max-video-preview:-1"},"canonical":"https:\/\/volcanes.net\/?p=7779","og_locale":"es_MX","og_type":"article","og_title":"Reciben familias amecamequenses apoyos econ\u00f3micos para reconstruir viviendas afectadas por los sismos - Volcanes","og_description":"Amecameca de Ju\u00e1rez, Estado de M\u00e9xico.- Los beneficiarios del programa de Apoyo a la Vivienda","og_url":"https:\/\/volcanes.net\/?p=7779","og_site_name":"Volcanes","article_publisher":"https:\/\/www.facebook.com\/volcanes.net\/","article_published_time":"2020-07-31T23:49:10+00:00","article_modified_time":"2020-07-31T23:50:34+00:00","og_image":[{"width":400,"height":221,"url":"https:\/\/volcanes.net\/wp-content\/uploads\/2020\/07\/IMG-20200731-WA0013_opt.jpg","type":"image\/jpeg"}],"author":"admin","twitter_card":"summary_large_image","twitter_misc":{"Escrito por":"admin","Tiempo de lectura":"1 minuto"},"schema":{"@context":"https:\/\/schema.org","@graph":[{"@type":"Article","@id":"https:\/\/volcanes.net\/?p=7779#article","isPartOf":{"@id":"https:\/\/volcanes.net\/?p=7779"},"author":{"name":"admin","@id":"https:\/\/volcanes.net\/#\/schema\/person\/4bf0f383940966a4abd53f5048c0e6b9"},"headline":"Reciben familias amecamequenses apoyos econ\u00f3micos para reconstruir viviendas afectadas por los sismos","datePublished":"2020-07-31T23:49:10+00:00","dateModified":"2020-07-31T23:50:34+00:00","mainEntityOfPage":{"@id":"https:\/\/volcanes.net\/?p=7779"},"wordCount":204,"commentCount":0,"publisher":{"@id":"https:\/\/volcanes.net\/#organization"},"image":{"@id":"https:\/\/volcanes.net\/?p=7779#primaryimage"},"thumbnailUrl":"https:\/\/volcanes.net\/wp-content\/uploads\/2020\/07\/IMG-20200731-WA0013_opt.jpg","keywords":["Amecameca"],"articleSection":["Municipales"],"inLanguage":"es","potentialAction":[{"@type":"CommentAction","name":"Comment","target":["https:\/\/volcanes.net\/?p=7779#respond"]}]},{"@type":"WebPage","@id":"https:\/\/volcanes.net\/?p=7779","url":"https:\/\/volcanes.net\/?p=7779","name":"Reciben familias amecamequenses apoyos econ\u00f3micos para reconstruir viviendas afectadas por los sismos - Volcanes","isPartOf":{"@id":"https:\/\/volcanes.net\/#website"},"primaryImageOfPage":{"@id":"https:\/\/volcanes.net\/?p=7779#primaryimage"},"image":{"@id":"https:\/\/volcanes.net\/?p=7779#primaryimage"},"thumbnailUrl":"https:\/\/volcanes.net\/wp-content\/uploads\/2020\/07\/IMG-20200731-WA0013_opt.jpg","datePublished":"2020-07-31T23:49:10+00:00","dateModified":"2020-07-31T23:50:34+00:00","breadcrumb":{"@id":"https:\/\/volcanes.net\/?p=7779#breadcrumb"},"inLanguage":"es","potentialAction":[{"@type":"ReadAction","target":["https:\/\/volcanes.net\/?p=7779"]}]},{"@type":"ImageObject","inLanguage":"es","@id":"https:\/\/volcanes.net\/?p=7779#primaryimage","url":"https:\/\/volcanes.net\/wp-content\/uploads\/2020\/07\/IMG-20200731-WA0013_opt.jpg","contentUrl":"https:\/\/volcanes.net\/wp-content\/uploads\/2020\/07\/IMG-20200731-WA0013_opt.jpg","width":400,"height":221},{"@type":"BreadcrumbList","@id":"https:\/\/volcanes.net\/?p=7779#breadcrumb","itemListElement":[{"@type":"ListItem","position":1,"name":"Portada","item":"https:\/\/volcanes.net\/"},{"@type":"ListItem","position":2,"name":"Reciben familias amecamequenses apoyos econ\u00f3micos para reconstruir viviendas afectadas por los sismos"}]},{"@type":"WebSite","@id":"https:\/\/volcanes.net\/#website","url":"https:\/\/volcanes.net\/","name":"Volcanes.Net","description":"Periodismo Profesional","publisher":{"@id":"https:\/\/volcanes.net\/#organization"},"potentialAction":[{"@type":"SearchAction","target":{"@type":"EntryPoint","urlTemplate":"https:\/\/volcanes.net\/?s={search_term_string}"},"query-input":{"@type":"PropertyValueSpecification","valueRequired":true,"valueName":"search_term_string"}}],"inLanguage":"es"},{"@type":"Organization","@id":"https:\/\/volcanes.net\/#organization","name":"Grupo Volcanes","url":"https:\/\/volcanes.net\/","logo":{"@type":"ImageObject","inLanguage":"es","@id":"https:\/\/volcanes.net\/#\/schema\/logo\/image\/","url":"http:\/\/volcanes.net\/wp-content\/uploads\/2017\/12\/Avatar2.jpg","contentUrl":"http:\/\/volcanes.net\/wp-content\/uploads\/2017\/12\/Avatar2.jpg","width":378,"height":378,"caption":"Grupo Volcanes"},"image":{"@id":"https:\/\/volcanes.net\/#\/schema\/logo\/image\/"},"sameAs":["https:\/\/www.facebook.com\/volcanes.net\/"]},{"@type":"Person","@id":"https:\/\/volcanes.net\/#\/schema\/person\/4bf0f383940966a4abd53f5048c0e6b9","name":"admin","image":{"@type":"ImageObject","inLanguage":"es","@id":"https:\/\/volcanes.net\/#\/schema\/person\/image\/","url":"https:\/\/secure.gravatar.com\/avatar\/ca004e6cba8462b8cb7abc86e382930c?s=96&d=mm&r=g","contentUrl":"https:\/\/secure.gravatar.com\/avatar\/ca004e6cba8462b8cb7abc86e382930c?s=96&d=mm&r=g","caption":"admin"}}]}},"_links":{"self":[{"href":"https:\/\/volcanes.net\/index.php?rest_route=\/wp\/v2\/posts\/7779"}],"collection":[{"href":"https:\/\/volcanes.net\/index.php?rest_route=\/wp\/v2\/posts"}],"about":[{"href":"https:\/\/volcanes.net\/index.php?rest_route=\/wp\/v2\/types\/post"}],"author":[{"embeddable":true,"href":"https:\/\/volcanes.net\/index.php?rest_route=\/wp\/v2\/users\/1"}],"replies":[{"embeddable":true,"href":"https:\/\/volcanes.net\/index.php?rest_route=%2Fwp%2Fv2%2Fcomments&post=7779"}],"version-history":[{"count":2,"href":"https:\/\/volcanes.net\/index.php?rest_route=\/wp\/v2\/posts\/7779\/revisions"}],"predecessor-version":[{"id":7782,"href":"https:\/\/volcanes.net\/index.php?rest_route=\/wp\/v2\/posts\/7779\/revisions\/7782"}],"wp:featuredmedia":[{"embeddable":true,"href":"https:\/\/volcanes.net\/index.php?rest_route=\/wp\/v2\/media\/7780"}],"wp:attachment":[{"href":"https:\/\/volcanes.net\/index.php?rest_route=%2Fwp%2Fv2%2Fmedia&parent=7779"}],"wp:term":[{"taxonomy":"category","embeddable":true,"href":"https:\/\/volcanes.net\/index.php?rest_route=%2Fwp%2Fv2%2Fcategories&post=7779"},{"taxonomy":"post_tag","embeddable":true,"href":"https:\/\/volcanes.net\/index.php?rest_route=%2Fwp%2Fv2%2Ftags&post=7779"}],"curies":[{"name":"wp","href":"https:\/\/api.w.org\/{rel}","templated":true}]}}