{"id":7847,"date":"2020-08-07T09:43:30","date_gmt":"2020-08-07T15:43:30","guid":{"rendered":"http:\/\/volcanes.net\/?p=7847"},"modified":"2020-08-07T09:43:30","modified_gmt":"2020-08-07T15:43:30","slug":"autoridades-municipales-de-tepetlixpa-informan-que-ya-fueron-localizados-familiares-de-un-menor-extraviado","status":"publish","type":"post","link":"https:\/\/volcanes.net\/?p=7847","title":{"rendered":"Autoridades municipales de Tepetlixpa informan que ya fueron localizados familiares de un menor extraviado"},"content":{"rendered":"<div style=\"margin-top: 0px; margin-bottom: 0px;\" class=\"sharethis-inline-share-buttons\" ><\/div><p>Tepetlixpa, Estado de M\u00e9xico.-Siendo las 22:00 hrs. Del d\u00eda 06 de Agosto de 2020 gracias a la difusi\u00f3n en los diferentes grupos de whatsapp asi como las redes sociales con los que contamos en \u00e9sta Direcci\u00f3n de Seguridad y en coordinacion con el DIF MUNICIPAL, PROTECCI\u00d3N CIVIL y C\u00c9LULA DE B\u00daSQUEDA DE PERSONAS de Tepetlixpa; se logra localizar al padre del menor IAN JOSU\u00c9 BAUTISTA FLORES , el *C. JOS\u00c9 ANDR\u00c9S BAUTISTA VEL\u00c1ZQUEZ * de 24 a\u00f1os de edad con domicilio en Calle del Estudiante, Municipio de Tepetlixpa Estado de M\u00e9xico.<\/p>\n<p>Quien cuenta con la guarda custodia del menor; haciendo contacto con la Directora del DIF MUNICIPAL Lic. Josefina Casta\u00f1eda Rubio, el Procurador del mismo Lic. Bogar L\u00f3pez Avaroa para acreditar la situaci\u00f3n jur\u00eddica del menor; estando presentes el Comisario de SPM, Presidenta del DIF MUNICIPAL, Jur\u00eddico Lic. Erika Villalba.<\/p>\n<p>Siendo las 23:30 hrs. Se realiza la entrega del menor, con previa valoracion de perdonal de PC, quedando sin novedad.<br \/>\nSe anexan gr\u00e1ficas.<\/p>\n","protected":false},"excerpt":{"rendered":"<p>Tepetlixpa, Estado de M\u00e9xico.-Siendo las 22:00 hrs. Del d\u00eda 06 de Agosto de 2020 gracias<\/p>\n","protected":false},"author":1,"featured_media":7848,"comment_status":"open","ping_status":"open","sticky":false,"template":"","format":"standard","meta":{"footnotes":""},"categories":[1],"tags":[16],"class_list":["post-7847","post","type-post","status-publish","format-standard","has-post-thumbnail","hentry","category-municipales","tag-tepetlixpa"],"yoast_head":"<!-- This site is optimized with the Yoast SEO plugin v25.3 - https:\/\/yoast.com\/wordpress\/plugins\/seo\/ -->\n<title>Autoridades municipales de Tepetlixpa informan que ya fueron localizados familiares de un menor extraviado - Volcanes<\/title>\n<meta name=\"robots\" content=\"index, follow, max-snippet:-1, max-image-preview:large, max-video-preview:-1\" \/>\n<link rel=\"canonical\" href=\"https:\/\/volcanes.net\/?p=7847\" \/>\n<meta property=\"og:locale\" content=\"es_MX\" \/>\n<meta property=\"og:type\" content=\"article\" \/>\n<meta property=\"og:title\" content=\"Autoridades municipales de Tepetlixpa informan que ya fueron localizados familiares de un menor extraviado - Volcanes\" \/>\n<meta property=\"og:description\" content=\"Tepetlixpa, Estado de M\u00e9xico.-Siendo las 22:00 hrs. Del d\u00eda 06 de Agosto de 2020 gracias\" \/>\n<meta property=\"og:url\" content=\"https:\/\/volcanes.net\/?p=7847\" \/>\n<meta property=\"og:site_name\" content=\"Volcanes\" \/>\n<meta property=\"article:publisher\" content=\"https:\/\/www.facebook.com\/volcanes.net\/\" \/>\n<meta property=\"article:published_time\" content=\"2020-08-07T15:43:30+00:00\" \/>\n<meta property=\"og:image\" content=\"https:\/\/volcanes.net\/wp-content\/uploads\/2020\/08\/IMG-20200807-WA0003_opt.jpg\" \/>\n\t<meta property=\"og:image:width\" content=\"400\" \/>\n\t<meta property=\"og:image:height\" content=\"300\" \/>\n\t<meta property=\"og:image:type\" content=\"image\/jpeg\" \/>\n<meta name=\"author\" content=\"admin\" \/>\n<meta name=\"twitter:card\" content=\"summary_large_image\" \/>\n<meta name=\"twitter:label1\" content=\"Escrito por\" \/>\n\t<meta name=\"twitter:data1\" content=\"admin\" \/>\n\t<meta name=\"twitter:label2\" content=\"Tiempo de lectura\" \/>\n\t<meta name=\"twitter:data2\" content=\"1 minuto\" \/>\n<script type=\"application\/ld+json\" class=\"yoast-schema-graph\">{\"@context\":\"https:\/\/schema.org\",\"@graph\":[{\"@type\":\"Article\",\"@id\":\"https:\/\/volcanes.net\/?p=7847#article\",\"isPartOf\":{\"@id\":\"https:\/\/volcanes.net\/?p=7847\"},\"author\":{\"name\":\"admin\",\"@id\":\"https:\/\/volcanes.net\/#\/schema\/person\/4bf0f383940966a4abd53f5048c0e6b9\"},\"headline\":\"Autoridades municipales de Tepetlixpa informan que ya fueron localizados familiares de un menor extraviado\",\"datePublished\":\"2020-08-07T15:43:30+00:00\",\"mainEntityOfPage\":{\"@id\":\"https:\/\/volcanes.net\/?p=7847\"},\"wordCount\":188,\"commentCount\":0,\"publisher\":{\"@id\":\"https:\/\/volcanes.net\/#organization\"},\"image\":{\"@id\":\"https:\/\/volcanes.net\/?p=7847#primaryimage\"},\"thumbnailUrl\":\"https:\/\/volcanes.net\/wp-content\/uploads\/2020\/08\/IMG-20200807-WA0003_opt.jpg\",\"keywords\":[\"Tepetlixpa\"],\"articleSection\":[\"Municipales\"],\"inLanguage\":\"es\",\"potentialAction\":[{\"@type\":\"CommentAction\",\"name\":\"Comment\",\"target\":[\"https:\/\/volcanes.net\/?p=7847#respond\"]}]},{\"@type\":\"WebPage\",\"@id\":\"https:\/\/volcanes.net\/?p=7847\",\"url\":\"https:\/\/volcanes.net\/?p=7847\",\"name\":\"Autoridades municipales de Tepetlixpa informan que ya fueron localizados familiares de un menor extraviado - Volcanes\",\"isPartOf\":{\"@id\":\"https:\/\/volcanes.net\/#website\"},\"primaryImageOfPage\":{\"@id\":\"https:\/\/volcanes.net\/?p=7847#primaryimage\"},\"image\":{\"@id\":\"https:\/\/volcanes.net\/?p=7847#primaryimage\"},\"thumbnailUrl\":\"https:\/\/volcanes.net\/wp-content\/uploads\/2020\/08\/IMG-20200807-WA0003_opt.jpg\",\"datePublished\":\"2020-08-07T15:43:30+00:00\",\"breadcrumb\":{\"@id\":\"https:\/\/volcanes.net\/?p=7847#breadcrumb\"},\"inLanguage\":\"es\",\"potentialAction\":[{\"@type\":\"ReadAction\",\"target\":[\"https:\/\/volcanes.net\/?p=7847\"]}]},{\"@type\":\"ImageObject\",\"inLanguage\":\"es\",\"@id\":\"https:\/\/volcanes.net\/?p=7847#primaryimage\",\"url\":\"https:\/\/volcanes.net\/wp-content\/uploads\/2020\/08\/IMG-20200807-WA0003_opt.jpg\",\"contentUrl\":\"https:\/\/volcanes.net\/wp-content\/uploads\/2020\/08\/IMG-20200807-WA0003_opt.jpg\",\"width\":400,\"height\":300},{\"@type\":\"BreadcrumbList\",\"@id\":\"https:\/\/volcanes.net\/?p=7847#breadcrumb\",\"itemListElement\":[{\"@type\":\"ListItem\",\"position\":1,\"name\":\"Portada\",\"item\":\"https:\/\/volcanes.net\/\"},{\"@type\":\"ListItem\",\"position\":2,\"name\":\"Autoridades municipales de Tepetlixpa informan que ya fueron localizados familiares de un menor extraviado\"}]},{\"@type\":\"WebSite\",\"@id\":\"https:\/\/volcanes.net\/#website\",\"url\":\"https:\/\/volcanes.net\/\",\"name\":\"Volcanes.Net\",\"description\":\"Periodismo Profesional\",\"publisher\":{\"@id\":\"https:\/\/volcanes.net\/#organization\"},\"potentialAction\":[{\"@type\":\"SearchAction\",\"target\":{\"@type\":\"EntryPoint\",\"urlTemplate\":\"https:\/\/volcanes.net\/?s={search_term_string}\"},\"query-input\":{\"@type\":\"PropertyValueSpecification\",\"valueRequired\":true,\"valueName\":\"search_term_string\"}}],\"inLanguage\":\"es\"},{\"@type\":\"Organization\",\"@id\":\"https:\/\/volcanes.net\/#organization\",\"name\":\"Grupo Volcanes\",\"url\":\"https:\/\/volcanes.net\/\",\"logo\":{\"@type\":\"ImageObject\",\"inLanguage\":\"es\",\"@id\":\"https:\/\/volcanes.net\/#\/schema\/logo\/image\/\",\"url\":\"http:\/\/volcanes.net\/wp-content\/uploads\/2017\/12\/Avatar2.jpg\",\"contentUrl\":\"http:\/\/volcanes.net\/wp-content\/uploads\/2017\/12\/Avatar2.jpg\",\"width\":378,\"height\":378,\"caption\":\"Grupo Volcanes\"},\"image\":{\"@id\":\"https:\/\/volcanes.net\/#\/schema\/logo\/image\/\"},\"sameAs\":[\"https:\/\/www.facebook.com\/volcanes.net\/\"]},{\"@type\":\"Person\",\"@id\":\"https:\/\/volcanes.net\/#\/schema\/person\/4bf0f383940966a4abd53f5048c0e6b9\",\"name\":\"admin\",\"image\":{\"@type\":\"ImageObject\",\"inLanguage\":\"es\",\"@id\":\"https:\/\/volcanes.net\/#\/schema\/person\/image\/\",\"url\":\"https:\/\/secure.gravatar.com\/avatar\/ca004e6cba8462b8cb7abc86e382930c?s=96&d=mm&r=g\",\"contentUrl\":\"https:\/\/secure.gravatar.com\/avatar\/ca004e6cba8462b8cb7abc86e382930c?s=96&d=mm&r=g\",\"caption\":\"admin\"}}]}<\/script>\n<!-- \/ Yoast SEO plugin. -->","yoast_head_json":{"title":"Autoridades municipales de Tepetlixpa informan que ya fueron localizados familiares de un menor extraviado - Volcanes","robots":{"index":"index","follow":"follow","max-snippet":"max-snippet:-1","max-image-preview":"max-image-preview:large","max-video-preview":"max-video-preview:-1"},"canonical":"https:\/\/volcanes.net\/?p=7847","og_locale":"es_MX","og_type":"article","og_title":"Autoridades municipales de Tepetlixpa informan que ya fueron localizados familiares de un menor extraviado - Volcanes","og_description":"Tepetlixpa, Estado de M\u00e9xico.-Siendo las 22:00 hrs. Del d\u00eda 06 de Agosto de 2020 gracias","og_url":"https:\/\/volcanes.net\/?p=7847","og_site_name":"Volcanes","article_publisher":"https:\/\/www.facebook.com\/volcanes.net\/","article_published_time":"2020-08-07T15:43:30+00:00","og_image":[{"width":400,"height":300,"url":"https:\/\/volcanes.net\/wp-content\/uploads\/2020\/08\/IMG-20200807-WA0003_opt.jpg","type":"image\/jpeg"}],"author":"admin","twitter_card":"summary_large_image","twitter_misc":{"Escrito por":"admin","Tiempo de lectura":"1 minuto"},"schema":{"@context":"https:\/\/schema.org","@graph":[{"@type":"Article","@id":"https:\/\/volcanes.net\/?p=7847#article","isPartOf":{"@id":"https:\/\/volcanes.net\/?p=7847"},"author":{"name":"admin","@id":"https:\/\/volcanes.net\/#\/schema\/person\/4bf0f383940966a4abd53f5048c0e6b9"},"headline":"Autoridades municipales de Tepetlixpa informan que ya fueron localizados familiares de un menor extraviado","datePublished":"2020-08-07T15:43:30+00:00","mainEntityOfPage":{"@id":"https:\/\/volcanes.net\/?p=7847"},"wordCount":188,"commentCount":0,"publisher":{"@id":"https:\/\/volcanes.net\/#organization"},"image":{"@id":"https:\/\/volcanes.net\/?p=7847#primaryimage"},"thumbnailUrl":"https:\/\/volcanes.net\/wp-content\/uploads\/2020\/08\/IMG-20200807-WA0003_opt.jpg","keywords":["Tepetlixpa"],"articleSection":["Municipales"],"inLanguage":"es","potentialAction":[{"@type":"CommentAction","name":"Comment","target":["https:\/\/volcanes.net\/?p=7847#respond"]}]},{"@type":"WebPage","@id":"https:\/\/volcanes.net\/?p=7847","url":"https:\/\/volcanes.net\/?p=7847","name":"Autoridades municipales de Tepetlixpa informan que ya fueron localizados familiares de un menor extraviado - Volcanes","isPartOf":{"@id":"https:\/\/volcanes.net\/#website"},"primaryImageOfPage":{"@id":"https:\/\/volcanes.net\/?p=7847#primaryimage"},"image":{"@id":"https:\/\/volcanes.net\/?p=7847#primaryimage"},"thumbnailUrl":"https:\/\/volcanes.net\/wp-content\/uploads\/2020\/08\/IMG-20200807-WA0003_opt.jpg","datePublished":"2020-08-07T15:43:30+00:00","breadcrumb":{"@id":"https:\/\/volcanes.net\/?p=7847#breadcrumb"},"inLanguage":"es","potentialAction":[{"@type":"ReadAction","target":["https:\/\/volcanes.net\/?p=7847"]}]},{"@type":"ImageObject","inLanguage":"es","@id":"https:\/\/volcanes.net\/?p=7847#primaryimage","url":"https:\/\/volcanes.net\/wp-content\/uploads\/2020\/08\/IMG-20200807-WA0003_opt.jpg","contentUrl":"https:\/\/volcanes.net\/wp-content\/uploads\/2020\/08\/IMG-20200807-WA0003_opt.jpg","width":400,"height":300},{"@type":"BreadcrumbList","@id":"https:\/\/volcanes.net\/?p=7847#breadcrumb","itemListElement":[{"@type":"ListItem","position":1,"name":"Portada","item":"https:\/\/volcanes.net\/"},{"@type":"ListItem","position":2,"name":"Autoridades municipales de Tepetlixpa informan que ya fueron localizados familiares de un menor extraviado"}]},{"@type":"WebSite","@id":"https:\/\/volcanes.net\/#website","url":"https:\/\/volcanes.net\/","name":"Volcanes.Net","description":"Periodismo Profesional","publisher":{"@id":"https:\/\/volcanes.net\/#organization"},"potentialAction":[{"@type":"SearchAction","target":{"@type":"EntryPoint","urlTemplate":"https:\/\/volcanes.net\/?s={search_term_string}"},"query-input":{"@type":"PropertyValueSpecification","valueRequired":true,"valueName":"search_term_string"}}],"inLanguage":"es"},{"@type":"Organization","@id":"https:\/\/volcanes.net\/#organization","name":"Grupo Volcanes","url":"https:\/\/volcanes.net\/","logo":{"@type":"ImageObject","inLanguage":"es","@id":"https:\/\/volcanes.net\/#\/schema\/logo\/image\/","url":"http:\/\/volcanes.net\/wp-content\/uploads\/2017\/12\/Avatar2.jpg","contentUrl":"http:\/\/volcanes.net\/wp-content\/uploads\/2017\/12\/Avatar2.jpg","width":378,"height":378,"caption":"Grupo Volcanes"},"image":{"@id":"https:\/\/volcanes.net\/#\/schema\/logo\/image\/"},"sameAs":["https:\/\/www.facebook.com\/volcanes.net\/"]},{"@type":"Person","@id":"https:\/\/volcanes.net\/#\/schema\/person\/4bf0f383940966a4abd53f5048c0e6b9","name":"admin","image":{"@type":"ImageObject","inLanguage":"es","@id":"https:\/\/volcanes.net\/#\/schema\/person\/image\/","url":"https:\/\/secure.gravatar.com\/avatar\/ca004e6cba8462b8cb7abc86e382930c?s=96&d=mm&r=g","contentUrl":"https:\/\/secure.gravatar.com\/avatar\/ca004e6cba8462b8cb7abc86e382930c?s=96&d=mm&r=g","caption":"admin"}}]}},"_links":{"self":[{"href":"https:\/\/volcanes.net\/index.php?rest_route=\/wp\/v2\/posts\/7847"}],"collection":[{"href":"https:\/\/volcanes.net\/index.php?rest_route=\/wp\/v2\/posts"}],"about":[{"href":"https:\/\/volcanes.net\/index.php?rest_route=\/wp\/v2\/types\/post"}],"author":[{"embeddable":true,"href":"https:\/\/volcanes.net\/index.php?rest_route=\/wp\/v2\/users\/1"}],"replies":[{"embeddable":true,"href":"https:\/\/volcanes.net\/index.php?rest_route=%2Fwp%2Fv2%2Fcomments&post=7847"}],"version-history":[{"count":1,"href":"https:\/\/volcanes.net\/index.php?rest_route=\/wp\/v2\/posts\/7847\/revisions"}],"predecessor-version":[{"id":7849,"href":"https:\/\/volcanes.net\/index.php?rest_route=\/wp\/v2\/posts\/7847\/revisions\/7849"}],"wp:featuredmedia":[{"embeddable":true,"href":"https:\/\/volcanes.net\/index.php?rest_route=\/wp\/v2\/media\/7848"}],"wp:attachment":[{"href":"https:\/\/volcanes.net\/index.php?rest_route=%2Fwp%2Fv2%2Fmedia&parent=7847"}],"wp:term":[{"taxonomy":"category","embeddable":true,"href":"https:\/\/volcanes.net\/index.php?rest_route=%2Fwp%2Fv2%2Fcategories&post=7847"},{"taxonomy":"post_tag","embeddable":true,"href":"https:\/\/volcanes.net\/index.php?rest_route=%2Fwp%2Fv2%2Ftags&post=7847"}],"curies":[{"name":"wp","href":"https:\/\/api.w.org\/{rel}","templated":true}]}}