{"id":7868,"date":"2020-08-10T08:27:12","date_gmt":"2020-08-10T14:27:12","guid":{"rendered":"http:\/\/volcanes.net\/?p=7868"},"modified":"2020-08-10T08:27:12","modified_gmt":"2020-08-10T14:27:12","slug":"en-valle-de-chalco-impulsan-programa-de-reforestacion","status":"publish","type":"post","link":"https:\/\/volcanes.net\/?p=7868","title":{"rendered":"En Valle de Chalco impulsan programa de reforestaci\u00f3n"},"content":{"rendered":"<div style=\"margin-top: 0px; margin-bottom: 0px;\" class=\"sharethis-inline-share-buttons\" ><\/div><p>Valle de Chalco, Estado de M\u00e9xico.-\u00a0 El gobernador municipal de dicha demarcaci\u00f3n tienen como objetivo promover una cultura de cuidado, protecci\u00f3n y derecho a un medio ambiente adem\u00e1s de\u00a0 aprovechar los recursos naturales disponibles en el territorio municipal.<\/p>\n<p>El\u00a0 Programa de reforestaci\u00f3n, est\u00e1 ejecutados por la Direcci\u00f3n de Ecolog\u00eda y Sustentabilidad que\u00a0 tiene a cargo, Fernando Travieso Hern\u00e1ndez.<\/p>\n<p>Para lograr reforestar las parte urbana de la localidad es sembrar \u00e1rboles a lo largo y ancho, por lo que el gobierno local busca la donaci\u00f3n de \u00e1rboles que no generen problemas y que sean<\/p>\n<p>Travieso Hern\u00e1ndez se\u00f1al\u00f3 que\u00a0 se han sembrado son\u00a0 Jacaranda, Cedro, y Cedro Lim\u00f3n ya que se han adaptado\u00a0 a las condiciones del suelo.<\/p>\n<p>El funcionario municipal destac\u00f3 que han llegado a sembrar en la Colonia San Miguel Las Tablas que est\u00e1 entre lo urbano y rural en las colonias de Valle de Chalco.<\/p>\n<p>Adem\u00e1s, para incentivar la participaci\u00f3n ciudadana en los proyectos de mejoramiento ambiental, el programa de reforestaci\u00f3n se ejecuta en coordinaci\u00f3n con los delegados de las colonias del municipio.<\/p>\n<p>En esta jornada del programa de reforestaci\u00f3n, se han sembrado m\u00e1s de 130 \u00e1rboles de las especies Ficus, Jacaranda, Cedro, y Cedro Lim\u00f3n, por ser las que han logrado adaptarse favorablemente a las condiciones del suelo que predomina en la colonia San Miguel Las Tablas.<\/p>\n<p>Este programa de reforestaci\u00f3n que lleva a cabo el gobierno municipal dirigido por Armando Garc\u00eda M\u00e9ndez, pretende que se tengan mayores \u00e1reas verdes en el territorio municipal y controlar asentamientos irregulares en \u00e1reas verdes.<\/p>\n<p>Travieso Hern\u00e1ndez indic\u00f3 que con este variedad de \u00e1rboles que se han sembrado espera que la poblaci\u00f3n comience a cu\u00eddalos y entender que ellos les proveen de sombra durante la \u00e9poca de calor.<\/p>\n<p>La meta de la Direcci\u00f3n de Ecolog\u00eda y Sustentabilidad, es llegar\u00a0 por lo menos a los 500 \u00e1rboles, distribuidos a lo largo de las colonias.<\/p>\n<p>Con ello tener peque\u00f1os pulmones en el territorio municipal y evitar la deforestaci\u00f3n de las \u00e1reas verdes con las que todav\u00eda cuenta el municipio y mejorar la calidad de aire que se respira.<\/p>\n","protected":false},"excerpt":{"rendered":"<p>Valle de Chalco, Estado de M\u00e9xico.-\u00a0 El gobernador municipal de dicha demarcaci\u00f3n tienen como objetivo<\/p>\n","protected":false},"author":1,"featured_media":7869,"comment_status":"open","ping_status":"open","sticky":false,"template":"","format":"standard","meta":{"footnotes":""},"categories":[1],"tags":[5],"class_list":["post-7868","post","type-post","status-publish","format-standard","has-post-thumbnail","hentry","category-municipales","tag-valle-de-chalco"],"yoast_head":"<!-- This site is optimized with the Yoast SEO plugin v25.3 - https:\/\/yoast.com\/wordpress\/plugins\/seo\/ -->\n<title>En Valle de Chalco impulsan programa de reforestaci\u00f3n - Volcanes<\/title>\n<meta name=\"robots\" content=\"index, follow, max-snippet:-1, max-image-preview:large, max-video-preview:-1\" \/>\n<link rel=\"canonical\" href=\"https:\/\/volcanes.net\/?p=7868\" \/>\n<meta property=\"og:locale\" content=\"es_MX\" \/>\n<meta property=\"og:type\" content=\"article\" \/>\n<meta property=\"og:title\" content=\"En Valle de Chalco impulsan programa de reforestaci\u00f3n - Volcanes\" \/>\n<meta property=\"og:description\" content=\"Valle de Chalco, Estado de M\u00e9xico.-\u00a0 El gobernador municipal de dicha demarcaci\u00f3n tienen como objetivo\" \/>\n<meta property=\"og:url\" content=\"https:\/\/volcanes.net\/?p=7868\" \/>\n<meta property=\"og:site_name\" content=\"Volcanes\" \/>\n<meta property=\"article:publisher\" content=\"https:\/\/www.facebook.com\/volcanes.net\/\" \/>\n<meta property=\"article:published_time\" content=\"2020-08-10T14:27:12+00:00\" \/>\n<meta property=\"og:image\" content=\"https:\/\/volcanes.net\/wp-content\/uploads\/2020\/08\/20200810_092542_opt.png\" \/>\n\t<meta property=\"og:image:width\" content=\"400\" \/>\n\t<meta property=\"og:image:height\" content=\"385\" \/>\n\t<meta property=\"og:image:type\" content=\"image\/png\" \/>\n<meta name=\"author\" content=\"admin\" \/>\n<meta name=\"twitter:card\" content=\"summary_large_image\" \/>\n<meta name=\"twitter:label1\" content=\"Escrito por\" \/>\n\t<meta name=\"twitter:data1\" content=\"admin\" \/>\n\t<meta name=\"twitter:label2\" content=\"Tiempo de lectura\" \/>\n\t<meta name=\"twitter:data2\" content=\"2 minutos\" \/>\n<script type=\"application\/ld+json\" class=\"yoast-schema-graph\">{\"@context\":\"https:\/\/schema.org\",\"@graph\":[{\"@type\":\"Article\",\"@id\":\"https:\/\/volcanes.net\/?p=7868#article\",\"isPartOf\":{\"@id\":\"https:\/\/volcanes.net\/?p=7868\"},\"author\":{\"name\":\"admin\",\"@id\":\"https:\/\/volcanes.net\/#\/schema\/person\/4bf0f383940966a4abd53f5048c0e6b9\"},\"headline\":\"En Valle de Chalco impulsan programa de reforestaci\u00f3n\",\"datePublished\":\"2020-08-10T14:27:12+00:00\",\"mainEntityOfPage\":{\"@id\":\"https:\/\/volcanes.net\/?p=7868\"},\"wordCount\":382,\"commentCount\":0,\"publisher\":{\"@id\":\"https:\/\/volcanes.net\/#organization\"},\"image\":{\"@id\":\"https:\/\/volcanes.net\/?p=7868#primaryimage\"},\"thumbnailUrl\":\"https:\/\/volcanes.net\/wp-content\/uploads\/2020\/08\/20200810_092542_opt.png\",\"keywords\":[\"Valle de Chalco\"],\"articleSection\":[\"Municipales\"],\"inLanguage\":\"es\",\"potentialAction\":[{\"@type\":\"CommentAction\",\"name\":\"Comment\",\"target\":[\"https:\/\/volcanes.net\/?p=7868#respond\"]}]},{\"@type\":\"WebPage\",\"@id\":\"https:\/\/volcanes.net\/?p=7868\",\"url\":\"https:\/\/volcanes.net\/?p=7868\",\"name\":\"En Valle de Chalco impulsan programa de reforestaci\u00f3n - Volcanes\",\"isPartOf\":{\"@id\":\"https:\/\/volcanes.net\/#website\"},\"primaryImageOfPage\":{\"@id\":\"https:\/\/volcanes.net\/?p=7868#primaryimage\"},\"image\":{\"@id\":\"https:\/\/volcanes.net\/?p=7868#primaryimage\"},\"thumbnailUrl\":\"https:\/\/volcanes.net\/wp-content\/uploads\/2020\/08\/20200810_092542_opt.png\",\"datePublished\":\"2020-08-10T14:27:12+00:00\",\"breadcrumb\":{\"@id\":\"https:\/\/volcanes.net\/?p=7868#breadcrumb\"},\"inLanguage\":\"es\",\"potentialAction\":[{\"@type\":\"ReadAction\",\"target\":[\"https:\/\/volcanes.net\/?p=7868\"]}]},{\"@type\":\"ImageObject\",\"inLanguage\":\"es\",\"@id\":\"https:\/\/volcanes.net\/?p=7868#primaryimage\",\"url\":\"https:\/\/volcanes.net\/wp-content\/uploads\/2020\/08\/20200810_092542_opt.png\",\"contentUrl\":\"https:\/\/volcanes.net\/wp-content\/uploads\/2020\/08\/20200810_092542_opt.png\",\"width\":400,\"height\":385},{\"@type\":\"BreadcrumbList\",\"@id\":\"https:\/\/volcanes.net\/?p=7868#breadcrumb\",\"itemListElement\":[{\"@type\":\"ListItem\",\"position\":1,\"name\":\"Portada\",\"item\":\"https:\/\/volcanes.net\/\"},{\"@type\":\"ListItem\",\"position\":2,\"name\":\"En Valle de Chalco impulsan programa de reforestaci\u00f3n\"}]},{\"@type\":\"WebSite\",\"@id\":\"https:\/\/volcanes.net\/#website\",\"url\":\"https:\/\/volcanes.net\/\",\"name\":\"Volcanes.Net\",\"description\":\"Periodismo Profesional\",\"publisher\":{\"@id\":\"https:\/\/volcanes.net\/#organization\"},\"potentialAction\":[{\"@type\":\"SearchAction\",\"target\":{\"@type\":\"EntryPoint\",\"urlTemplate\":\"https:\/\/volcanes.net\/?s={search_term_string}\"},\"query-input\":{\"@type\":\"PropertyValueSpecification\",\"valueRequired\":true,\"valueName\":\"search_term_string\"}}],\"inLanguage\":\"es\"},{\"@type\":\"Organization\",\"@id\":\"https:\/\/volcanes.net\/#organization\",\"name\":\"Grupo Volcanes\",\"url\":\"https:\/\/volcanes.net\/\",\"logo\":{\"@type\":\"ImageObject\",\"inLanguage\":\"es\",\"@id\":\"https:\/\/volcanes.net\/#\/schema\/logo\/image\/\",\"url\":\"http:\/\/volcanes.net\/wp-content\/uploads\/2017\/12\/Avatar2.jpg\",\"contentUrl\":\"http:\/\/volcanes.net\/wp-content\/uploads\/2017\/12\/Avatar2.jpg\",\"width\":378,\"height\":378,\"caption\":\"Grupo Volcanes\"},\"image\":{\"@id\":\"https:\/\/volcanes.net\/#\/schema\/logo\/image\/\"},\"sameAs\":[\"https:\/\/www.facebook.com\/volcanes.net\/\"]},{\"@type\":\"Person\",\"@id\":\"https:\/\/volcanes.net\/#\/schema\/person\/4bf0f383940966a4abd53f5048c0e6b9\",\"name\":\"admin\",\"image\":{\"@type\":\"ImageObject\",\"inLanguage\":\"es\",\"@id\":\"https:\/\/volcanes.net\/#\/schema\/person\/image\/\",\"url\":\"https:\/\/secure.gravatar.com\/avatar\/ca004e6cba8462b8cb7abc86e382930c?s=96&d=mm&r=g\",\"contentUrl\":\"https:\/\/secure.gravatar.com\/avatar\/ca004e6cba8462b8cb7abc86e382930c?s=96&d=mm&r=g\",\"caption\":\"admin\"}}]}<\/script>\n<!-- \/ Yoast SEO plugin. -->","yoast_head_json":{"title":"En Valle de Chalco impulsan programa de reforestaci\u00f3n - Volcanes","robots":{"index":"index","follow":"follow","max-snippet":"max-snippet:-1","max-image-preview":"max-image-preview:large","max-video-preview":"max-video-preview:-1"},"canonical":"https:\/\/volcanes.net\/?p=7868","og_locale":"es_MX","og_type":"article","og_title":"En Valle de Chalco impulsan programa de reforestaci\u00f3n - Volcanes","og_description":"Valle de Chalco, Estado de M\u00e9xico.-\u00a0 El gobernador municipal de dicha demarcaci\u00f3n tienen como objetivo","og_url":"https:\/\/volcanes.net\/?p=7868","og_site_name":"Volcanes","article_publisher":"https:\/\/www.facebook.com\/volcanes.net\/","article_published_time":"2020-08-10T14:27:12+00:00","og_image":[{"width":400,"height":385,"url":"https:\/\/volcanes.net\/wp-content\/uploads\/2020\/08\/20200810_092542_opt.png","type":"image\/png"}],"author":"admin","twitter_card":"summary_large_image","twitter_misc":{"Escrito por":"admin","Tiempo de lectura":"2 minutos"},"schema":{"@context":"https:\/\/schema.org","@graph":[{"@type":"Article","@id":"https:\/\/volcanes.net\/?p=7868#article","isPartOf":{"@id":"https:\/\/volcanes.net\/?p=7868"},"author":{"name":"admin","@id":"https:\/\/volcanes.net\/#\/schema\/person\/4bf0f383940966a4abd53f5048c0e6b9"},"headline":"En Valle de Chalco impulsan programa de reforestaci\u00f3n","datePublished":"2020-08-10T14:27:12+00:00","mainEntityOfPage":{"@id":"https:\/\/volcanes.net\/?p=7868"},"wordCount":382,"commentCount":0,"publisher":{"@id":"https:\/\/volcanes.net\/#organization"},"image":{"@id":"https:\/\/volcanes.net\/?p=7868#primaryimage"},"thumbnailUrl":"https:\/\/volcanes.net\/wp-content\/uploads\/2020\/08\/20200810_092542_opt.png","keywords":["Valle de Chalco"],"articleSection":["Municipales"],"inLanguage":"es","potentialAction":[{"@type":"CommentAction","name":"Comment","target":["https:\/\/volcanes.net\/?p=7868#respond"]}]},{"@type":"WebPage","@id":"https:\/\/volcanes.net\/?p=7868","url":"https:\/\/volcanes.net\/?p=7868","name":"En Valle de Chalco impulsan programa de reforestaci\u00f3n - Volcanes","isPartOf":{"@id":"https:\/\/volcanes.net\/#website"},"primaryImageOfPage":{"@id":"https:\/\/volcanes.net\/?p=7868#primaryimage"},"image":{"@id":"https:\/\/volcanes.net\/?p=7868#primaryimage"},"thumbnailUrl":"https:\/\/volcanes.net\/wp-content\/uploads\/2020\/08\/20200810_092542_opt.png","datePublished":"2020-08-10T14:27:12+00:00","breadcrumb":{"@id":"https:\/\/volcanes.net\/?p=7868#breadcrumb"},"inLanguage":"es","potentialAction":[{"@type":"ReadAction","target":["https:\/\/volcanes.net\/?p=7868"]}]},{"@type":"ImageObject","inLanguage":"es","@id":"https:\/\/volcanes.net\/?p=7868#primaryimage","url":"https:\/\/volcanes.net\/wp-content\/uploads\/2020\/08\/20200810_092542_opt.png","contentUrl":"https:\/\/volcanes.net\/wp-content\/uploads\/2020\/08\/20200810_092542_opt.png","width":400,"height":385},{"@type":"BreadcrumbList","@id":"https:\/\/volcanes.net\/?p=7868#breadcrumb","itemListElement":[{"@type":"ListItem","position":1,"name":"Portada","item":"https:\/\/volcanes.net\/"},{"@type":"ListItem","position":2,"name":"En Valle de Chalco impulsan programa de reforestaci\u00f3n"}]},{"@type":"WebSite","@id":"https:\/\/volcanes.net\/#website","url":"https:\/\/volcanes.net\/","name":"Volcanes.Net","description":"Periodismo Profesional","publisher":{"@id":"https:\/\/volcanes.net\/#organization"},"potentialAction":[{"@type":"SearchAction","target":{"@type":"EntryPoint","urlTemplate":"https:\/\/volcanes.net\/?s={search_term_string}"},"query-input":{"@type":"PropertyValueSpecification","valueRequired":true,"valueName":"search_term_string"}}],"inLanguage":"es"},{"@type":"Organization","@id":"https:\/\/volcanes.net\/#organization","name":"Grupo Volcanes","url":"https:\/\/volcanes.net\/","logo":{"@type":"ImageObject","inLanguage":"es","@id":"https:\/\/volcanes.net\/#\/schema\/logo\/image\/","url":"http:\/\/volcanes.net\/wp-content\/uploads\/2017\/12\/Avatar2.jpg","contentUrl":"http:\/\/volcanes.net\/wp-content\/uploads\/2017\/12\/Avatar2.jpg","width":378,"height":378,"caption":"Grupo Volcanes"},"image":{"@id":"https:\/\/volcanes.net\/#\/schema\/logo\/image\/"},"sameAs":["https:\/\/www.facebook.com\/volcanes.net\/"]},{"@type":"Person","@id":"https:\/\/volcanes.net\/#\/schema\/person\/4bf0f383940966a4abd53f5048c0e6b9","name":"admin","image":{"@type":"ImageObject","inLanguage":"es","@id":"https:\/\/volcanes.net\/#\/schema\/person\/image\/","url":"https:\/\/secure.gravatar.com\/avatar\/ca004e6cba8462b8cb7abc86e382930c?s=96&d=mm&r=g","contentUrl":"https:\/\/secure.gravatar.com\/avatar\/ca004e6cba8462b8cb7abc86e382930c?s=96&d=mm&r=g","caption":"admin"}}]}},"_links":{"self":[{"href":"https:\/\/volcanes.net\/index.php?rest_route=\/wp\/v2\/posts\/7868"}],"collection":[{"href":"https:\/\/volcanes.net\/index.php?rest_route=\/wp\/v2\/posts"}],"about":[{"href":"https:\/\/volcanes.net\/index.php?rest_route=\/wp\/v2\/types\/post"}],"author":[{"embeddable":true,"href":"https:\/\/volcanes.net\/index.php?rest_route=\/wp\/v2\/users\/1"}],"replies":[{"embeddable":true,"href":"https:\/\/volcanes.net\/index.php?rest_route=%2Fwp%2Fv2%2Fcomments&post=7868"}],"version-history":[{"count":1,"href":"https:\/\/volcanes.net\/index.php?rest_route=\/wp\/v2\/posts\/7868\/revisions"}],"predecessor-version":[{"id":7870,"href":"https:\/\/volcanes.net\/index.php?rest_route=\/wp\/v2\/posts\/7868\/revisions\/7870"}],"wp:featuredmedia":[{"embeddable":true,"href":"https:\/\/volcanes.net\/index.php?rest_route=\/wp\/v2\/media\/7869"}],"wp:attachment":[{"href":"https:\/\/volcanes.net\/index.php?rest_route=%2Fwp%2Fv2%2Fmedia&parent=7868"}],"wp:term":[{"taxonomy":"category","embeddable":true,"href":"https:\/\/volcanes.net\/index.php?rest_route=%2Fwp%2Fv2%2Fcategories&post=7868"},{"taxonomy":"post_tag","embeddable":true,"href":"https:\/\/volcanes.net\/index.php?rest_route=%2Fwp%2Fv2%2Ftags&post=7868"}],"curies":[{"name":"wp","href":"https:\/\/api.w.org\/{rel}","templated":true}]}}