{"id":7871,"date":"2020-08-10T16:13:02","date_gmt":"2020-08-10T22:13:02","guid":{"rendered":"http:\/\/volcanes.net\/?p=7871"},"modified":"2020-08-10T17:40:12","modified_gmt":"2020-08-10T23:40:12","slug":"edil-de-ozumba-da-banderazo-de-inicio-a-la-tecumbre-en-la-telesecundaria-octavio-paz","status":"publish","type":"post","link":"https:\/\/volcanes.net\/?p=7871","title":{"rendered":"Edil de Ozumba da banderazo de inicio a la techumbre en la Telesecundaria Octavio Paz"},"content":{"rendered":"<div style=\"margin-top: 0px; margin-bottom: 0px;\" class=\"sharethis-inline-share-buttons\" ><\/div><p>Ozumba, Estado de M\u00e9xico.- Este lunes 10 de agosto el presidente municipal\u00a0\u00a0Valent\u00edn Mart\u00ednez Castillo, junto con los miembros del cabildo dieron banderazo de inici\u00f3 a la construcci\u00f3n de la Techumbre de la Escuela Telesecundaria Octavio Paz ubicada en San Mateo Tecalco, delegaci\u00f3n de este municipio.<\/p>\n<p>Ante ello, el alcalde inform\u00f3 frente a los Ozumbenses que asistieron a presenciar este acto que no ser\u00e1 la \u00fanica techumbre que se construir\u00e1, ya que se trabajar\u00e1 en beneficio a la educaci\u00f3n.<\/p>\n<p>Cabe mencionar que con esta techumbre ser\u00e1 beneficiada la poblaci\u00f3n estudiantil de esta telesecundaria ya que est\u00e1 obra se realiza en en petici\u00f3n por parte de los padres de familia y directivos.<\/p>\n<p>Debido a que los tiempos han cambiado se vieron con la necesidad de realizar una infraestructura que beneficiar\u00e1 a la comunidad estudiantil principalmente cuando requieran de realizar actividades recreativas al aire libre por lo que se impuls\u00f3 en realizar esta techumbre.<\/p>\n<p>No obstante, el edil comenta que anteriormente se han ocupado recursos para el mejoramiento en otros niveles educativos, sin embargo, en esta ocasi\u00f3n toc\u00f3 a las secundarias.<\/p>\n<p>Para realizar estas obras de tiene destinado un monto de un mill\u00f3n dos cientos sesenta y seis mil pesos, adem\u00e1s de que se plantea realizar pavimentaci\u00f3n y la elaboraci\u00f3n de una cisterna.<\/p>\n<p>&nbsp;<\/p>\n","protected":false},"excerpt":{"rendered":"<p>Ozumba, Estado de M\u00e9xico.- Este lunes 10 de agosto el presidente municipal\u00a0\u00a0Valent\u00edn Mart\u00ednez Castillo, junto<\/p>\n","protected":false},"author":1,"featured_media":7872,"comment_status":"open","ping_status":"open","sticky":false,"template":"","format":"standard","meta":{"footnotes":""},"categories":[1],"tags":[14],"class_list":["post-7871","post","type-post","status-publish","format-standard","has-post-thumbnail","hentry","category-municipales","tag-ozumba"],"yoast_head":"<!-- This site is optimized with the Yoast SEO plugin v25.3 - https:\/\/yoast.com\/wordpress\/plugins\/seo\/ -->\n<title>Edil de Ozumba da banderazo de inicio a la techumbre en la Telesecundaria Octavio Paz - Volcanes<\/title>\n<meta name=\"robots\" content=\"index, follow, max-snippet:-1, max-image-preview:large, max-video-preview:-1\" \/>\n<link rel=\"canonical\" href=\"https:\/\/volcanes.net\/?p=7871\" \/>\n<meta property=\"og:locale\" content=\"es_MX\" \/>\n<meta property=\"og:type\" content=\"article\" \/>\n<meta property=\"og:title\" content=\"Edil de Ozumba da banderazo de inicio a la techumbre en la Telesecundaria Octavio Paz - Volcanes\" \/>\n<meta property=\"og:description\" content=\"Ozumba, Estado de M\u00e9xico.- Este lunes 10 de agosto el presidente municipal\u00a0\u00a0Valent\u00edn Mart\u00ednez Castillo, junto\" \/>\n<meta property=\"og:url\" content=\"https:\/\/volcanes.net\/?p=7871\" \/>\n<meta property=\"og:site_name\" content=\"Volcanes\" \/>\n<meta property=\"article:publisher\" content=\"https:\/\/www.facebook.com\/volcanes.net\/\" \/>\n<meta property=\"article:published_time\" content=\"2020-08-10T22:13:02+00:00\" \/>\n<meta property=\"article:modified_time\" content=\"2020-08-10T23:40:12+00:00\" \/>\n<meta property=\"og:image\" content=\"https:\/\/volcanes.net\/wp-content\/uploads\/2020\/08\/20200810_170912.png\" \/>\n\t<meta property=\"og:image:width\" content=\"540\" \/>\n\t<meta property=\"og:image:height\" content=\"306\" \/>\n\t<meta property=\"og:image:type\" content=\"image\/png\" \/>\n<meta name=\"author\" content=\"admin\" \/>\n<meta name=\"twitter:card\" content=\"summary_large_image\" \/>\n<meta name=\"twitter:label1\" content=\"Escrito por\" \/>\n\t<meta name=\"twitter:data1\" content=\"admin\" \/>\n\t<meta name=\"twitter:label2\" content=\"Tiempo de lectura\" \/>\n\t<meta name=\"twitter:data2\" content=\"1 minuto\" \/>\n<script type=\"application\/ld+json\" class=\"yoast-schema-graph\">{\"@context\":\"https:\/\/schema.org\",\"@graph\":[{\"@type\":\"Article\",\"@id\":\"https:\/\/volcanes.net\/?p=7871#article\",\"isPartOf\":{\"@id\":\"https:\/\/volcanes.net\/?p=7871\"},\"author\":{\"name\":\"admin\",\"@id\":\"https:\/\/volcanes.net\/#\/schema\/person\/4bf0f383940966a4abd53f5048c0e6b9\"},\"headline\":\"Edil de Ozumba da banderazo de inicio a la techumbre en la Telesecundaria Octavio Paz\",\"datePublished\":\"2020-08-10T22:13:02+00:00\",\"dateModified\":\"2020-08-10T23:40:12+00:00\",\"mainEntityOfPage\":{\"@id\":\"https:\/\/volcanes.net\/?p=7871\"},\"wordCount\":240,\"commentCount\":0,\"publisher\":{\"@id\":\"https:\/\/volcanes.net\/#organization\"},\"image\":{\"@id\":\"https:\/\/volcanes.net\/?p=7871#primaryimage\"},\"thumbnailUrl\":\"https:\/\/volcanes.net\/wp-content\/uploads\/2020\/08\/20200810_170912.png\",\"keywords\":[\"Ozumba\"],\"articleSection\":[\"Municipales\"],\"inLanguage\":\"es\",\"potentialAction\":[{\"@type\":\"CommentAction\",\"name\":\"Comment\",\"target\":[\"https:\/\/volcanes.net\/?p=7871#respond\"]}]},{\"@type\":\"WebPage\",\"@id\":\"https:\/\/volcanes.net\/?p=7871\",\"url\":\"https:\/\/volcanes.net\/?p=7871\",\"name\":\"Edil de Ozumba da banderazo de inicio a la techumbre en la Telesecundaria Octavio Paz - Volcanes\",\"isPartOf\":{\"@id\":\"https:\/\/volcanes.net\/#website\"},\"primaryImageOfPage\":{\"@id\":\"https:\/\/volcanes.net\/?p=7871#primaryimage\"},\"image\":{\"@id\":\"https:\/\/volcanes.net\/?p=7871#primaryimage\"},\"thumbnailUrl\":\"https:\/\/volcanes.net\/wp-content\/uploads\/2020\/08\/20200810_170912.png\",\"datePublished\":\"2020-08-10T22:13:02+00:00\",\"dateModified\":\"2020-08-10T23:40:12+00:00\",\"breadcrumb\":{\"@id\":\"https:\/\/volcanes.net\/?p=7871#breadcrumb\"},\"inLanguage\":\"es\",\"potentialAction\":[{\"@type\":\"ReadAction\",\"target\":[\"https:\/\/volcanes.net\/?p=7871\"]}]},{\"@type\":\"ImageObject\",\"inLanguage\":\"es\",\"@id\":\"https:\/\/volcanes.net\/?p=7871#primaryimage\",\"url\":\"https:\/\/volcanes.net\/wp-content\/uploads\/2020\/08\/20200810_170912.png\",\"contentUrl\":\"https:\/\/volcanes.net\/wp-content\/uploads\/2020\/08\/20200810_170912.png\",\"width\":540,\"height\":306},{\"@type\":\"BreadcrumbList\",\"@id\":\"https:\/\/volcanes.net\/?p=7871#breadcrumb\",\"itemListElement\":[{\"@type\":\"ListItem\",\"position\":1,\"name\":\"Portada\",\"item\":\"https:\/\/volcanes.net\/\"},{\"@type\":\"ListItem\",\"position\":2,\"name\":\"Edil de Ozumba da banderazo de inicio a la techumbre en la Telesecundaria Octavio Paz\"}]},{\"@type\":\"WebSite\",\"@id\":\"https:\/\/volcanes.net\/#website\",\"url\":\"https:\/\/volcanes.net\/\",\"name\":\"Volcanes.Net\",\"description\":\"Periodismo Profesional\",\"publisher\":{\"@id\":\"https:\/\/volcanes.net\/#organization\"},\"potentialAction\":[{\"@type\":\"SearchAction\",\"target\":{\"@type\":\"EntryPoint\",\"urlTemplate\":\"https:\/\/volcanes.net\/?s={search_term_string}\"},\"query-input\":{\"@type\":\"PropertyValueSpecification\",\"valueRequired\":true,\"valueName\":\"search_term_string\"}}],\"inLanguage\":\"es\"},{\"@type\":\"Organization\",\"@id\":\"https:\/\/volcanes.net\/#organization\",\"name\":\"Grupo Volcanes\",\"url\":\"https:\/\/volcanes.net\/\",\"logo\":{\"@type\":\"ImageObject\",\"inLanguage\":\"es\",\"@id\":\"https:\/\/volcanes.net\/#\/schema\/logo\/image\/\",\"url\":\"http:\/\/volcanes.net\/wp-content\/uploads\/2017\/12\/Avatar2.jpg\",\"contentUrl\":\"http:\/\/volcanes.net\/wp-content\/uploads\/2017\/12\/Avatar2.jpg\",\"width\":378,\"height\":378,\"caption\":\"Grupo Volcanes\"},\"image\":{\"@id\":\"https:\/\/volcanes.net\/#\/schema\/logo\/image\/\"},\"sameAs\":[\"https:\/\/www.facebook.com\/volcanes.net\/\"]},{\"@type\":\"Person\",\"@id\":\"https:\/\/volcanes.net\/#\/schema\/person\/4bf0f383940966a4abd53f5048c0e6b9\",\"name\":\"admin\",\"image\":{\"@type\":\"ImageObject\",\"inLanguage\":\"es\",\"@id\":\"https:\/\/volcanes.net\/#\/schema\/person\/image\/\",\"url\":\"https:\/\/secure.gravatar.com\/avatar\/ca004e6cba8462b8cb7abc86e382930c?s=96&d=mm&r=g\",\"contentUrl\":\"https:\/\/secure.gravatar.com\/avatar\/ca004e6cba8462b8cb7abc86e382930c?s=96&d=mm&r=g\",\"caption\":\"admin\"}}]}<\/script>\n<!-- \/ Yoast SEO plugin. -->","yoast_head_json":{"title":"Edil de Ozumba da banderazo de inicio a la techumbre en la Telesecundaria Octavio Paz - Volcanes","robots":{"index":"index","follow":"follow","max-snippet":"max-snippet:-1","max-image-preview":"max-image-preview:large","max-video-preview":"max-video-preview:-1"},"canonical":"https:\/\/volcanes.net\/?p=7871","og_locale":"es_MX","og_type":"article","og_title":"Edil de Ozumba da banderazo de inicio a la techumbre en la Telesecundaria Octavio Paz - Volcanes","og_description":"Ozumba, Estado de M\u00e9xico.- Este lunes 10 de agosto el presidente municipal\u00a0\u00a0Valent\u00edn Mart\u00ednez Castillo, junto","og_url":"https:\/\/volcanes.net\/?p=7871","og_site_name":"Volcanes","article_publisher":"https:\/\/www.facebook.com\/volcanes.net\/","article_published_time":"2020-08-10T22:13:02+00:00","article_modified_time":"2020-08-10T23:40:12+00:00","og_image":[{"width":540,"height":306,"url":"https:\/\/volcanes.net\/wp-content\/uploads\/2020\/08\/20200810_170912.png","type":"image\/png"}],"author":"admin","twitter_card":"summary_large_image","twitter_misc":{"Escrito por":"admin","Tiempo de lectura":"1 minuto"},"schema":{"@context":"https:\/\/schema.org","@graph":[{"@type":"Article","@id":"https:\/\/volcanes.net\/?p=7871#article","isPartOf":{"@id":"https:\/\/volcanes.net\/?p=7871"},"author":{"name":"admin","@id":"https:\/\/volcanes.net\/#\/schema\/person\/4bf0f383940966a4abd53f5048c0e6b9"},"headline":"Edil de Ozumba da banderazo de inicio a la techumbre en la Telesecundaria Octavio Paz","datePublished":"2020-08-10T22:13:02+00:00","dateModified":"2020-08-10T23:40:12+00:00","mainEntityOfPage":{"@id":"https:\/\/volcanes.net\/?p=7871"},"wordCount":240,"commentCount":0,"publisher":{"@id":"https:\/\/volcanes.net\/#organization"},"image":{"@id":"https:\/\/volcanes.net\/?p=7871#primaryimage"},"thumbnailUrl":"https:\/\/volcanes.net\/wp-content\/uploads\/2020\/08\/20200810_170912.png","keywords":["Ozumba"],"articleSection":["Municipales"],"inLanguage":"es","potentialAction":[{"@type":"CommentAction","name":"Comment","target":["https:\/\/volcanes.net\/?p=7871#respond"]}]},{"@type":"WebPage","@id":"https:\/\/volcanes.net\/?p=7871","url":"https:\/\/volcanes.net\/?p=7871","name":"Edil de Ozumba da banderazo de inicio a la techumbre en la Telesecundaria Octavio Paz - Volcanes","isPartOf":{"@id":"https:\/\/volcanes.net\/#website"},"primaryImageOfPage":{"@id":"https:\/\/volcanes.net\/?p=7871#primaryimage"},"image":{"@id":"https:\/\/volcanes.net\/?p=7871#primaryimage"},"thumbnailUrl":"https:\/\/volcanes.net\/wp-content\/uploads\/2020\/08\/20200810_170912.png","datePublished":"2020-08-10T22:13:02+00:00","dateModified":"2020-08-10T23:40:12+00:00","breadcrumb":{"@id":"https:\/\/volcanes.net\/?p=7871#breadcrumb"},"inLanguage":"es","potentialAction":[{"@type":"ReadAction","target":["https:\/\/volcanes.net\/?p=7871"]}]},{"@type":"ImageObject","inLanguage":"es","@id":"https:\/\/volcanes.net\/?p=7871#primaryimage","url":"https:\/\/volcanes.net\/wp-content\/uploads\/2020\/08\/20200810_170912.png","contentUrl":"https:\/\/volcanes.net\/wp-content\/uploads\/2020\/08\/20200810_170912.png","width":540,"height":306},{"@type":"BreadcrumbList","@id":"https:\/\/volcanes.net\/?p=7871#breadcrumb","itemListElement":[{"@type":"ListItem","position":1,"name":"Portada","item":"https:\/\/volcanes.net\/"},{"@type":"ListItem","position":2,"name":"Edil de Ozumba da banderazo de inicio a la techumbre en la Telesecundaria Octavio Paz"}]},{"@type":"WebSite","@id":"https:\/\/volcanes.net\/#website","url":"https:\/\/volcanes.net\/","name":"Volcanes.Net","description":"Periodismo Profesional","publisher":{"@id":"https:\/\/volcanes.net\/#organization"},"potentialAction":[{"@type":"SearchAction","target":{"@type":"EntryPoint","urlTemplate":"https:\/\/volcanes.net\/?s={search_term_string}"},"query-input":{"@type":"PropertyValueSpecification","valueRequired":true,"valueName":"search_term_string"}}],"inLanguage":"es"},{"@type":"Organization","@id":"https:\/\/volcanes.net\/#organization","name":"Grupo Volcanes","url":"https:\/\/volcanes.net\/","logo":{"@type":"ImageObject","inLanguage":"es","@id":"https:\/\/volcanes.net\/#\/schema\/logo\/image\/","url":"http:\/\/volcanes.net\/wp-content\/uploads\/2017\/12\/Avatar2.jpg","contentUrl":"http:\/\/volcanes.net\/wp-content\/uploads\/2017\/12\/Avatar2.jpg","width":378,"height":378,"caption":"Grupo Volcanes"},"image":{"@id":"https:\/\/volcanes.net\/#\/schema\/logo\/image\/"},"sameAs":["https:\/\/www.facebook.com\/volcanes.net\/"]},{"@type":"Person","@id":"https:\/\/volcanes.net\/#\/schema\/person\/4bf0f383940966a4abd53f5048c0e6b9","name":"admin","image":{"@type":"ImageObject","inLanguage":"es","@id":"https:\/\/volcanes.net\/#\/schema\/person\/image\/","url":"https:\/\/secure.gravatar.com\/avatar\/ca004e6cba8462b8cb7abc86e382930c?s=96&d=mm&r=g","contentUrl":"https:\/\/secure.gravatar.com\/avatar\/ca004e6cba8462b8cb7abc86e382930c?s=96&d=mm&r=g","caption":"admin"}}]}},"_links":{"self":[{"href":"https:\/\/volcanes.net\/index.php?rest_route=\/wp\/v2\/posts\/7871"}],"collection":[{"href":"https:\/\/volcanes.net\/index.php?rest_route=\/wp\/v2\/posts"}],"about":[{"href":"https:\/\/volcanes.net\/index.php?rest_route=\/wp\/v2\/types\/post"}],"author":[{"embeddable":true,"href":"https:\/\/volcanes.net\/index.php?rest_route=\/wp\/v2\/users\/1"}],"replies":[{"embeddable":true,"href":"https:\/\/volcanes.net\/index.php?rest_route=%2Fwp%2Fv2%2Fcomments&post=7871"}],"version-history":[{"count":3,"href":"https:\/\/volcanes.net\/index.php?rest_route=\/wp\/v2\/posts\/7871\/revisions"}],"predecessor-version":[{"id":7875,"href":"https:\/\/volcanes.net\/index.php?rest_route=\/wp\/v2\/posts\/7871\/revisions\/7875"}],"wp:featuredmedia":[{"embeddable":true,"href":"https:\/\/volcanes.net\/index.php?rest_route=\/wp\/v2\/media\/7872"}],"wp:attachment":[{"href":"https:\/\/volcanes.net\/index.php?rest_route=%2Fwp%2Fv2%2Fmedia&parent=7871"}],"wp:term":[{"taxonomy":"category","embeddable":true,"href":"https:\/\/volcanes.net\/index.php?rest_route=%2Fwp%2Fv2%2Fcategories&post=7871"},{"taxonomy":"post_tag","embeddable":true,"href":"https:\/\/volcanes.net\/index.php?rest_route=%2Fwp%2Fv2%2Ftags&post=7871"}],"curies":[{"name":"wp","href":"https:\/\/api.w.org\/{rel}","templated":true}]}}