{"id":7891,"date":"2020-08-11T14:36:23","date_gmt":"2020-08-11T20:36:23","guid":{"rendered":"http:\/\/volcanes.net\/?p=7891"},"modified":"2020-08-11T14:36:23","modified_gmt":"2020-08-11T20:36:23","slug":"gobierno-de-ozumba-inicia-construccion-de-techumbre-en-telesecundaria-de-tecalco","status":"publish","type":"post","link":"https:\/\/volcanes.net\/?p=7891","title":{"rendered":"Gobierno de Ozumba inicia construcci\u00f3n de techumbre en Telesecundaria de Tecalco"},"content":{"rendered":"<div style=\"margin-top: 0px; margin-bottom: 0px;\" class=\"sharethis-inline-share-buttons\" ><\/div><p><strong>Ozumba, Edom\u00e9x.<\/strong> El edil Valent\u00edn Mart\u00ednez Castillo, dio inicio a la construcci\u00f3n de la techumbre de la escuela Telesecundaria \u201cOctavio Paz\u201d, en la Delegaci\u00f3n de San Mateo Tecalco, este 10 de agosto, y anunci\u00f3 que tambi\u00e9n se construir\u00e1 en las Telesecundarias de Tlacotitl\u00e1n y Santiago Mamalhuazuca.<\/p>\n<p>El apoyo a la educaci\u00f3n es una prioridad en Ozumba, manifest\u00f3 el alcalde y dijo que \u201ces importante invertir en las escuelas, porque es el lugar que forjar\u00e1 a nuestros j\u00f3venes, les dar\u00e1 conocimientos, los har\u00e1 seguros y libres, con un conocimiento claro de las cosas\u201d, durante la ceremonia de inicio en la que estuvo presente el Director de la escuela.<\/p>\n<p>De igual maniera, Mart\u00ednez Castillo coment\u00f3 que las cosas cambiaron a partir del 2019, en el que hay un nuevo r\u00e9gimen; pues el a\u00f1o pasado bajaron a Ozumba recursos por 74 millones de pesos en apoyo social. Lo que antes se destinaba a obras p\u00fablicas. Estos apoyos ahora son destinados a programas de \u00edndole social como \u201cJ\u00f3venes Construyendo el Futuro\u201d, apoyos a personas de \u201c70 y m\u00e1s\u201d, a personas con \u201ccapacidades diferentes\u201d, a \u201cBecas Benito Ju\u00e1rez\u201d, para los estudiantes; por lo que agradeci\u00f3 al presidente de la Rep\u00fablica Andr\u00e9s Manuel L\u00f3pez Obrador, quien ha tenido a bien instruir para que estos programas y apoyos sean entregados directamente a los beneficiarios, sin intermediarios, explic\u00f3.<\/p>\n<p>Sin embargo, continu\u00f3 el alcalde, hay personas que piensan que no se est\u00e1 trabajando porque no ven obra p\u00fablica. No obstante, a pesar de que los recursos disminuyeron considerablemente, se ha estado trabajando y uno de los rubros prioritarios es en la educaci\u00f3n; pues \u00e9sta no es la \u00fanica techumbre que se estar\u00e1 realizando, tambi\u00e9n se construir\u00e1 en las Telesecundarias de Tlacotitl\u00e1n y Santiago Mamalhuazuca.<\/p>\n<p>As\u00ed tambi\u00e9n, el Presidente Municipal reconoci\u00f3 el trabajo del Director de la Telesecundaria \u201cOctavio paz\u201d, quien ha trabajado arduamente en beneficio de los j\u00f3venes no s\u00f3lo en los aprendizajes sino en el rescate de los valores, pues en esa escuela hay mucha disciplina y respeto, est\u00e1 prohibido hablar con groser\u00edas; \u201cesto tiene que ver con la restauraci\u00f3n del tejido social. Esta es la ra\u00edz, desde aqu\u00ed es donde corregimos el \u00e1rbol\u201d, subray\u00f3. Y manifest\u00f3 que por eso es importante invertir en las escuelas, porque es el lugar que forjar\u00e1 a nuestros j\u00f3venes, les dar\u00e1 conocimientos, los har\u00e1 seguros y libres, con un conocimiento claro de las cosas\u201d, concluy\u00f3.<\/p>\n","protected":false},"excerpt":{"rendered":"<p>Ozumba, Edom\u00e9x. El edil Valent\u00edn Mart\u00ednez Castillo, dio inicio a la construcci\u00f3n de la techumbre<\/p>\n","protected":false},"author":1,"featured_media":7892,"comment_status":"open","ping_status":"open","sticky":false,"template":"","format":"standard","meta":{"footnotes":""},"categories":[1],"tags":[14],"class_list":["post-7891","post","type-post","status-publish","format-standard","has-post-thumbnail","hentry","category-municipales","tag-ozumba"],"yoast_head":"<!-- This site is optimized with the Yoast SEO plugin v25.3 - https:\/\/yoast.com\/wordpress\/plugins\/seo\/ -->\n<title>Gobierno de Ozumba inicia construcci\u00f3n de techumbre en Telesecundaria de Tecalco - Volcanes<\/title>\n<meta name=\"robots\" content=\"index, follow, max-snippet:-1, max-image-preview:large, max-video-preview:-1\" \/>\n<link rel=\"canonical\" href=\"https:\/\/volcanes.net\/?p=7891\" \/>\n<meta property=\"og:locale\" content=\"es_MX\" \/>\n<meta property=\"og:type\" content=\"article\" \/>\n<meta property=\"og:title\" content=\"Gobierno de Ozumba inicia construcci\u00f3n de techumbre en Telesecundaria de Tecalco - Volcanes\" \/>\n<meta property=\"og:description\" content=\"Ozumba, Edom\u00e9x. El edil Valent\u00edn Mart\u00ednez Castillo, dio inicio a la construcci\u00f3n de la techumbre\" \/>\n<meta property=\"og:url\" content=\"https:\/\/volcanes.net\/?p=7891\" \/>\n<meta property=\"og:site_name\" content=\"Volcanes\" \/>\n<meta property=\"article:publisher\" content=\"https:\/\/www.facebook.com\/volcanes.net\/\" \/>\n<meta property=\"article:published_time\" content=\"2020-08-11T20:36:23+00:00\" \/>\n<meta property=\"og:image\" content=\"https:\/\/volcanes.net\/wp-content\/uploads\/2020\/08\/WhatsApp-Image-2020-08-11-at-3.14.50-PM.jpeg\" \/>\n\t<meta property=\"og:image:width\" content=\"1280\" \/>\n\t<meta property=\"og:image:height\" content=\"960\" \/>\n\t<meta property=\"og:image:type\" content=\"image\/jpeg\" \/>\n<meta name=\"author\" content=\"admin\" \/>\n<meta name=\"twitter:card\" content=\"summary_large_image\" \/>\n<meta name=\"twitter:label1\" content=\"Escrito por\" \/>\n\t<meta name=\"twitter:data1\" content=\"admin\" \/>\n\t<meta name=\"twitter:label2\" content=\"Tiempo de lectura\" \/>\n\t<meta name=\"twitter:data2\" content=\"2 minutos\" \/>\n<script type=\"application\/ld+json\" class=\"yoast-schema-graph\">{\"@context\":\"https:\/\/schema.org\",\"@graph\":[{\"@type\":\"Article\",\"@id\":\"https:\/\/volcanes.net\/?p=7891#article\",\"isPartOf\":{\"@id\":\"https:\/\/volcanes.net\/?p=7891\"},\"author\":{\"name\":\"admin\",\"@id\":\"https:\/\/volcanes.net\/#\/schema\/person\/4bf0f383940966a4abd53f5048c0e6b9\"},\"headline\":\"Gobierno de Ozumba inicia construcci\u00f3n de techumbre en Telesecundaria de Tecalco\",\"datePublished\":\"2020-08-11T20:36:23+00:00\",\"mainEntityOfPage\":{\"@id\":\"https:\/\/volcanes.net\/?p=7891\"},\"wordCount\":431,\"commentCount\":0,\"publisher\":{\"@id\":\"https:\/\/volcanes.net\/#organization\"},\"image\":{\"@id\":\"https:\/\/volcanes.net\/?p=7891#primaryimage\"},\"thumbnailUrl\":\"https:\/\/volcanes.net\/wp-content\/uploads\/2020\/08\/WhatsApp-Image-2020-08-11-at-3.14.50-PM.jpeg\",\"keywords\":[\"Ozumba\"],\"articleSection\":[\"Municipales\"],\"inLanguage\":\"es\",\"potentialAction\":[{\"@type\":\"CommentAction\",\"name\":\"Comment\",\"target\":[\"https:\/\/volcanes.net\/?p=7891#respond\"]}]},{\"@type\":\"WebPage\",\"@id\":\"https:\/\/volcanes.net\/?p=7891\",\"url\":\"https:\/\/volcanes.net\/?p=7891\",\"name\":\"Gobierno de Ozumba inicia construcci\u00f3n de techumbre en Telesecundaria de Tecalco - Volcanes\",\"isPartOf\":{\"@id\":\"https:\/\/volcanes.net\/#website\"},\"primaryImageOfPage\":{\"@id\":\"https:\/\/volcanes.net\/?p=7891#primaryimage\"},\"image\":{\"@id\":\"https:\/\/volcanes.net\/?p=7891#primaryimage\"},\"thumbnailUrl\":\"https:\/\/volcanes.net\/wp-content\/uploads\/2020\/08\/WhatsApp-Image-2020-08-11-at-3.14.50-PM.jpeg\",\"datePublished\":\"2020-08-11T20:36:23+00:00\",\"breadcrumb\":{\"@id\":\"https:\/\/volcanes.net\/?p=7891#breadcrumb\"},\"inLanguage\":\"es\",\"potentialAction\":[{\"@type\":\"ReadAction\",\"target\":[\"https:\/\/volcanes.net\/?p=7891\"]}]},{\"@type\":\"ImageObject\",\"inLanguage\":\"es\",\"@id\":\"https:\/\/volcanes.net\/?p=7891#primaryimage\",\"url\":\"https:\/\/volcanes.net\/wp-content\/uploads\/2020\/08\/WhatsApp-Image-2020-08-11-at-3.14.50-PM.jpeg\",\"contentUrl\":\"https:\/\/volcanes.net\/wp-content\/uploads\/2020\/08\/WhatsApp-Image-2020-08-11-at-3.14.50-PM.jpeg\",\"width\":1280,\"height\":960},{\"@type\":\"BreadcrumbList\",\"@id\":\"https:\/\/volcanes.net\/?p=7891#breadcrumb\",\"itemListElement\":[{\"@type\":\"ListItem\",\"position\":1,\"name\":\"Portada\",\"item\":\"https:\/\/volcanes.net\/\"},{\"@type\":\"ListItem\",\"position\":2,\"name\":\"Gobierno de Ozumba inicia construcci\u00f3n de techumbre en Telesecundaria de Tecalco\"}]},{\"@type\":\"WebSite\",\"@id\":\"https:\/\/volcanes.net\/#website\",\"url\":\"https:\/\/volcanes.net\/\",\"name\":\"Volcanes.Net\",\"description\":\"Periodismo Profesional\",\"publisher\":{\"@id\":\"https:\/\/volcanes.net\/#organization\"},\"potentialAction\":[{\"@type\":\"SearchAction\",\"target\":{\"@type\":\"EntryPoint\",\"urlTemplate\":\"https:\/\/volcanes.net\/?s={search_term_string}\"},\"query-input\":{\"@type\":\"PropertyValueSpecification\",\"valueRequired\":true,\"valueName\":\"search_term_string\"}}],\"inLanguage\":\"es\"},{\"@type\":\"Organization\",\"@id\":\"https:\/\/volcanes.net\/#organization\",\"name\":\"Grupo Volcanes\",\"url\":\"https:\/\/volcanes.net\/\",\"logo\":{\"@type\":\"ImageObject\",\"inLanguage\":\"es\",\"@id\":\"https:\/\/volcanes.net\/#\/schema\/logo\/image\/\",\"url\":\"http:\/\/volcanes.net\/wp-content\/uploads\/2017\/12\/Avatar2.jpg\",\"contentUrl\":\"http:\/\/volcanes.net\/wp-content\/uploads\/2017\/12\/Avatar2.jpg\",\"width\":378,\"height\":378,\"caption\":\"Grupo Volcanes\"},\"image\":{\"@id\":\"https:\/\/volcanes.net\/#\/schema\/logo\/image\/\"},\"sameAs\":[\"https:\/\/www.facebook.com\/volcanes.net\/\"]},{\"@type\":\"Person\",\"@id\":\"https:\/\/volcanes.net\/#\/schema\/person\/4bf0f383940966a4abd53f5048c0e6b9\",\"name\":\"admin\",\"image\":{\"@type\":\"ImageObject\",\"inLanguage\":\"es\",\"@id\":\"https:\/\/volcanes.net\/#\/schema\/person\/image\/\",\"url\":\"https:\/\/secure.gravatar.com\/avatar\/ca004e6cba8462b8cb7abc86e382930c?s=96&d=mm&r=g\",\"contentUrl\":\"https:\/\/secure.gravatar.com\/avatar\/ca004e6cba8462b8cb7abc86e382930c?s=96&d=mm&r=g\",\"caption\":\"admin\"}}]}<\/script>\n<!-- \/ Yoast SEO plugin. -->","yoast_head_json":{"title":"Gobierno de Ozumba inicia construcci\u00f3n de techumbre en Telesecundaria de Tecalco - Volcanes","robots":{"index":"index","follow":"follow","max-snippet":"max-snippet:-1","max-image-preview":"max-image-preview:large","max-video-preview":"max-video-preview:-1"},"canonical":"https:\/\/volcanes.net\/?p=7891","og_locale":"es_MX","og_type":"article","og_title":"Gobierno de Ozumba inicia construcci\u00f3n de techumbre en Telesecundaria de Tecalco - Volcanes","og_description":"Ozumba, Edom\u00e9x. El edil Valent\u00edn Mart\u00ednez Castillo, dio inicio a la construcci\u00f3n de la techumbre","og_url":"https:\/\/volcanes.net\/?p=7891","og_site_name":"Volcanes","article_publisher":"https:\/\/www.facebook.com\/volcanes.net\/","article_published_time":"2020-08-11T20:36:23+00:00","og_image":[{"width":1280,"height":960,"url":"https:\/\/volcanes.net\/wp-content\/uploads\/2020\/08\/WhatsApp-Image-2020-08-11-at-3.14.50-PM.jpeg","type":"image\/jpeg"}],"author":"admin","twitter_card":"summary_large_image","twitter_misc":{"Escrito por":"admin","Tiempo de lectura":"2 minutos"},"schema":{"@context":"https:\/\/schema.org","@graph":[{"@type":"Article","@id":"https:\/\/volcanes.net\/?p=7891#article","isPartOf":{"@id":"https:\/\/volcanes.net\/?p=7891"},"author":{"name":"admin","@id":"https:\/\/volcanes.net\/#\/schema\/person\/4bf0f383940966a4abd53f5048c0e6b9"},"headline":"Gobierno de Ozumba inicia construcci\u00f3n de techumbre en Telesecundaria de Tecalco","datePublished":"2020-08-11T20:36:23+00:00","mainEntityOfPage":{"@id":"https:\/\/volcanes.net\/?p=7891"},"wordCount":431,"commentCount":0,"publisher":{"@id":"https:\/\/volcanes.net\/#organization"},"image":{"@id":"https:\/\/volcanes.net\/?p=7891#primaryimage"},"thumbnailUrl":"https:\/\/volcanes.net\/wp-content\/uploads\/2020\/08\/WhatsApp-Image-2020-08-11-at-3.14.50-PM.jpeg","keywords":["Ozumba"],"articleSection":["Municipales"],"inLanguage":"es","potentialAction":[{"@type":"CommentAction","name":"Comment","target":["https:\/\/volcanes.net\/?p=7891#respond"]}]},{"@type":"WebPage","@id":"https:\/\/volcanes.net\/?p=7891","url":"https:\/\/volcanes.net\/?p=7891","name":"Gobierno de Ozumba inicia construcci\u00f3n de techumbre en Telesecundaria de Tecalco - Volcanes","isPartOf":{"@id":"https:\/\/volcanes.net\/#website"},"primaryImageOfPage":{"@id":"https:\/\/volcanes.net\/?p=7891#primaryimage"},"image":{"@id":"https:\/\/volcanes.net\/?p=7891#primaryimage"},"thumbnailUrl":"https:\/\/volcanes.net\/wp-content\/uploads\/2020\/08\/WhatsApp-Image-2020-08-11-at-3.14.50-PM.jpeg","datePublished":"2020-08-11T20:36:23+00:00","breadcrumb":{"@id":"https:\/\/volcanes.net\/?p=7891#breadcrumb"},"inLanguage":"es","potentialAction":[{"@type":"ReadAction","target":["https:\/\/volcanes.net\/?p=7891"]}]},{"@type":"ImageObject","inLanguage":"es","@id":"https:\/\/volcanes.net\/?p=7891#primaryimage","url":"https:\/\/volcanes.net\/wp-content\/uploads\/2020\/08\/WhatsApp-Image-2020-08-11-at-3.14.50-PM.jpeg","contentUrl":"https:\/\/volcanes.net\/wp-content\/uploads\/2020\/08\/WhatsApp-Image-2020-08-11-at-3.14.50-PM.jpeg","width":1280,"height":960},{"@type":"BreadcrumbList","@id":"https:\/\/volcanes.net\/?p=7891#breadcrumb","itemListElement":[{"@type":"ListItem","position":1,"name":"Portada","item":"https:\/\/volcanes.net\/"},{"@type":"ListItem","position":2,"name":"Gobierno de Ozumba inicia construcci\u00f3n de techumbre en Telesecundaria de Tecalco"}]},{"@type":"WebSite","@id":"https:\/\/volcanes.net\/#website","url":"https:\/\/volcanes.net\/","name":"Volcanes.Net","description":"Periodismo Profesional","publisher":{"@id":"https:\/\/volcanes.net\/#organization"},"potentialAction":[{"@type":"SearchAction","target":{"@type":"EntryPoint","urlTemplate":"https:\/\/volcanes.net\/?s={search_term_string}"},"query-input":{"@type":"PropertyValueSpecification","valueRequired":true,"valueName":"search_term_string"}}],"inLanguage":"es"},{"@type":"Organization","@id":"https:\/\/volcanes.net\/#organization","name":"Grupo Volcanes","url":"https:\/\/volcanes.net\/","logo":{"@type":"ImageObject","inLanguage":"es","@id":"https:\/\/volcanes.net\/#\/schema\/logo\/image\/","url":"http:\/\/volcanes.net\/wp-content\/uploads\/2017\/12\/Avatar2.jpg","contentUrl":"http:\/\/volcanes.net\/wp-content\/uploads\/2017\/12\/Avatar2.jpg","width":378,"height":378,"caption":"Grupo Volcanes"},"image":{"@id":"https:\/\/volcanes.net\/#\/schema\/logo\/image\/"},"sameAs":["https:\/\/www.facebook.com\/volcanes.net\/"]},{"@type":"Person","@id":"https:\/\/volcanes.net\/#\/schema\/person\/4bf0f383940966a4abd53f5048c0e6b9","name":"admin","image":{"@type":"ImageObject","inLanguage":"es","@id":"https:\/\/volcanes.net\/#\/schema\/person\/image\/","url":"https:\/\/secure.gravatar.com\/avatar\/ca004e6cba8462b8cb7abc86e382930c?s=96&d=mm&r=g","contentUrl":"https:\/\/secure.gravatar.com\/avatar\/ca004e6cba8462b8cb7abc86e382930c?s=96&d=mm&r=g","caption":"admin"}}]}},"_links":{"self":[{"href":"https:\/\/volcanes.net\/index.php?rest_route=\/wp\/v2\/posts\/7891"}],"collection":[{"href":"https:\/\/volcanes.net\/index.php?rest_route=\/wp\/v2\/posts"}],"about":[{"href":"https:\/\/volcanes.net\/index.php?rest_route=\/wp\/v2\/types\/post"}],"author":[{"embeddable":true,"href":"https:\/\/volcanes.net\/index.php?rest_route=\/wp\/v2\/users\/1"}],"replies":[{"embeddable":true,"href":"https:\/\/volcanes.net\/index.php?rest_route=%2Fwp%2Fv2%2Fcomments&post=7891"}],"version-history":[{"count":1,"href":"https:\/\/volcanes.net\/index.php?rest_route=\/wp\/v2\/posts\/7891\/revisions"}],"predecessor-version":[{"id":7893,"href":"https:\/\/volcanes.net\/index.php?rest_route=\/wp\/v2\/posts\/7891\/revisions\/7893"}],"wp:featuredmedia":[{"embeddable":true,"href":"https:\/\/volcanes.net\/index.php?rest_route=\/wp\/v2\/media\/7892"}],"wp:attachment":[{"href":"https:\/\/volcanes.net\/index.php?rest_route=%2Fwp%2Fv2%2Fmedia&parent=7891"}],"wp:term":[{"taxonomy":"category","embeddable":true,"href":"https:\/\/volcanes.net\/index.php?rest_route=%2Fwp%2Fv2%2Fcategories&post=7891"},{"taxonomy":"post_tag","embeddable":true,"href":"https:\/\/volcanes.net\/index.php?rest_route=%2Fwp%2Fv2%2Ftags&post=7891"}],"curies":[{"name":"wp","href":"https:\/\/api.w.org\/{rel}","templated":true}]}}