{"id":79,"date":"2017-08-10T14:40:32","date_gmt":"2017-08-10T14:40:32","guid":{"rendered":"http:\/\/volcanes.net\/?p=79"},"modified":"2017-08-10T14:45:35","modified_gmt":"2017-08-10T14:45:35","slug":"alfredo-del-mazo-maza-es-ya-el-gobernador-electo-del-estado-de-mexico","status":"publish","type":"post","link":"https:\/\/volcanes.net\/?p=79","title":{"rendered":"Alfredo del Mazo Maza es ya el Gobernador electo del Estado de M\u00e9xico"},"content":{"rendered":"<div style=\"margin-top: 0px; margin-bottom: 0px;\" class=\"sharethis-inline-share-buttons\" ><\/div><p>Por: Arnulfo Le\u00f3n Pineda<\/p>\n<p>Despu\u00e9s de una larga jornada, el Consejo General del Instituto Electoral del Estado de M\u00e9xico (IEEM), analiz\u00f3 minuciosamente y detalladamente el c\u00f3mputo final de la elecci\u00f3n de gobernador, dando como resultado la declaraci\u00f3n de la validez de la elecci\u00f3n y, a la vez \u00a0emiti\u00f3 la Constancia de Mayor\u00eda a Alfredo Del Mazo, candidato de la coalici\u00f3n PRI, PVEM, Nueva Alianza y Encuentro Social, que lo acredita como gobernador electo del Estado de M\u00e9xico para el periodo 2017-2023.<br \/>\nTras la sesi\u00f3n prolongada e ininterrumpida de C\u00f3mputo Final de la Elecci\u00f3n de Gobernador, el pleno total del Consejo aprob\u00f3 el proyecto de acuerdo por el que emiti\u00f3 la declaraci\u00f3n de validez de elecci\u00f3n y de gobernador electo del Estado de M\u00e9xico.<br \/>\nDurante, el c\u00f3mputo final, Alfredo Del Mazo obtuvo 2 millones 40 mil 709 votos, es decir, 169 mil 167 sufragios m\u00e1s que el m\u00e1s cercano competidor, esto es, una diferencia de 2.8 por ciento arriba de Delfina G\u00f3mez.<br \/>\nEn medio de una gran j\u00fabilo, los simpatizantes y militantes, acompa\u00f1aron a la hora del evento de la entrega del documento oficial, lo cual consta la validez del pasado proceso del 4 de junio, a pesar de las diferencias que tuvieron los otros partidos, puesto que en cada una de las casillas colocaron a 3 o hasta 4 representantes, a pesar de ello, vociferaron fraude.<\/p>\n","protected":false},"excerpt":{"rendered":"<p>Por: Arnulfo Le\u00f3n Pineda Despu\u00e9s de una larga jornada, el Consejo General del Instituto Electoral<\/p>\n","protected":false},"author":1,"featured_media":80,"comment_status":"open","ping_status":"open","sticky":false,"template":"","format":"standard","meta":{"footnotes":""},"categories":[3],"tags":[10],"class_list":["post-79","post","type-post","status-publish","format-standard","has-post-thumbnail","hentry","category-estatales","tag-pri"],"yoast_head":"<!-- This site is optimized with the Yoast SEO plugin v25.3 - https:\/\/yoast.com\/wordpress\/plugins\/seo\/ -->\n<title>Alfredo del Mazo Maza es ya el Gobernador electo del Estado de M\u00e9xico - Volcanes<\/title>\n<meta name=\"robots\" content=\"index, follow, max-snippet:-1, max-image-preview:large, max-video-preview:-1\" \/>\n<link rel=\"canonical\" href=\"https:\/\/volcanes.net\/?p=79\" \/>\n<meta property=\"og:locale\" content=\"es_MX\" \/>\n<meta property=\"og:type\" content=\"article\" \/>\n<meta property=\"og:title\" content=\"Alfredo del Mazo Maza es ya el Gobernador electo del Estado de M\u00e9xico - Volcanes\" \/>\n<meta property=\"og:description\" content=\"Por: Arnulfo Le\u00f3n Pineda Despu\u00e9s de una larga jornada, el Consejo General del Instituto Electoral\" \/>\n<meta property=\"og:url\" content=\"https:\/\/volcanes.net\/?p=79\" \/>\n<meta property=\"og:site_name\" content=\"Volcanes\" \/>\n<meta property=\"article:publisher\" content=\"https:\/\/www.facebook.com\/volcanes.net\/\" \/>\n<meta property=\"article:published_time\" content=\"2017-08-10T14:40:32+00:00\" \/>\n<meta property=\"article:modified_time\" content=\"2017-08-10T14:45:35+00:00\" \/>\n<meta property=\"og:image\" content=\"https:\/\/volcanes.net\/wp-content\/uploads\/2017\/08\/thumbnail_ZZZ-GOBER-ELECTO-009.jpg\" \/>\n\t<meta property=\"og:image:width\" content=\"448\" \/>\n\t<meta property=\"og:image:height\" content=\"292\" \/>\n\t<meta property=\"og:image:type\" content=\"image\/jpeg\" \/>\n<meta name=\"author\" content=\"admin\" \/>\n<meta name=\"twitter:card\" content=\"summary_large_image\" \/>\n<meta name=\"twitter:label1\" content=\"Escrito por\" \/>\n\t<meta name=\"twitter:data1\" content=\"admin\" \/>\n\t<meta name=\"twitter:label2\" content=\"Tiempo de lectura\" \/>\n\t<meta name=\"twitter:data2\" content=\"1 minuto\" \/>\n<script type=\"application\/ld+json\" class=\"yoast-schema-graph\">{\"@context\":\"https:\/\/schema.org\",\"@graph\":[{\"@type\":\"Article\",\"@id\":\"https:\/\/volcanes.net\/?p=79#article\",\"isPartOf\":{\"@id\":\"https:\/\/volcanes.net\/?p=79\"},\"author\":{\"name\":\"admin\",\"@id\":\"https:\/\/volcanes.net\/#\/schema\/person\/4bf0f383940966a4abd53f5048c0e6b9\"},\"headline\":\"Alfredo del Mazo Maza es ya el Gobernador electo del Estado de M\u00e9xico\",\"datePublished\":\"2017-08-10T14:40:32+00:00\",\"dateModified\":\"2017-08-10T14:45:35+00:00\",\"mainEntityOfPage\":{\"@id\":\"https:\/\/volcanes.net\/?p=79\"},\"wordCount\":253,\"commentCount\":0,\"publisher\":{\"@id\":\"https:\/\/volcanes.net\/#organization\"},\"image\":{\"@id\":\"https:\/\/volcanes.net\/?p=79#primaryimage\"},\"thumbnailUrl\":\"https:\/\/volcanes.net\/wp-content\/uploads\/2017\/08\/thumbnail_ZZZ-GOBER-ELECTO-009.jpg\",\"keywords\":[\"PRI\"],\"articleSection\":[\"Estatales\"],\"inLanguage\":\"es\",\"potentialAction\":[{\"@type\":\"CommentAction\",\"name\":\"Comment\",\"target\":[\"https:\/\/volcanes.net\/?p=79#respond\"]}]},{\"@type\":\"WebPage\",\"@id\":\"https:\/\/volcanes.net\/?p=79\",\"url\":\"https:\/\/volcanes.net\/?p=79\",\"name\":\"Alfredo del Mazo Maza es ya el Gobernador electo del Estado de M\u00e9xico - Volcanes\",\"isPartOf\":{\"@id\":\"https:\/\/volcanes.net\/#website\"},\"primaryImageOfPage\":{\"@id\":\"https:\/\/volcanes.net\/?p=79#primaryimage\"},\"image\":{\"@id\":\"https:\/\/volcanes.net\/?p=79#primaryimage\"},\"thumbnailUrl\":\"https:\/\/volcanes.net\/wp-content\/uploads\/2017\/08\/thumbnail_ZZZ-GOBER-ELECTO-009.jpg\",\"datePublished\":\"2017-08-10T14:40:32+00:00\",\"dateModified\":\"2017-08-10T14:45:35+00:00\",\"breadcrumb\":{\"@id\":\"https:\/\/volcanes.net\/?p=79#breadcrumb\"},\"inLanguage\":\"es\",\"potentialAction\":[{\"@type\":\"ReadAction\",\"target\":[\"https:\/\/volcanes.net\/?p=79\"]}]},{\"@type\":\"ImageObject\",\"inLanguage\":\"es\",\"@id\":\"https:\/\/volcanes.net\/?p=79#primaryimage\",\"url\":\"https:\/\/volcanes.net\/wp-content\/uploads\/2017\/08\/thumbnail_ZZZ-GOBER-ELECTO-009.jpg\",\"contentUrl\":\"https:\/\/volcanes.net\/wp-content\/uploads\/2017\/08\/thumbnail_ZZZ-GOBER-ELECTO-009.jpg\",\"width\":448,\"height\":292},{\"@type\":\"BreadcrumbList\",\"@id\":\"https:\/\/volcanes.net\/?p=79#breadcrumb\",\"itemListElement\":[{\"@type\":\"ListItem\",\"position\":1,\"name\":\"Portada\",\"item\":\"https:\/\/volcanes.net\/\"},{\"@type\":\"ListItem\",\"position\":2,\"name\":\"Alfredo del Mazo Maza es ya el Gobernador electo del Estado de M\u00e9xico\"}]},{\"@type\":\"WebSite\",\"@id\":\"https:\/\/volcanes.net\/#website\",\"url\":\"https:\/\/volcanes.net\/\",\"name\":\"Volcanes.Net\",\"description\":\"Periodismo Profesional\",\"publisher\":{\"@id\":\"https:\/\/volcanes.net\/#organization\"},\"potentialAction\":[{\"@type\":\"SearchAction\",\"target\":{\"@type\":\"EntryPoint\",\"urlTemplate\":\"https:\/\/volcanes.net\/?s={search_term_string}\"},\"query-input\":{\"@type\":\"PropertyValueSpecification\",\"valueRequired\":true,\"valueName\":\"search_term_string\"}}],\"inLanguage\":\"es\"},{\"@type\":\"Organization\",\"@id\":\"https:\/\/volcanes.net\/#organization\",\"name\":\"Grupo Volcanes\",\"url\":\"https:\/\/volcanes.net\/\",\"logo\":{\"@type\":\"ImageObject\",\"inLanguage\":\"es\",\"@id\":\"https:\/\/volcanes.net\/#\/schema\/logo\/image\/\",\"url\":\"http:\/\/volcanes.net\/wp-content\/uploads\/2017\/12\/Avatar2.jpg\",\"contentUrl\":\"http:\/\/volcanes.net\/wp-content\/uploads\/2017\/12\/Avatar2.jpg\",\"width\":378,\"height\":378,\"caption\":\"Grupo Volcanes\"},\"image\":{\"@id\":\"https:\/\/volcanes.net\/#\/schema\/logo\/image\/\"},\"sameAs\":[\"https:\/\/www.facebook.com\/volcanes.net\/\"]},{\"@type\":\"Person\",\"@id\":\"https:\/\/volcanes.net\/#\/schema\/person\/4bf0f383940966a4abd53f5048c0e6b9\",\"name\":\"admin\",\"image\":{\"@type\":\"ImageObject\",\"inLanguage\":\"es\",\"@id\":\"https:\/\/volcanes.net\/#\/schema\/person\/image\/\",\"url\":\"https:\/\/secure.gravatar.com\/avatar\/ca004e6cba8462b8cb7abc86e382930c?s=96&d=mm&r=g\",\"contentUrl\":\"https:\/\/secure.gravatar.com\/avatar\/ca004e6cba8462b8cb7abc86e382930c?s=96&d=mm&r=g\",\"caption\":\"admin\"}}]}<\/script>\n<!-- \/ Yoast SEO plugin. -->","yoast_head_json":{"title":"Alfredo del Mazo Maza es ya el Gobernador electo del Estado de M\u00e9xico - Volcanes","robots":{"index":"index","follow":"follow","max-snippet":"max-snippet:-1","max-image-preview":"max-image-preview:large","max-video-preview":"max-video-preview:-1"},"canonical":"https:\/\/volcanes.net\/?p=79","og_locale":"es_MX","og_type":"article","og_title":"Alfredo del Mazo Maza es ya el Gobernador electo del Estado de M\u00e9xico - Volcanes","og_description":"Por: Arnulfo Le\u00f3n Pineda Despu\u00e9s de una larga jornada, el Consejo General del Instituto Electoral","og_url":"https:\/\/volcanes.net\/?p=79","og_site_name":"Volcanes","article_publisher":"https:\/\/www.facebook.com\/volcanes.net\/","article_published_time":"2017-08-10T14:40:32+00:00","article_modified_time":"2017-08-10T14:45:35+00:00","og_image":[{"width":448,"height":292,"url":"https:\/\/volcanes.net\/wp-content\/uploads\/2017\/08\/thumbnail_ZZZ-GOBER-ELECTO-009.jpg","type":"image\/jpeg"}],"author":"admin","twitter_card":"summary_large_image","twitter_misc":{"Escrito por":"admin","Tiempo de lectura":"1 minuto"},"schema":{"@context":"https:\/\/schema.org","@graph":[{"@type":"Article","@id":"https:\/\/volcanes.net\/?p=79#article","isPartOf":{"@id":"https:\/\/volcanes.net\/?p=79"},"author":{"name":"admin","@id":"https:\/\/volcanes.net\/#\/schema\/person\/4bf0f383940966a4abd53f5048c0e6b9"},"headline":"Alfredo del Mazo Maza es ya el Gobernador electo del Estado de M\u00e9xico","datePublished":"2017-08-10T14:40:32+00:00","dateModified":"2017-08-10T14:45:35+00:00","mainEntityOfPage":{"@id":"https:\/\/volcanes.net\/?p=79"},"wordCount":253,"commentCount":0,"publisher":{"@id":"https:\/\/volcanes.net\/#organization"},"image":{"@id":"https:\/\/volcanes.net\/?p=79#primaryimage"},"thumbnailUrl":"https:\/\/volcanes.net\/wp-content\/uploads\/2017\/08\/thumbnail_ZZZ-GOBER-ELECTO-009.jpg","keywords":["PRI"],"articleSection":["Estatales"],"inLanguage":"es","potentialAction":[{"@type":"CommentAction","name":"Comment","target":["https:\/\/volcanes.net\/?p=79#respond"]}]},{"@type":"WebPage","@id":"https:\/\/volcanes.net\/?p=79","url":"https:\/\/volcanes.net\/?p=79","name":"Alfredo del Mazo Maza es ya el Gobernador electo del Estado de M\u00e9xico - Volcanes","isPartOf":{"@id":"https:\/\/volcanes.net\/#website"},"primaryImageOfPage":{"@id":"https:\/\/volcanes.net\/?p=79#primaryimage"},"image":{"@id":"https:\/\/volcanes.net\/?p=79#primaryimage"},"thumbnailUrl":"https:\/\/volcanes.net\/wp-content\/uploads\/2017\/08\/thumbnail_ZZZ-GOBER-ELECTO-009.jpg","datePublished":"2017-08-10T14:40:32+00:00","dateModified":"2017-08-10T14:45:35+00:00","breadcrumb":{"@id":"https:\/\/volcanes.net\/?p=79#breadcrumb"},"inLanguage":"es","potentialAction":[{"@type":"ReadAction","target":["https:\/\/volcanes.net\/?p=79"]}]},{"@type":"ImageObject","inLanguage":"es","@id":"https:\/\/volcanes.net\/?p=79#primaryimage","url":"https:\/\/volcanes.net\/wp-content\/uploads\/2017\/08\/thumbnail_ZZZ-GOBER-ELECTO-009.jpg","contentUrl":"https:\/\/volcanes.net\/wp-content\/uploads\/2017\/08\/thumbnail_ZZZ-GOBER-ELECTO-009.jpg","width":448,"height":292},{"@type":"BreadcrumbList","@id":"https:\/\/volcanes.net\/?p=79#breadcrumb","itemListElement":[{"@type":"ListItem","position":1,"name":"Portada","item":"https:\/\/volcanes.net\/"},{"@type":"ListItem","position":2,"name":"Alfredo del Mazo Maza es ya el Gobernador electo del Estado de M\u00e9xico"}]},{"@type":"WebSite","@id":"https:\/\/volcanes.net\/#website","url":"https:\/\/volcanes.net\/","name":"Volcanes.Net","description":"Periodismo Profesional","publisher":{"@id":"https:\/\/volcanes.net\/#organization"},"potentialAction":[{"@type":"SearchAction","target":{"@type":"EntryPoint","urlTemplate":"https:\/\/volcanes.net\/?s={search_term_string}"},"query-input":{"@type":"PropertyValueSpecification","valueRequired":true,"valueName":"search_term_string"}}],"inLanguage":"es"},{"@type":"Organization","@id":"https:\/\/volcanes.net\/#organization","name":"Grupo Volcanes","url":"https:\/\/volcanes.net\/","logo":{"@type":"ImageObject","inLanguage":"es","@id":"https:\/\/volcanes.net\/#\/schema\/logo\/image\/","url":"http:\/\/volcanes.net\/wp-content\/uploads\/2017\/12\/Avatar2.jpg","contentUrl":"http:\/\/volcanes.net\/wp-content\/uploads\/2017\/12\/Avatar2.jpg","width":378,"height":378,"caption":"Grupo Volcanes"},"image":{"@id":"https:\/\/volcanes.net\/#\/schema\/logo\/image\/"},"sameAs":["https:\/\/www.facebook.com\/volcanes.net\/"]},{"@type":"Person","@id":"https:\/\/volcanes.net\/#\/schema\/person\/4bf0f383940966a4abd53f5048c0e6b9","name":"admin","image":{"@type":"ImageObject","inLanguage":"es","@id":"https:\/\/volcanes.net\/#\/schema\/person\/image\/","url":"https:\/\/secure.gravatar.com\/avatar\/ca004e6cba8462b8cb7abc86e382930c?s=96&d=mm&r=g","contentUrl":"https:\/\/secure.gravatar.com\/avatar\/ca004e6cba8462b8cb7abc86e382930c?s=96&d=mm&r=g","caption":"admin"}}]}},"_links":{"self":[{"href":"https:\/\/volcanes.net\/index.php?rest_route=\/wp\/v2\/posts\/79"}],"collection":[{"href":"https:\/\/volcanes.net\/index.php?rest_route=\/wp\/v2\/posts"}],"about":[{"href":"https:\/\/volcanes.net\/index.php?rest_route=\/wp\/v2\/types\/post"}],"author":[{"embeddable":true,"href":"https:\/\/volcanes.net\/index.php?rest_route=\/wp\/v2\/users\/1"}],"replies":[{"embeddable":true,"href":"https:\/\/volcanes.net\/index.php?rest_route=%2Fwp%2Fv2%2Fcomments&post=79"}],"version-history":[{"count":3,"href":"https:\/\/volcanes.net\/index.php?rest_route=\/wp\/v2\/posts\/79\/revisions"}],"predecessor-version":[{"id":83,"href":"https:\/\/volcanes.net\/index.php?rest_route=\/wp\/v2\/posts\/79\/revisions\/83"}],"wp:featuredmedia":[{"embeddable":true,"href":"https:\/\/volcanes.net\/index.php?rest_route=\/wp\/v2\/media\/80"}],"wp:attachment":[{"href":"https:\/\/volcanes.net\/index.php?rest_route=%2Fwp%2Fv2%2Fmedia&parent=79"}],"wp:term":[{"taxonomy":"category","embeddable":true,"href":"https:\/\/volcanes.net\/index.php?rest_route=%2Fwp%2Fv2%2Fcategories&post=79"},{"taxonomy":"post_tag","embeddable":true,"href":"https:\/\/volcanes.net\/index.php?rest_route=%2Fwp%2Fv2%2Ftags&post=79"}],"curies":[{"name":"wp","href":"https:\/\/api.w.org\/{rel}","templated":true}]}}