{"id":7906,"date":"2020-08-12T17:47:45","date_gmt":"2020-08-12T23:47:45","guid":{"rendered":"http:\/\/volcanes.net\/?p=7906"},"modified":"2020-08-12T17:47:45","modified_gmt":"2020-08-12T23:47:45","slug":"edil-de-ozumba-da-banderazo-de-inicio-a-los-trabajos-de-pavimentacion-en-la-delegacion-san-mateo-tecalco","status":"publish","type":"post","link":"https:\/\/volcanes.net\/?p=7906","title":{"rendered":"Edil de Ozumba da banderazo de inicio a los trabajos de pavimentaci\u00f3n en la delegaci\u00f3n San Mateo Tecalco"},"content":{"rendered":"<div style=\"margin-top: 0px; margin-bottom: 0px;\" class=\"sharethis-inline-share-buttons\" ><\/div><p>Natalia Hern\u00e1ndez | Volcanes Multimedios<\/p>\n<p>Ozumba, Estado de M\u00e9xico .- La ma\u00f1ana de este mi\u00e9rcoles 12 de agosto el presidente municipal Valent\u00edn Mart\u00ednez Castillo dio inicio a los trabajos de pavimentaci\u00f3n de la calle el Arenal en la delegaci\u00f3n de San Mateo Tecalco.<\/p>\n<p>De acuerdo con una entrevista para este medio el edil comenta que ya se hab\u00eda iniciado esta acci\u00f3n sin embargo, hoy se reafirm\u00f3 el compromiso con los pobladores por lo que se espera que en no m\u00e1s de dos meses se est\u00e9 inaugurando la vialidad.<\/p>\n<p>Cabe mencionar que los recursos para la realizaci\u00f3n de la obra vienen del fondo de portaciones para la infraestructura social, municipal y demarcaciones territoriales con un monto de un mill\u00f3n novecientos veintis\u00e9is mil pesos con un aproximado de mil setecientos metros cuadrados de concreto.<\/p>\n<p>Adem\u00e1s, durante el banderazo de inicio de la obra el edil comento que es importante que el Gobierno Estatal y el Gobierno Federal observen que en esta demarcaci\u00f3n mexiquense se trabaja en beneficio de los Ozumbenses y que vale la pena que les ayuden con la gesti\u00f3n de los recursos y estos puedan ser aplicados como se ha hecho hasta el momento.<\/p>\n","protected":false},"excerpt":{"rendered":"<p>Natalia Hern\u00e1ndez | Volcanes Multimedios Ozumba, Estado de M\u00e9xico .- La ma\u00f1ana de este mi\u00e9rcoles<\/p>\n","protected":false},"author":1,"featured_media":7907,"comment_status":"open","ping_status":"open","sticky":false,"template":"","format":"standard","meta":{"footnotes":""},"categories":[1],"tags":[14],"class_list":["post-7906","post","type-post","status-publish","format-standard","has-post-thumbnail","hentry","category-municipales","tag-ozumba"],"yoast_head":"<!-- This site is optimized with the Yoast SEO plugin v25.3 - https:\/\/yoast.com\/wordpress\/plugins\/seo\/ -->\n<title>Edil de Ozumba da banderazo de inicio a los trabajos de pavimentaci\u00f3n en la delegaci\u00f3n San Mateo Tecalco - Volcanes<\/title>\n<meta name=\"robots\" content=\"index, follow, max-snippet:-1, max-image-preview:large, max-video-preview:-1\" \/>\n<link rel=\"canonical\" href=\"https:\/\/volcanes.net\/?p=7906\" \/>\n<meta property=\"og:locale\" content=\"es_MX\" \/>\n<meta property=\"og:type\" content=\"article\" \/>\n<meta property=\"og:title\" content=\"Edil de Ozumba da banderazo de inicio a los trabajos de pavimentaci\u00f3n en la delegaci\u00f3n San Mateo Tecalco - Volcanes\" \/>\n<meta property=\"og:description\" content=\"Natalia Hern\u00e1ndez | Volcanes Multimedios Ozumba, Estado de M\u00e9xico .- La ma\u00f1ana de este mi\u00e9rcoles\" \/>\n<meta property=\"og:url\" content=\"https:\/\/volcanes.net\/?p=7906\" \/>\n<meta property=\"og:site_name\" content=\"Volcanes\" \/>\n<meta property=\"article:publisher\" content=\"https:\/\/www.facebook.com\/volcanes.net\/\" \/>\n<meta property=\"article:published_time\" content=\"2020-08-12T23:47:45+00:00\" \/>\n<meta property=\"og:image\" content=\"https:\/\/volcanes.net\/wp-content\/uploads\/2020\/08\/20200812_184346.png\" \/>\n\t<meta property=\"og:image:width\" content=\"540\" \/>\n\t<meta property=\"og:image:height\" content=\"306\" \/>\n\t<meta property=\"og:image:type\" content=\"image\/png\" \/>\n<meta name=\"author\" content=\"admin\" \/>\n<meta name=\"twitter:card\" content=\"summary_large_image\" \/>\n<meta name=\"twitter:label1\" content=\"Escrito por\" \/>\n\t<meta name=\"twitter:data1\" content=\"admin\" \/>\n\t<meta name=\"twitter:label2\" content=\"Tiempo de lectura\" \/>\n\t<meta name=\"twitter:data2\" content=\"1 minuto\" \/>\n<script type=\"application\/ld+json\" class=\"yoast-schema-graph\">{\"@context\":\"https:\/\/schema.org\",\"@graph\":[{\"@type\":\"Article\",\"@id\":\"https:\/\/volcanes.net\/?p=7906#article\",\"isPartOf\":{\"@id\":\"https:\/\/volcanes.net\/?p=7906\"},\"author\":{\"name\":\"admin\",\"@id\":\"https:\/\/volcanes.net\/#\/schema\/person\/4bf0f383940966a4abd53f5048c0e6b9\"},\"headline\":\"Edil de Ozumba da banderazo de inicio a los trabajos de pavimentaci\u00f3n en la delegaci\u00f3n San Mateo Tecalco\",\"datePublished\":\"2020-08-12T23:47:45+00:00\",\"mainEntityOfPage\":{\"@id\":\"https:\/\/volcanes.net\/?p=7906\"},\"wordCount\":229,\"commentCount\":0,\"publisher\":{\"@id\":\"https:\/\/volcanes.net\/#organization\"},\"image\":{\"@id\":\"https:\/\/volcanes.net\/?p=7906#primaryimage\"},\"thumbnailUrl\":\"https:\/\/volcanes.net\/wp-content\/uploads\/2020\/08\/20200812_184346.png\",\"keywords\":[\"Ozumba\"],\"articleSection\":[\"Municipales\"],\"inLanguage\":\"es\",\"potentialAction\":[{\"@type\":\"CommentAction\",\"name\":\"Comment\",\"target\":[\"https:\/\/volcanes.net\/?p=7906#respond\"]}]},{\"@type\":\"WebPage\",\"@id\":\"https:\/\/volcanes.net\/?p=7906\",\"url\":\"https:\/\/volcanes.net\/?p=7906\",\"name\":\"Edil de Ozumba da banderazo de inicio a los trabajos de pavimentaci\u00f3n en la delegaci\u00f3n San Mateo Tecalco - Volcanes\",\"isPartOf\":{\"@id\":\"https:\/\/volcanes.net\/#website\"},\"primaryImageOfPage\":{\"@id\":\"https:\/\/volcanes.net\/?p=7906#primaryimage\"},\"image\":{\"@id\":\"https:\/\/volcanes.net\/?p=7906#primaryimage\"},\"thumbnailUrl\":\"https:\/\/volcanes.net\/wp-content\/uploads\/2020\/08\/20200812_184346.png\",\"datePublished\":\"2020-08-12T23:47:45+00:00\",\"breadcrumb\":{\"@id\":\"https:\/\/volcanes.net\/?p=7906#breadcrumb\"},\"inLanguage\":\"es\",\"potentialAction\":[{\"@type\":\"ReadAction\",\"target\":[\"https:\/\/volcanes.net\/?p=7906\"]}]},{\"@type\":\"ImageObject\",\"inLanguage\":\"es\",\"@id\":\"https:\/\/volcanes.net\/?p=7906#primaryimage\",\"url\":\"https:\/\/volcanes.net\/wp-content\/uploads\/2020\/08\/20200812_184346.png\",\"contentUrl\":\"https:\/\/volcanes.net\/wp-content\/uploads\/2020\/08\/20200812_184346.png\",\"width\":540,\"height\":306},{\"@type\":\"BreadcrumbList\",\"@id\":\"https:\/\/volcanes.net\/?p=7906#breadcrumb\",\"itemListElement\":[{\"@type\":\"ListItem\",\"position\":1,\"name\":\"Portada\",\"item\":\"https:\/\/volcanes.net\/\"},{\"@type\":\"ListItem\",\"position\":2,\"name\":\"Edil de Ozumba da banderazo de inicio a los trabajos de pavimentaci\u00f3n en la delegaci\u00f3n San Mateo Tecalco\"}]},{\"@type\":\"WebSite\",\"@id\":\"https:\/\/volcanes.net\/#website\",\"url\":\"https:\/\/volcanes.net\/\",\"name\":\"Volcanes.Net\",\"description\":\"Periodismo Profesional\",\"publisher\":{\"@id\":\"https:\/\/volcanes.net\/#organization\"},\"potentialAction\":[{\"@type\":\"SearchAction\",\"target\":{\"@type\":\"EntryPoint\",\"urlTemplate\":\"https:\/\/volcanes.net\/?s={search_term_string}\"},\"query-input\":{\"@type\":\"PropertyValueSpecification\",\"valueRequired\":true,\"valueName\":\"search_term_string\"}}],\"inLanguage\":\"es\"},{\"@type\":\"Organization\",\"@id\":\"https:\/\/volcanes.net\/#organization\",\"name\":\"Grupo Volcanes\",\"url\":\"https:\/\/volcanes.net\/\",\"logo\":{\"@type\":\"ImageObject\",\"inLanguage\":\"es\",\"@id\":\"https:\/\/volcanes.net\/#\/schema\/logo\/image\/\",\"url\":\"http:\/\/volcanes.net\/wp-content\/uploads\/2017\/12\/Avatar2.jpg\",\"contentUrl\":\"http:\/\/volcanes.net\/wp-content\/uploads\/2017\/12\/Avatar2.jpg\",\"width\":378,\"height\":378,\"caption\":\"Grupo Volcanes\"},\"image\":{\"@id\":\"https:\/\/volcanes.net\/#\/schema\/logo\/image\/\"},\"sameAs\":[\"https:\/\/www.facebook.com\/volcanes.net\/\"]},{\"@type\":\"Person\",\"@id\":\"https:\/\/volcanes.net\/#\/schema\/person\/4bf0f383940966a4abd53f5048c0e6b9\",\"name\":\"admin\",\"image\":{\"@type\":\"ImageObject\",\"inLanguage\":\"es\",\"@id\":\"https:\/\/volcanes.net\/#\/schema\/person\/image\/\",\"url\":\"https:\/\/secure.gravatar.com\/avatar\/ca004e6cba8462b8cb7abc86e382930c?s=96&d=mm&r=g\",\"contentUrl\":\"https:\/\/secure.gravatar.com\/avatar\/ca004e6cba8462b8cb7abc86e382930c?s=96&d=mm&r=g\",\"caption\":\"admin\"}}]}<\/script>\n<!-- \/ Yoast SEO plugin. -->","yoast_head_json":{"title":"Edil de Ozumba da banderazo de inicio a los trabajos de pavimentaci\u00f3n en la delegaci\u00f3n San Mateo Tecalco - Volcanes","robots":{"index":"index","follow":"follow","max-snippet":"max-snippet:-1","max-image-preview":"max-image-preview:large","max-video-preview":"max-video-preview:-1"},"canonical":"https:\/\/volcanes.net\/?p=7906","og_locale":"es_MX","og_type":"article","og_title":"Edil de Ozumba da banderazo de inicio a los trabajos de pavimentaci\u00f3n en la delegaci\u00f3n San Mateo Tecalco - Volcanes","og_description":"Natalia Hern\u00e1ndez | Volcanes Multimedios Ozumba, Estado de M\u00e9xico .- La ma\u00f1ana de este mi\u00e9rcoles","og_url":"https:\/\/volcanes.net\/?p=7906","og_site_name":"Volcanes","article_publisher":"https:\/\/www.facebook.com\/volcanes.net\/","article_published_time":"2020-08-12T23:47:45+00:00","og_image":[{"width":540,"height":306,"url":"https:\/\/volcanes.net\/wp-content\/uploads\/2020\/08\/20200812_184346.png","type":"image\/png"}],"author":"admin","twitter_card":"summary_large_image","twitter_misc":{"Escrito por":"admin","Tiempo de lectura":"1 minuto"},"schema":{"@context":"https:\/\/schema.org","@graph":[{"@type":"Article","@id":"https:\/\/volcanes.net\/?p=7906#article","isPartOf":{"@id":"https:\/\/volcanes.net\/?p=7906"},"author":{"name":"admin","@id":"https:\/\/volcanes.net\/#\/schema\/person\/4bf0f383940966a4abd53f5048c0e6b9"},"headline":"Edil de Ozumba da banderazo de inicio a los trabajos de pavimentaci\u00f3n en la delegaci\u00f3n San Mateo Tecalco","datePublished":"2020-08-12T23:47:45+00:00","mainEntityOfPage":{"@id":"https:\/\/volcanes.net\/?p=7906"},"wordCount":229,"commentCount":0,"publisher":{"@id":"https:\/\/volcanes.net\/#organization"},"image":{"@id":"https:\/\/volcanes.net\/?p=7906#primaryimage"},"thumbnailUrl":"https:\/\/volcanes.net\/wp-content\/uploads\/2020\/08\/20200812_184346.png","keywords":["Ozumba"],"articleSection":["Municipales"],"inLanguage":"es","potentialAction":[{"@type":"CommentAction","name":"Comment","target":["https:\/\/volcanes.net\/?p=7906#respond"]}]},{"@type":"WebPage","@id":"https:\/\/volcanes.net\/?p=7906","url":"https:\/\/volcanes.net\/?p=7906","name":"Edil de Ozumba da banderazo de inicio a los trabajos de pavimentaci\u00f3n en la delegaci\u00f3n San Mateo Tecalco - Volcanes","isPartOf":{"@id":"https:\/\/volcanes.net\/#website"},"primaryImageOfPage":{"@id":"https:\/\/volcanes.net\/?p=7906#primaryimage"},"image":{"@id":"https:\/\/volcanes.net\/?p=7906#primaryimage"},"thumbnailUrl":"https:\/\/volcanes.net\/wp-content\/uploads\/2020\/08\/20200812_184346.png","datePublished":"2020-08-12T23:47:45+00:00","breadcrumb":{"@id":"https:\/\/volcanes.net\/?p=7906#breadcrumb"},"inLanguage":"es","potentialAction":[{"@type":"ReadAction","target":["https:\/\/volcanes.net\/?p=7906"]}]},{"@type":"ImageObject","inLanguage":"es","@id":"https:\/\/volcanes.net\/?p=7906#primaryimage","url":"https:\/\/volcanes.net\/wp-content\/uploads\/2020\/08\/20200812_184346.png","contentUrl":"https:\/\/volcanes.net\/wp-content\/uploads\/2020\/08\/20200812_184346.png","width":540,"height":306},{"@type":"BreadcrumbList","@id":"https:\/\/volcanes.net\/?p=7906#breadcrumb","itemListElement":[{"@type":"ListItem","position":1,"name":"Portada","item":"https:\/\/volcanes.net\/"},{"@type":"ListItem","position":2,"name":"Edil de Ozumba da banderazo de inicio a los trabajos de pavimentaci\u00f3n en la delegaci\u00f3n San Mateo Tecalco"}]},{"@type":"WebSite","@id":"https:\/\/volcanes.net\/#website","url":"https:\/\/volcanes.net\/","name":"Volcanes.Net","description":"Periodismo Profesional","publisher":{"@id":"https:\/\/volcanes.net\/#organization"},"potentialAction":[{"@type":"SearchAction","target":{"@type":"EntryPoint","urlTemplate":"https:\/\/volcanes.net\/?s={search_term_string}"},"query-input":{"@type":"PropertyValueSpecification","valueRequired":true,"valueName":"search_term_string"}}],"inLanguage":"es"},{"@type":"Organization","@id":"https:\/\/volcanes.net\/#organization","name":"Grupo Volcanes","url":"https:\/\/volcanes.net\/","logo":{"@type":"ImageObject","inLanguage":"es","@id":"https:\/\/volcanes.net\/#\/schema\/logo\/image\/","url":"http:\/\/volcanes.net\/wp-content\/uploads\/2017\/12\/Avatar2.jpg","contentUrl":"http:\/\/volcanes.net\/wp-content\/uploads\/2017\/12\/Avatar2.jpg","width":378,"height":378,"caption":"Grupo Volcanes"},"image":{"@id":"https:\/\/volcanes.net\/#\/schema\/logo\/image\/"},"sameAs":["https:\/\/www.facebook.com\/volcanes.net\/"]},{"@type":"Person","@id":"https:\/\/volcanes.net\/#\/schema\/person\/4bf0f383940966a4abd53f5048c0e6b9","name":"admin","image":{"@type":"ImageObject","inLanguage":"es","@id":"https:\/\/volcanes.net\/#\/schema\/person\/image\/","url":"https:\/\/secure.gravatar.com\/avatar\/ca004e6cba8462b8cb7abc86e382930c?s=96&d=mm&r=g","contentUrl":"https:\/\/secure.gravatar.com\/avatar\/ca004e6cba8462b8cb7abc86e382930c?s=96&d=mm&r=g","caption":"admin"}}]}},"_links":{"self":[{"href":"https:\/\/volcanes.net\/index.php?rest_route=\/wp\/v2\/posts\/7906"}],"collection":[{"href":"https:\/\/volcanes.net\/index.php?rest_route=\/wp\/v2\/posts"}],"about":[{"href":"https:\/\/volcanes.net\/index.php?rest_route=\/wp\/v2\/types\/post"}],"author":[{"embeddable":true,"href":"https:\/\/volcanes.net\/index.php?rest_route=\/wp\/v2\/users\/1"}],"replies":[{"embeddable":true,"href":"https:\/\/volcanes.net\/index.php?rest_route=%2Fwp%2Fv2%2Fcomments&post=7906"}],"version-history":[{"count":1,"href":"https:\/\/volcanes.net\/index.php?rest_route=\/wp\/v2\/posts\/7906\/revisions"}],"predecessor-version":[{"id":7908,"href":"https:\/\/volcanes.net\/index.php?rest_route=\/wp\/v2\/posts\/7906\/revisions\/7908"}],"wp:featuredmedia":[{"embeddable":true,"href":"https:\/\/volcanes.net\/index.php?rest_route=\/wp\/v2\/media\/7907"}],"wp:attachment":[{"href":"https:\/\/volcanes.net\/index.php?rest_route=%2Fwp%2Fv2%2Fmedia&parent=7906"}],"wp:term":[{"taxonomy":"category","embeddable":true,"href":"https:\/\/volcanes.net\/index.php?rest_route=%2Fwp%2Fv2%2Fcategories&post=7906"},{"taxonomy":"post_tag","embeddable":true,"href":"https:\/\/volcanes.net\/index.php?rest_route=%2Fwp%2Fv2%2Ftags&post=7906"}],"curies":[{"name":"wp","href":"https:\/\/api.w.org\/{rel}","templated":true}]}}