{"id":7909,"date":"2020-08-13T08:13:13","date_gmt":"2020-08-13T14:13:13","guid":{"rendered":"http:\/\/volcanes.net\/?p=7909"},"modified":"2020-08-13T08:13:13","modified_gmt":"2020-08-13T14:13:13","slug":"detienen-a-presunto-asaltante-de-tiendas-de-conveniencia-en-valle-de-chalco","status":"publish","type":"post","link":"https:\/\/volcanes.net\/?p=7909","title":{"rendered":"Detienen a presunto asaltante de tiendas de conveniencia en Valle de Chalco"},"content":{"rendered":"<div style=\"margin-top: 0px; margin-bottom: 0px;\" class=\"sharethis-inline-share-buttons\" ><\/div><p>Valle de Chalco, Estado de M\u00e9xico.- Por el\u00a0delito de robo con violencia\u00a0y otra por lesiones agravadas en contra de una mujer, fue detenido en este municipio\u00a0Ricardo \u201cN\u201d, de 29 a\u00f1os de edad.<\/p>\n<p>Elementos de la Polic\u00eda de Investigaci\u00f3n (PDI) de la Fiscal\u00eda Regional de Amecameca, fueron los encargados de cumplimentar la orden de aprehensi\u00f3n en contra de este individuo, localizado en la colonia San Isidro, y posteriormente lo ingresaron al Centro Penitenciario y de Reinserci\u00f3n Social de Chalco, en donde qued\u00f3 a disposici\u00f3n de un Juez, autoridad que habr\u00e1 de determinar su situaci\u00f3n legal.<\/p>\n<p>Uno de los il\u00edcitos por los cuales es investigado ocurri\u00f3 el pasado 12 de abril, cuando ingres\u00f3 a una\u00a0tienda Oxxo\u00a0ubicada en la calle Norte 10, de la colonia San Isidro, donde\u00a0habr\u00eda amagado con un arma de fuego a una empleada\u00a0a quien oblig\u00f3 a abrir la puerta de la tienda, de donde\u00a0rob\u00f3 dinero en efectivo.<\/p>\n<p>La v\u00edctima interpuso una denuncia ante el Ministerio P\u00fablico, por ello fue integrada la carpeta de investigaci\u00f3n y esta autoridad solicit\u00f3 a un Juez librar una orden de aprehensi\u00f3n en contra del probable asaltante a quien identific\u00f3 como Ricardo \u201cN\u201d.<\/p>\n<p>Por lo que hace a la\u00a0orden de aprehensi\u00f3n\u00a0en su contra por el il\u00edcito de\u00a0lesiones agravadas,\u00a0los hechos ocurrieron el pasado 25 de junio, en la Avenida Ignacio Comonfort, de la colonia referida, donde el ahora detenido\u00a0tom\u00f3 por la espalada a una mujer, por lo que \u00e9sta le reclam\u00f3 ya que no lo conoc\u00eda.<\/p>\n<p>El investigado sac\u00f3 un\u00a0cuchillo\u00a0con el cual la\u00a0habr\u00eda lesionado en el hombro en al menos dos ocasiones y luego huy\u00f3.<\/p>\n<p>La mujer fue llevada a un hospital donde recibi\u00f3 atenci\u00f3n m\u00e9dica, adem\u00e1s se dio parte al MP de la Fiscal\u00eda Estatal, quien integr\u00f3 una indagatoria por estos hechos. Al recabar los elementos de prueba necesarios, solicit\u00f3 a un Juez librar una orden de aprehensi\u00f3n en contra del probable agresor.<\/p>\n<p>A este sujeto se le debe considerar inocente hasta que sea dictada una sentencia condenatoria en su contra.<\/p>\n","protected":false},"excerpt":{"rendered":"<p>Valle de Chalco, Estado de M\u00e9xico.- Por el\u00a0delito de robo con violencia\u00a0y otra por lesiones<\/p>\n","protected":false},"author":1,"featured_media":7910,"comment_status":"open","ping_status":"open","sticky":false,"template":"","format":"standard","meta":{"footnotes":""},"categories":[1],"tags":[5],"class_list":["post-7909","post","type-post","status-publish","format-standard","has-post-thumbnail","hentry","category-municipales","tag-valle-de-chalco"],"yoast_head":"<!-- This site is optimized with the Yoast SEO plugin v25.3 - https:\/\/yoast.com\/wordpress\/plugins\/seo\/ -->\n<title>Detienen a presunto asaltante de tiendas de conveniencia en Valle de Chalco - Volcanes<\/title>\n<meta name=\"robots\" content=\"index, follow, max-snippet:-1, max-image-preview:large, max-video-preview:-1\" \/>\n<link rel=\"canonical\" href=\"https:\/\/volcanes.net\/?p=7909\" \/>\n<meta property=\"og:locale\" content=\"es_MX\" \/>\n<meta property=\"og:type\" content=\"article\" \/>\n<meta property=\"og:title\" content=\"Detienen a presunto asaltante de tiendas de conveniencia en Valle de Chalco - Volcanes\" \/>\n<meta property=\"og:description\" content=\"Valle de Chalco, Estado de M\u00e9xico.- Por el\u00a0delito de robo con violencia\u00a0y otra por lesiones\" \/>\n<meta property=\"og:url\" content=\"https:\/\/volcanes.net\/?p=7909\" \/>\n<meta property=\"og:site_name\" content=\"Volcanes\" \/>\n<meta property=\"article:publisher\" content=\"https:\/\/www.facebook.com\/volcanes.net\/\" \/>\n<meta property=\"article:published_time\" content=\"2020-08-13T14:13:13+00:00\" \/>\n<meta property=\"og:image\" content=\"https:\/\/volcanes.net\/wp-content\/uploads\/2020\/08\/WhatsApp-Image-2020-08-12-at-1_opt.jpg\" \/>\n\t<meta property=\"og:image:width\" content=\"400\" \/>\n\t<meta property=\"og:image:height\" content=\"285\" \/>\n\t<meta property=\"og:image:type\" content=\"image\/jpeg\" \/>\n<meta name=\"author\" content=\"admin\" \/>\n<meta name=\"twitter:card\" content=\"summary_large_image\" \/>\n<meta name=\"twitter:label1\" content=\"Escrito por\" \/>\n\t<meta name=\"twitter:data1\" content=\"admin\" \/>\n\t<meta name=\"twitter:label2\" content=\"Tiempo de lectura\" \/>\n\t<meta name=\"twitter:data2\" content=\"2 minutos\" \/>\n<script type=\"application\/ld+json\" class=\"yoast-schema-graph\">{\"@context\":\"https:\/\/schema.org\",\"@graph\":[{\"@type\":\"Article\",\"@id\":\"https:\/\/volcanes.net\/?p=7909#article\",\"isPartOf\":{\"@id\":\"https:\/\/volcanes.net\/?p=7909\"},\"author\":{\"name\":\"admin\",\"@id\":\"https:\/\/volcanes.net\/#\/schema\/person\/4bf0f383940966a4abd53f5048c0e6b9\"},\"headline\":\"Detienen a presunto asaltante de tiendas de conveniencia en Valle de Chalco\",\"datePublished\":\"2020-08-13T14:13:13+00:00\",\"mainEntityOfPage\":{\"@id\":\"https:\/\/volcanes.net\/?p=7909\"},\"wordCount\":375,\"commentCount\":0,\"publisher\":{\"@id\":\"https:\/\/volcanes.net\/#organization\"},\"image\":{\"@id\":\"https:\/\/volcanes.net\/?p=7909#primaryimage\"},\"thumbnailUrl\":\"https:\/\/volcanes.net\/wp-content\/uploads\/2020\/08\/WhatsApp-Image-2020-08-12-at-1_opt.jpg\",\"keywords\":[\"Valle de Chalco\"],\"articleSection\":[\"Municipales\"],\"inLanguage\":\"es\",\"potentialAction\":[{\"@type\":\"CommentAction\",\"name\":\"Comment\",\"target\":[\"https:\/\/volcanes.net\/?p=7909#respond\"]}]},{\"@type\":\"WebPage\",\"@id\":\"https:\/\/volcanes.net\/?p=7909\",\"url\":\"https:\/\/volcanes.net\/?p=7909\",\"name\":\"Detienen a presunto asaltante de tiendas de conveniencia en Valle de Chalco - Volcanes\",\"isPartOf\":{\"@id\":\"https:\/\/volcanes.net\/#website\"},\"primaryImageOfPage\":{\"@id\":\"https:\/\/volcanes.net\/?p=7909#primaryimage\"},\"image\":{\"@id\":\"https:\/\/volcanes.net\/?p=7909#primaryimage\"},\"thumbnailUrl\":\"https:\/\/volcanes.net\/wp-content\/uploads\/2020\/08\/WhatsApp-Image-2020-08-12-at-1_opt.jpg\",\"datePublished\":\"2020-08-13T14:13:13+00:00\",\"breadcrumb\":{\"@id\":\"https:\/\/volcanes.net\/?p=7909#breadcrumb\"},\"inLanguage\":\"es\",\"potentialAction\":[{\"@type\":\"ReadAction\",\"target\":[\"https:\/\/volcanes.net\/?p=7909\"]}]},{\"@type\":\"ImageObject\",\"inLanguage\":\"es\",\"@id\":\"https:\/\/volcanes.net\/?p=7909#primaryimage\",\"url\":\"https:\/\/volcanes.net\/wp-content\/uploads\/2020\/08\/WhatsApp-Image-2020-08-12-at-1_opt.jpg\",\"contentUrl\":\"https:\/\/volcanes.net\/wp-content\/uploads\/2020\/08\/WhatsApp-Image-2020-08-12-at-1_opt.jpg\",\"width\":400,\"height\":285},{\"@type\":\"BreadcrumbList\",\"@id\":\"https:\/\/volcanes.net\/?p=7909#breadcrumb\",\"itemListElement\":[{\"@type\":\"ListItem\",\"position\":1,\"name\":\"Portada\",\"item\":\"https:\/\/volcanes.net\/\"},{\"@type\":\"ListItem\",\"position\":2,\"name\":\"Detienen a presunto asaltante de tiendas de conveniencia en Valle de Chalco\"}]},{\"@type\":\"WebSite\",\"@id\":\"https:\/\/volcanes.net\/#website\",\"url\":\"https:\/\/volcanes.net\/\",\"name\":\"Volcanes.Net\",\"description\":\"Periodismo Profesional\",\"publisher\":{\"@id\":\"https:\/\/volcanes.net\/#organization\"},\"potentialAction\":[{\"@type\":\"SearchAction\",\"target\":{\"@type\":\"EntryPoint\",\"urlTemplate\":\"https:\/\/volcanes.net\/?s={search_term_string}\"},\"query-input\":{\"@type\":\"PropertyValueSpecification\",\"valueRequired\":true,\"valueName\":\"search_term_string\"}}],\"inLanguage\":\"es\"},{\"@type\":\"Organization\",\"@id\":\"https:\/\/volcanes.net\/#organization\",\"name\":\"Grupo Volcanes\",\"url\":\"https:\/\/volcanes.net\/\",\"logo\":{\"@type\":\"ImageObject\",\"inLanguage\":\"es\",\"@id\":\"https:\/\/volcanes.net\/#\/schema\/logo\/image\/\",\"url\":\"http:\/\/volcanes.net\/wp-content\/uploads\/2017\/12\/Avatar2.jpg\",\"contentUrl\":\"http:\/\/volcanes.net\/wp-content\/uploads\/2017\/12\/Avatar2.jpg\",\"width\":378,\"height\":378,\"caption\":\"Grupo Volcanes\"},\"image\":{\"@id\":\"https:\/\/volcanes.net\/#\/schema\/logo\/image\/\"},\"sameAs\":[\"https:\/\/www.facebook.com\/volcanes.net\/\"]},{\"@type\":\"Person\",\"@id\":\"https:\/\/volcanes.net\/#\/schema\/person\/4bf0f383940966a4abd53f5048c0e6b9\",\"name\":\"admin\",\"image\":{\"@type\":\"ImageObject\",\"inLanguage\":\"es\",\"@id\":\"https:\/\/volcanes.net\/#\/schema\/person\/image\/\",\"url\":\"https:\/\/secure.gravatar.com\/avatar\/ca004e6cba8462b8cb7abc86e382930c?s=96&d=mm&r=g\",\"contentUrl\":\"https:\/\/secure.gravatar.com\/avatar\/ca004e6cba8462b8cb7abc86e382930c?s=96&d=mm&r=g\",\"caption\":\"admin\"}}]}<\/script>\n<!-- \/ Yoast SEO plugin. -->","yoast_head_json":{"title":"Detienen a presunto asaltante de tiendas de conveniencia en Valle de Chalco - Volcanes","robots":{"index":"index","follow":"follow","max-snippet":"max-snippet:-1","max-image-preview":"max-image-preview:large","max-video-preview":"max-video-preview:-1"},"canonical":"https:\/\/volcanes.net\/?p=7909","og_locale":"es_MX","og_type":"article","og_title":"Detienen a presunto asaltante de tiendas de conveniencia en Valle de Chalco - Volcanes","og_description":"Valle de Chalco, Estado de M\u00e9xico.- Por el\u00a0delito de robo con violencia\u00a0y otra por lesiones","og_url":"https:\/\/volcanes.net\/?p=7909","og_site_name":"Volcanes","article_publisher":"https:\/\/www.facebook.com\/volcanes.net\/","article_published_time":"2020-08-13T14:13:13+00:00","og_image":[{"width":400,"height":285,"url":"https:\/\/volcanes.net\/wp-content\/uploads\/2020\/08\/WhatsApp-Image-2020-08-12-at-1_opt.jpg","type":"image\/jpeg"}],"author":"admin","twitter_card":"summary_large_image","twitter_misc":{"Escrito por":"admin","Tiempo de lectura":"2 minutos"},"schema":{"@context":"https:\/\/schema.org","@graph":[{"@type":"Article","@id":"https:\/\/volcanes.net\/?p=7909#article","isPartOf":{"@id":"https:\/\/volcanes.net\/?p=7909"},"author":{"name":"admin","@id":"https:\/\/volcanes.net\/#\/schema\/person\/4bf0f383940966a4abd53f5048c0e6b9"},"headline":"Detienen a presunto asaltante de tiendas de conveniencia en Valle de Chalco","datePublished":"2020-08-13T14:13:13+00:00","mainEntityOfPage":{"@id":"https:\/\/volcanes.net\/?p=7909"},"wordCount":375,"commentCount":0,"publisher":{"@id":"https:\/\/volcanes.net\/#organization"},"image":{"@id":"https:\/\/volcanes.net\/?p=7909#primaryimage"},"thumbnailUrl":"https:\/\/volcanes.net\/wp-content\/uploads\/2020\/08\/WhatsApp-Image-2020-08-12-at-1_opt.jpg","keywords":["Valle de Chalco"],"articleSection":["Municipales"],"inLanguage":"es","potentialAction":[{"@type":"CommentAction","name":"Comment","target":["https:\/\/volcanes.net\/?p=7909#respond"]}]},{"@type":"WebPage","@id":"https:\/\/volcanes.net\/?p=7909","url":"https:\/\/volcanes.net\/?p=7909","name":"Detienen a presunto asaltante de tiendas de conveniencia en Valle de Chalco - Volcanes","isPartOf":{"@id":"https:\/\/volcanes.net\/#website"},"primaryImageOfPage":{"@id":"https:\/\/volcanes.net\/?p=7909#primaryimage"},"image":{"@id":"https:\/\/volcanes.net\/?p=7909#primaryimage"},"thumbnailUrl":"https:\/\/volcanes.net\/wp-content\/uploads\/2020\/08\/WhatsApp-Image-2020-08-12-at-1_opt.jpg","datePublished":"2020-08-13T14:13:13+00:00","breadcrumb":{"@id":"https:\/\/volcanes.net\/?p=7909#breadcrumb"},"inLanguage":"es","potentialAction":[{"@type":"ReadAction","target":["https:\/\/volcanes.net\/?p=7909"]}]},{"@type":"ImageObject","inLanguage":"es","@id":"https:\/\/volcanes.net\/?p=7909#primaryimage","url":"https:\/\/volcanes.net\/wp-content\/uploads\/2020\/08\/WhatsApp-Image-2020-08-12-at-1_opt.jpg","contentUrl":"https:\/\/volcanes.net\/wp-content\/uploads\/2020\/08\/WhatsApp-Image-2020-08-12-at-1_opt.jpg","width":400,"height":285},{"@type":"BreadcrumbList","@id":"https:\/\/volcanes.net\/?p=7909#breadcrumb","itemListElement":[{"@type":"ListItem","position":1,"name":"Portada","item":"https:\/\/volcanes.net\/"},{"@type":"ListItem","position":2,"name":"Detienen a presunto asaltante de tiendas de conveniencia en Valle de Chalco"}]},{"@type":"WebSite","@id":"https:\/\/volcanes.net\/#website","url":"https:\/\/volcanes.net\/","name":"Volcanes.Net","description":"Periodismo Profesional","publisher":{"@id":"https:\/\/volcanes.net\/#organization"},"potentialAction":[{"@type":"SearchAction","target":{"@type":"EntryPoint","urlTemplate":"https:\/\/volcanes.net\/?s={search_term_string}"},"query-input":{"@type":"PropertyValueSpecification","valueRequired":true,"valueName":"search_term_string"}}],"inLanguage":"es"},{"@type":"Organization","@id":"https:\/\/volcanes.net\/#organization","name":"Grupo Volcanes","url":"https:\/\/volcanes.net\/","logo":{"@type":"ImageObject","inLanguage":"es","@id":"https:\/\/volcanes.net\/#\/schema\/logo\/image\/","url":"http:\/\/volcanes.net\/wp-content\/uploads\/2017\/12\/Avatar2.jpg","contentUrl":"http:\/\/volcanes.net\/wp-content\/uploads\/2017\/12\/Avatar2.jpg","width":378,"height":378,"caption":"Grupo Volcanes"},"image":{"@id":"https:\/\/volcanes.net\/#\/schema\/logo\/image\/"},"sameAs":["https:\/\/www.facebook.com\/volcanes.net\/"]},{"@type":"Person","@id":"https:\/\/volcanes.net\/#\/schema\/person\/4bf0f383940966a4abd53f5048c0e6b9","name":"admin","image":{"@type":"ImageObject","inLanguage":"es","@id":"https:\/\/volcanes.net\/#\/schema\/person\/image\/","url":"https:\/\/secure.gravatar.com\/avatar\/ca004e6cba8462b8cb7abc86e382930c?s=96&d=mm&r=g","contentUrl":"https:\/\/secure.gravatar.com\/avatar\/ca004e6cba8462b8cb7abc86e382930c?s=96&d=mm&r=g","caption":"admin"}}]}},"_links":{"self":[{"href":"https:\/\/volcanes.net\/index.php?rest_route=\/wp\/v2\/posts\/7909"}],"collection":[{"href":"https:\/\/volcanes.net\/index.php?rest_route=\/wp\/v2\/posts"}],"about":[{"href":"https:\/\/volcanes.net\/index.php?rest_route=\/wp\/v2\/types\/post"}],"author":[{"embeddable":true,"href":"https:\/\/volcanes.net\/index.php?rest_route=\/wp\/v2\/users\/1"}],"replies":[{"embeddable":true,"href":"https:\/\/volcanes.net\/index.php?rest_route=%2Fwp%2Fv2%2Fcomments&post=7909"}],"version-history":[{"count":1,"href":"https:\/\/volcanes.net\/index.php?rest_route=\/wp\/v2\/posts\/7909\/revisions"}],"predecessor-version":[{"id":7911,"href":"https:\/\/volcanes.net\/index.php?rest_route=\/wp\/v2\/posts\/7909\/revisions\/7911"}],"wp:featuredmedia":[{"embeddable":true,"href":"https:\/\/volcanes.net\/index.php?rest_route=\/wp\/v2\/media\/7910"}],"wp:attachment":[{"href":"https:\/\/volcanes.net\/index.php?rest_route=%2Fwp%2Fv2%2Fmedia&parent=7909"}],"wp:term":[{"taxonomy":"category","embeddable":true,"href":"https:\/\/volcanes.net\/index.php?rest_route=%2Fwp%2Fv2%2Fcategories&post=7909"},{"taxonomy":"post_tag","embeddable":true,"href":"https:\/\/volcanes.net\/index.php?rest_route=%2Fwp%2Fv2%2Ftags&post=7909"}],"curies":[{"name":"wp","href":"https:\/\/api.w.org\/{rel}","templated":true}]}}