{"id":792,"date":"2018-01-25T17:59:12","date_gmt":"2018-01-25T17:59:12","guid":{"rendered":"http:\/\/volcanes.net\/?p=792"},"modified":"2018-01-25T17:59:12","modified_gmt":"2018-01-25T17:59:12","slug":"en-atlautla-presenta-via-radical-a-su-precandidato","status":"publish","type":"post","link":"https:\/\/volcanes.net\/?p=792","title":{"rendered":"En Atlautla presenta Via Radical a su precandidato"},"content":{"rendered":"<div style=\"margin-top: 0px; margin-bottom: 0px;\" class=\"sharethis-inline-share-buttons\" ><\/div><p>El partido V\u00eda Radical ya tiene precandidato en Atlautla, para contender por la alcaldia en este municipio.<\/p>\n<p>Se trata del m\u00e9dico veterinario zootecnista, Miguel \u00c1ngel Villanueva Bautista quien ha participado en diferentes grupos organizados en su comunidad, siempre realizando trabajos para el bien com\u00fan de la misma<br \/>\nEn entrevista para grupo volcanes dijo que para V\u00eda Radical el objetivo principal es lograr recuperar la grandeza de la clase media, que se ha perdido al ser aplastada por un sistema econ\u00f3mico, pol\u00edtico y social que est\u00e1 pensado en beneficiar a los que m\u00e1s tienen, haciendo a los pobres m\u00e1s pobres y los rico m\u00e1s ricos, situaci\u00f3n que ha polarizado al pa\u00eds.<\/p>\n<p>Agreg\u00f3 que se enter\u00f3 de\u00a0 una organizaci\u00f3n civil conformada por muchos ciudadanos de todo el Estado de M\u00e9xico que, al igual que muchos mexicanos est\u00e1n cansados del r\u00e9gimen pol\u00edtico.<\/p>\n<p>Fue as\u00ed que que decidi\u00f3 unirse a V\u00eda Radical; una asociaci\u00f3n que logra su registro como partido pensando en cambiar de ra\u00edz la forma de gobernar.<\/p>\n<p>Enfatiz\u00f3 que el nombre de V\u00eda Radical representa otro camino para cambiar las cosas de ra\u00edz, dijo que el proyecto de V\u00eda Radical es distinto porque es un movimiento social transformado en partido que defiende a la clase media. M\u00e1s que un partido, es un plan a futuro para mejorar la calidad de vida de todos los mexiquenses.<\/p>\n","protected":false},"excerpt":{"rendered":"<p>El partido V\u00eda Radical ya tiene precandidato en Atlautla, para contender por la alcaldia en<\/p>\n","protected":false},"author":1,"featured_media":793,"comment_status":"open","ping_status":"open","sticky":false,"template":"","format":"standard","meta":{"footnotes":""},"categories":[1],"tags":[80,46],"class_list":["post-792","post","type-post","status-publish","format-standard","has-post-thumbnail","hentry","category-municipales","tag-atlautla","tag-volcanes"],"yoast_head":"<!-- This site is optimized with the Yoast SEO plugin v25.3 - https:\/\/yoast.com\/wordpress\/plugins\/seo\/ -->\n<title>En Atlautla presenta Via Radical a su precandidato - Volcanes<\/title>\n<meta name=\"robots\" content=\"index, follow, max-snippet:-1, max-image-preview:large, max-video-preview:-1\" \/>\n<link rel=\"canonical\" href=\"https:\/\/volcanes.net\/?p=792\" \/>\n<meta property=\"og:locale\" content=\"es_MX\" \/>\n<meta property=\"og:type\" content=\"article\" \/>\n<meta property=\"og:title\" content=\"En Atlautla presenta Via Radical a su precandidato - Volcanes\" \/>\n<meta property=\"og:description\" content=\"El partido V\u00eda Radical ya tiene precandidato en Atlautla, para contender por la alcaldia en\" \/>\n<meta property=\"og:url\" content=\"https:\/\/volcanes.net\/?p=792\" \/>\n<meta property=\"og:site_name\" content=\"Volcanes\" \/>\n<meta property=\"article:publisher\" content=\"https:\/\/www.facebook.com\/volcanes.net\/\" \/>\n<meta property=\"article:published_time\" content=\"2018-01-25T17:59:12+00:00\" \/>\n<meta property=\"og:image\" content=\"https:\/\/volcanes.net\/wp-content\/uploads\/2018\/01\/WhatsApp-Image-2018-01-25-at-07.36.08.jpeg\" \/>\n\t<meta property=\"og:image:width\" content=\"448\" \/>\n\t<meta property=\"og:image:height\" content=\"245\" \/>\n\t<meta property=\"og:image:type\" content=\"image\/jpeg\" \/>\n<meta name=\"author\" content=\"admin\" \/>\n<meta name=\"twitter:card\" content=\"summary_large_image\" \/>\n<meta name=\"twitter:label1\" content=\"Escrito por\" \/>\n\t<meta name=\"twitter:data1\" content=\"admin\" \/>\n\t<meta name=\"twitter:label2\" content=\"Tiempo de lectura\" \/>\n\t<meta name=\"twitter:data2\" content=\"1 minuto\" \/>\n<script type=\"application\/ld+json\" class=\"yoast-schema-graph\">{\"@context\":\"https:\/\/schema.org\",\"@graph\":[{\"@type\":\"Article\",\"@id\":\"https:\/\/volcanes.net\/?p=792#article\",\"isPartOf\":{\"@id\":\"https:\/\/volcanes.net\/?p=792\"},\"author\":{\"name\":\"admin\",\"@id\":\"https:\/\/volcanes.net\/#\/schema\/person\/4bf0f383940966a4abd53f5048c0e6b9\"},\"headline\":\"En Atlautla presenta Via Radical a su precandidato\",\"datePublished\":\"2018-01-25T17:59:12+00:00\",\"mainEntityOfPage\":{\"@id\":\"https:\/\/volcanes.net\/?p=792\"},\"wordCount\":254,\"commentCount\":0,\"publisher\":{\"@id\":\"https:\/\/volcanes.net\/#organization\"},\"image\":{\"@id\":\"https:\/\/volcanes.net\/?p=792#primaryimage\"},\"thumbnailUrl\":\"https:\/\/volcanes.net\/wp-content\/uploads\/2018\/01\/WhatsApp-Image-2018-01-25-at-07.36.08.jpeg\",\"keywords\":[\"Atlautla\",\"Volcanes\"],\"articleSection\":[\"Municipales\"],\"inLanguage\":\"es\",\"potentialAction\":[{\"@type\":\"CommentAction\",\"name\":\"Comment\",\"target\":[\"https:\/\/volcanes.net\/?p=792#respond\"]}]},{\"@type\":\"WebPage\",\"@id\":\"https:\/\/volcanes.net\/?p=792\",\"url\":\"https:\/\/volcanes.net\/?p=792\",\"name\":\"En Atlautla presenta Via Radical a su precandidato - Volcanes\",\"isPartOf\":{\"@id\":\"https:\/\/volcanes.net\/#website\"},\"primaryImageOfPage\":{\"@id\":\"https:\/\/volcanes.net\/?p=792#primaryimage\"},\"image\":{\"@id\":\"https:\/\/volcanes.net\/?p=792#primaryimage\"},\"thumbnailUrl\":\"https:\/\/volcanes.net\/wp-content\/uploads\/2018\/01\/WhatsApp-Image-2018-01-25-at-07.36.08.jpeg\",\"datePublished\":\"2018-01-25T17:59:12+00:00\",\"breadcrumb\":{\"@id\":\"https:\/\/volcanes.net\/?p=792#breadcrumb\"},\"inLanguage\":\"es\",\"potentialAction\":[{\"@type\":\"ReadAction\",\"target\":[\"https:\/\/volcanes.net\/?p=792\"]}]},{\"@type\":\"ImageObject\",\"inLanguage\":\"es\",\"@id\":\"https:\/\/volcanes.net\/?p=792#primaryimage\",\"url\":\"https:\/\/volcanes.net\/wp-content\/uploads\/2018\/01\/WhatsApp-Image-2018-01-25-at-07.36.08.jpeg\",\"contentUrl\":\"https:\/\/volcanes.net\/wp-content\/uploads\/2018\/01\/WhatsApp-Image-2018-01-25-at-07.36.08.jpeg\",\"width\":448,\"height\":245},{\"@type\":\"BreadcrumbList\",\"@id\":\"https:\/\/volcanes.net\/?p=792#breadcrumb\",\"itemListElement\":[{\"@type\":\"ListItem\",\"position\":1,\"name\":\"Portada\",\"item\":\"https:\/\/volcanes.net\/\"},{\"@type\":\"ListItem\",\"position\":2,\"name\":\"En Atlautla presenta Via Radical a su precandidato\"}]},{\"@type\":\"WebSite\",\"@id\":\"https:\/\/volcanes.net\/#website\",\"url\":\"https:\/\/volcanes.net\/\",\"name\":\"Volcanes.Net\",\"description\":\"Periodismo Profesional\",\"publisher\":{\"@id\":\"https:\/\/volcanes.net\/#organization\"},\"potentialAction\":[{\"@type\":\"SearchAction\",\"target\":{\"@type\":\"EntryPoint\",\"urlTemplate\":\"https:\/\/volcanes.net\/?s={search_term_string}\"},\"query-input\":{\"@type\":\"PropertyValueSpecification\",\"valueRequired\":true,\"valueName\":\"search_term_string\"}}],\"inLanguage\":\"es\"},{\"@type\":\"Organization\",\"@id\":\"https:\/\/volcanes.net\/#organization\",\"name\":\"Grupo Volcanes\",\"url\":\"https:\/\/volcanes.net\/\",\"logo\":{\"@type\":\"ImageObject\",\"inLanguage\":\"es\",\"@id\":\"https:\/\/volcanes.net\/#\/schema\/logo\/image\/\",\"url\":\"http:\/\/volcanes.net\/wp-content\/uploads\/2017\/12\/Avatar2.jpg\",\"contentUrl\":\"http:\/\/volcanes.net\/wp-content\/uploads\/2017\/12\/Avatar2.jpg\",\"width\":378,\"height\":378,\"caption\":\"Grupo Volcanes\"},\"image\":{\"@id\":\"https:\/\/volcanes.net\/#\/schema\/logo\/image\/\"},\"sameAs\":[\"https:\/\/www.facebook.com\/volcanes.net\/\"]},{\"@type\":\"Person\",\"@id\":\"https:\/\/volcanes.net\/#\/schema\/person\/4bf0f383940966a4abd53f5048c0e6b9\",\"name\":\"admin\",\"image\":{\"@type\":\"ImageObject\",\"inLanguage\":\"es\",\"@id\":\"https:\/\/volcanes.net\/#\/schema\/person\/image\/\",\"url\":\"https:\/\/secure.gravatar.com\/avatar\/ca004e6cba8462b8cb7abc86e382930c?s=96&d=mm&r=g\",\"contentUrl\":\"https:\/\/secure.gravatar.com\/avatar\/ca004e6cba8462b8cb7abc86e382930c?s=96&d=mm&r=g\",\"caption\":\"admin\"}}]}<\/script>\n<!-- \/ Yoast SEO plugin. -->","yoast_head_json":{"title":"En Atlautla presenta Via Radical a su precandidato - Volcanes","robots":{"index":"index","follow":"follow","max-snippet":"max-snippet:-1","max-image-preview":"max-image-preview:large","max-video-preview":"max-video-preview:-1"},"canonical":"https:\/\/volcanes.net\/?p=792","og_locale":"es_MX","og_type":"article","og_title":"En Atlautla presenta Via Radical a su precandidato - Volcanes","og_description":"El partido V\u00eda Radical ya tiene precandidato en Atlautla, para contender por la alcaldia en","og_url":"https:\/\/volcanes.net\/?p=792","og_site_name":"Volcanes","article_publisher":"https:\/\/www.facebook.com\/volcanes.net\/","article_published_time":"2018-01-25T17:59:12+00:00","og_image":[{"width":448,"height":245,"url":"https:\/\/volcanes.net\/wp-content\/uploads\/2018\/01\/WhatsApp-Image-2018-01-25-at-07.36.08.jpeg","type":"image\/jpeg"}],"author":"admin","twitter_card":"summary_large_image","twitter_misc":{"Escrito por":"admin","Tiempo de lectura":"1 minuto"},"schema":{"@context":"https:\/\/schema.org","@graph":[{"@type":"Article","@id":"https:\/\/volcanes.net\/?p=792#article","isPartOf":{"@id":"https:\/\/volcanes.net\/?p=792"},"author":{"name":"admin","@id":"https:\/\/volcanes.net\/#\/schema\/person\/4bf0f383940966a4abd53f5048c0e6b9"},"headline":"En Atlautla presenta Via Radical a su precandidato","datePublished":"2018-01-25T17:59:12+00:00","mainEntityOfPage":{"@id":"https:\/\/volcanes.net\/?p=792"},"wordCount":254,"commentCount":0,"publisher":{"@id":"https:\/\/volcanes.net\/#organization"},"image":{"@id":"https:\/\/volcanes.net\/?p=792#primaryimage"},"thumbnailUrl":"https:\/\/volcanes.net\/wp-content\/uploads\/2018\/01\/WhatsApp-Image-2018-01-25-at-07.36.08.jpeg","keywords":["Atlautla","Volcanes"],"articleSection":["Municipales"],"inLanguage":"es","potentialAction":[{"@type":"CommentAction","name":"Comment","target":["https:\/\/volcanes.net\/?p=792#respond"]}]},{"@type":"WebPage","@id":"https:\/\/volcanes.net\/?p=792","url":"https:\/\/volcanes.net\/?p=792","name":"En Atlautla presenta Via Radical a su precandidato - Volcanes","isPartOf":{"@id":"https:\/\/volcanes.net\/#website"},"primaryImageOfPage":{"@id":"https:\/\/volcanes.net\/?p=792#primaryimage"},"image":{"@id":"https:\/\/volcanes.net\/?p=792#primaryimage"},"thumbnailUrl":"https:\/\/volcanes.net\/wp-content\/uploads\/2018\/01\/WhatsApp-Image-2018-01-25-at-07.36.08.jpeg","datePublished":"2018-01-25T17:59:12+00:00","breadcrumb":{"@id":"https:\/\/volcanes.net\/?p=792#breadcrumb"},"inLanguage":"es","potentialAction":[{"@type":"ReadAction","target":["https:\/\/volcanes.net\/?p=792"]}]},{"@type":"ImageObject","inLanguage":"es","@id":"https:\/\/volcanes.net\/?p=792#primaryimage","url":"https:\/\/volcanes.net\/wp-content\/uploads\/2018\/01\/WhatsApp-Image-2018-01-25-at-07.36.08.jpeg","contentUrl":"https:\/\/volcanes.net\/wp-content\/uploads\/2018\/01\/WhatsApp-Image-2018-01-25-at-07.36.08.jpeg","width":448,"height":245},{"@type":"BreadcrumbList","@id":"https:\/\/volcanes.net\/?p=792#breadcrumb","itemListElement":[{"@type":"ListItem","position":1,"name":"Portada","item":"https:\/\/volcanes.net\/"},{"@type":"ListItem","position":2,"name":"En Atlautla presenta Via Radical a su precandidato"}]},{"@type":"WebSite","@id":"https:\/\/volcanes.net\/#website","url":"https:\/\/volcanes.net\/","name":"Volcanes.Net","description":"Periodismo Profesional","publisher":{"@id":"https:\/\/volcanes.net\/#organization"},"potentialAction":[{"@type":"SearchAction","target":{"@type":"EntryPoint","urlTemplate":"https:\/\/volcanes.net\/?s={search_term_string}"},"query-input":{"@type":"PropertyValueSpecification","valueRequired":true,"valueName":"search_term_string"}}],"inLanguage":"es"},{"@type":"Organization","@id":"https:\/\/volcanes.net\/#organization","name":"Grupo Volcanes","url":"https:\/\/volcanes.net\/","logo":{"@type":"ImageObject","inLanguage":"es","@id":"https:\/\/volcanes.net\/#\/schema\/logo\/image\/","url":"http:\/\/volcanes.net\/wp-content\/uploads\/2017\/12\/Avatar2.jpg","contentUrl":"http:\/\/volcanes.net\/wp-content\/uploads\/2017\/12\/Avatar2.jpg","width":378,"height":378,"caption":"Grupo Volcanes"},"image":{"@id":"https:\/\/volcanes.net\/#\/schema\/logo\/image\/"},"sameAs":["https:\/\/www.facebook.com\/volcanes.net\/"]},{"@type":"Person","@id":"https:\/\/volcanes.net\/#\/schema\/person\/4bf0f383940966a4abd53f5048c0e6b9","name":"admin","image":{"@type":"ImageObject","inLanguage":"es","@id":"https:\/\/volcanes.net\/#\/schema\/person\/image\/","url":"https:\/\/secure.gravatar.com\/avatar\/ca004e6cba8462b8cb7abc86e382930c?s=96&d=mm&r=g","contentUrl":"https:\/\/secure.gravatar.com\/avatar\/ca004e6cba8462b8cb7abc86e382930c?s=96&d=mm&r=g","caption":"admin"}}]}},"_links":{"self":[{"href":"https:\/\/volcanes.net\/index.php?rest_route=\/wp\/v2\/posts\/792"}],"collection":[{"href":"https:\/\/volcanes.net\/index.php?rest_route=\/wp\/v2\/posts"}],"about":[{"href":"https:\/\/volcanes.net\/index.php?rest_route=\/wp\/v2\/types\/post"}],"author":[{"embeddable":true,"href":"https:\/\/volcanes.net\/index.php?rest_route=\/wp\/v2\/users\/1"}],"replies":[{"embeddable":true,"href":"https:\/\/volcanes.net\/index.php?rest_route=%2Fwp%2Fv2%2Fcomments&post=792"}],"version-history":[{"count":1,"href":"https:\/\/volcanes.net\/index.php?rest_route=\/wp\/v2\/posts\/792\/revisions"}],"predecessor-version":[{"id":794,"href":"https:\/\/volcanes.net\/index.php?rest_route=\/wp\/v2\/posts\/792\/revisions\/794"}],"wp:featuredmedia":[{"embeddable":true,"href":"https:\/\/volcanes.net\/index.php?rest_route=\/wp\/v2\/media\/793"}],"wp:attachment":[{"href":"https:\/\/volcanes.net\/index.php?rest_route=%2Fwp%2Fv2%2Fmedia&parent=792"}],"wp:term":[{"taxonomy":"category","embeddable":true,"href":"https:\/\/volcanes.net\/index.php?rest_route=%2Fwp%2Fv2%2Fcategories&post=792"},{"taxonomy":"post_tag","embeddable":true,"href":"https:\/\/volcanes.net\/index.php?rest_route=%2Fwp%2Fv2%2Ftags&post=792"}],"curies":[{"name":"wp","href":"https:\/\/api.w.org\/{rel}","templated":true}]}}