{"id":7927,"date":"2020-08-14T10:14:07","date_gmt":"2020-08-14T16:14:07","guid":{"rendered":"http:\/\/volcanes.net\/?p=7927"},"modified":"2020-08-14T10:14:07","modified_gmt":"2020-08-14T16:14:07","slug":"llevan-a-cabo-la-11a-sesion-del-consejo-de-seguridad-publica-en-ozumba","status":"publish","type":"post","link":"https:\/\/volcanes.net\/?p=7927","title":{"rendered":"Llevan a cabo la 11\u00aa Sesi\u00f3n Del Consejo de Seguridad P\u00fablica en Ozumba"},"content":{"rendered":"<div style=\"margin-top: 0px; margin-bottom: 0px;\" class=\"sharethis-inline-share-buttons\" ><\/div><p>&nbsp;<\/p>\n<p>Oscar Ventura | Volcanes Multimedios.<\/p>\n<p>Ozumba, Estado de M\u00e9xico.- Contando con las medidas sanitarias que establece la Secretar\u00eda de Salud, con la sana distancia, la colocaci\u00f3n de cubrebocas y la aplicaci\u00f3n de gel antibacterial, Valent\u00edn Mart\u00ednez Castillo presidente municipal, encabez\u00f3 los trabajos de dicho consejo.<\/p>\n<p>Contando con la presencia del Comisario de Seguridad P\u00fablica municipal, Hector Rojas Castillo, personal de la Guardia Nacional, elementos de la Secretar\u00eda de Seguridad Estatal, Delegados, l\u00edderes de rutas de Autotransportes y la presencia de Maribel Hern\u00e1ndez Jim\u00e9nez, coordinadora de la Secretar\u00eda del Sistema Estatal de Seguridad P\u00fablica y ciudadanos, que atentamente escucharon la exposici\u00f3n de motivos.<\/p>\n<p>Durante su intervenci\u00f3n, Valent\u00edn Mart\u00ednez Castillo dijo categ\u00f3ricamente que felicitaba y agradec\u00eda p\u00fablicamente el incansable trabajo de los elementos de la polic\u00eda municipal que diariamente demuestran su profesionalismo y sobre todo las ganas que hacer muy bien su trabajo &#8220;con la puesta en marcha del programa &#8220;Sendero Seguro&#8221; durante las madrugadas, los habitantes se sienten mucho m\u00e1s seguros con la presencia de los elementos de las tres corporaciones; es decir, polic\u00eda estatal, municipal y obviamente Guardia Nacional, no obstante seguiremos cumpliendo con los trabajos para hacer de Ozumba un municipio totalmente seguro&#8221;.<\/p>\n<p>Antes de clausurar la 11\u00aa sesi\u00f3n, el edil mencion\u00f3 que seguir\u00e1n atendiendo las peticiones de la poblaci\u00f3n porque para Ozumba no hay descanso, pidi\u00f3 no bajar la guardia en el tema de la pandemia qu\u00e9 estamos viviendo y exhort\u00f3 a los ciudadanos a seguir cuid\u00e1ndonos, porque el virus existe y tendremos que acostumbrarnos a vivir con \u00e9l, porque de lo contrario, estar\u00e1 mucho m\u00e1s dif\u00edcil la situaci\u00f3n.<\/p>\n","protected":false},"excerpt":{"rendered":"<p>&nbsp; Oscar Ventura | Volcanes Multimedios. Ozumba, Estado de M\u00e9xico.- Contando con las medidas sanitarias<\/p>\n","protected":false},"author":1,"featured_media":7928,"comment_status":"open","ping_status":"open","sticky":false,"template":"","format":"standard","meta":{"footnotes":""},"categories":[1],"tags":[14],"class_list":["post-7927","post","type-post","status-publish","format-standard","has-post-thumbnail","hentry","category-municipales","tag-ozumba"],"yoast_head":"<!-- This site is optimized with the Yoast SEO plugin v25.3 - https:\/\/yoast.com\/wordpress\/plugins\/seo\/ -->\n<title>Llevan a cabo la 11\u00aa Sesi\u00f3n Del Consejo de Seguridad P\u00fablica en Ozumba - Volcanes<\/title>\n<meta name=\"robots\" content=\"index, follow, max-snippet:-1, max-image-preview:large, max-video-preview:-1\" \/>\n<link rel=\"canonical\" href=\"https:\/\/volcanes.net\/?p=7927\" \/>\n<meta property=\"og:locale\" content=\"es_MX\" \/>\n<meta property=\"og:type\" content=\"article\" \/>\n<meta property=\"og:title\" content=\"Llevan a cabo la 11\u00aa Sesi\u00f3n Del Consejo de Seguridad P\u00fablica en Ozumba - Volcanes\" \/>\n<meta property=\"og:description\" content=\"&nbsp; Oscar Ventura | Volcanes Multimedios. Ozumba, Estado de M\u00e9xico.- Contando con las medidas sanitarias\" \/>\n<meta property=\"og:url\" content=\"https:\/\/volcanes.net\/?p=7927\" \/>\n<meta property=\"og:site_name\" content=\"Volcanes\" \/>\n<meta property=\"article:publisher\" content=\"https:\/\/www.facebook.com\/volcanes.net\/\" \/>\n<meta property=\"article:published_time\" content=\"2020-08-14T16:14:07+00:00\" \/>\n<meta property=\"og:image\" content=\"https:\/\/volcanes.net\/wp-content\/uploads\/2020\/08\/IMG-20200814-WA0001.jpg\" \/>\n\t<meta property=\"og:image:width\" content=\"1216\" \/>\n\t<meta property=\"og:image:height\" content=\"684\" \/>\n\t<meta property=\"og:image:type\" content=\"image\/jpeg\" \/>\n<meta name=\"author\" content=\"admin\" \/>\n<meta name=\"twitter:card\" content=\"summary_large_image\" \/>\n<meta name=\"twitter:label1\" content=\"Escrito por\" \/>\n\t<meta name=\"twitter:data1\" content=\"admin\" \/>\n\t<meta name=\"twitter:label2\" content=\"Tiempo de lectura\" \/>\n\t<meta name=\"twitter:data2\" content=\"1 minuto\" \/>\n<script type=\"application\/ld+json\" class=\"yoast-schema-graph\">{\"@context\":\"https:\/\/schema.org\",\"@graph\":[{\"@type\":\"Article\",\"@id\":\"https:\/\/volcanes.net\/?p=7927#article\",\"isPartOf\":{\"@id\":\"https:\/\/volcanes.net\/?p=7927\"},\"author\":{\"name\":\"admin\",\"@id\":\"https:\/\/volcanes.net\/#\/schema\/person\/4bf0f383940966a4abd53f5048c0e6b9\"},\"headline\":\"Llevan a cabo la 11\u00aa Sesi\u00f3n Del Consejo de Seguridad P\u00fablica en Ozumba\",\"datePublished\":\"2020-08-14T16:14:07+00:00\",\"mainEntityOfPage\":{\"@id\":\"https:\/\/volcanes.net\/?p=7927\"},\"wordCount\":305,\"commentCount\":0,\"publisher\":{\"@id\":\"https:\/\/volcanes.net\/#organization\"},\"image\":{\"@id\":\"https:\/\/volcanes.net\/?p=7927#primaryimage\"},\"thumbnailUrl\":\"https:\/\/volcanes.net\/wp-content\/uploads\/2020\/08\/IMG-20200814-WA0001.jpg\",\"keywords\":[\"Ozumba\"],\"articleSection\":[\"Municipales\"],\"inLanguage\":\"es\",\"potentialAction\":[{\"@type\":\"CommentAction\",\"name\":\"Comment\",\"target\":[\"https:\/\/volcanes.net\/?p=7927#respond\"]}]},{\"@type\":\"WebPage\",\"@id\":\"https:\/\/volcanes.net\/?p=7927\",\"url\":\"https:\/\/volcanes.net\/?p=7927\",\"name\":\"Llevan a cabo la 11\u00aa Sesi\u00f3n Del Consejo de Seguridad P\u00fablica en Ozumba - Volcanes\",\"isPartOf\":{\"@id\":\"https:\/\/volcanes.net\/#website\"},\"primaryImageOfPage\":{\"@id\":\"https:\/\/volcanes.net\/?p=7927#primaryimage\"},\"image\":{\"@id\":\"https:\/\/volcanes.net\/?p=7927#primaryimage\"},\"thumbnailUrl\":\"https:\/\/volcanes.net\/wp-content\/uploads\/2020\/08\/IMG-20200814-WA0001.jpg\",\"datePublished\":\"2020-08-14T16:14:07+00:00\",\"breadcrumb\":{\"@id\":\"https:\/\/volcanes.net\/?p=7927#breadcrumb\"},\"inLanguage\":\"es\",\"potentialAction\":[{\"@type\":\"ReadAction\",\"target\":[\"https:\/\/volcanes.net\/?p=7927\"]}]},{\"@type\":\"ImageObject\",\"inLanguage\":\"es\",\"@id\":\"https:\/\/volcanes.net\/?p=7927#primaryimage\",\"url\":\"https:\/\/volcanes.net\/wp-content\/uploads\/2020\/08\/IMG-20200814-WA0001.jpg\",\"contentUrl\":\"https:\/\/volcanes.net\/wp-content\/uploads\/2020\/08\/IMG-20200814-WA0001.jpg\",\"width\":1216,\"height\":684},{\"@type\":\"BreadcrumbList\",\"@id\":\"https:\/\/volcanes.net\/?p=7927#breadcrumb\",\"itemListElement\":[{\"@type\":\"ListItem\",\"position\":1,\"name\":\"Portada\",\"item\":\"https:\/\/volcanes.net\/\"},{\"@type\":\"ListItem\",\"position\":2,\"name\":\"Llevan a cabo la 11\u00aa Sesi\u00f3n Del Consejo de Seguridad P\u00fablica en Ozumba\"}]},{\"@type\":\"WebSite\",\"@id\":\"https:\/\/volcanes.net\/#website\",\"url\":\"https:\/\/volcanes.net\/\",\"name\":\"Volcanes.Net\",\"description\":\"Periodismo Profesional\",\"publisher\":{\"@id\":\"https:\/\/volcanes.net\/#organization\"},\"potentialAction\":[{\"@type\":\"SearchAction\",\"target\":{\"@type\":\"EntryPoint\",\"urlTemplate\":\"https:\/\/volcanes.net\/?s={search_term_string}\"},\"query-input\":{\"@type\":\"PropertyValueSpecification\",\"valueRequired\":true,\"valueName\":\"search_term_string\"}}],\"inLanguage\":\"es\"},{\"@type\":\"Organization\",\"@id\":\"https:\/\/volcanes.net\/#organization\",\"name\":\"Grupo Volcanes\",\"url\":\"https:\/\/volcanes.net\/\",\"logo\":{\"@type\":\"ImageObject\",\"inLanguage\":\"es\",\"@id\":\"https:\/\/volcanes.net\/#\/schema\/logo\/image\/\",\"url\":\"http:\/\/volcanes.net\/wp-content\/uploads\/2017\/12\/Avatar2.jpg\",\"contentUrl\":\"http:\/\/volcanes.net\/wp-content\/uploads\/2017\/12\/Avatar2.jpg\",\"width\":378,\"height\":378,\"caption\":\"Grupo Volcanes\"},\"image\":{\"@id\":\"https:\/\/volcanes.net\/#\/schema\/logo\/image\/\"},\"sameAs\":[\"https:\/\/www.facebook.com\/volcanes.net\/\"]},{\"@type\":\"Person\",\"@id\":\"https:\/\/volcanes.net\/#\/schema\/person\/4bf0f383940966a4abd53f5048c0e6b9\",\"name\":\"admin\",\"image\":{\"@type\":\"ImageObject\",\"inLanguage\":\"es\",\"@id\":\"https:\/\/volcanes.net\/#\/schema\/person\/image\/\",\"url\":\"https:\/\/secure.gravatar.com\/avatar\/ca004e6cba8462b8cb7abc86e382930c?s=96&d=mm&r=g\",\"contentUrl\":\"https:\/\/secure.gravatar.com\/avatar\/ca004e6cba8462b8cb7abc86e382930c?s=96&d=mm&r=g\",\"caption\":\"admin\"}}]}<\/script>\n<!-- \/ Yoast SEO plugin. -->","yoast_head_json":{"title":"Llevan a cabo la 11\u00aa Sesi\u00f3n Del Consejo de Seguridad P\u00fablica en Ozumba - Volcanes","robots":{"index":"index","follow":"follow","max-snippet":"max-snippet:-1","max-image-preview":"max-image-preview:large","max-video-preview":"max-video-preview:-1"},"canonical":"https:\/\/volcanes.net\/?p=7927","og_locale":"es_MX","og_type":"article","og_title":"Llevan a cabo la 11\u00aa Sesi\u00f3n Del Consejo de Seguridad P\u00fablica en Ozumba - Volcanes","og_description":"&nbsp; Oscar Ventura | Volcanes Multimedios. Ozumba, Estado de M\u00e9xico.- Contando con las medidas sanitarias","og_url":"https:\/\/volcanes.net\/?p=7927","og_site_name":"Volcanes","article_publisher":"https:\/\/www.facebook.com\/volcanes.net\/","article_published_time":"2020-08-14T16:14:07+00:00","og_image":[{"width":1216,"height":684,"url":"https:\/\/volcanes.net\/wp-content\/uploads\/2020\/08\/IMG-20200814-WA0001.jpg","type":"image\/jpeg"}],"author":"admin","twitter_card":"summary_large_image","twitter_misc":{"Escrito por":"admin","Tiempo de lectura":"1 minuto"},"schema":{"@context":"https:\/\/schema.org","@graph":[{"@type":"Article","@id":"https:\/\/volcanes.net\/?p=7927#article","isPartOf":{"@id":"https:\/\/volcanes.net\/?p=7927"},"author":{"name":"admin","@id":"https:\/\/volcanes.net\/#\/schema\/person\/4bf0f383940966a4abd53f5048c0e6b9"},"headline":"Llevan a cabo la 11\u00aa Sesi\u00f3n Del Consejo de Seguridad P\u00fablica en Ozumba","datePublished":"2020-08-14T16:14:07+00:00","mainEntityOfPage":{"@id":"https:\/\/volcanes.net\/?p=7927"},"wordCount":305,"commentCount":0,"publisher":{"@id":"https:\/\/volcanes.net\/#organization"},"image":{"@id":"https:\/\/volcanes.net\/?p=7927#primaryimage"},"thumbnailUrl":"https:\/\/volcanes.net\/wp-content\/uploads\/2020\/08\/IMG-20200814-WA0001.jpg","keywords":["Ozumba"],"articleSection":["Municipales"],"inLanguage":"es","potentialAction":[{"@type":"CommentAction","name":"Comment","target":["https:\/\/volcanes.net\/?p=7927#respond"]}]},{"@type":"WebPage","@id":"https:\/\/volcanes.net\/?p=7927","url":"https:\/\/volcanes.net\/?p=7927","name":"Llevan a cabo la 11\u00aa Sesi\u00f3n Del Consejo de Seguridad P\u00fablica en Ozumba - Volcanes","isPartOf":{"@id":"https:\/\/volcanes.net\/#website"},"primaryImageOfPage":{"@id":"https:\/\/volcanes.net\/?p=7927#primaryimage"},"image":{"@id":"https:\/\/volcanes.net\/?p=7927#primaryimage"},"thumbnailUrl":"https:\/\/volcanes.net\/wp-content\/uploads\/2020\/08\/IMG-20200814-WA0001.jpg","datePublished":"2020-08-14T16:14:07+00:00","breadcrumb":{"@id":"https:\/\/volcanes.net\/?p=7927#breadcrumb"},"inLanguage":"es","potentialAction":[{"@type":"ReadAction","target":["https:\/\/volcanes.net\/?p=7927"]}]},{"@type":"ImageObject","inLanguage":"es","@id":"https:\/\/volcanes.net\/?p=7927#primaryimage","url":"https:\/\/volcanes.net\/wp-content\/uploads\/2020\/08\/IMG-20200814-WA0001.jpg","contentUrl":"https:\/\/volcanes.net\/wp-content\/uploads\/2020\/08\/IMG-20200814-WA0001.jpg","width":1216,"height":684},{"@type":"BreadcrumbList","@id":"https:\/\/volcanes.net\/?p=7927#breadcrumb","itemListElement":[{"@type":"ListItem","position":1,"name":"Portada","item":"https:\/\/volcanes.net\/"},{"@type":"ListItem","position":2,"name":"Llevan a cabo la 11\u00aa Sesi\u00f3n Del Consejo de Seguridad P\u00fablica en Ozumba"}]},{"@type":"WebSite","@id":"https:\/\/volcanes.net\/#website","url":"https:\/\/volcanes.net\/","name":"Volcanes.Net","description":"Periodismo Profesional","publisher":{"@id":"https:\/\/volcanes.net\/#organization"},"potentialAction":[{"@type":"SearchAction","target":{"@type":"EntryPoint","urlTemplate":"https:\/\/volcanes.net\/?s={search_term_string}"},"query-input":{"@type":"PropertyValueSpecification","valueRequired":true,"valueName":"search_term_string"}}],"inLanguage":"es"},{"@type":"Organization","@id":"https:\/\/volcanes.net\/#organization","name":"Grupo Volcanes","url":"https:\/\/volcanes.net\/","logo":{"@type":"ImageObject","inLanguage":"es","@id":"https:\/\/volcanes.net\/#\/schema\/logo\/image\/","url":"http:\/\/volcanes.net\/wp-content\/uploads\/2017\/12\/Avatar2.jpg","contentUrl":"http:\/\/volcanes.net\/wp-content\/uploads\/2017\/12\/Avatar2.jpg","width":378,"height":378,"caption":"Grupo Volcanes"},"image":{"@id":"https:\/\/volcanes.net\/#\/schema\/logo\/image\/"},"sameAs":["https:\/\/www.facebook.com\/volcanes.net\/"]},{"@type":"Person","@id":"https:\/\/volcanes.net\/#\/schema\/person\/4bf0f383940966a4abd53f5048c0e6b9","name":"admin","image":{"@type":"ImageObject","inLanguage":"es","@id":"https:\/\/volcanes.net\/#\/schema\/person\/image\/","url":"https:\/\/secure.gravatar.com\/avatar\/ca004e6cba8462b8cb7abc86e382930c?s=96&d=mm&r=g","contentUrl":"https:\/\/secure.gravatar.com\/avatar\/ca004e6cba8462b8cb7abc86e382930c?s=96&d=mm&r=g","caption":"admin"}}]}},"_links":{"self":[{"href":"https:\/\/volcanes.net\/index.php?rest_route=\/wp\/v2\/posts\/7927"}],"collection":[{"href":"https:\/\/volcanes.net\/index.php?rest_route=\/wp\/v2\/posts"}],"about":[{"href":"https:\/\/volcanes.net\/index.php?rest_route=\/wp\/v2\/types\/post"}],"author":[{"embeddable":true,"href":"https:\/\/volcanes.net\/index.php?rest_route=\/wp\/v2\/users\/1"}],"replies":[{"embeddable":true,"href":"https:\/\/volcanes.net\/index.php?rest_route=%2Fwp%2Fv2%2Fcomments&post=7927"}],"version-history":[{"count":1,"href":"https:\/\/volcanes.net\/index.php?rest_route=\/wp\/v2\/posts\/7927\/revisions"}],"predecessor-version":[{"id":7929,"href":"https:\/\/volcanes.net\/index.php?rest_route=\/wp\/v2\/posts\/7927\/revisions\/7929"}],"wp:featuredmedia":[{"embeddable":true,"href":"https:\/\/volcanes.net\/index.php?rest_route=\/wp\/v2\/media\/7928"}],"wp:attachment":[{"href":"https:\/\/volcanes.net\/index.php?rest_route=%2Fwp%2Fv2%2Fmedia&parent=7927"}],"wp:term":[{"taxonomy":"category","embeddable":true,"href":"https:\/\/volcanes.net\/index.php?rest_route=%2Fwp%2Fv2%2Fcategories&post=7927"},{"taxonomy":"post_tag","embeddable":true,"href":"https:\/\/volcanes.net\/index.php?rest_route=%2Fwp%2Fv2%2Ftags&post=7927"}],"curies":[{"name":"wp","href":"https:\/\/api.w.org\/{rel}","templated":true}]}}