{"id":7938,"date":"2020-02-02T02:59:35","date_gmt":"2020-02-02T08:59:35","guid":{"rendered":"http:\/\/volcanes.net\/?p=7938"},"modified":"2020-08-17T08:36:38","modified_gmt":"2020-08-17T14:36:38","slug":"conmemoran-el-clxxvii-aniversario-de-la-ereccion-municipal-en-temamatla","status":"publish","type":"post","link":"https:\/\/volcanes.net\/?p=7938","title":{"rendered":"Conmemoran el CLXXVII aniversario de la erecci\u00f3n municipal en Temamatla"},"content":{"rendered":"<div style=\"margin-top: 0px; margin-bottom: 0px;\" class=\"sharethis-inline-share-buttons\" ><\/div><p>Temamatla, Estado de M\u00e9xico.- El presidente municipal Juan Mart\u00edn\u00a0 Orozpe P\u00e9rez encabez\u00f3 la ceremonia de\u00a0 la conmemoraci\u00f3n del CLXXVII aniversario de la erecci\u00f3n municipal y que en esta ocasi\u00f3n se transmiti\u00f3 el acto a trav\u00e9s de las redes sociales oficiales del municipio esto debido a la actual contingencia que se vive por el virus de COVID-19.<\/p>\n<p>Cabe mencionar que en el acto c\u00edvico tambi\u00e9n se encontraba Monserrat Ruiz \u00a0P\u00e9rez Presidenta de la LX Legislatura del Estado de M\u00e9xico.<\/p>\n<p>El edil coment\u00f3 en entrevista para este medio que se sienten un poco triste por las celebraciones ya que tienen que ser \u00e1 corres a la &#8220;Nueva Normalidad&#8221; y respetando las indicaciones de las autoridades respecto a la sana distancia as\u00ed como el uso obligatorio de cubrebocas.<\/p>\n<p>Orozpe P\u00e9rez, reconoci\u00f3 que Temematla es un municipio que cuenta con grandes ciudadanos, no obstante enfatiza que este fue un a\u00f1o dif\u00edcil, sin embargo, esto lea permiti\u00f3 reconstruirse y realizar actividades totalmente diferentes.<\/p>\n<p>Cabe mencionar que la \u00fanica finalidad de esta administraci\u00f3n es buscar el bienestar de la poblaci\u00f3n.<\/p>\n<p>A pesar de la adversidad que se vive a causa de COVID-19, Temamatla lleva a cabo las recomendaciones sanitarias y fue posible que este municipio no sufriera de contagios como se vive en otros municipios, sin embargo, se pide a la poblaci\u00f3n no bajar la guardia ya que la finalidad es mantener de pie el municipio y a la poblaci\u00f3n.<\/p>\n<p>&nbsp;<\/p>\n<p>&nbsp;<\/p>\n","protected":false},"excerpt":{"rendered":"<p>Temamatla, Estado de M\u00e9xico.- El presidente municipal Juan Mart\u00edn\u00a0 Orozpe P\u00e9rez encabez\u00f3 la ceremonia de\u00a0<\/p>\n","protected":false},"author":1,"featured_media":7939,"comment_status":"open","ping_status":"open","sticky":false,"template":"","format":"standard","meta":{"footnotes":""},"categories":[1],"tags":[236],"class_list":["post-7938","post","type-post","status-publish","format-standard","has-post-thumbnail","hentry","category-municipales","tag-temamatla"],"yoast_head":"<!-- This site is optimized with the Yoast SEO plugin v25.3 - https:\/\/yoast.com\/wordpress\/plugins\/seo\/ -->\n<title>Conmemoran el CLXXVII aniversario de la erecci\u00f3n municipal en Temamatla - Volcanes<\/title>\n<meta name=\"robots\" content=\"index, follow, max-snippet:-1, max-image-preview:large, max-video-preview:-1\" \/>\n<link rel=\"canonical\" href=\"https:\/\/volcanes.net\/?p=7938\" \/>\n<meta property=\"og:locale\" content=\"es_MX\" \/>\n<meta property=\"og:type\" content=\"article\" \/>\n<meta property=\"og:title\" content=\"Conmemoran el CLXXVII aniversario de la erecci\u00f3n municipal en Temamatla - Volcanes\" \/>\n<meta property=\"og:description\" content=\"Temamatla, Estado de M\u00e9xico.- El presidente municipal Juan Mart\u00edn\u00a0 Orozpe P\u00e9rez encabez\u00f3 la ceremonia de\u00a0\" \/>\n<meta property=\"og:url\" content=\"https:\/\/volcanes.net\/?p=7938\" \/>\n<meta property=\"og:site_name\" content=\"Volcanes\" \/>\n<meta property=\"article:publisher\" content=\"https:\/\/www.facebook.com\/volcanes.net\/\" \/>\n<meta property=\"article:published_time\" content=\"2020-02-02T08:59:35+00:00\" \/>\n<meta property=\"article:modified_time\" content=\"2020-08-17T14:36:38+00:00\" \/>\n<meta property=\"og:image\" content=\"https:\/\/volcanes.net\/wp-content\/uploads\/2020\/08\/20200817_092310.png\" \/>\n\t<meta property=\"og:image:width\" content=\"535\" \/>\n\t<meta property=\"og:image:height\" content=\"306\" \/>\n\t<meta property=\"og:image:type\" content=\"image\/png\" \/>\n<meta name=\"author\" content=\"admin\" \/>\n<meta name=\"twitter:card\" content=\"summary_large_image\" \/>\n<meta name=\"twitter:label1\" content=\"Escrito por\" \/>\n\t<meta name=\"twitter:data1\" content=\"admin\" \/>\n\t<meta name=\"twitter:label2\" content=\"Tiempo de lectura\" \/>\n\t<meta name=\"twitter:data2\" content=\"1 minuto\" \/>\n<script type=\"application\/ld+json\" class=\"yoast-schema-graph\">{\"@context\":\"https:\/\/schema.org\",\"@graph\":[{\"@type\":\"Article\",\"@id\":\"https:\/\/volcanes.net\/?p=7938#article\",\"isPartOf\":{\"@id\":\"https:\/\/volcanes.net\/?p=7938\"},\"author\":{\"name\":\"admin\",\"@id\":\"https:\/\/volcanes.net\/#\/schema\/person\/4bf0f383940966a4abd53f5048c0e6b9\"},\"headline\":\"Conmemoran el CLXXVII aniversario de la erecci\u00f3n municipal en Temamatla\",\"datePublished\":\"2020-02-02T08:59:35+00:00\",\"dateModified\":\"2020-08-17T14:36:38+00:00\",\"mainEntityOfPage\":{\"@id\":\"https:\/\/volcanes.net\/?p=7938\"},\"wordCount\":265,\"commentCount\":0,\"publisher\":{\"@id\":\"https:\/\/volcanes.net\/#organization\"},\"image\":{\"@id\":\"https:\/\/volcanes.net\/?p=7938#primaryimage\"},\"thumbnailUrl\":\"https:\/\/volcanes.net\/wp-content\/uploads\/2020\/08\/20200817_092310.png\",\"keywords\":[\"Temamatla\"],\"articleSection\":[\"Municipales\"],\"inLanguage\":\"es\",\"potentialAction\":[{\"@type\":\"CommentAction\",\"name\":\"Comment\",\"target\":[\"https:\/\/volcanes.net\/?p=7938#respond\"]}]},{\"@type\":\"WebPage\",\"@id\":\"https:\/\/volcanes.net\/?p=7938\",\"url\":\"https:\/\/volcanes.net\/?p=7938\",\"name\":\"Conmemoran el CLXXVII aniversario de la erecci\u00f3n municipal en Temamatla - Volcanes\",\"isPartOf\":{\"@id\":\"https:\/\/volcanes.net\/#website\"},\"primaryImageOfPage\":{\"@id\":\"https:\/\/volcanes.net\/?p=7938#primaryimage\"},\"image\":{\"@id\":\"https:\/\/volcanes.net\/?p=7938#primaryimage\"},\"thumbnailUrl\":\"https:\/\/volcanes.net\/wp-content\/uploads\/2020\/08\/20200817_092310.png\",\"datePublished\":\"2020-02-02T08:59:35+00:00\",\"dateModified\":\"2020-08-17T14:36:38+00:00\",\"breadcrumb\":{\"@id\":\"https:\/\/volcanes.net\/?p=7938#breadcrumb\"},\"inLanguage\":\"es\",\"potentialAction\":[{\"@type\":\"ReadAction\",\"target\":[\"https:\/\/volcanes.net\/?p=7938\"]}]},{\"@type\":\"ImageObject\",\"inLanguage\":\"es\",\"@id\":\"https:\/\/volcanes.net\/?p=7938#primaryimage\",\"url\":\"https:\/\/volcanes.net\/wp-content\/uploads\/2020\/08\/20200817_092310.png\",\"contentUrl\":\"https:\/\/volcanes.net\/wp-content\/uploads\/2020\/08\/20200817_092310.png\",\"width\":535,\"height\":306},{\"@type\":\"BreadcrumbList\",\"@id\":\"https:\/\/volcanes.net\/?p=7938#breadcrumb\",\"itemListElement\":[{\"@type\":\"ListItem\",\"position\":1,\"name\":\"Portada\",\"item\":\"https:\/\/volcanes.net\/\"},{\"@type\":\"ListItem\",\"position\":2,\"name\":\"Conmemoran el CLXXVII aniversario de la erecci\u00f3n municipal en Temamatla\"}]},{\"@type\":\"WebSite\",\"@id\":\"https:\/\/volcanes.net\/#website\",\"url\":\"https:\/\/volcanes.net\/\",\"name\":\"Volcanes.Net\",\"description\":\"Periodismo Profesional\",\"publisher\":{\"@id\":\"https:\/\/volcanes.net\/#organization\"},\"potentialAction\":[{\"@type\":\"SearchAction\",\"target\":{\"@type\":\"EntryPoint\",\"urlTemplate\":\"https:\/\/volcanes.net\/?s={search_term_string}\"},\"query-input\":{\"@type\":\"PropertyValueSpecification\",\"valueRequired\":true,\"valueName\":\"search_term_string\"}}],\"inLanguage\":\"es\"},{\"@type\":\"Organization\",\"@id\":\"https:\/\/volcanes.net\/#organization\",\"name\":\"Grupo Volcanes\",\"url\":\"https:\/\/volcanes.net\/\",\"logo\":{\"@type\":\"ImageObject\",\"inLanguage\":\"es\",\"@id\":\"https:\/\/volcanes.net\/#\/schema\/logo\/image\/\",\"url\":\"http:\/\/volcanes.net\/wp-content\/uploads\/2017\/12\/Avatar2.jpg\",\"contentUrl\":\"http:\/\/volcanes.net\/wp-content\/uploads\/2017\/12\/Avatar2.jpg\",\"width\":378,\"height\":378,\"caption\":\"Grupo Volcanes\"},\"image\":{\"@id\":\"https:\/\/volcanes.net\/#\/schema\/logo\/image\/\"},\"sameAs\":[\"https:\/\/www.facebook.com\/volcanes.net\/\"]},{\"@type\":\"Person\",\"@id\":\"https:\/\/volcanes.net\/#\/schema\/person\/4bf0f383940966a4abd53f5048c0e6b9\",\"name\":\"admin\",\"image\":{\"@type\":\"ImageObject\",\"inLanguage\":\"es\",\"@id\":\"https:\/\/volcanes.net\/#\/schema\/person\/image\/\",\"url\":\"https:\/\/secure.gravatar.com\/avatar\/ca004e6cba8462b8cb7abc86e382930c?s=96&d=mm&r=g\",\"contentUrl\":\"https:\/\/secure.gravatar.com\/avatar\/ca004e6cba8462b8cb7abc86e382930c?s=96&d=mm&r=g\",\"caption\":\"admin\"}}]}<\/script>\n<!-- \/ Yoast SEO plugin. -->","yoast_head_json":{"title":"Conmemoran el CLXXVII aniversario de la erecci\u00f3n municipal en Temamatla - Volcanes","robots":{"index":"index","follow":"follow","max-snippet":"max-snippet:-1","max-image-preview":"max-image-preview:large","max-video-preview":"max-video-preview:-1"},"canonical":"https:\/\/volcanes.net\/?p=7938","og_locale":"es_MX","og_type":"article","og_title":"Conmemoran el CLXXVII aniversario de la erecci\u00f3n municipal en Temamatla - Volcanes","og_description":"Temamatla, Estado de M\u00e9xico.- El presidente municipal Juan Mart\u00edn\u00a0 Orozpe P\u00e9rez encabez\u00f3 la ceremonia de\u00a0","og_url":"https:\/\/volcanes.net\/?p=7938","og_site_name":"Volcanes","article_publisher":"https:\/\/www.facebook.com\/volcanes.net\/","article_published_time":"2020-02-02T08:59:35+00:00","article_modified_time":"2020-08-17T14:36:38+00:00","og_image":[{"width":535,"height":306,"url":"https:\/\/volcanes.net\/wp-content\/uploads\/2020\/08\/20200817_092310.png","type":"image\/png"}],"author":"admin","twitter_card":"summary_large_image","twitter_misc":{"Escrito por":"admin","Tiempo de lectura":"1 minuto"},"schema":{"@context":"https:\/\/schema.org","@graph":[{"@type":"Article","@id":"https:\/\/volcanes.net\/?p=7938#article","isPartOf":{"@id":"https:\/\/volcanes.net\/?p=7938"},"author":{"name":"admin","@id":"https:\/\/volcanes.net\/#\/schema\/person\/4bf0f383940966a4abd53f5048c0e6b9"},"headline":"Conmemoran el CLXXVII aniversario de la erecci\u00f3n municipal en Temamatla","datePublished":"2020-02-02T08:59:35+00:00","dateModified":"2020-08-17T14:36:38+00:00","mainEntityOfPage":{"@id":"https:\/\/volcanes.net\/?p=7938"},"wordCount":265,"commentCount":0,"publisher":{"@id":"https:\/\/volcanes.net\/#organization"},"image":{"@id":"https:\/\/volcanes.net\/?p=7938#primaryimage"},"thumbnailUrl":"https:\/\/volcanes.net\/wp-content\/uploads\/2020\/08\/20200817_092310.png","keywords":["Temamatla"],"articleSection":["Municipales"],"inLanguage":"es","potentialAction":[{"@type":"CommentAction","name":"Comment","target":["https:\/\/volcanes.net\/?p=7938#respond"]}]},{"@type":"WebPage","@id":"https:\/\/volcanes.net\/?p=7938","url":"https:\/\/volcanes.net\/?p=7938","name":"Conmemoran el CLXXVII aniversario de la erecci\u00f3n municipal en Temamatla - Volcanes","isPartOf":{"@id":"https:\/\/volcanes.net\/#website"},"primaryImageOfPage":{"@id":"https:\/\/volcanes.net\/?p=7938#primaryimage"},"image":{"@id":"https:\/\/volcanes.net\/?p=7938#primaryimage"},"thumbnailUrl":"https:\/\/volcanes.net\/wp-content\/uploads\/2020\/08\/20200817_092310.png","datePublished":"2020-02-02T08:59:35+00:00","dateModified":"2020-08-17T14:36:38+00:00","breadcrumb":{"@id":"https:\/\/volcanes.net\/?p=7938#breadcrumb"},"inLanguage":"es","potentialAction":[{"@type":"ReadAction","target":["https:\/\/volcanes.net\/?p=7938"]}]},{"@type":"ImageObject","inLanguage":"es","@id":"https:\/\/volcanes.net\/?p=7938#primaryimage","url":"https:\/\/volcanes.net\/wp-content\/uploads\/2020\/08\/20200817_092310.png","contentUrl":"https:\/\/volcanes.net\/wp-content\/uploads\/2020\/08\/20200817_092310.png","width":535,"height":306},{"@type":"BreadcrumbList","@id":"https:\/\/volcanes.net\/?p=7938#breadcrumb","itemListElement":[{"@type":"ListItem","position":1,"name":"Portada","item":"https:\/\/volcanes.net\/"},{"@type":"ListItem","position":2,"name":"Conmemoran el CLXXVII aniversario de la erecci\u00f3n municipal en Temamatla"}]},{"@type":"WebSite","@id":"https:\/\/volcanes.net\/#website","url":"https:\/\/volcanes.net\/","name":"Volcanes.Net","description":"Periodismo Profesional","publisher":{"@id":"https:\/\/volcanes.net\/#organization"},"potentialAction":[{"@type":"SearchAction","target":{"@type":"EntryPoint","urlTemplate":"https:\/\/volcanes.net\/?s={search_term_string}"},"query-input":{"@type":"PropertyValueSpecification","valueRequired":true,"valueName":"search_term_string"}}],"inLanguage":"es"},{"@type":"Organization","@id":"https:\/\/volcanes.net\/#organization","name":"Grupo Volcanes","url":"https:\/\/volcanes.net\/","logo":{"@type":"ImageObject","inLanguage":"es","@id":"https:\/\/volcanes.net\/#\/schema\/logo\/image\/","url":"http:\/\/volcanes.net\/wp-content\/uploads\/2017\/12\/Avatar2.jpg","contentUrl":"http:\/\/volcanes.net\/wp-content\/uploads\/2017\/12\/Avatar2.jpg","width":378,"height":378,"caption":"Grupo Volcanes"},"image":{"@id":"https:\/\/volcanes.net\/#\/schema\/logo\/image\/"},"sameAs":["https:\/\/www.facebook.com\/volcanes.net\/"]},{"@type":"Person","@id":"https:\/\/volcanes.net\/#\/schema\/person\/4bf0f383940966a4abd53f5048c0e6b9","name":"admin","image":{"@type":"ImageObject","inLanguage":"es","@id":"https:\/\/volcanes.net\/#\/schema\/person\/image\/","url":"https:\/\/secure.gravatar.com\/avatar\/ca004e6cba8462b8cb7abc86e382930c?s=96&d=mm&r=g","contentUrl":"https:\/\/secure.gravatar.com\/avatar\/ca004e6cba8462b8cb7abc86e382930c?s=96&d=mm&r=g","caption":"admin"}}]}},"_links":{"self":[{"href":"https:\/\/volcanes.net\/index.php?rest_route=\/wp\/v2\/posts\/7938"}],"collection":[{"href":"https:\/\/volcanes.net\/index.php?rest_route=\/wp\/v2\/posts"}],"about":[{"href":"https:\/\/volcanes.net\/index.php?rest_route=\/wp\/v2\/types\/post"}],"author":[{"embeddable":true,"href":"https:\/\/volcanes.net\/index.php?rest_route=\/wp\/v2\/users\/1"}],"replies":[{"embeddable":true,"href":"https:\/\/volcanes.net\/index.php?rest_route=%2Fwp%2Fv2%2Fcomments&post=7938"}],"version-history":[{"count":1,"href":"https:\/\/volcanes.net\/index.php?rest_route=\/wp\/v2\/posts\/7938\/revisions"}],"predecessor-version":[{"id":7940,"href":"https:\/\/volcanes.net\/index.php?rest_route=\/wp\/v2\/posts\/7938\/revisions\/7940"}],"wp:featuredmedia":[{"embeddable":true,"href":"https:\/\/volcanes.net\/index.php?rest_route=\/wp\/v2\/media\/7939"}],"wp:attachment":[{"href":"https:\/\/volcanes.net\/index.php?rest_route=%2Fwp%2Fv2%2Fmedia&parent=7938"}],"wp:term":[{"taxonomy":"category","embeddable":true,"href":"https:\/\/volcanes.net\/index.php?rest_route=%2Fwp%2Fv2%2Fcategories&post=7938"},{"taxonomy":"post_tag","embeddable":true,"href":"https:\/\/volcanes.net\/index.php?rest_route=%2Fwp%2Fv2%2Ftags&post=7938"}],"curies":[{"name":"wp","href":"https:\/\/api.w.org\/{rel}","templated":true}]}}