{"id":7941,"date":"2020-08-17T09:47:21","date_gmt":"2020-08-17T15:47:21","guid":{"rendered":"http:\/\/volcanes.net\/?p=7941"},"modified":"2020-08-17T09:47:21","modified_gmt":"2020-08-17T15:47:21","slug":"localizan-a-dos-personas-extraviadas-en-las-inmediaciones-del-parque-ecoturistico-izta-popo","status":"publish","type":"post","link":"https:\/\/volcanes.net\/?p=7941","title":{"rendered":"Localizan a dos personas extraviadas en las inmediaciones del parque ecotur\u00edstico Izta-Popo"},"content":{"rendered":"<div style=\"margin-top: 0px; margin-bottom: 0px;\" class=\"sharethis-inline-share-buttons\" ><\/div><p>Amecameca, Estado de M\u00e9xico.-Elementos de Alta Monta\u00f1a de la Secretar\u00eda de Seguridad (SS), localizaron a dos personas extraviadas en las inmediaciones del parque ecotur\u00edstico Izta-Popo.<\/p>\n<p>Personal que resguarda las instalaciones del lugar, reportaron la entrada de un veh\u00edculo de la marca Nissan Versa, color gris, con direcci\u00f3n a la zona de Apatlaco, sin que registrar\u00e1 salida al momento del cierre del parque, por lo que, conforme a los protocolos de seguridad, se inici\u00f3 una b\u00fasqueda con 43 efectivos y cinco unidades de la SS.<\/p>\n<p>Los uniformados estatales recorrieron los caminos de terracer\u00eda y ubicaron a quienes se identificaron como Laura \u201cN\u201d y Cristian \u201cN\u201d de 30 y 25 a\u00f1os de edad, respectivamente, quienes refirieron haber perdido la noci\u00f3n del tiempo y estar desorientados.<\/p>\n<p>Tras su rescate, las personas, junto con su veh\u00edculo, fueron trasladados a la cabecera municipal de Amecameca, donde se les realiz\u00f3 una revisi\u00f3n f\u00edsica y m\u00e9dica, confirmando que se encuentran en buen estado de salud.<\/p>\n<p>Los paseantes se retiraron por sus propios medios, sin que se presentar\u00e1n alguna complicaci\u00f3n.<\/p>\n","protected":false},"excerpt":{"rendered":"<p>Amecameca, Estado de M\u00e9xico.-Elementos de Alta Monta\u00f1a de la Secretar\u00eda de Seguridad (SS), localizaron a<\/p>\n","protected":false},"author":1,"featured_media":7942,"comment_status":"open","ping_status":"open","sticky":false,"template":"","format":"standard","meta":{"footnotes":""},"categories":[1],"tags":[7],"class_list":["post-7941","post","type-post","status-publish","format-standard","has-post-thumbnail","hentry","category-municipales","tag-amecameca"],"yoast_head":"<!-- This site is optimized with the Yoast SEO plugin v25.3 - https:\/\/yoast.com\/wordpress\/plugins\/seo\/ -->\n<title>Localizan a dos personas extraviadas en las inmediaciones del parque ecotur\u00edstico Izta-Popo - Volcanes<\/title>\n<meta name=\"robots\" content=\"index, follow, max-snippet:-1, max-image-preview:large, max-video-preview:-1\" \/>\n<link rel=\"canonical\" href=\"https:\/\/volcanes.net\/?p=7941\" \/>\n<meta property=\"og:locale\" content=\"es_MX\" \/>\n<meta property=\"og:type\" content=\"article\" \/>\n<meta property=\"og:title\" content=\"Localizan a dos personas extraviadas en las inmediaciones del parque ecotur\u00edstico Izta-Popo - Volcanes\" \/>\n<meta property=\"og:description\" content=\"Amecameca, Estado de M\u00e9xico.-Elementos de Alta Monta\u00f1a de la Secretar\u00eda de Seguridad (SS), localizaron a\" \/>\n<meta property=\"og:url\" content=\"https:\/\/volcanes.net\/?p=7941\" \/>\n<meta property=\"og:site_name\" content=\"Volcanes\" \/>\n<meta property=\"article:publisher\" content=\"https:\/\/www.facebook.com\/volcanes.net\/\" \/>\n<meta property=\"article:published_time\" content=\"2020-08-17T15:47:21+00:00\" \/>\n<meta property=\"og:image\" content=\"https:\/\/volcanes.net\/wp-content\/uploads\/2020\/08\/WhatsApp-Image-2020-08-17-at-9.11.37-AM.jpeg\" \/>\n\t<meta property=\"og:image:width\" content=\"768\" \/>\n\t<meta property=\"og:image:height\" content=\"623\" \/>\n\t<meta property=\"og:image:type\" content=\"image\/jpeg\" \/>\n<meta name=\"author\" content=\"admin\" \/>\n<meta name=\"twitter:card\" content=\"summary_large_image\" \/>\n<meta name=\"twitter:label1\" content=\"Escrito por\" \/>\n\t<meta name=\"twitter:data1\" content=\"admin\" \/>\n\t<meta name=\"twitter:label2\" content=\"Tiempo de lectura\" \/>\n\t<meta name=\"twitter:data2\" content=\"1 minuto\" \/>\n<script type=\"application\/ld+json\" class=\"yoast-schema-graph\">{\"@context\":\"https:\/\/schema.org\",\"@graph\":[{\"@type\":\"Article\",\"@id\":\"https:\/\/volcanes.net\/?p=7941#article\",\"isPartOf\":{\"@id\":\"https:\/\/volcanes.net\/?p=7941\"},\"author\":{\"name\":\"admin\",\"@id\":\"https:\/\/volcanes.net\/#\/schema\/person\/4bf0f383940966a4abd53f5048c0e6b9\"},\"headline\":\"Localizan a dos personas extraviadas en las inmediaciones del parque ecotur\u00edstico Izta-Popo\",\"datePublished\":\"2020-08-17T15:47:21+00:00\",\"mainEntityOfPage\":{\"@id\":\"https:\/\/volcanes.net\/?p=7941\"},\"wordCount\":199,\"commentCount\":0,\"publisher\":{\"@id\":\"https:\/\/volcanes.net\/#organization\"},\"image\":{\"@id\":\"https:\/\/volcanes.net\/?p=7941#primaryimage\"},\"thumbnailUrl\":\"https:\/\/volcanes.net\/wp-content\/uploads\/2020\/08\/WhatsApp-Image-2020-08-17-at-9.11.37-AM.jpeg\",\"keywords\":[\"Amecameca\"],\"articleSection\":[\"Municipales\"],\"inLanguage\":\"es\",\"potentialAction\":[{\"@type\":\"CommentAction\",\"name\":\"Comment\",\"target\":[\"https:\/\/volcanes.net\/?p=7941#respond\"]}]},{\"@type\":\"WebPage\",\"@id\":\"https:\/\/volcanes.net\/?p=7941\",\"url\":\"https:\/\/volcanes.net\/?p=7941\",\"name\":\"Localizan a dos personas extraviadas en las inmediaciones del parque ecotur\u00edstico Izta-Popo - Volcanes\",\"isPartOf\":{\"@id\":\"https:\/\/volcanes.net\/#website\"},\"primaryImageOfPage\":{\"@id\":\"https:\/\/volcanes.net\/?p=7941#primaryimage\"},\"image\":{\"@id\":\"https:\/\/volcanes.net\/?p=7941#primaryimage\"},\"thumbnailUrl\":\"https:\/\/volcanes.net\/wp-content\/uploads\/2020\/08\/WhatsApp-Image-2020-08-17-at-9.11.37-AM.jpeg\",\"datePublished\":\"2020-08-17T15:47:21+00:00\",\"breadcrumb\":{\"@id\":\"https:\/\/volcanes.net\/?p=7941#breadcrumb\"},\"inLanguage\":\"es\",\"potentialAction\":[{\"@type\":\"ReadAction\",\"target\":[\"https:\/\/volcanes.net\/?p=7941\"]}]},{\"@type\":\"ImageObject\",\"inLanguage\":\"es\",\"@id\":\"https:\/\/volcanes.net\/?p=7941#primaryimage\",\"url\":\"https:\/\/volcanes.net\/wp-content\/uploads\/2020\/08\/WhatsApp-Image-2020-08-17-at-9.11.37-AM.jpeg\",\"contentUrl\":\"https:\/\/volcanes.net\/wp-content\/uploads\/2020\/08\/WhatsApp-Image-2020-08-17-at-9.11.37-AM.jpeg\",\"width\":768,\"height\":623},{\"@type\":\"BreadcrumbList\",\"@id\":\"https:\/\/volcanes.net\/?p=7941#breadcrumb\",\"itemListElement\":[{\"@type\":\"ListItem\",\"position\":1,\"name\":\"Portada\",\"item\":\"https:\/\/volcanes.net\/\"},{\"@type\":\"ListItem\",\"position\":2,\"name\":\"Localizan a dos personas extraviadas en las inmediaciones del parque ecotur\u00edstico Izta-Popo\"}]},{\"@type\":\"WebSite\",\"@id\":\"https:\/\/volcanes.net\/#website\",\"url\":\"https:\/\/volcanes.net\/\",\"name\":\"Volcanes.Net\",\"description\":\"Periodismo Profesional\",\"publisher\":{\"@id\":\"https:\/\/volcanes.net\/#organization\"},\"potentialAction\":[{\"@type\":\"SearchAction\",\"target\":{\"@type\":\"EntryPoint\",\"urlTemplate\":\"https:\/\/volcanes.net\/?s={search_term_string}\"},\"query-input\":{\"@type\":\"PropertyValueSpecification\",\"valueRequired\":true,\"valueName\":\"search_term_string\"}}],\"inLanguage\":\"es\"},{\"@type\":\"Organization\",\"@id\":\"https:\/\/volcanes.net\/#organization\",\"name\":\"Grupo Volcanes\",\"url\":\"https:\/\/volcanes.net\/\",\"logo\":{\"@type\":\"ImageObject\",\"inLanguage\":\"es\",\"@id\":\"https:\/\/volcanes.net\/#\/schema\/logo\/image\/\",\"url\":\"http:\/\/volcanes.net\/wp-content\/uploads\/2017\/12\/Avatar2.jpg\",\"contentUrl\":\"http:\/\/volcanes.net\/wp-content\/uploads\/2017\/12\/Avatar2.jpg\",\"width\":378,\"height\":378,\"caption\":\"Grupo Volcanes\"},\"image\":{\"@id\":\"https:\/\/volcanes.net\/#\/schema\/logo\/image\/\"},\"sameAs\":[\"https:\/\/www.facebook.com\/volcanes.net\/\"]},{\"@type\":\"Person\",\"@id\":\"https:\/\/volcanes.net\/#\/schema\/person\/4bf0f383940966a4abd53f5048c0e6b9\",\"name\":\"admin\",\"image\":{\"@type\":\"ImageObject\",\"inLanguage\":\"es\",\"@id\":\"https:\/\/volcanes.net\/#\/schema\/person\/image\/\",\"url\":\"https:\/\/secure.gravatar.com\/avatar\/ca004e6cba8462b8cb7abc86e382930c?s=96&d=mm&r=g\",\"contentUrl\":\"https:\/\/secure.gravatar.com\/avatar\/ca004e6cba8462b8cb7abc86e382930c?s=96&d=mm&r=g\",\"caption\":\"admin\"}}]}<\/script>\n<!-- \/ Yoast SEO plugin. -->","yoast_head_json":{"title":"Localizan a dos personas extraviadas en las inmediaciones del parque ecotur\u00edstico Izta-Popo - Volcanes","robots":{"index":"index","follow":"follow","max-snippet":"max-snippet:-1","max-image-preview":"max-image-preview:large","max-video-preview":"max-video-preview:-1"},"canonical":"https:\/\/volcanes.net\/?p=7941","og_locale":"es_MX","og_type":"article","og_title":"Localizan a dos personas extraviadas en las inmediaciones del parque ecotur\u00edstico Izta-Popo - Volcanes","og_description":"Amecameca, Estado de M\u00e9xico.-Elementos de Alta Monta\u00f1a de la Secretar\u00eda de Seguridad (SS), localizaron a","og_url":"https:\/\/volcanes.net\/?p=7941","og_site_name":"Volcanes","article_publisher":"https:\/\/www.facebook.com\/volcanes.net\/","article_published_time":"2020-08-17T15:47:21+00:00","og_image":[{"width":768,"height":623,"url":"https:\/\/volcanes.net\/wp-content\/uploads\/2020\/08\/WhatsApp-Image-2020-08-17-at-9.11.37-AM.jpeg","type":"image\/jpeg"}],"author":"admin","twitter_card":"summary_large_image","twitter_misc":{"Escrito por":"admin","Tiempo de lectura":"1 minuto"},"schema":{"@context":"https:\/\/schema.org","@graph":[{"@type":"Article","@id":"https:\/\/volcanes.net\/?p=7941#article","isPartOf":{"@id":"https:\/\/volcanes.net\/?p=7941"},"author":{"name":"admin","@id":"https:\/\/volcanes.net\/#\/schema\/person\/4bf0f383940966a4abd53f5048c0e6b9"},"headline":"Localizan a dos personas extraviadas en las inmediaciones del parque ecotur\u00edstico Izta-Popo","datePublished":"2020-08-17T15:47:21+00:00","mainEntityOfPage":{"@id":"https:\/\/volcanes.net\/?p=7941"},"wordCount":199,"commentCount":0,"publisher":{"@id":"https:\/\/volcanes.net\/#organization"},"image":{"@id":"https:\/\/volcanes.net\/?p=7941#primaryimage"},"thumbnailUrl":"https:\/\/volcanes.net\/wp-content\/uploads\/2020\/08\/WhatsApp-Image-2020-08-17-at-9.11.37-AM.jpeg","keywords":["Amecameca"],"articleSection":["Municipales"],"inLanguage":"es","potentialAction":[{"@type":"CommentAction","name":"Comment","target":["https:\/\/volcanes.net\/?p=7941#respond"]}]},{"@type":"WebPage","@id":"https:\/\/volcanes.net\/?p=7941","url":"https:\/\/volcanes.net\/?p=7941","name":"Localizan a dos personas extraviadas en las inmediaciones del parque ecotur\u00edstico Izta-Popo - Volcanes","isPartOf":{"@id":"https:\/\/volcanes.net\/#website"},"primaryImageOfPage":{"@id":"https:\/\/volcanes.net\/?p=7941#primaryimage"},"image":{"@id":"https:\/\/volcanes.net\/?p=7941#primaryimage"},"thumbnailUrl":"https:\/\/volcanes.net\/wp-content\/uploads\/2020\/08\/WhatsApp-Image-2020-08-17-at-9.11.37-AM.jpeg","datePublished":"2020-08-17T15:47:21+00:00","breadcrumb":{"@id":"https:\/\/volcanes.net\/?p=7941#breadcrumb"},"inLanguage":"es","potentialAction":[{"@type":"ReadAction","target":["https:\/\/volcanes.net\/?p=7941"]}]},{"@type":"ImageObject","inLanguage":"es","@id":"https:\/\/volcanes.net\/?p=7941#primaryimage","url":"https:\/\/volcanes.net\/wp-content\/uploads\/2020\/08\/WhatsApp-Image-2020-08-17-at-9.11.37-AM.jpeg","contentUrl":"https:\/\/volcanes.net\/wp-content\/uploads\/2020\/08\/WhatsApp-Image-2020-08-17-at-9.11.37-AM.jpeg","width":768,"height":623},{"@type":"BreadcrumbList","@id":"https:\/\/volcanes.net\/?p=7941#breadcrumb","itemListElement":[{"@type":"ListItem","position":1,"name":"Portada","item":"https:\/\/volcanes.net\/"},{"@type":"ListItem","position":2,"name":"Localizan a dos personas extraviadas en las inmediaciones del parque ecotur\u00edstico Izta-Popo"}]},{"@type":"WebSite","@id":"https:\/\/volcanes.net\/#website","url":"https:\/\/volcanes.net\/","name":"Volcanes.Net","description":"Periodismo Profesional","publisher":{"@id":"https:\/\/volcanes.net\/#organization"},"potentialAction":[{"@type":"SearchAction","target":{"@type":"EntryPoint","urlTemplate":"https:\/\/volcanes.net\/?s={search_term_string}"},"query-input":{"@type":"PropertyValueSpecification","valueRequired":true,"valueName":"search_term_string"}}],"inLanguage":"es"},{"@type":"Organization","@id":"https:\/\/volcanes.net\/#organization","name":"Grupo Volcanes","url":"https:\/\/volcanes.net\/","logo":{"@type":"ImageObject","inLanguage":"es","@id":"https:\/\/volcanes.net\/#\/schema\/logo\/image\/","url":"http:\/\/volcanes.net\/wp-content\/uploads\/2017\/12\/Avatar2.jpg","contentUrl":"http:\/\/volcanes.net\/wp-content\/uploads\/2017\/12\/Avatar2.jpg","width":378,"height":378,"caption":"Grupo Volcanes"},"image":{"@id":"https:\/\/volcanes.net\/#\/schema\/logo\/image\/"},"sameAs":["https:\/\/www.facebook.com\/volcanes.net\/"]},{"@type":"Person","@id":"https:\/\/volcanes.net\/#\/schema\/person\/4bf0f383940966a4abd53f5048c0e6b9","name":"admin","image":{"@type":"ImageObject","inLanguage":"es","@id":"https:\/\/volcanes.net\/#\/schema\/person\/image\/","url":"https:\/\/secure.gravatar.com\/avatar\/ca004e6cba8462b8cb7abc86e382930c?s=96&d=mm&r=g","contentUrl":"https:\/\/secure.gravatar.com\/avatar\/ca004e6cba8462b8cb7abc86e382930c?s=96&d=mm&r=g","caption":"admin"}}]}},"_links":{"self":[{"href":"https:\/\/volcanes.net\/index.php?rest_route=\/wp\/v2\/posts\/7941"}],"collection":[{"href":"https:\/\/volcanes.net\/index.php?rest_route=\/wp\/v2\/posts"}],"about":[{"href":"https:\/\/volcanes.net\/index.php?rest_route=\/wp\/v2\/types\/post"}],"author":[{"embeddable":true,"href":"https:\/\/volcanes.net\/index.php?rest_route=\/wp\/v2\/users\/1"}],"replies":[{"embeddable":true,"href":"https:\/\/volcanes.net\/index.php?rest_route=%2Fwp%2Fv2%2Fcomments&post=7941"}],"version-history":[{"count":1,"href":"https:\/\/volcanes.net\/index.php?rest_route=\/wp\/v2\/posts\/7941\/revisions"}],"predecessor-version":[{"id":7943,"href":"https:\/\/volcanes.net\/index.php?rest_route=\/wp\/v2\/posts\/7941\/revisions\/7943"}],"wp:featuredmedia":[{"embeddable":true,"href":"https:\/\/volcanes.net\/index.php?rest_route=\/wp\/v2\/media\/7942"}],"wp:attachment":[{"href":"https:\/\/volcanes.net\/index.php?rest_route=%2Fwp%2Fv2%2Fmedia&parent=7941"}],"wp:term":[{"taxonomy":"category","embeddable":true,"href":"https:\/\/volcanes.net\/index.php?rest_route=%2Fwp%2Fv2%2Fcategories&post=7941"},{"taxonomy":"post_tag","embeddable":true,"href":"https:\/\/volcanes.net\/index.php?rest_route=%2Fwp%2Fv2%2Ftags&post=7941"}],"curies":[{"name":"wp","href":"https:\/\/api.w.org\/{rel}","templated":true}]}}