{"id":7957,"date":"2020-08-18T07:34:54","date_gmt":"2020-08-18T13:34:54","guid":{"rendered":"http:\/\/volcanes.net\/?p=7957"},"modified":"2020-08-18T07:34:54","modified_gmt":"2020-08-18T13:34:54","slug":"entregan-los-primeros-cinco-centros-de-atencion-social-en-chalco","status":"publish","type":"post","link":"https:\/\/volcanes.net\/?p=7957","title":{"rendered":"Entregan los primeros cinco Centros de Atenci\u00f3n Social en Chalco"},"content":{"rendered":"<div style=\"margin-top: 0px; margin-bottom: 0px;\" class=\"sharethis-inline-share-buttons\" ><\/div><p>Chalco, Estado de M\u00e9xico. &#8211; El gobierno de Chalco encabezado por Miguel Guti\u00e9rrez Morales,\u00a0 entrego los primeros cinco Centros de Atenci\u00f3n Social (CAS) en las delegaciones de\u00a0 San Pedro Tezompa, San Pablo Atlazalpan, San Mateo Huitzilzingo, Chimalps y Portal de Chalco.<\/p>\n<p>El mun\u00edcipe destac\u00f3 que estos centros son para apoyar a la poblaci\u00f3n y no te han que acudir hasta la cabecera municipal a denunciar un delito o obtener atenci\u00f3n m\u00e9dica, \u00bb es para las mujeres que quieran denunciar un delito lo tendr\u00e1n en su comunidad, porque se construyeron 28 Centros que nos ayudar\u00e1n, cuentan con un consultorio m\u00e9dico, asesor\u00eda jur\u00eddica y la presencia de la polic\u00eda\u2019.<\/p>\n<p>Guti\u00e9rrez Morales afirm\u00f3 que a la fecha a la seguridad p\u00fablica de le ha invitado m\u00e1s de 150 millones de pesos, \u00bb les digo que la polic\u00eda est\u00e1 capacitada en derechos humanos anos, casos de emergencia y todo para presentar ante el ministerio p\u00fablico a los delincuentes, es una realidad en Chalco, que estamos haciendo en lo que otros trienios no se hab\u00eda visto, porque somos un gobierno para el pueblo\u00bb.<\/p>\n<p>Adelant\u00f3 que seguir\u00e1n las obras en todas las delegaciones del municipio, \u00bb seguiremos las obras para beneficiar a la gente, les digo que en Caser\u00edo de Cort\u00e9s ya te dar\u00e1n la red de agua con un tanque elevado, despu\u00e9s de muchos a\u00f1os, se logr\u00f3 el pozo de agua en San Pablo Atlazalpan, tendr\u00e1s agua las colonias de las partes altas como las Marranera, Lomas de San Pablo, ya no pagar\u00e1n 25 pesos por tambo de agua, en Huitzilzingo se tomar\u00e1 la explanada delegacional con el quiosco y retomar la vida que hace mucho se perdi\u00f3 por la muerte de unos j\u00f3venes\u00bb.<\/p>\n<p>El alcalde reconoci\u00f3 la necesidad de obras en ido el municipio, \u00ables digo que tenemos ya operando 710 c\u00e1maras de vigilancia para reducir los delitos de impacto, vamos a contestar a 30 polic\u00edas m\u00e1s y todo en beneficio de ustedes, adem\u00e1s reconozco la labor del comisario Mario Rodea Mayorga por no ser corrupto ni permitirlo, yo meto las manos fuego por \u00e9l y \u00e9l estar\u00e1 a cargo de estos centros y de dar parte de lo que ocurra en ellos\u00bb.<\/p>\n<p>Guti\u00e9rrez Morales dijo que en las pr\u00f3ximas semanas anunciar\u00e1 arranque de las obras del presupuesto 2020, \u00ables decimos que sabr\u00e1n que obras haremos y les puedo decir que hemos reducido costos, ya no vamos a restaurantes, no tenemos choferes, no hay presidenta del DIF, no tengo secretario que conteste mi tel\u00e9fono o que cargue mi libreta, todo eso se acab\u00f3 estamos en un gobierno austero para llevar a cabo obras que sean de beneficio para los habitantes de Chalco, todo con la ayuda del presidente de M\u00e9xico que ha apoyado al municipio\u00bb.<\/p>\n<p>El edil asegur\u00f3 que debido pandemia por COVID 19 no se ha podido hacer las entregas de obras, pero seguir\u00e1n informando sobre lo que hagan en el municipio ya que dijo en a\u00f1o y medio de gobierno han comenzado a revertir la falta de atenci\u00f3n por parte de varias administraciones no se hab\u00eda cambiado o remozado las colonias del municipio.<\/p>\n","protected":false},"excerpt":{"rendered":"<p>Chalco, Estado de M\u00e9xico. &#8211; El gobierno de Chalco encabezado por Miguel Guti\u00e9rrez Morales,\u00a0 entrego<\/p>\n","protected":false},"author":1,"featured_media":7958,"comment_status":"open","ping_status":"open","sticky":false,"template":"","format":"standard","meta":{"footnotes":""},"categories":[1],"tags":[9],"class_list":["post-7957","post","type-post","status-publish","format-standard","has-post-thumbnail","hentry","category-municipales","tag-chalco"],"yoast_head":"<!-- This site is optimized with the Yoast SEO plugin v25.3 - https:\/\/yoast.com\/wordpress\/plugins\/seo\/ -->\n<title>Entregan los primeros cinco Centros de Atenci\u00f3n Social en Chalco - Volcanes<\/title>\n<meta name=\"robots\" content=\"index, follow, max-snippet:-1, max-image-preview:large, max-video-preview:-1\" \/>\n<link rel=\"canonical\" href=\"https:\/\/volcanes.net\/?p=7957\" \/>\n<meta property=\"og:locale\" content=\"es_MX\" \/>\n<meta property=\"og:type\" content=\"article\" \/>\n<meta property=\"og:title\" content=\"Entregan los primeros cinco Centros de Atenci\u00f3n Social en Chalco - Volcanes\" \/>\n<meta property=\"og:description\" content=\"Chalco, Estado de M\u00e9xico. &#8211; El gobierno de Chalco encabezado por Miguel Guti\u00e9rrez Morales,\u00a0 entrego\" \/>\n<meta property=\"og:url\" content=\"https:\/\/volcanes.net\/?p=7957\" \/>\n<meta property=\"og:site_name\" content=\"Volcanes\" \/>\n<meta property=\"article:publisher\" content=\"https:\/\/www.facebook.com\/volcanes.net\/\" \/>\n<meta property=\"article:published_time\" content=\"2020-08-18T13:34:54+00:00\" \/>\n<meta property=\"og:image\" content=\"https:\/\/volcanes.net\/wp-content\/uploads\/2020\/08\/20200818_081740.png\" \/>\n\t<meta property=\"og:image:width\" content=\"450\" \/>\n\t<meta property=\"og:image:height\" content=\"326\" \/>\n\t<meta property=\"og:image:type\" content=\"image\/png\" \/>\n<meta name=\"author\" content=\"admin\" \/>\n<meta name=\"twitter:card\" content=\"summary_large_image\" \/>\n<meta name=\"twitter:label1\" content=\"Escrito por\" \/>\n\t<meta name=\"twitter:data1\" content=\"admin\" \/>\n\t<meta name=\"twitter:label2\" content=\"Tiempo de lectura\" \/>\n\t<meta name=\"twitter:data2\" content=\"3 minutos\" \/>\n<script type=\"application\/ld+json\" class=\"yoast-schema-graph\">{\"@context\":\"https:\/\/schema.org\",\"@graph\":[{\"@type\":\"Article\",\"@id\":\"https:\/\/volcanes.net\/?p=7957#article\",\"isPartOf\":{\"@id\":\"https:\/\/volcanes.net\/?p=7957\"},\"author\":{\"name\":\"admin\",\"@id\":\"https:\/\/volcanes.net\/#\/schema\/person\/4bf0f383940966a4abd53f5048c0e6b9\"},\"headline\":\"Entregan los primeros cinco Centros de Atenci\u00f3n Social en Chalco\",\"datePublished\":\"2020-08-18T13:34:54+00:00\",\"mainEntityOfPage\":{\"@id\":\"https:\/\/volcanes.net\/?p=7957\"},\"wordCount\":553,\"commentCount\":0,\"publisher\":{\"@id\":\"https:\/\/volcanes.net\/#organization\"},\"image\":{\"@id\":\"https:\/\/volcanes.net\/?p=7957#primaryimage\"},\"thumbnailUrl\":\"https:\/\/volcanes.net\/wp-content\/uploads\/2020\/08\/20200818_081740.png\",\"keywords\":[\"Chalco\"],\"articleSection\":[\"Municipales\"],\"inLanguage\":\"es\",\"potentialAction\":[{\"@type\":\"CommentAction\",\"name\":\"Comment\",\"target\":[\"https:\/\/volcanes.net\/?p=7957#respond\"]}]},{\"@type\":\"WebPage\",\"@id\":\"https:\/\/volcanes.net\/?p=7957\",\"url\":\"https:\/\/volcanes.net\/?p=7957\",\"name\":\"Entregan los primeros cinco Centros de Atenci\u00f3n Social en Chalco - Volcanes\",\"isPartOf\":{\"@id\":\"https:\/\/volcanes.net\/#website\"},\"primaryImageOfPage\":{\"@id\":\"https:\/\/volcanes.net\/?p=7957#primaryimage\"},\"image\":{\"@id\":\"https:\/\/volcanes.net\/?p=7957#primaryimage\"},\"thumbnailUrl\":\"https:\/\/volcanes.net\/wp-content\/uploads\/2020\/08\/20200818_081740.png\",\"datePublished\":\"2020-08-18T13:34:54+00:00\",\"breadcrumb\":{\"@id\":\"https:\/\/volcanes.net\/?p=7957#breadcrumb\"},\"inLanguage\":\"es\",\"potentialAction\":[{\"@type\":\"ReadAction\",\"target\":[\"https:\/\/volcanes.net\/?p=7957\"]}]},{\"@type\":\"ImageObject\",\"inLanguage\":\"es\",\"@id\":\"https:\/\/volcanes.net\/?p=7957#primaryimage\",\"url\":\"https:\/\/volcanes.net\/wp-content\/uploads\/2020\/08\/20200818_081740.png\",\"contentUrl\":\"https:\/\/volcanes.net\/wp-content\/uploads\/2020\/08\/20200818_081740.png\",\"width\":450,\"height\":326},{\"@type\":\"BreadcrumbList\",\"@id\":\"https:\/\/volcanes.net\/?p=7957#breadcrumb\",\"itemListElement\":[{\"@type\":\"ListItem\",\"position\":1,\"name\":\"Portada\",\"item\":\"https:\/\/volcanes.net\/\"},{\"@type\":\"ListItem\",\"position\":2,\"name\":\"Entregan los primeros cinco Centros de Atenci\u00f3n Social en Chalco\"}]},{\"@type\":\"WebSite\",\"@id\":\"https:\/\/volcanes.net\/#website\",\"url\":\"https:\/\/volcanes.net\/\",\"name\":\"Volcanes.Net\",\"description\":\"Periodismo Profesional\",\"publisher\":{\"@id\":\"https:\/\/volcanes.net\/#organization\"},\"potentialAction\":[{\"@type\":\"SearchAction\",\"target\":{\"@type\":\"EntryPoint\",\"urlTemplate\":\"https:\/\/volcanes.net\/?s={search_term_string}\"},\"query-input\":{\"@type\":\"PropertyValueSpecification\",\"valueRequired\":true,\"valueName\":\"search_term_string\"}}],\"inLanguage\":\"es\"},{\"@type\":\"Organization\",\"@id\":\"https:\/\/volcanes.net\/#organization\",\"name\":\"Grupo Volcanes\",\"url\":\"https:\/\/volcanes.net\/\",\"logo\":{\"@type\":\"ImageObject\",\"inLanguage\":\"es\",\"@id\":\"https:\/\/volcanes.net\/#\/schema\/logo\/image\/\",\"url\":\"http:\/\/volcanes.net\/wp-content\/uploads\/2017\/12\/Avatar2.jpg\",\"contentUrl\":\"http:\/\/volcanes.net\/wp-content\/uploads\/2017\/12\/Avatar2.jpg\",\"width\":378,\"height\":378,\"caption\":\"Grupo Volcanes\"},\"image\":{\"@id\":\"https:\/\/volcanes.net\/#\/schema\/logo\/image\/\"},\"sameAs\":[\"https:\/\/www.facebook.com\/volcanes.net\/\"]},{\"@type\":\"Person\",\"@id\":\"https:\/\/volcanes.net\/#\/schema\/person\/4bf0f383940966a4abd53f5048c0e6b9\",\"name\":\"admin\",\"image\":{\"@type\":\"ImageObject\",\"inLanguage\":\"es\",\"@id\":\"https:\/\/volcanes.net\/#\/schema\/person\/image\/\",\"url\":\"https:\/\/secure.gravatar.com\/avatar\/ca004e6cba8462b8cb7abc86e382930c?s=96&d=mm&r=g\",\"contentUrl\":\"https:\/\/secure.gravatar.com\/avatar\/ca004e6cba8462b8cb7abc86e382930c?s=96&d=mm&r=g\",\"caption\":\"admin\"}}]}<\/script>\n<!-- \/ Yoast SEO plugin. -->","yoast_head_json":{"title":"Entregan los primeros cinco Centros de Atenci\u00f3n Social en Chalco - Volcanes","robots":{"index":"index","follow":"follow","max-snippet":"max-snippet:-1","max-image-preview":"max-image-preview:large","max-video-preview":"max-video-preview:-1"},"canonical":"https:\/\/volcanes.net\/?p=7957","og_locale":"es_MX","og_type":"article","og_title":"Entregan los primeros cinco Centros de Atenci\u00f3n Social en Chalco - Volcanes","og_description":"Chalco, Estado de M\u00e9xico. &#8211; El gobierno de Chalco encabezado por Miguel Guti\u00e9rrez Morales,\u00a0 entrego","og_url":"https:\/\/volcanes.net\/?p=7957","og_site_name":"Volcanes","article_publisher":"https:\/\/www.facebook.com\/volcanes.net\/","article_published_time":"2020-08-18T13:34:54+00:00","og_image":[{"width":450,"height":326,"url":"https:\/\/volcanes.net\/wp-content\/uploads\/2020\/08\/20200818_081740.png","type":"image\/png"}],"author":"admin","twitter_card":"summary_large_image","twitter_misc":{"Escrito por":"admin","Tiempo de lectura":"3 minutos"},"schema":{"@context":"https:\/\/schema.org","@graph":[{"@type":"Article","@id":"https:\/\/volcanes.net\/?p=7957#article","isPartOf":{"@id":"https:\/\/volcanes.net\/?p=7957"},"author":{"name":"admin","@id":"https:\/\/volcanes.net\/#\/schema\/person\/4bf0f383940966a4abd53f5048c0e6b9"},"headline":"Entregan los primeros cinco Centros de Atenci\u00f3n Social en Chalco","datePublished":"2020-08-18T13:34:54+00:00","mainEntityOfPage":{"@id":"https:\/\/volcanes.net\/?p=7957"},"wordCount":553,"commentCount":0,"publisher":{"@id":"https:\/\/volcanes.net\/#organization"},"image":{"@id":"https:\/\/volcanes.net\/?p=7957#primaryimage"},"thumbnailUrl":"https:\/\/volcanes.net\/wp-content\/uploads\/2020\/08\/20200818_081740.png","keywords":["Chalco"],"articleSection":["Municipales"],"inLanguage":"es","potentialAction":[{"@type":"CommentAction","name":"Comment","target":["https:\/\/volcanes.net\/?p=7957#respond"]}]},{"@type":"WebPage","@id":"https:\/\/volcanes.net\/?p=7957","url":"https:\/\/volcanes.net\/?p=7957","name":"Entregan los primeros cinco Centros de Atenci\u00f3n Social en Chalco - Volcanes","isPartOf":{"@id":"https:\/\/volcanes.net\/#website"},"primaryImageOfPage":{"@id":"https:\/\/volcanes.net\/?p=7957#primaryimage"},"image":{"@id":"https:\/\/volcanes.net\/?p=7957#primaryimage"},"thumbnailUrl":"https:\/\/volcanes.net\/wp-content\/uploads\/2020\/08\/20200818_081740.png","datePublished":"2020-08-18T13:34:54+00:00","breadcrumb":{"@id":"https:\/\/volcanes.net\/?p=7957#breadcrumb"},"inLanguage":"es","potentialAction":[{"@type":"ReadAction","target":["https:\/\/volcanes.net\/?p=7957"]}]},{"@type":"ImageObject","inLanguage":"es","@id":"https:\/\/volcanes.net\/?p=7957#primaryimage","url":"https:\/\/volcanes.net\/wp-content\/uploads\/2020\/08\/20200818_081740.png","contentUrl":"https:\/\/volcanes.net\/wp-content\/uploads\/2020\/08\/20200818_081740.png","width":450,"height":326},{"@type":"BreadcrumbList","@id":"https:\/\/volcanes.net\/?p=7957#breadcrumb","itemListElement":[{"@type":"ListItem","position":1,"name":"Portada","item":"https:\/\/volcanes.net\/"},{"@type":"ListItem","position":2,"name":"Entregan los primeros cinco Centros de Atenci\u00f3n Social en Chalco"}]},{"@type":"WebSite","@id":"https:\/\/volcanes.net\/#website","url":"https:\/\/volcanes.net\/","name":"Volcanes.Net","description":"Periodismo Profesional","publisher":{"@id":"https:\/\/volcanes.net\/#organization"},"potentialAction":[{"@type":"SearchAction","target":{"@type":"EntryPoint","urlTemplate":"https:\/\/volcanes.net\/?s={search_term_string}"},"query-input":{"@type":"PropertyValueSpecification","valueRequired":true,"valueName":"search_term_string"}}],"inLanguage":"es"},{"@type":"Organization","@id":"https:\/\/volcanes.net\/#organization","name":"Grupo Volcanes","url":"https:\/\/volcanes.net\/","logo":{"@type":"ImageObject","inLanguage":"es","@id":"https:\/\/volcanes.net\/#\/schema\/logo\/image\/","url":"http:\/\/volcanes.net\/wp-content\/uploads\/2017\/12\/Avatar2.jpg","contentUrl":"http:\/\/volcanes.net\/wp-content\/uploads\/2017\/12\/Avatar2.jpg","width":378,"height":378,"caption":"Grupo Volcanes"},"image":{"@id":"https:\/\/volcanes.net\/#\/schema\/logo\/image\/"},"sameAs":["https:\/\/www.facebook.com\/volcanes.net\/"]},{"@type":"Person","@id":"https:\/\/volcanes.net\/#\/schema\/person\/4bf0f383940966a4abd53f5048c0e6b9","name":"admin","image":{"@type":"ImageObject","inLanguage":"es","@id":"https:\/\/volcanes.net\/#\/schema\/person\/image\/","url":"https:\/\/secure.gravatar.com\/avatar\/ca004e6cba8462b8cb7abc86e382930c?s=96&d=mm&r=g","contentUrl":"https:\/\/secure.gravatar.com\/avatar\/ca004e6cba8462b8cb7abc86e382930c?s=96&d=mm&r=g","caption":"admin"}}]}},"_links":{"self":[{"href":"https:\/\/volcanes.net\/index.php?rest_route=\/wp\/v2\/posts\/7957"}],"collection":[{"href":"https:\/\/volcanes.net\/index.php?rest_route=\/wp\/v2\/posts"}],"about":[{"href":"https:\/\/volcanes.net\/index.php?rest_route=\/wp\/v2\/types\/post"}],"author":[{"embeddable":true,"href":"https:\/\/volcanes.net\/index.php?rest_route=\/wp\/v2\/users\/1"}],"replies":[{"embeddable":true,"href":"https:\/\/volcanes.net\/index.php?rest_route=%2Fwp%2Fv2%2Fcomments&post=7957"}],"version-history":[{"count":1,"href":"https:\/\/volcanes.net\/index.php?rest_route=\/wp\/v2\/posts\/7957\/revisions"}],"predecessor-version":[{"id":7959,"href":"https:\/\/volcanes.net\/index.php?rest_route=\/wp\/v2\/posts\/7957\/revisions\/7959"}],"wp:featuredmedia":[{"embeddable":true,"href":"https:\/\/volcanes.net\/index.php?rest_route=\/wp\/v2\/media\/7958"}],"wp:attachment":[{"href":"https:\/\/volcanes.net\/index.php?rest_route=%2Fwp%2Fv2%2Fmedia&parent=7957"}],"wp:term":[{"taxonomy":"category","embeddable":true,"href":"https:\/\/volcanes.net\/index.php?rest_route=%2Fwp%2Fv2%2Fcategories&post=7957"},{"taxonomy":"post_tag","embeddable":true,"href":"https:\/\/volcanes.net\/index.php?rest_route=%2Fwp%2Fv2%2Ftags&post=7957"}],"curies":[{"name":"wp","href":"https:\/\/api.w.org\/{rel}","templated":true}]}}