{"id":7963,"date":"2020-08-18T07:50:41","date_gmt":"2020-08-18T13:50:41","guid":{"rendered":"http:\/\/volcanes.net\/?p=7963"},"modified":"2020-08-18T07:50:41","modified_gmt":"2020-08-18T13:50:41","slug":"joven-es-herido-con-un-arma-de-fuego-afuera-de-su-domicilio-en-chalco","status":"publish","type":"post","link":"https:\/\/volcanes.net\/?p=7963","title":{"rendered":"Joven es herido con un arma de fuego afuera de su domicilio en Chalco"},"content":{"rendered":"<div style=\"margin-top: 0px; margin-bottom: 0px;\" class=\"sharethis-inline-share-buttons\" ><\/div><p>Chalco, Estado de M\u00e9xico.- Un hombre joven, de aproximadamente 20 a\u00f1os, fue herido por un impacto de arma de fuego, afuera de su domicilio, ubicado en el pueblo de San Mart\u00edn Cuautlalpan, de este municipio mexiquense.<\/p>\n<p>Seg\u00fan inform\u00f3 la polic\u00eda municipal de Chalco , se les report\u00f3 un herido por arma de fuego afuera de un domicilio ubicado en privada Ramos Mill\u00e1n, colonia la Mora San Martin Cuautlalpan, Municipio de Chalco.<\/p>\n<p>Estando en el lugar de los hechos la polic\u00eda ubica al hombre lesionado, quien presenta un impacto de arma de fuego, a la altura del pecho de su lado izquierdo, y que es identificado, por quien dijo ser su padre, como Antonio Ray\u00f3n Valdez.<\/p>\n<p>El padre del joven , Antonio Rayon, manifiesta que escucho disparos y al salir solo vio a su hijo tirado en el suelo y que desconoce qui\u00e9n le causo la lesi\u00f3n y el motivo<\/p>\n<p>Arribando al lugar una unidad m\u00e9dica de Bomberos Chalco Eco.494 A, y los param\u00e9dicos informan que traslada al lesionado a la Cl\u00ednica SAME de Chalco<\/p>\n","protected":false},"excerpt":{"rendered":"<p>Chalco, Estado de M\u00e9xico.- Un hombre joven, de aproximadamente 20 a\u00f1os, fue herido por un<\/p>\n","protected":false},"author":1,"featured_media":7964,"comment_status":"open","ping_status":"open","sticky":false,"template":"","format":"standard","meta":{"footnotes":""},"categories":[1],"tags":[9],"class_list":["post-7963","post","type-post","status-publish","format-standard","has-post-thumbnail","hentry","category-municipales","tag-chalco"],"yoast_head":"<!-- This site is optimized with the Yoast SEO plugin v25.3 - https:\/\/yoast.com\/wordpress\/plugins\/seo\/ -->\n<title>Joven es herido con un arma de fuego afuera de su domicilio en Chalco - Volcanes<\/title>\n<meta name=\"robots\" content=\"index, follow, max-snippet:-1, max-image-preview:large, max-video-preview:-1\" \/>\n<link rel=\"canonical\" href=\"https:\/\/volcanes.net\/?p=7963\" \/>\n<meta property=\"og:locale\" content=\"es_MX\" \/>\n<meta property=\"og:type\" content=\"article\" \/>\n<meta property=\"og:title\" content=\"Joven es herido con un arma de fuego afuera de su domicilio en Chalco - Volcanes\" \/>\n<meta property=\"og:description\" content=\"Chalco, Estado de M\u00e9xico.- Un hombre joven, de aproximadamente 20 a\u00f1os, fue herido por un\" \/>\n<meta property=\"og:url\" content=\"https:\/\/volcanes.net\/?p=7963\" \/>\n<meta property=\"og:site_name\" content=\"Volcanes\" \/>\n<meta property=\"article:publisher\" content=\"https:\/\/www.facebook.com\/volcanes.net\/\" \/>\n<meta property=\"article:published_time\" content=\"2020-08-18T13:50:41+00:00\" \/>\n<meta property=\"og:image\" content=\"https:\/\/volcanes.net\/wp-content\/uploads\/2020\/08\/wp-1597696366784.jpg\" \/>\n\t<meta property=\"og:image:width\" content=\"576\" \/>\n\t<meta property=\"og:image:height\" content=\"1024\" \/>\n\t<meta property=\"og:image:type\" content=\"image\/jpeg\" \/>\n<meta name=\"author\" content=\"admin\" \/>\n<meta name=\"twitter:card\" content=\"summary_large_image\" \/>\n<meta name=\"twitter:label1\" content=\"Escrito por\" \/>\n\t<meta name=\"twitter:data1\" content=\"admin\" \/>\n\t<meta name=\"twitter:label2\" content=\"Tiempo de lectura\" \/>\n\t<meta name=\"twitter:data2\" content=\"1 minuto\" \/>\n<script type=\"application\/ld+json\" class=\"yoast-schema-graph\">{\"@context\":\"https:\/\/schema.org\",\"@graph\":[{\"@type\":\"Article\",\"@id\":\"https:\/\/volcanes.net\/?p=7963#article\",\"isPartOf\":{\"@id\":\"https:\/\/volcanes.net\/?p=7963\"},\"author\":{\"name\":\"admin\",\"@id\":\"https:\/\/volcanes.net\/#\/schema\/person\/4bf0f383940966a4abd53f5048c0e6b9\"},\"headline\":\"Joven es herido con un arma de fuego afuera de su domicilio en Chalco\",\"datePublished\":\"2020-08-18T13:50:41+00:00\",\"mainEntityOfPage\":{\"@id\":\"https:\/\/volcanes.net\/?p=7963\"},\"wordCount\":199,\"commentCount\":0,\"publisher\":{\"@id\":\"https:\/\/volcanes.net\/#organization\"},\"image\":{\"@id\":\"https:\/\/volcanes.net\/?p=7963#primaryimage\"},\"thumbnailUrl\":\"https:\/\/volcanes.net\/wp-content\/uploads\/2020\/08\/wp-1597696366784.jpg\",\"keywords\":[\"Chalco\"],\"articleSection\":[\"Municipales\"],\"inLanguage\":\"es\",\"potentialAction\":[{\"@type\":\"CommentAction\",\"name\":\"Comment\",\"target\":[\"https:\/\/volcanes.net\/?p=7963#respond\"]}]},{\"@type\":\"WebPage\",\"@id\":\"https:\/\/volcanes.net\/?p=7963\",\"url\":\"https:\/\/volcanes.net\/?p=7963\",\"name\":\"Joven es herido con un arma de fuego afuera de su domicilio en Chalco - Volcanes\",\"isPartOf\":{\"@id\":\"https:\/\/volcanes.net\/#website\"},\"primaryImageOfPage\":{\"@id\":\"https:\/\/volcanes.net\/?p=7963#primaryimage\"},\"image\":{\"@id\":\"https:\/\/volcanes.net\/?p=7963#primaryimage\"},\"thumbnailUrl\":\"https:\/\/volcanes.net\/wp-content\/uploads\/2020\/08\/wp-1597696366784.jpg\",\"datePublished\":\"2020-08-18T13:50:41+00:00\",\"breadcrumb\":{\"@id\":\"https:\/\/volcanes.net\/?p=7963#breadcrumb\"},\"inLanguage\":\"es\",\"potentialAction\":[{\"@type\":\"ReadAction\",\"target\":[\"https:\/\/volcanes.net\/?p=7963\"]}]},{\"@type\":\"ImageObject\",\"inLanguage\":\"es\",\"@id\":\"https:\/\/volcanes.net\/?p=7963#primaryimage\",\"url\":\"https:\/\/volcanes.net\/wp-content\/uploads\/2020\/08\/wp-1597696366784.jpg\",\"contentUrl\":\"https:\/\/volcanes.net\/wp-content\/uploads\/2020\/08\/wp-1597696366784.jpg\",\"width\":576,\"height\":1024},{\"@type\":\"BreadcrumbList\",\"@id\":\"https:\/\/volcanes.net\/?p=7963#breadcrumb\",\"itemListElement\":[{\"@type\":\"ListItem\",\"position\":1,\"name\":\"Portada\",\"item\":\"https:\/\/volcanes.net\/\"},{\"@type\":\"ListItem\",\"position\":2,\"name\":\"Joven es herido con un arma de fuego afuera de su domicilio en Chalco\"}]},{\"@type\":\"WebSite\",\"@id\":\"https:\/\/volcanes.net\/#website\",\"url\":\"https:\/\/volcanes.net\/\",\"name\":\"Volcanes.Net\",\"description\":\"Periodismo Profesional\",\"publisher\":{\"@id\":\"https:\/\/volcanes.net\/#organization\"},\"potentialAction\":[{\"@type\":\"SearchAction\",\"target\":{\"@type\":\"EntryPoint\",\"urlTemplate\":\"https:\/\/volcanes.net\/?s={search_term_string}\"},\"query-input\":{\"@type\":\"PropertyValueSpecification\",\"valueRequired\":true,\"valueName\":\"search_term_string\"}}],\"inLanguage\":\"es\"},{\"@type\":\"Organization\",\"@id\":\"https:\/\/volcanes.net\/#organization\",\"name\":\"Grupo Volcanes\",\"url\":\"https:\/\/volcanes.net\/\",\"logo\":{\"@type\":\"ImageObject\",\"inLanguage\":\"es\",\"@id\":\"https:\/\/volcanes.net\/#\/schema\/logo\/image\/\",\"url\":\"http:\/\/volcanes.net\/wp-content\/uploads\/2017\/12\/Avatar2.jpg\",\"contentUrl\":\"http:\/\/volcanes.net\/wp-content\/uploads\/2017\/12\/Avatar2.jpg\",\"width\":378,\"height\":378,\"caption\":\"Grupo Volcanes\"},\"image\":{\"@id\":\"https:\/\/volcanes.net\/#\/schema\/logo\/image\/\"},\"sameAs\":[\"https:\/\/www.facebook.com\/volcanes.net\/\"]},{\"@type\":\"Person\",\"@id\":\"https:\/\/volcanes.net\/#\/schema\/person\/4bf0f383940966a4abd53f5048c0e6b9\",\"name\":\"admin\",\"image\":{\"@type\":\"ImageObject\",\"inLanguage\":\"es\",\"@id\":\"https:\/\/volcanes.net\/#\/schema\/person\/image\/\",\"url\":\"https:\/\/secure.gravatar.com\/avatar\/ca004e6cba8462b8cb7abc86e382930c?s=96&d=mm&r=g\",\"contentUrl\":\"https:\/\/secure.gravatar.com\/avatar\/ca004e6cba8462b8cb7abc86e382930c?s=96&d=mm&r=g\",\"caption\":\"admin\"}}]}<\/script>\n<!-- \/ Yoast SEO plugin. -->","yoast_head_json":{"title":"Joven es herido con un arma de fuego afuera de su domicilio en Chalco - Volcanes","robots":{"index":"index","follow":"follow","max-snippet":"max-snippet:-1","max-image-preview":"max-image-preview:large","max-video-preview":"max-video-preview:-1"},"canonical":"https:\/\/volcanes.net\/?p=7963","og_locale":"es_MX","og_type":"article","og_title":"Joven es herido con un arma de fuego afuera de su domicilio en Chalco - Volcanes","og_description":"Chalco, Estado de M\u00e9xico.- Un hombre joven, de aproximadamente 20 a\u00f1os, fue herido por un","og_url":"https:\/\/volcanes.net\/?p=7963","og_site_name":"Volcanes","article_publisher":"https:\/\/www.facebook.com\/volcanes.net\/","article_published_time":"2020-08-18T13:50:41+00:00","og_image":[{"width":576,"height":1024,"url":"https:\/\/volcanes.net\/wp-content\/uploads\/2020\/08\/wp-1597696366784.jpg","type":"image\/jpeg"}],"author":"admin","twitter_card":"summary_large_image","twitter_misc":{"Escrito por":"admin","Tiempo de lectura":"1 minuto"},"schema":{"@context":"https:\/\/schema.org","@graph":[{"@type":"Article","@id":"https:\/\/volcanes.net\/?p=7963#article","isPartOf":{"@id":"https:\/\/volcanes.net\/?p=7963"},"author":{"name":"admin","@id":"https:\/\/volcanes.net\/#\/schema\/person\/4bf0f383940966a4abd53f5048c0e6b9"},"headline":"Joven es herido con un arma de fuego afuera de su domicilio en Chalco","datePublished":"2020-08-18T13:50:41+00:00","mainEntityOfPage":{"@id":"https:\/\/volcanes.net\/?p=7963"},"wordCount":199,"commentCount":0,"publisher":{"@id":"https:\/\/volcanes.net\/#organization"},"image":{"@id":"https:\/\/volcanes.net\/?p=7963#primaryimage"},"thumbnailUrl":"https:\/\/volcanes.net\/wp-content\/uploads\/2020\/08\/wp-1597696366784.jpg","keywords":["Chalco"],"articleSection":["Municipales"],"inLanguage":"es","potentialAction":[{"@type":"CommentAction","name":"Comment","target":["https:\/\/volcanes.net\/?p=7963#respond"]}]},{"@type":"WebPage","@id":"https:\/\/volcanes.net\/?p=7963","url":"https:\/\/volcanes.net\/?p=7963","name":"Joven es herido con un arma de fuego afuera de su domicilio en Chalco - Volcanes","isPartOf":{"@id":"https:\/\/volcanes.net\/#website"},"primaryImageOfPage":{"@id":"https:\/\/volcanes.net\/?p=7963#primaryimage"},"image":{"@id":"https:\/\/volcanes.net\/?p=7963#primaryimage"},"thumbnailUrl":"https:\/\/volcanes.net\/wp-content\/uploads\/2020\/08\/wp-1597696366784.jpg","datePublished":"2020-08-18T13:50:41+00:00","breadcrumb":{"@id":"https:\/\/volcanes.net\/?p=7963#breadcrumb"},"inLanguage":"es","potentialAction":[{"@type":"ReadAction","target":["https:\/\/volcanes.net\/?p=7963"]}]},{"@type":"ImageObject","inLanguage":"es","@id":"https:\/\/volcanes.net\/?p=7963#primaryimage","url":"https:\/\/volcanes.net\/wp-content\/uploads\/2020\/08\/wp-1597696366784.jpg","contentUrl":"https:\/\/volcanes.net\/wp-content\/uploads\/2020\/08\/wp-1597696366784.jpg","width":576,"height":1024},{"@type":"BreadcrumbList","@id":"https:\/\/volcanes.net\/?p=7963#breadcrumb","itemListElement":[{"@type":"ListItem","position":1,"name":"Portada","item":"https:\/\/volcanes.net\/"},{"@type":"ListItem","position":2,"name":"Joven es herido con un arma de fuego afuera de su domicilio en Chalco"}]},{"@type":"WebSite","@id":"https:\/\/volcanes.net\/#website","url":"https:\/\/volcanes.net\/","name":"Volcanes.Net","description":"Periodismo Profesional","publisher":{"@id":"https:\/\/volcanes.net\/#organization"},"potentialAction":[{"@type":"SearchAction","target":{"@type":"EntryPoint","urlTemplate":"https:\/\/volcanes.net\/?s={search_term_string}"},"query-input":{"@type":"PropertyValueSpecification","valueRequired":true,"valueName":"search_term_string"}}],"inLanguage":"es"},{"@type":"Organization","@id":"https:\/\/volcanes.net\/#organization","name":"Grupo Volcanes","url":"https:\/\/volcanes.net\/","logo":{"@type":"ImageObject","inLanguage":"es","@id":"https:\/\/volcanes.net\/#\/schema\/logo\/image\/","url":"http:\/\/volcanes.net\/wp-content\/uploads\/2017\/12\/Avatar2.jpg","contentUrl":"http:\/\/volcanes.net\/wp-content\/uploads\/2017\/12\/Avatar2.jpg","width":378,"height":378,"caption":"Grupo Volcanes"},"image":{"@id":"https:\/\/volcanes.net\/#\/schema\/logo\/image\/"},"sameAs":["https:\/\/www.facebook.com\/volcanes.net\/"]},{"@type":"Person","@id":"https:\/\/volcanes.net\/#\/schema\/person\/4bf0f383940966a4abd53f5048c0e6b9","name":"admin","image":{"@type":"ImageObject","inLanguage":"es","@id":"https:\/\/volcanes.net\/#\/schema\/person\/image\/","url":"https:\/\/secure.gravatar.com\/avatar\/ca004e6cba8462b8cb7abc86e382930c?s=96&d=mm&r=g","contentUrl":"https:\/\/secure.gravatar.com\/avatar\/ca004e6cba8462b8cb7abc86e382930c?s=96&d=mm&r=g","caption":"admin"}}]}},"_links":{"self":[{"href":"https:\/\/volcanes.net\/index.php?rest_route=\/wp\/v2\/posts\/7963"}],"collection":[{"href":"https:\/\/volcanes.net\/index.php?rest_route=\/wp\/v2\/posts"}],"about":[{"href":"https:\/\/volcanes.net\/index.php?rest_route=\/wp\/v2\/types\/post"}],"author":[{"embeddable":true,"href":"https:\/\/volcanes.net\/index.php?rest_route=\/wp\/v2\/users\/1"}],"replies":[{"embeddable":true,"href":"https:\/\/volcanes.net\/index.php?rest_route=%2Fwp%2Fv2%2Fcomments&post=7963"}],"version-history":[{"count":1,"href":"https:\/\/volcanes.net\/index.php?rest_route=\/wp\/v2\/posts\/7963\/revisions"}],"predecessor-version":[{"id":7965,"href":"https:\/\/volcanes.net\/index.php?rest_route=\/wp\/v2\/posts\/7963\/revisions\/7965"}],"wp:featuredmedia":[{"embeddable":true,"href":"https:\/\/volcanes.net\/index.php?rest_route=\/wp\/v2\/media\/7964"}],"wp:attachment":[{"href":"https:\/\/volcanes.net\/index.php?rest_route=%2Fwp%2Fv2%2Fmedia&parent=7963"}],"wp:term":[{"taxonomy":"category","embeddable":true,"href":"https:\/\/volcanes.net\/index.php?rest_route=%2Fwp%2Fv2%2Fcategories&post=7963"},{"taxonomy":"post_tag","embeddable":true,"href":"https:\/\/volcanes.net\/index.php?rest_route=%2Fwp%2Fv2%2Ftags&post=7963"}],"curies":[{"name":"wp","href":"https:\/\/api.w.org\/{rel}","templated":true}]}}