{"id":7970,"date":"2020-08-18T15:31:27","date_gmt":"2020-08-18T21:31:27","guid":{"rendered":"http:\/\/volcanes.net\/?p=7970"},"modified":"2020-08-18T15:31:27","modified_gmt":"2020-08-18T21:31:27","slug":"busqueda-y-pronta-localizacion-de-persona-desaparecida-en-tepetlixpa","status":"publish","type":"post","link":"https:\/\/volcanes.net\/?p=7970","title":{"rendered":"Busqueda y pronta localizaci\u00f3n de persona desaparecida en Tepetlixpa"},"content":{"rendered":"<div style=\"margin-top: 0px; margin-bottom: 0px;\" class=\"sharethis-inline-share-buttons\" ><\/div><p>Tepetlixpa Estado de M\u00e9xico.-\u00a0 Por medio del las autoridades municipales a cargo de Heriberto Ramirez de la Rosa informa que al rededor de las \u00a07:00 AM se hizo contacto con Jos\u00e9 Luis Valladares Conde de 25 a\u00f1os quien desconoce el paradero de su padre Francisco Jos\u00e9 Luis Valladares Lozano de 64 a\u00f1os.<\/p>\n<p>Cabe mencionar que Jos\u00e9 Luis Valladares Conde informan que su padre sali\u00f3 de su domicilio calle Morelos s\/n, para acudir a un servicio mec\u00e1nico a bordo de su Veh\u00edculo Golf Rojo con placas NTY1046, sin embargo, no regreso a su domicilio, ademas de que La Golf lleva el letrero de Mec\u00e1nico Lozano en las puertas con pintura blanca.<\/p>\n<p>No obstante Menciona Ofelia Conde Rivera quien es esposa del desaparecido que llevan 4 d\u00edas sin saber de su paradero, por lo que solicita el apoyo de Seguridad P\u00fablica Municipal Tepetlixpa y dem\u00e1s estancias para la b\u00fasqueda de la persona.<\/p>\n","protected":false},"excerpt":{"rendered":"<p>Tepetlixpa Estado de M\u00e9xico.-\u00a0 Por medio del las autoridades municipales a cargo de Heriberto Ramirez<\/p>\n","protected":false},"author":1,"featured_media":7971,"comment_status":"open","ping_status":"open","sticky":false,"template":"","format":"standard","meta":{"footnotes":""},"categories":[1],"tags":[16],"class_list":["post-7970","post","type-post","status-publish","format-standard","has-post-thumbnail","hentry","category-municipales","tag-tepetlixpa"],"yoast_head":"<!-- This site is optimized with the Yoast SEO plugin v25.3 - https:\/\/yoast.com\/wordpress\/plugins\/seo\/ -->\n<title>Busqueda y pronta localizaci\u00f3n de persona desaparecida en Tepetlixpa - Volcanes<\/title>\n<meta name=\"robots\" content=\"index, follow, max-snippet:-1, max-image-preview:large, max-video-preview:-1\" \/>\n<link rel=\"canonical\" href=\"https:\/\/volcanes.net\/?p=7970\" \/>\n<meta property=\"og:locale\" content=\"es_MX\" \/>\n<meta property=\"og:type\" content=\"article\" \/>\n<meta property=\"og:title\" content=\"Busqueda y pronta localizaci\u00f3n de persona desaparecida en Tepetlixpa - Volcanes\" \/>\n<meta property=\"og:description\" content=\"Tepetlixpa Estado de M\u00e9xico.-\u00a0 Por medio del las autoridades municipales a cargo de Heriberto Ramirez\" \/>\n<meta property=\"og:url\" content=\"https:\/\/volcanes.net\/?p=7970\" \/>\n<meta property=\"og:site_name\" content=\"Volcanes\" \/>\n<meta property=\"article:publisher\" content=\"https:\/\/www.facebook.com\/volcanes.net\/\" \/>\n<meta property=\"article:published_time\" content=\"2020-08-18T21:31:27+00:00\" \/>\n<meta property=\"og:image\" content=\"https:\/\/volcanes.net\/wp-content\/uploads\/2020\/08\/WhatsApp-Image-2020-08-18-at-4.01.36-PM.jpeg\" \/>\n\t<meta property=\"og:image:width\" content=\"1017\" \/>\n\t<meta property=\"og:image:height\" content=\"783\" \/>\n\t<meta property=\"og:image:type\" content=\"image\/jpeg\" \/>\n<meta name=\"author\" content=\"admin\" \/>\n<meta name=\"twitter:card\" content=\"summary_large_image\" \/>\n<meta name=\"twitter:label1\" content=\"Escrito por\" \/>\n\t<meta name=\"twitter:data1\" content=\"admin\" \/>\n\t<meta name=\"twitter:label2\" content=\"Tiempo de lectura\" \/>\n\t<meta name=\"twitter:data2\" content=\"1 minuto\" \/>\n<script type=\"application\/ld+json\" class=\"yoast-schema-graph\">{\"@context\":\"https:\/\/schema.org\",\"@graph\":[{\"@type\":\"Article\",\"@id\":\"https:\/\/volcanes.net\/?p=7970#article\",\"isPartOf\":{\"@id\":\"https:\/\/volcanes.net\/?p=7970\"},\"author\":{\"name\":\"admin\",\"@id\":\"https:\/\/volcanes.net\/#\/schema\/person\/4bf0f383940966a4abd53f5048c0e6b9\"},\"headline\":\"Busqueda y pronta localizaci\u00f3n de persona desaparecida en Tepetlixpa\",\"datePublished\":\"2020-08-18T21:31:27+00:00\",\"mainEntityOfPage\":{\"@id\":\"https:\/\/volcanes.net\/?p=7970\"},\"wordCount\":168,\"commentCount\":0,\"publisher\":{\"@id\":\"https:\/\/volcanes.net\/#organization\"},\"image\":{\"@id\":\"https:\/\/volcanes.net\/?p=7970#primaryimage\"},\"thumbnailUrl\":\"https:\/\/volcanes.net\/wp-content\/uploads\/2020\/08\/WhatsApp-Image-2020-08-18-at-4.01.36-PM.jpeg\",\"keywords\":[\"Tepetlixpa\"],\"articleSection\":[\"Municipales\"],\"inLanguage\":\"es\",\"potentialAction\":[{\"@type\":\"CommentAction\",\"name\":\"Comment\",\"target\":[\"https:\/\/volcanes.net\/?p=7970#respond\"]}]},{\"@type\":\"WebPage\",\"@id\":\"https:\/\/volcanes.net\/?p=7970\",\"url\":\"https:\/\/volcanes.net\/?p=7970\",\"name\":\"Busqueda y pronta localizaci\u00f3n de persona desaparecida en Tepetlixpa - Volcanes\",\"isPartOf\":{\"@id\":\"https:\/\/volcanes.net\/#website\"},\"primaryImageOfPage\":{\"@id\":\"https:\/\/volcanes.net\/?p=7970#primaryimage\"},\"image\":{\"@id\":\"https:\/\/volcanes.net\/?p=7970#primaryimage\"},\"thumbnailUrl\":\"https:\/\/volcanes.net\/wp-content\/uploads\/2020\/08\/WhatsApp-Image-2020-08-18-at-4.01.36-PM.jpeg\",\"datePublished\":\"2020-08-18T21:31:27+00:00\",\"breadcrumb\":{\"@id\":\"https:\/\/volcanes.net\/?p=7970#breadcrumb\"},\"inLanguage\":\"es\",\"potentialAction\":[{\"@type\":\"ReadAction\",\"target\":[\"https:\/\/volcanes.net\/?p=7970\"]}]},{\"@type\":\"ImageObject\",\"inLanguage\":\"es\",\"@id\":\"https:\/\/volcanes.net\/?p=7970#primaryimage\",\"url\":\"https:\/\/volcanes.net\/wp-content\/uploads\/2020\/08\/WhatsApp-Image-2020-08-18-at-4.01.36-PM.jpeg\",\"contentUrl\":\"https:\/\/volcanes.net\/wp-content\/uploads\/2020\/08\/WhatsApp-Image-2020-08-18-at-4.01.36-PM.jpeg\",\"width\":1017,\"height\":783},{\"@type\":\"BreadcrumbList\",\"@id\":\"https:\/\/volcanes.net\/?p=7970#breadcrumb\",\"itemListElement\":[{\"@type\":\"ListItem\",\"position\":1,\"name\":\"Portada\",\"item\":\"https:\/\/volcanes.net\/\"},{\"@type\":\"ListItem\",\"position\":2,\"name\":\"Busqueda y pronta localizaci\u00f3n de persona desaparecida en Tepetlixpa\"}]},{\"@type\":\"WebSite\",\"@id\":\"https:\/\/volcanes.net\/#website\",\"url\":\"https:\/\/volcanes.net\/\",\"name\":\"Volcanes.Net\",\"description\":\"Periodismo Profesional\",\"publisher\":{\"@id\":\"https:\/\/volcanes.net\/#organization\"},\"potentialAction\":[{\"@type\":\"SearchAction\",\"target\":{\"@type\":\"EntryPoint\",\"urlTemplate\":\"https:\/\/volcanes.net\/?s={search_term_string}\"},\"query-input\":{\"@type\":\"PropertyValueSpecification\",\"valueRequired\":true,\"valueName\":\"search_term_string\"}}],\"inLanguage\":\"es\"},{\"@type\":\"Organization\",\"@id\":\"https:\/\/volcanes.net\/#organization\",\"name\":\"Grupo Volcanes\",\"url\":\"https:\/\/volcanes.net\/\",\"logo\":{\"@type\":\"ImageObject\",\"inLanguage\":\"es\",\"@id\":\"https:\/\/volcanes.net\/#\/schema\/logo\/image\/\",\"url\":\"http:\/\/volcanes.net\/wp-content\/uploads\/2017\/12\/Avatar2.jpg\",\"contentUrl\":\"http:\/\/volcanes.net\/wp-content\/uploads\/2017\/12\/Avatar2.jpg\",\"width\":378,\"height\":378,\"caption\":\"Grupo Volcanes\"},\"image\":{\"@id\":\"https:\/\/volcanes.net\/#\/schema\/logo\/image\/\"},\"sameAs\":[\"https:\/\/www.facebook.com\/volcanes.net\/\"]},{\"@type\":\"Person\",\"@id\":\"https:\/\/volcanes.net\/#\/schema\/person\/4bf0f383940966a4abd53f5048c0e6b9\",\"name\":\"admin\",\"image\":{\"@type\":\"ImageObject\",\"inLanguage\":\"es\",\"@id\":\"https:\/\/volcanes.net\/#\/schema\/person\/image\/\",\"url\":\"https:\/\/secure.gravatar.com\/avatar\/ca004e6cba8462b8cb7abc86e382930c?s=96&d=mm&r=g\",\"contentUrl\":\"https:\/\/secure.gravatar.com\/avatar\/ca004e6cba8462b8cb7abc86e382930c?s=96&d=mm&r=g\",\"caption\":\"admin\"}}]}<\/script>\n<!-- \/ Yoast SEO plugin. -->","yoast_head_json":{"title":"Busqueda y pronta localizaci\u00f3n de persona desaparecida en Tepetlixpa - Volcanes","robots":{"index":"index","follow":"follow","max-snippet":"max-snippet:-1","max-image-preview":"max-image-preview:large","max-video-preview":"max-video-preview:-1"},"canonical":"https:\/\/volcanes.net\/?p=7970","og_locale":"es_MX","og_type":"article","og_title":"Busqueda y pronta localizaci\u00f3n de persona desaparecida en Tepetlixpa - Volcanes","og_description":"Tepetlixpa Estado de M\u00e9xico.-\u00a0 Por medio del las autoridades municipales a cargo de Heriberto Ramirez","og_url":"https:\/\/volcanes.net\/?p=7970","og_site_name":"Volcanes","article_publisher":"https:\/\/www.facebook.com\/volcanes.net\/","article_published_time":"2020-08-18T21:31:27+00:00","og_image":[{"width":1017,"height":783,"url":"https:\/\/volcanes.net\/wp-content\/uploads\/2020\/08\/WhatsApp-Image-2020-08-18-at-4.01.36-PM.jpeg","type":"image\/jpeg"}],"author":"admin","twitter_card":"summary_large_image","twitter_misc":{"Escrito por":"admin","Tiempo de lectura":"1 minuto"},"schema":{"@context":"https:\/\/schema.org","@graph":[{"@type":"Article","@id":"https:\/\/volcanes.net\/?p=7970#article","isPartOf":{"@id":"https:\/\/volcanes.net\/?p=7970"},"author":{"name":"admin","@id":"https:\/\/volcanes.net\/#\/schema\/person\/4bf0f383940966a4abd53f5048c0e6b9"},"headline":"Busqueda y pronta localizaci\u00f3n de persona desaparecida en Tepetlixpa","datePublished":"2020-08-18T21:31:27+00:00","mainEntityOfPage":{"@id":"https:\/\/volcanes.net\/?p=7970"},"wordCount":168,"commentCount":0,"publisher":{"@id":"https:\/\/volcanes.net\/#organization"},"image":{"@id":"https:\/\/volcanes.net\/?p=7970#primaryimage"},"thumbnailUrl":"https:\/\/volcanes.net\/wp-content\/uploads\/2020\/08\/WhatsApp-Image-2020-08-18-at-4.01.36-PM.jpeg","keywords":["Tepetlixpa"],"articleSection":["Municipales"],"inLanguage":"es","potentialAction":[{"@type":"CommentAction","name":"Comment","target":["https:\/\/volcanes.net\/?p=7970#respond"]}]},{"@type":"WebPage","@id":"https:\/\/volcanes.net\/?p=7970","url":"https:\/\/volcanes.net\/?p=7970","name":"Busqueda y pronta localizaci\u00f3n de persona desaparecida en Tepetlixpa - Volcanes","isPartOf":{"@id":"https:\/\/volcanes.net\/#website"},"primaryImageOfPage":{"@id":"https:\/\/volcanes.net\/?p=7970#primaryimage"},"image":{"@id":"https:\/\/volcanes.net\/?p=7970#primaryimage"},"thumbnailUrl":"https:\/\/volcanes.net\/wp-content\/uploads\/2020\/08\/WhatsApp-Image-2020-08-18-at-4.01.36-PM.jpeg","datePublished":"2020-08-18T21:31:27+00:00","breadcrumb":{"@id":"https:\/\/volcanes.net\/?p=7970#breadcrumb"},"inLanguage":"es","potentialAction":[{"@type":"ReadAction","target":["https:\/\/volcanes.net\/?p=7970"]}]},{"@type":"ImageObject","inLanguage":"es","@id":"https:\/\/volcanes.net\/?p=7970#primaryimage","url":"https:\/\/volcanes.net\/wp-content\/uploads\/2020\/08\/WhatsApp-Image-2020-08-18-at-4.01.36-PM.jpeg","contentUrl":"https:\/\/volcanes.net\/wp-content\/uploads\/2020\/08\/WhatsApp-Image-2020-08-18-at-4.01.36-PM.jpeg","width":1017,"height":783},{"@type":"BreadcrumbList","@id":"https:\/\/volcanes.net\/?p=7970#breadcrumb","itemListElement":[{"@type":"ListItem","position":1,"name":"Portada","item":"https:\/\/volcanes.net\/"},{"@type":"ListItem","position":2,"name":"Busqueda y pronta localizaci\u00f3n de persona desaparecida en Tepetlixpa"}]},{"@type":"WebSite","@id":"https:\/\/volcanes.net\/#website","url":"https:\/\/volcanes.net\/","name":"Volcanes.Net","description":"Periodismo Profesional","publisher":{"@id":"https:\/\/volcanes.net\/#organization"},"potentialAction":[{"@type":"SearchAction","target":{"@type":"EntryPoint","urlTemplate":"https:\/\/volcanes.net\/?s={search_term_string}"},"query-input":{"@type":"PropertyValueSpecification","valueRequired":true,"valueName":"search_term_string"}}],"inLanguage":"es"},{"@type":"Organization","@id":"https:\/\/volcanes.net\/#organization","name":"Grupo Volcanes","url":"https:\/\/volcanes.net\/","logo":{"@type":"ImageObject","inLanguage":"es","@id":"https:\/\/volcanes.net\/#\/schema\/logo\/image\/","url":"http:\/\/volcanes.net\/wp-content\/uploads\/2017\/12\/Avatar2.jpg","contentUrl":"http:\/\/volcanes.net\/wp-content\/uploads\/2017\/12\/Avatar2.jpg","width":378,"height":378,"caption":"Grupo Volcanes"},"image":{"@id":"https:\/\/volcanes.net\/#\/schema\/logo\/image\/"},"sameAs":["https:\/\/www.facebook.com\/volcanes.net\/"]},{"@type":"Person","@id":"https:\/\/volcanes.net\/#\/schema\/person\/4bf0f383940966a4abd53f5048c0e6b9","name":"admin","image":{"@type":"ImageObject","inLanguage":"es","@id":"https:\/\/volcanes.net\/#\/schema\/person\/image\/","url":"https:\/\/secure.gravatar.com\/avatar\/ca004e6cba8462b8cb7abc86e382930c?s=96&d=mm&r=g","contentUrl":"https:\/\/secure.gravatar.com\/avatar\/ca004e6cba8462b8cb7abc86e382930c?s=96&d=mm&r=g","caption":"admin"}}]}},"_links":{"self":[{"href":"https:\/\/volcanes.net\/index.php?rest_route=\/wp\/v2\/posts\/7970"}],"collection":[{"href":"https:\/\/volcanes.net\/index.php?rest_route=\/wp\/v2\/posts"}],"about":[{"href":"https:\/\/volcanes.net\/index.php?rest_route=\/wp\/v2\/types\/post"}],"author":[{"embeddable":true,"href":"https:\/\/volcanes.net\/index.php?rest_route=\/wp\/v2\/users\/1"}],"replies":[{"embeddable":true,"href":"https:\/\/volcanes.net\/index.php?rest_route=%2Fwp%2Fv2%2Fcomments&post=7970"}],"version-history":[{"count":1,"href":"https:\/\/volcanes.net\/index.php?rest_route=\/wp\/v2\/posts\/7970\/revisions"}],"predecessor-version":[{"id":7972,"href":"https:\/\/volcanes.net\/index.php?rest_route=\/wp\/v2\/posts\/7970\/revisions\/7972"}],"wp:featuredmedia":[{"embeddable":true,"href":"https:\/\/volcanes.net\/index.php?rest_route=\/wp\/v2\/media\/7971"}],"wp:attachment":[{"href":"https:\/\/volcanes.net\/index.php?rest_route=%2Fwp%2Fv2%2Fmedia&parent=7970"}],"wp:term":[{"taxonomy":"category","embeddable":true,"href":"https:\/\/volcanes.net\/index.php?rest_route=%2Fwp%2Fv2%2Fcategories&post=7970"},{"taxonomy":"post_tag","embeddable":true,"href":"https:\/\/volcanes.net\/index.php?rest_route=%2Fwp%2Fv2%2Ftags&post=7970"}],"curies":[{"name":"wp","href":"https:\/\/api.w.org\/{rel}","templated":true}]}}