{"id":7976,"date":"2020-08-19T07:30:56","date_gmt":"2020-08-19T13:30:56","guid":{"rendered":"http:\/\/volcanes.net\/?p=7976"},"modified":"2020-08-19T07:30:56","modified_gmt":"2020-08-19T13:30:56","slug":"inauguran-parque-en-la-colonia-nueva-san-isidro-en-chalco","status":"publish","type":"post","link":"https:\/\/volcanes.net\/?p=7976","title":{"rendered":"Inauguran parque en la colonia Nueva San Isidro en Chalco"},"content":{"rendered":"<div style=\"margin-top: 0px; margin-bottom: 0px;\" class=\"sharethis-inline-share-buttons\" ><\/div><p>Chalco, Estado de M\u00e9xico. &#8211;\u00a0\u00abEl gobierno de Chalco, reconoce y aprecia el trabajo del gobierno del Estado de M\u00e9xico y el ejemplo es esto, la construcci\u00f3n de un parque en la colonia Nueva San Isidro, que fue una recuperaci\u00f3n de espacio que hace el gobierno federal y del estado y hoy es algo bueno para los vecinos de la Uni\u00f3n de Guadalupe y la Nueva San Isidro, por lo que agradecemos el apoyo de el secretario de Obra en el estado\u00bb, se\u00f1al\u00f3 Miguel Guti\u00e9rrez Morales presidente municipal de Chalco al inaugurar el espacio p\u00fablico.<\/p>\n<p>Destac\u00f3 que los vecinos de la colonia influyeron al solicitar al gobierno estatal la recuperaci\u00f3n del lugar para bienestar de los pobladores, \u00abustedes fueron los que pidieron el mejoramiento de este espacio que era ocupado para otras cosas y hoy lo ven transformado con \u00e1rea de juegos, canchas de basquetbol d\u00f3nde podr\u00e1n jugar\u00bb.<\/p>\n<p>Rafael D\u00edaz Leal Barrueta, Secretario de\u00a0 Obra P\u00fablica, asegur\u00f3 que el apoyo\u00a0 del gobierno municipal para llevar a cabo est\u00e1s obras necesarias para los mexiquenses, \u00able reconocemos a los vecinos por la petici\u00f3n y nosotros de los vecinos, que buscaban mejorar este espacio y hoy les damos las gracias a las autoridades municipales por todo el apoyo que nos brindaton\u00bb.<\/p>\n<p>El secretario estatal y responsable del gabinete regional se\u00f1al\u00f3 que la poblaci\u00f3n de la regi\u00f3n de los volcanes puede solicitar el apoyo al gobierno y si est\u00e1 bien definido el espacio de llevar\u00e1n a cabo la recuperaci\u00f3n de los espacios para que sean funcionales a la poblaci\u00f3n.<\/p>\n<p>El alcalde mencion\u00f3 que gracias a los apoyos y convenios con el gobierno del Estado y sobretodo por el apoyo del gobernador se han logrado obras para el municipio, \u00bb les digo que gracias a un convenio nos dieron m\u00e1s de 400 c\u00e1maras de videovigilancia, todo eso se lo agradecemos al mandatario\u00bb.<\/p>\n<p>El mun\u00edcipe dijo que con esta obra ellos continuar\u00e1n con el mejoramiento urbano y rehabilitar\u00e1n\u00a0 el mercado de la colonia para que tenga vista.<\/p>\n<p>D\u00edaz Leal Barrueta destac\u00f3 que la poblaci\u00f3n tiene las puertas abiertas al parque que fue dise\u00f1ado para tener el espacio adecuado en estos centros urbanos.<\/p>\n<p>Los vecinos agradecieron el apoyo del gobierno municipal y estatal para la realizaci\u00f3n de la obra.<\/p>\n","protected":false},"excerpt":{"rendered":"<p>Chalco, Estado de M\u00e9xico. &#8211;\u00a0\u00abEl gobierno de Chalco, reconoce y aprecia el trabajo del gobierno<\/p>\n","protected":false},"author":1,"featured_media":7977,"comment_status":"open","ping_status":"open","sticky":false,"template":"","format":"standard","meta":{"footnotes":""},"categories":[1],"tags":[9],"class_list":["post-7976","post","type-post","status-publish","format-standard","has-post-thumbnail","hentry","category-municipales","tag-chalco"],"yoast_head":"<!-- This site is optimized with the Yoast SEO plugin v25.3 - https:\/\/yoast.com\/wordpress\/plugins\/seo\/ -->\n<title>Inauguran parque en la colonia Nueva San Isidro en Chalco - Volcanes<\/title>\n<meta name=\"robots\" content=\"index, follow, max-snippet:-1, max-image-preview:large, max-video-preview:-1\" \/>\n<link rel=\"canonical\" href=\"https:\/\/volcanes.net\/?p=7976\" \/>\n<meta property=\"og:locale\" content=\"es_MX\" \/>\n<meta property=\"og:type\" content=\"article\" \/>\n<meta property=\"og:title\" content=\"Inauguran parque en la colonia Nueva San Isidro en Chalco - Volcanes\" \/>\n<meta property=\"og:description\" content=\"Chalco, Estado de M\u00e9xico. &#8211;\u00a0\u00abEl gobierno de Chalco, reconoce y aprecia el trabajo del gobierno\" \/>\n<meta property=\"og:url\" content=\"https:\/\/volcanes.net\/?p=7976\" \/>\n<meta property=\"og:site_name\" content=\"Volcanes\" \/>\n<meta property=\"article:publisher\" content=\"https:\/\/www.facebook.com\/volcanes.net\/\" \/>\n<meta property=\"article:published_time\" content=\"2020-08-19T13:30:56+00:00\" \/>\n<meta property=\"og:image\" content=\"https:\/\/volcanes.net\/wp-content\/uploads\/2020\/08\/FB_IMG_1597843142661.jpg\" \/>\n\t<meta property=\"og:image:width\" content=\"552\" \/>\n\t<meta property=\"og:image:height\" content=\"368\" \/>\n\t<meta property=\"og:image:type\" content=\"image\/jpeg\" \/>\n<meta name=\"author\" content=\"admin\" \/>\n<meta name=\"twitter:card\" content=\"summary_large_image\" \/>\n<meta name=\"twitter:label1\" content=\"Escrito por\" \/>\n\t<meta name=\"twitter:data1\" content=\"admin\" \/>\n\t<meta name=\"twitter:label2\" content=\"Tiempo de lectura\" \/>\n\t<meta name=\"twitter:data2\" content=\"2 minutos\" \/>\n<script type=\"application\/ld+json\" class=\"yoast-schema-graph\">{\"@context\":\"https:\/\/schema.org\",\"@graph\":[{\"@type\":\"Article\",\"@id\":\"https:\/\/volcanes.net\/?p=7976#article\",\"isPartOf\":{\"@id\":\"https:\/\/volcanes.net\/?p=7976\"},\"author\":{\"name\":\"admin\",\"@id\":\"https:\/\/volcanes.net\/#\/schema\/person\/4bf0f383940966a4abd53f5048c0e6b9\"},\"headline\":\"Inauguran parque en la colonia Nueva San Isidro en Chalco\",\"datePublished\":\"2020-08-19T13:30:56+00:00\",\"mainEntityOfPage\":{\"@id\":\"https:\/\/volcanes.net\/?p=7976\"},\"wordCount\":410,\"commentCount\":0,\"publisher\":{\"@id\":\"https:\/\/volcanes.net\/#organization\"},\"image\":{\"@id\":\"https:\/\/volcanes.net\/?p=7976#primaryimage\"},\"thumbnailUrl\":\"https:\/\/volcanes.net\/wp-content\/uploads\/2020\/08\/FB_IMG_1597843142661.jpg\",\"keywords\":[\"Chalco\"],\"articleSection\":[\"Municipales\"],\"inLanguage\":\"es\",\"potentialAction\":[{\"@type\":\"CommentAction\",\"name\":\"Comment\",\"target\":[\"https:\/\/volcanes.net\/?p=7976#respond\"]}]},{\"@type\":\"WebPage\",\"@id\":\"https:\/\/volcanes.net\/?p=7976\",\"url\":\"https:\/\/volcanes.net\/?p=7976\",\"name\":\"Inauguran parque en la colonia Nueva San Isidro en Chalco - Volcanes\",\"isPartOf\":{\"@id\":\"https:\/\/volcanes.net\/#website\"},\"primaryImageOfPage\":{\"@id\":\"https:\/\/volcanes.net\/?p=7976#primaryimage\"},\"image\":{\"@id\":\"https:\/\/volcanes.net\/?p=7976#primaryimage\"},\"thumbnailUrl\":\"https:\/\/volcanes.net\/wp-content\/uploads\/2020\/08\/FB_IMG_1597843142661.jpg\",\"datePublished\":\"2020-08-19T13:30:56+00:00\",\"breadcrumb\":{\"@id\":\"https:\/\/volcanes.net\/?p=7976#breadcrumb\"},\"inLanguage\":\"es\",\"potentialAction\":[{\"@type\":\"ReadAction\",\"target\":[\"https:\/\/volcanes.net\/?p=7976\"]}]},{\"@type\":\"ImageObject\",\"inLanguage\":\"es\",\"@id\":\"https:\/\/volcanes.net\/?p=7976#primaryimage\",\"url\":\"https:\/\/volcanes.net\/wp-content\/uploads\/2020\/08\/FB_IMG_1597843142661.jpg\",\"contentUrl\":\"https:\/\/volcanes.net\/wp-content\/uploads\/2020\/08\/FB_IMG_1597843142661.jpg\",\"width\":552,\"height\":368},{\"@type\":\"BreadcrumbList\",\"@id\":\"https:\/\/volcanes.net\/?p=7976#breadcrumb\",\"itemListElement\":[{\"@type\":\"ListItem\",\"position\":1,\"name\":\"Portada\",\"item\":\"https:\/\/volcanes.net\/\"},{\"@type\":\"ListItem\",\"position\":2,\"name\":\"Inauguran parque en la colonia Nueva San Isidro en Chalco\"}]},{\"@type\":\"WebSite\",\"@id\":\"https:\/\/volcanes.net\/#website\",\"url\":\"https:\/\/volcanes.net\/\",\"name\":\"Volcanes.Net\",\"description\":\"Periodismo Profesional\",\"publisher\":{\"@id\":\"https:\/\/volcanes.net\/#organization\"},\"potentialAction\":[{\"@type\":\"SearchAction\",\"target\":{\"@type\":\"EntryPoint\",\"urlTemplate\":\"https:\/\/volcanes.net\/?s={search_term_string}\"},\"query-input\":{\"@type\":\"PropertyValueSpecification\",\"valueRequired\":true,\"valueName\":\"search_term_string\"}}],\"inLanguage\":\"es\"},{\"@type\":\"Organization\",\"@id\":\"https:\/\/volcanes.net\/#organization\",\"name\":\"Grupo Volcanes\",\"url\":\"https:\/\/volcanes.net\/\",\"logo\":{\"@type\":\"ImageObject\",\"inLanguage\":\"es\",\"@id\":\"https:\/\/volcanes.net\/#\/schema\/logo\/image\/\",\"url\":\"http:\/\/volcanes.net\/wp-content\/uploads\/2017\/12\/Avatar2.jpg\",\"contentUrl\":\"http:\/\/volcanes.net\/wp-content\/uploads\/2017\/12\/Avatar2.jpg\",\"width\":378,\"height\":378,\"caption\":\"Grupo Volcanes\"},\"image\":{\"@id\":\"https:\/\/volcanes.net\/#\/schema\/logo\/image\/\"},\"sameAs\":[\"https:\/\/www.facebook.com\/volcanes.net\/\"]},{\"@type\":\"Person\",\"@id\":\"https:\/\/volcanes.net\/#\/schema\/person\/4bf0f383940966a4abd53f5048c0e6b9\",\"name\":\"admin\",\"image\":{\"@type\":\"ImageObject\",\"inLanguage\":\"es\",\"@id\":\"https:\/\/volcanes.net\/#\/schema\/person\/image\/\",\"url\":\"https:\/\/secure.gravatar.com\/avatar\/ca004e6cba8462b8cb7abc86e382930c?s=96&d=mm&r=g\",\"contentUrl\":\"https:\/\/secure.gravatar.com\/avatar\/ca004e6cba8462b8cb7abc86e382930c?s=96&d=mm&r=g\",\"caption\":\"admin\"}}]}<\/script>\n<!-- \/ Yoast SEO plugin. -->","yoast_head_json":{"title":"Inauguran parque en la colonia Nueva San Isidro en Chalco - Volcanes","robots":{"index":"index","follow":"follow","max-snippet":"max-snippet:-1","max-image-preview":"max-image-preview:large","max-video-preview":"max-video-preview:-1"},"canonical":"https:\/\/volcanes.net\/?p=7976","og_locale":"es_MX","og_type":"article","og_title":"Inauguran parque en la colonia Nueva San Isidro en Chalco - Volcanes","og_description":"Chalco, Estado de M\u00e9xico. &#8211;\u00a0\u00abEl gobierno de Chalco, reconoce y aprecia el trabajo del gobierno","og_url":"https:\/\/volcanes.net\/?p=7976","og_site_name":"Volcanes","article_publisher":"https:\/\/www.facebook.com\/volcanes.net\/","article_published_time":"2020-08-19T13:30:56+00:00","og_image":[{"width":552,"height":368,"url":"https:\/\/volcanes.net\/wp-content\/uploads\/2020\/08\/FB_IMG_1597843142661.jpg","type":"image\/jpeg"}],"author":"admin","twitter_card":"summary_large_image","twitter_misc":{"Escrito por":"admin","Tiempo de lectura":"2 minutos"},"schema":{"@context":"https:\/\/schema.org","@graph":[{"@type":"Article","@id":"https:\/\/volcanes.net\/?p=7976#article","isPartOf":{"@id":"https:\/\/volcanes.net\/?p=7976"},"author":{"name":"admin","@id":"https:\/\/volcanes.net\/#\/schema\/person\/4bf0f383940966a4abd53f5048c0e6b9"},"headline":"Inauguran parque en la colonia Nueva San Isidro en Chalco","datePublished":"2020-08-19T13:30:56+00:00","mainEntityOfPage":{"@id":"https:\/\/volcanes.net\/?p=7976"},"wordCount":410,"commentCount":0,"publisher":{"@id":"https:\/\/volcanes.net\/#organization"},"image":{"@id":"https:\/\/volcanes.net\/?p=7976#primaryimage"},"thumbnailUrl":"https:\/\/volcanes.net\/wp-content\/uploads\/2020\/08\/FB_IMG_1597843142661.jpg","keywords":["Chalco"],"articleSection":["Municipales"],"inLanguage":"es","potentialAction":[{"@type":"CommentAction","name":"Comment","target":["https:\/\/volcanes.net\/?p=7976#respond"]}]},{"@type":"WebPage","@id":"https:\/\/volcanes.net\/?p=7976","url":"https:\/\/volcanes.net\/?p=7976","name":"Inauguran parque en la colonia Nueva San Isidro en Chalco - Volcanes","isPartOf":{"@id":"https:\/\/volcanes.net\/#website"},"primaryImageOfPage":{"@id":"https:\/\/volcanes.net\/?p=7976#primaryimage"},"image":{"@id":"https:\/\/volcanes.net\/?p=7976#primaryimage"},"thumbnailUrl":"https:\/\/volcanes.net\/wp-content\/uploads\/2020\/08\/FB_IMG_1597843142661.jpg","datePublished":"2020-08-19T13:30:56+00:00","breadcrumb":{"@id":"https:\/\/volcanes.net\/?p=7976#breadcrumb"},"inLanguage":"es","potentialAction":[{"@type":"ReadAction","target":["https:\/\/volcanes.net\/?p=7976"]}]},{"@type":"ImageObject","inLanguage":"es","@id":"https:\/\/volcanes.net\/?p=7976#primaryimage","url":"https:\/\/volcanes.net\/wp-content\/uploads\/2020\/08\/FB_IMG_1597843142661.jpg","contentUrl":"https:\/\/volcanes.net\/wp-content\/uploads\/2020\/08\/FB_IMG_1597843142661.jpg","width":552,"height":368},{"@type":"BreadcrumbList","@id":"https:\/\/volcanes.net\/?p=7976#breadcrumb","itemListElement":[{"@type":"ListItem","position":1,"name":"Portada","item":"https:\/\/volcanes.net\/"},{"@type":"ListItem","position":2,"name":"Inauguran parque en la colonia Nueva San Isidro en Chalco"}]},{"@type":"WebSite","@id":"https:\/\/volcanes.net\/#website","url":"https:\/\/volcanes.net\/","name":"Volcanes.Net","description":"Periodismo Profesional","publisher":{"@id":"https:\/\/volcanes.net\/#organization"},"potentialAction":[{"@type":"SearchAction","target":{"@type":"EntryPoint","urlTemplate":"https:\/\/volcanes.net\/?s={search_term_string}"},"query-input":{"@type":"PropertyValueSpecification","valueRequired":true,"valueName":"search_term_string"}}],"inLanguage":"es"},{"@type":"Organization","@id":"https:\/\/volcanes.net\/#organization","name":"Grupo Volcanes","url":"https:\/\/volcanes.net\/","logo":{"@type":"ImageObject","inLanguage":"es","@id":"https:\/\/volcanes.net\/#\/schema\/logo\/image\/","url":"http:\/\/volcanes.net\/wp-content\/uploads\/2017\/12\/Avatar2.jpg","contentUrl":"http:\/\/volcanes.net\/wp-content\/uploads\/2017\/12\/Avatar2.jpg","width":378,"height":378,"caption":"Grupo Volcanes"},"image":{"@id":"https:\/\/volcanes.net\/#\/schema\/logo\/image\/"},"sameAs":["https:\/\/www.facebook.com\/volcanes.net\/"]},{"@type":"Person","@id":"https:\/\/volcanes.net\/#\/schema\/person\/4bf0f383940966a4abd53f5048c0e6b9","name":"admin","image":{"@type":"ImageObject","inLanguage":"es","@id":"https:\/\/volcanes.net\/#\/schema\/person\/image\/","url":"https:\/\/secure.gravatar.com\/avatar\/ca004e6cba8462b8cb7abc86e382930c?s=96&d=mm&r=g","contentUrl":"https:\/\/secure.gravatar.com\/avatar\/ca004e6cba8462b8cb7abc86e382930c?s=96&d=mm&r=g","caption":"admin"}}]}},"_links":{"self":[{"href":"https:\/\/volcanes.net\/index.php?rest_route=\/wp\/v2\/posts\/7976"}],"collection":[{"href":"https:\/\/volcanes.net\/index.php?rest_route=\/wp\/v2\/posts"}],"about":[{"href":"https:\/\/volcanes.net\/index.php?rest_route=\/wp\/v2\/types\/post"}],"author":[{"embeddable":true,"href":"https:\/\/volcanes.net\/index.php?rest_route=\/wp\/v2\/users\/1"}],"replies":[{"embeddable":true,"href":"https:\/\/volcanes.net\/index.php?rest_route=%2Fwp%2Fv2%2Fcomments&post=7976"}],"version-history":[{"count":1,"href":"https:\/\/volcanes.net\/index.php?rest_route=\/wp\/v2\/posts\/7976\/revisions"}],"predecessor-version":[{"id":7978,"href":"https:\/\/volcanes.net\/index.php?rest_route=\/wp\/v2\/posts\/7976\/revisions\/7978"}],"wp:featuredmedia":[{"embeddable":true,"href":"https:\/\/volcanes.net\/index.php?rest_route=\/wp\/v2\/media\/7977"}],"wp:attachment":[{"href":"https:\/\/volcanes.net\/index.php?rest_route=%2Fwp%2Fv2%2Fmedia&parent=7976"}],"wp:term":[{"taxonomy":"category","embeddable":true,"href":"https:\/\/volcanes.net\/index.php?rest_route=%2Fwp%2Fv2%2Fcategories&post=7976"},{"taxonomy":"post_tag","embeddable":true,"href":"https:\/\/volcanes.net\/index.php?rest_route=%2Fwp%2Fv2%2Ftags&post=7976"}],"curies":[{"name":"wp","href":"https:\/\/api.w.org\/{rel}","templated":true}]}}