{"id":7979,"date":"2020-08-19T07:44:22","date_gmt":"2020-08-19T13:44:22","guid":{"rendered":"http:\/\/volcanes.net\/?p=7979"},"modified":"2020-08-19T07:44:22","modified_gmt":"2020-08-19T13:44:22","slug":"dif-de-ixtapaluca-y-la-upchi-firmaron-un-convenio-de-colaboracion","status":"publish","type":"post","link":"https:\/\/volcanes.net\/?p=7979","title":{"rendered":"DIF de Ixtapaluca  y la UPCHI firmaron un convenio de colaboraci\u00f3n"},"content":{"rendered":"<div style=\"margin-top: 0px; margin-bottom: 0px;\" class=\"sharethis-inline-share-buttons\" ><\/div><p>Ixtapaluca, Estado de M\u00e9xico. &#8211; El Sistema Municipal DIF y la Universidad Polit\u00e9cnica de Chimalhuac\u00e1n (UPCHI) firmaron un convenio de colaboraci\u00f3n para que las y los alumnos de la licenciatura en Terapia F\u00edsica de esa instituci\u00f3n educativa puedan realizar su servicio social en el DIF y pongan en pr\u00e1ctica sus conocimientos.<\/p>\n<p>El rector del UPCHI, C\u00e9sar Alvarado Ram\u00edrez, dijo que la firma de convenio abre la posibilidad a que estudiantes de las carreras de Ingenier\u00eda Civil, Log\u00edstica y Transporte, as\u00ed como Sistemas Computacionales puedan apoyar en otras \u00e1reas del Ayuntamiento y responde a las inquietudes y necesidades de alumnos y alumnas que asisten a la UPCHI desde Ixtapaluca, Texcoco y La Paz.<\/p>\n<p>La presidenta del DIF Municipal, Y\u00e9ssica Sara\u00ed Gonz\u00e1lez Figueroa, manifest\u00f3 que la educaci\u00f3n debe ser una cuesti\u00f3n de justicia social, no gerencial o empresarial. Las familias, dijo, quieren que sus hijos estudien, pero lamentablemente las cifras de pobreza aumentan y el nuevo ciclo escolar se vislumbra con mucha incertidumbre. Se requieren j\u00f3venes e instituciones que colaboren rec\u00edprocamente.<\/p>\n<p>Ante las circunstancias complejas por las que atravesamos, agreg\u00f3, no podemos detener el desarrollo de los profesionistas de M\u00e9xico, \u201cen el Sistema DIF los recibimos con los brazos abiertos para que puedan desarrollarse, adquieran experiencia y ejerzan su profesi\u00f3n en las diferentes \u00e1reas con las que cuenta el DIF\u201d.<\/p>\n<p>En Ixtapaluca, indic\u00f3, hay 37 mil adultos mayores que requieren terapeutas f\u00edsicos. El municipio, cuenta con un Centro Recreativo del Adulto Mayor, un Centro de Rehabilitaci\u00f3n, 22 Centros de Desarrollo Comunitario y 18 casas del adulto mayor, y aunque por la pandemia, el Centro Recreativo del Adulto Mayor no est\u00e1 funcionando, pueden realizarse actividades desde casa.<\/p>\n<p>El secretario del Ayuntamiento, Armando Ram\u00edrez Garc\u00eda, en representaci\u00f3n de la alcaldesa Maricela Serrano, dijo que la firma de este convenio se hace con el af\u00e1n de que los j\u00f3venes que se preparan en las universidades tengan la posibilidad de poder ayudar a la sociedad y que los conceptos acad\u00e9micos los puedan aplicar en diferentes \u00e1reas de la vida ordinaria.<\/p>\n<p>La triste realidad de los estudiantes mexicanos es que no se cuenta con una verdadera pol\u00edtica educativa que ofrezca alternativas, sin embargo, instituciones como la UPCHI, en Chimalhuac\u00e1n y el Centro Universitario Tlaca\u00e9lel (CUT) en Ixtapaluca son muestra de que se puede avanzar cuando existe una forma diferente de enfrentar los problemas.<\/p>\n","protected":false},"excerpt":{"rendered":"<p>Ixtapaluca, Estado de M\u00e9xico. &#8211; El Sistema Municipal DIF y la Universidad Polit\u00e9cnica de Chimalhuac\u00e1n<\/p>\n","protected":false},"author":1,"featured_media":7980,"comment_status":"open","ping_status":"open","sticky":false,"template":"","format":"standard","meta":{"footnotes":""},"categories":[1],"tags":[6],"class_list":["post-7979","post","type-post","status-publish","format-standard","has-post-thumbnail","hentry","category-municipales","tag-ixtapaluca"],"yoast_head":"<!-- This site is optimized with the Yoast SEO plugin v25.3 - https:\/\/yoast.com\/wordpress\/plugins\/seo\/ -->\n<title>DIF de Ixtapaluca y la UPCHI firmaron un convenio de colaboraci\u00f3n - Volcanes<\/title>\n<meta name=\"robots\" content=\"index, follow, max-snippet:-1, max-image-preview:large, max-video-preview:-1\" \/>\n<link rel=\"canonical\" href=\"https:\/\/volcanes.net\/?p=7979\" \/>\n<meta property=\"og:locale\" content=\"es_MX\" \/>\n<meta property=\"og:type\" content=\"article\" \/>\n<meta property=\"og:title\" content=\"DIF de Ixtapaluca y la UPCHI firmaron un convenio de colaboraci\u00f3n - Volcanes\" \/>\n<meta property=\"og:description\" content=\"Ixtapaluca, Estado de M\u00e9xico. &#8211; El Sistema Municipal DIF y la Universidad Polit\u00e9cnica de Chimalhuac\u00e1n\" \/>\n<meta property=\"og:url\" content=\"https:\/\/volcanes.net\/?p=7979\" \/>\n<meta property=\"og:site_name\" content=\"Volcanes\" \/>\n<meta property=\"article:publisher\" content=\"https:\/\/www.facebook.com\/volcanes.net\/\" \/>\n<meta property=\"article:published_time\" content=\"2020-08-19T13:44:22+00:00\" \/>\n<meta property=\"og:image\" content=\"https:\/\/volcanes.net\/wp-content\/uploads\/2020\/08\/FB_IMG_1597844301039.jpg\" \/>\n\t<meta property=\"og:image:width\" content=\"552\" \/>\n\t<meta property=\"og:image:height\" content=\"368\" \/>\n\t<meta property=\"og:image:type\" content=\"image\/jpeg\" \/>\n<meta name=\"author\" content=\"admin\" \/>\n<meta name=\"twitter:card\" content=\"summary_large_image\" \/>\n<meta name=\"twitter:label1\" content=\"Escrito por\" \/>\n\t<meta name=\"twitter:data1\" content=\"admin\" \/>\n\t<meta name=\"twitter:label2\" content=\"Tiempo de lectura\" \/>\n\t<meta name=\"twitter:data2\" content=\"2 minutos\" \/>\n<script type=\"application\/ld+json\" class=\"yoast-schema-graph\">{\"@context\":\"https:\/\/schema.org\",\"@graph\":[{\"@type\":\"Article\",\"@id\":\"https:\/\/volcanes.net\/?p=7979#article\",\"isPartOf\":{\"@id\":\"https:\/\/volcanes.net\/?p=7979\"},\"author\":{\"name\":\"admin\",\"@id\":\"https:\/\/volcanes.net\/#\/schema\/person\/4bf0f383940966a4abd53f5048c0e6b9\"},\"headline\":\"DIF de Ixtapaluca y la UPCHI firmaron un convenio de colaboraci\u00f3n\",\"datePublished\":\"2020-08-19T13:44:22+00:00\",\"mainEntityOfPage\":{\"@id\":\"https:\/\/volcanes.net\/?p=7979\"},\"wordCount\":425,\"commentCount\":0,\"publisher\":{\"@id\":\"https:\/\/volcanes.net\/#organization\"},\"image\":{\"@id\":\"https:\/\/volcanes.net\/?p=7979#primaryimage\"},\"thumbnailUrl\":\"https:\/\/volcanes.net\/wp-content\/uploads\/2020\/08\/FB_IMG_1597844301039.jpg\",\"keywords\":[\"Ixtapaluca\"],\"articleSection\":[\"Municipales\"],\"inLanguage\":\"es\",\"potentialAction\":[{\"@type\":\"CommentAction\",\"name\":\"Comment\",\"target\":[\"https:\/\/volcanes.net\/?p=7979#respond\"]}]},{\"@type\":\"WebPage\",\"@id\":\"https:\/\/volcanes.net\/?p=7979\",\"url\":\"https:\/\/volcanes.net\/?p=7979\",\"name\":\"DIF de Ixtapaluca y la UPCHI firmaron un convenio de colaboraci\u00f3n - Volcanes\",\"isPartOf\":{\"@id\":\"https:\/\/volcanes.net\/#website\"},\"primaryImageOfPage\":{\"@id\":\"https:\/\/volcanes.net\/?p=7979#primaryimage\"},\"image\":{\"@id\":\"https:\/\/volcanes.net\/?p=7979#primaryimage\"},\"thumbnailUrl\":\"https:\/\/volcanes.net\/wp-content\/uploads\/2020\/08\/FB_IMG_1597844301039.jpg\",\"datePublished\":\"2020-08-19T13:44:22+00:00\",\"breadcrumb\":{\"@id\":\"https:\/\/volcanes.net\/?p=7979#breadcrumb\"},\"inLanguage\":\"es\",\"potentialAction\":[{\"@type\":\"ReadAction\",\"target\":[\"https:\/\/volcanes.net\/?p=7979\"]}]},{\"@type\":\"ImageObject\",\"inLanguage\":\"es\",\"@id\":\"https:\/\/volcanes.net\/?p=7979#primaryimage\",\"url\":\"https:\/\/volcanes.net\/wp-content\/uploads\/2020\/08\/FB_IMG_1597844301039.jpg\",\"contentUrl\":\"https:\/\/volcanes.net\/wp-content\/uploads\/2020\/08\/FB_IMG_1597844301039.jpg\",\"width\":552,\"height\":368},{\"@type\":\"BreadcrumbList\",\"@id\":\"https:\/\/volcanes.net\/?p=7979#breadcrumb\",\"itemListElement\":[{\"@type\":\"ListItem\",\"position\":1,\"name\":\"Portada\",\"item\":\"https:\/\/volcanes.net\/\"},{\"@type\":\"ListItem\",\"position\":2,\"name\":\"DIF de Ixtapaluca y la UPCHI firmaron un convenio de colaboraci\u00f3n\"}]},{\"@type\":\"WebSite\",\"@id\":\"https:\/\/volcanes.net\/#website\",\"url\":\"https:\/\/volcanes.net\/\",\"name\":\"Volcanes.Net\",\"description\":\"Periodismo Profesional\",\"publisher\":{\"@id\":\"https:\/\/volcanes.net\/#organization\"},\"potentialAction\":[{\"@type\":\"SearchAction\",\"target\":{\"@type\":\"EntryPoint\",\"urlTemplate\":\"https:\/\/volcanes.net\/?s={search_term_string}\"},\"query-input\":{\"@type\":\"PropertyValueSpecification\",\"valueRequired\":true,\"valueName\":\"search_term_string\"}}],\"inLanguage\":\"es\"},{\"@type\":\"Organization\",\"@id\":\"https:\/\/volcanes.net\/#organization\",\"name\":\"Grupo Volcanes\",\"url\":\"https:\/\/volcanes.net\/\",\"logo\":{\"@type\":\"ImageObject\",\"inLanguage\":\"es\",\"@id\":\"https:\/\/volcanes.net\/#\/schema\/logo\/image\/\",\"url\":\"http:\/\/volcanes.net\/wp-content\/uploads\/2017\/12\/Avatar2.jpg\",\"contentUrl\":\"http:\/\/volcanes.net\/wp-content\/uploads\/2017\/12\/Avatar2.jpg\",\"width\":378,\"height\":378,\"caption\":\"Grupo Volcanes\"},\"image\":{\"@id\":\"https:\/\/volcanes.net\/#\/schema\/logo\/image\/\"},\"sameAs\":[\"https:\/\/www.facebook.com\/volcanes.net\/\"]},{\"@type\":\"Person\",\"@id\":\"https:\/\/volcanes.net\/#\/schema\/person\/4bf0f383940966a4abd53f5048c0e6b9\",\"name\":\"admin\",\"image\":{\"@type\":\"ImageObject\",\"inLanguage\":\"es\",\"@id\":\"https:\/\/volcanes.net\/#\/schema\/person\/image\/\",\"url\":\"https:\/\/secure.gravatar.com\/avatar\/ca004e6cba8462b8cb7abc86e382930c?s=96&d=mm&r=g\",\"contentUrl\":\"https:\/\/secure.gravatar.com\/avatar\/ca004e6cba8462b8cb7abc86e382930c?s=96&d=mm&r=g\",\"caption\":\"admin\"}}]}<\/script>\n<!-- \/ Yoast SEO plugin. -->","yoast_head_json":{"title":"DIF de Ixtapaluca y la UPCHI firmaron un convenio de colaboraci\u00f3n - Volcanes","robots":{"index":"index","follow":"follow","max-snippet":"max-snippet:-1","max-image-preview":"max-image-preview:large","max-video-preview":"max-video-preview:-1"},"canonical":"https:\/\/volcanes.net\/?p=7979","og_locale":"es_MX","og_type":"article","og_title":"DIF de Ixtapaluca y la UPCHI firmaron un convenio de colaboraci\u00f3n - Volcanes","og_description":"Ixtapaluca, Estado de M\u00e9xico. &#8211; El Sistema Municipal DIF y la Universidad Polit\u00e9cnica de Chimalhuac\u00e1n","og_url":"https:\/\/volcanes.net\/?p=7979","og_site_name":"Volcanes","article_publisher":"https:\/\/www.facebook.com\/volcanes.net\/","article_published_time":"2020-08-19T13:44:22+00:00","og_image":[{"width":552,"height":368,"url":"https:\/\/volcanes.net\/wp-content\/uploads\/2020\/08\/FB_IMG_1597844301039.jpg","type":"image\/jpeg"}],"author":"admin","twitter_card":"summary_large_image","twitter_misc":{"Escrito por":"admin","Tiempo de lectura":"2 minutos"},"schema":{"@context":"https:\/\/schema.org","@graph":[{"@type":"Article","@id":"https:\/\/volcanes.net\/?p=7979#article","isPartOf":{"@id":"https:\/\/volcanes.net\/?p=7979"},"author":{"name":"admin","@id":"https:\/\/volcanes.net\/#\/schema\/person\/4bf0f383940966a4abd53f5048c0e6b9"},"headline":"DIF de Ixtapaluca y la UPCHI firmaron un convenio de colaboraci\u00f3n","datePublished":"2020-08-19T13:44:22+00:00","mainEntityOfPage":{"@id":"https:\/\/volcanes.net\/?p=7979"},"wordCount":425,"commentCount":0,"publisher":{"@id":"https:\/\/volcanes.net\/#organization"},"image":{"@id":"https:\/\/volcanes.net\/?p=7979#primaryimage"},"thumbnailUrl":"https:\/\/volcanes.net\/wp-content\/uploads\/2020\/08\/FB_IMG_1597844301039.jpg","keywords":["Ixtapaluca"],"articleSection":["Municipales"],"inLanguage":"es","potentialAction":[{"@type":"CommentAction","name":"Comment","target":["https:\/\/volcanes.net\/?p=7979#respond"]}]},{"@type":"WebPage","@id":"https:\/\/volcanes.net\/?p=7979","url":"https:\/\/volcanes.net\/?p=7979","name":"DIF de Ixtapaluca y la UPCHI firmaron un convenio de colaboraci\u00f3n - Volcanes","isPartOf":{"@id":"https:\/\/volcanes.net\/#website"},"primaryImageOfPage":{"@id":"https:\/\/volcanes.net\/?p=7979#primaryimage"},"image":{"@id":"https:\/\/volcanes.net\/?p=7979#primaryimage"},"thumbnailUrl":"https:\/\/volcanes.net\/wp-content\/uploads\/2020\/08\/FB_IMG_1597844301039.jpg","datePublished":"2020-08-19T13:44:22+00:00","breadcrumb":{"@id":"https:\/\/volcanes.net\/?p=7979#breadcrumb"},"inLanguage":"es","potentialAction":[{"@type":"ReadAction","target":["https:\/\/volcanes.net\/?p=7979"]}]},{"@type":"ImageObject","inLanguage":"es","@id":"https:\/\/volcanes.net\/?p=7979#primaryimage","url":"https:\/\/volcanes.net\/wp-content\/uploads\/2020\/08\/FB_IMG_1597844301039.jpg","contentUrl":"https:\/\/volcanes.net\/wp-content\/uploads\/2020\/08\/FB_IMG_1597844301039.jpg","width":552,"height":368},{"@type":"BreadcrumbList","@id":"https:\/\/volcanes.net\/?p=7979#breadcrumb","itemListElement":[{"@type":"ListItem","position":1,"name":"Portada","item":"https:\/\/volcanes.net\/"},{"@type":"ListItem","position":2,"name":"DIF de Ixtapaluca y la UPCHI firmaron un convenio de colaboraci\u00f3n"}]},{"@type":"WebSite","@id":"https:\/\/volcanes.net\/#website","url":"https:\/\/volcanes.net\/","name":"Volcanes.Net","description":"Periodismo Profesional","publisher":{"@id":"https:\/\/volcanes.net\/#organization"},"potentialAction":[{"@type":"SearchAction","target":{"@type":"EntryPoint","urlTemplate":"https:\/\/volcanes.net\/?s={search_term_string}"},"query-input":{"@type":"PropertyValueSpecification","valueRequired":true,"valueName":"search_term_string"}}],"inLanguage":"es"},{"@type":"Organization","@id":"https:\/\/volcanes.net\/#organization","name":"Grupo Volcanes","url":"https:\/\/volcanes.net\/","logo":{"@type":"ImageObject","inLanguage":"es","@id":"https:\/\/volcanes.net\/#\/schema\/logo\/image\/","url":"http:\/\/volcanes.net\/wp-content\/uploads\/2017\/12\/Avatar2.jpg","contentUrl":"http:\/\/volcanes.net\/wp-content\/uploads\/2017\/12\/Avatar2.jpg","width":378,"height":378,"caption":"Grupo Volcanes"},"image":{"@id":"https:\/\/volcanes.net\/#\/schema\/logo\/image\/"},"sameAs":["https:\/\/www.facebook.com\/volcanes.net\/"]},{"@type":"Person","@id":"https:\/\/volcanes.net\/#\/schema\/person\/4bf0f383940966a4abd53f5048c0e6b9","name":"admin","image":{"@type":"ImageObject","inLanguage":"es","@id":"https:\/\/volcanes.net\/#\/schema\/person\/image\/","url":"https:\/\/secure.gravatar.com\/avatar\/ca004e6cba8462b8cb7abc86e382930c?s=96&d=mm&r=g","contentUrl":"https:\/\/secure.gravatar.com\/avatar\/ca004e6cba8462b8cb7abc86e382930c?s=96&d=mm&r=g","caption":"admin"}}]}},"_links":{"self":[{"href":"https:\/\/volcanes.net\/index.php?rest_route=\/wp\/v2\/posts\/7979"}],"collection":[{"href":"https:\/\/volcanes.net\/index.php?rest_route=\/wp\/v2\/posts"}],"about":[{"href":"https:\/\/volcanes.net\/index.php?rest_route=\/wp\/v2\/types\/post"}],"author":[{"embeddable":true,"href":"https:\/\/volcanes.net\/index.php?rest_route=\/wp\/v2\/users\/1"}],"replies":[{"embeddable":true,"href":"https:\/\/volcanes.net\/index.php?rest_route=%2Fwp%2Fv2%2Fcomments&post=7979"}],"version-history":[{"count":1,"href":"https:\/\/volcanes.net\/index.php?rest_route=\/wp\/v2\/posts\/7979\/revisions"}],"predecessor-version":[{"id":7981,"href":"https:\/\/volcanes.net\/index.php?rest_route=\/wp\/v2\/posts\/7979\/revisions\/7981"}],"wp:featuredmedia":[{"embeddable":true,"href":"https:\/\/volcanes.net\/index.php?rest_route=\/wp\/v2\/media\/7980"}],"wp:attachment":[{"href":"https:\/\/volcanes.net\/index.php?rest_route=%2Fwp%2Fv2%2Fmedia&parent=7979"}],"wp:term":[{"taxonomy":"category","embeddable":true,"href":"https:\/\/volcanes.net\/index.php?rest_route=%2Fwp%2Fv2%2Fcategories&post=7979"},{"taxonomy":"post_tag","embeddable":true,"href":"https:\/\/volcanes.net\/index.php?rest_route=%2Fwp%2Fv2%2Ftags&post=7979"}],"curies":[{"name":"wp","href":"https:\/\/api.w.org\/{rel}","templated":true}]}}