{"id":7986,"date":"2020-08-19T17:47:40","date_gmt":"2020-08-19T23:47:40","guid":{"rendered":"http:\/\/volcanes.net\/?p=7986"},"modified":"2020-08-19T17:47:40","modified_gmt":"2020-08-19T23:47:40","slug":"gobierno-de-ozumba-inicia-programa-de-retiro-de-escombros-en-las-calles","status":"publish","type":"post","link":"https:\/\/volcanes.net\/?p=7986","title":{"rendered":"Gobierno de Ozumba inicia programa de retiro de escombros en las calles\u00a0"},"content":{"rendered":"<div style=\"margin-top: 0px; margin-bottom: 0px;\" class=\"sharethis-inline-share-buttons\" ><\/div><p>Ozumba, Estado de M\u00e9xico. &#8211; Con la finalidad de dar continuidad a la iniciativa sendero seguro, edil de Ozumba hoy inici\u00f3 el programa Retiro de escombros en las calles de la Cabecera Municipal, en el cual se hace el retiro de material de construcci\u00f3n o escombros que obstruyan las calles y las banquetas \u201ctodo con la finalidad de crear senderos seguros y limpios, libres de toda obstrucci\u00f3n\u201d, coment\u00f3 el alcalde.<\/p>\n<p>El d\u00eda de hoy el alcalde Valent\u00edn inici\u00f3 este programa en la calle Guerrero, Morelos y Ferrocarril, de la Cabecera municipal, acompa\u00f1ado de la titular de Desarrollo Urbano, la Arquitecta B\u00e1rbara Itzel Rivera L\u00f3pez, y del personal del Departamento de Limpia y de Servicios P\u00fablicos, quienes est\u00e1n trabajando en coordinaci\u00f3n.<\/p>\n<p>Previo a esta acci\u00f3n, se les notific\u00f3 a todos los vecinos ozumbenses que tuvieran su material de construcci\u00f3n u otro tipo de material que estuviera obstruyendo la v\u00eda p\u00fablica a fin de que lo retiraran, lo que tuvo una respuesta positiva por parte de la poblaci\u00f3n, quienes quitaron sus materiales por sus propios medios, contribuyendo as\u00ed a limpiar y ordenar sus calles. Asegur\u00f3 el edil que este programa se implementar\u00e1 en todas las calles del municipio.<\/p>\n<p>Cabe se\u00f1alar que estas acciones del Presidente Municipal de Ozumba tienen la finalidad de hacer de Ozumba un municipio m\u00e1s ordenado, pues la invasi\u00f3n de calles y banquetas por material de construcci\u00f3n y otro tipo de materiales obsoletos es un problema que tienen todos los municipios de la zona Volcanes, el cual no se ha podido erradicar. Sin embargo, esta vez, en Ozumba, los vecinos se encuentran muy entusiasmados y agradecidos de que por fin se tomen cartas en el asunto, pues muchas veces este tipo de obstrucci\u00f3n en calles y banquetas han ocasionado serios accidentes, comentaron.<\/p>\n","protected":false},"excerpt":{"rendered":"<p>Ozumba, Estado de M\u00e9xico. &#8211; Con la finalidad de dar continuidad a la iniciativa sendero<\/p>\n","protected":false},"author":1,"featured_media":7987,"comment_status":"open","ping_status":"open","sticky":false,"template":"","format":"standard","meta":{"footnotes":""},"categories":[1],"tags":[14],"class_list":["post-7986","post","type-post","status-publish","format-standard","has-post-thumbnail","hentry","category-municipales","tag-ozumba"],"yoast_head":"<!-- This site is optimized with the Yoast SEO plugin v25.3 - https:\/\/yoast.com\/wordpress\/plugins\/seo\/ -->\n<title>Gobierno de Ozumba inicia programa de retiro de escombros en las calles\u00a0 - Volcanes<\/title>\n<meta name=\"robots\" content=\"index, follow, max-snippet:-1, max-image-preview:large, max-video-preview:-1\" \/>\n<link rel=\"canonical\" href=\"https:\/\/volcanes.net\/?p=7986\" \/>\n<meta property=\"og:locale\" content=\"es_MX\" \/>\n<meta property=\"og:type\" content=\"article\" \/>\n<meta property=\"og:title\" content=\"Gobierno de Ozumba inicia programa de retiro de escombros en las calles\u00a0 - Volcanes\" \/>\n<meta property=\"og:description\" content=\"Ozumba, Estado de M\u00e9xico. &#8211; Con la finalidad de dar continuidad a la iniciativa sendero\" \/>\n<meta property=\"og:url\" content=\"https:\/\/volcanes.net\/?p=7986\" \/>\n<meta property=\"og:site_name\" content=\"Volcanes\" \/>\n<meta property=\"article:publisher\" content=\"https:\/\/www.facebook.com\/volcanes.net\/\" \/>\n<meta property=\"article:published_time\" content=\"2020-08-19T23:47:40+00:00\" \/>\n<meta property=\"og:image\" content=\"https:\/\/volcanes.net\/wp-content\/uploads\/2020\/08\/FB_IMG_1597880746159.jpg\" \/>\n\t<meta property=\"og:image:width\" content=\"552\" \/>\n\t<meta property=\"og:image:height\" content=\"311\" \/>\n\t<meta property=\"og:image:type\" content=\"image\/jpeg\" \/>\n<meta name=\"author\" content=\"admin\" \/>\n<meta name=\"twitter:card\" content=\"summary_large_image\" \/>\n<meta name=\"twitter:label1\" content=\"Escrito por\" \/>\n\t<meta name=\"twitter:data1\" content=\"admin\" \/>\n\t<meta name=\"twitter:label2\" content=\"Tiempo de lectura\" \/>\n\t<meta name=\"twitter:data2\" content=\"2 minutos\" \/>\n<script type=\"application\/ld+json\" class=\"yoast-schema-graph\">{\"@context\":\"https:\/\/schema.org\",\"@graph\":[{\"@type\":\"Article\",\"@id\":\"https:\/\/volcanes.net\/?p=7986#article\",\"isPartOf\":{\"@id\":\"https:\/\/volcanes.net\/?p=7986\"},\"author\":{\"name\":\"admin\",\"@id\":\"https:\/\/volcanes.net\/#\/schema\/person\/4bf0f383940966a4abd53f5048c0e6b9\"},\"headline\":\"Gobierno de Ozumba inicia programa de retiro de escombros en las calles\u00a0\",\"datePublished\":\"2020-08-19T23:47:40+00:00\",\"mainEntityOfPage\":{\"@id\":\"https:\/\/volcanes.net\/?p=7986\"},\"wordCount\":326,\"commentCount\":0,\"publisher\":{\"@id\":\"https:\/\/volcanes.net\/#organization\"},\"image\":{\"@id\":\"https:\/\/volcanes.net\/?p=7986#primaryimage\"},\"thumbnailUrl\":\"https:\/\/volcanes.net\/wp-content\/uploads\/2020\/08\/FB_IMG_1597880746159.jpg\",\"keywords\":[\"Ozumba\"],\"articleSection\":[\"Municipales\"],\"inLanguage\":\"es\",\"potentialAction\":[{\"@type\":\"CommentAction\",\"name\":\"Comment\",\"target\":[\"https:\/\/volcanes.net\/?p=7986#respond\"]}]},{\"@type\":\"WebPage\",\"@id\":\"https:\/\/volcanes.net\/?p=7986\",\"url\":\"https:\/\/volcanes.net\/?p=7986\",\"name\":\"Gobierno de Ozumba inicia programa de retiro de escombros en las calles\u00a0 - Volcanes\",\"isPartOf\":{\"@id\":\"https:\/\/volcanes.net\/#website\"},\"primaryImageOfPage\":{\"@id\":\"https:\/\/volcanes.net\/?p=7986#primaryimage\"},\"image\":{\"@id\":\"https:\/\/volcanes.net\/?p=7986#primaryimage\"},\"thumbnailUrl\":\"https:\/\/volcanes.net\/wp-content\/uploads\/2020\/08\/FB_IMG_1597880746159.jpg\",\"datePublished\":\"2020-08-19T23:47:40+00:00\",\"breadcrumb\":{\"@id\":\"https:\/\/volcanes.net\/?p=7986#breadcrumb\"},\"inLanguage\":\"es\",\"potentialAction\":[{\"@type\":\"ReadAction\",\"target\":[\"https:\/\/volcanes.net\/?p=7986\"]}]},{\"@type\":\"ImageObject\",\"inLanguage\":\"es\",\"@id\":\"https:\/\/volcanes.net\/?p=7986#primaryimage\",\"url\":\"https:\/\/volcanes.net\/wp-content\/uploads\/2020\/08\/FB_IMG_1597880746159.jpg\",\"contentUrl\":\"https:\/\/volcanes.net\/wp-content\/uploads\/2020\/08\/FB_IMG_1597880746159.jpg\",\"width\":552,\"height\":311},{\"@type\":\"BreadcrumbList\",\"@id\":\"https:\/\/volcanes.net\/?p=7986#breadcrumb\",\"itemListElement\":[{\"@type\":\"ListItem\",\"position\":1,\"name\":\"Portada\",\"item\":\"https:\/\/volcanes.net\/\"},{\"@type\":\"ListItem\",\"position\":2,\"name\":\"Gobierno de Ozumba inicia programa de retiro de escombros en las calles\u00a0\"}]},{\"@type\":\"WebSite\",\"@id\":\"https:\/\/volcanes.net\/#website\",\"url\":\"https:\/\/volcanes.net\/\",\"name\":\"Volcanes.Net\",\"description\":\"Periodismo Profesional\",\"publisher\":{\"@id\":\"https:\/\/volcanes.net\/#organization\"},\"potentialAction\":[{\"@type\":\"SearchAction\",\"target\":{\"@type\":\"EntryPoint\",\"urlTemplate\":\"https:\/\/volcanes.net\/?s={search_term_string}\"},\"query-input\":{\"@type\":\"PropertyValueSpecification\",\"valueRequired\":true,\"valueName\":\"search_term_string\"}}],\"inLanguage\":\"es\"},{\"@type\":\"Organization\",\"@id\":\"https:\/\/volcanes.net\/#organization\",\"name\":\"Grupo Volcanes\",\"url\":\"https:\/\/volcanes.net\/\",\"logo\":{\"@type\":\"ImageObject\",\"inLanguage\":\"es\",\"@id\":\"https:\/\/volcanes.net\/#\/schema\/logo\/image\/\",\"url\":\"http:\/\/volcanes.net\/wp-content\/uploads\/2017\/12\/Avatar2.jpg\",\"contentUrl\":\"http:\/\/volcanes.net\/wp-content\/uploads\/2017\/12\/Avatar2.jpg\",\"width\":378,\"height\":378,\"caption\":\"Grupo Volcanes\"},\"image\":{\"@id\":\"https:\/\/volcanes.net\/#\/schema\/logo\/image\/\"},\"sameAs\":[\"https:\/\/www.facebook.com\/volcanes.net\/\"]},{\"@type\":\"Person\",\"@id\":\"https:\/\/volcanes.net\/#\/schema\/person\/4bf0f383940966a4abd53f5048c0e6b9\",\"name\":\"admin\",\"image\":{\"@type\":\"ImageObject\",\"inLanguage\":\"es\",\"@id\":\"https:\/\/volcanes.net\/#\/schema\/person\/image\/\",\"url\":\"https:\/\/secure.gravatar.com\/avatar\/ca004e6cba8462b8cb7abc86e382930c?s=96&d=mm&r=g\",\"contentUrl\":\"https:\/\/secure.gravatar.com\/avatar\/ca004e6cba8462b8cb7abc86e382930c?s=96&d=mm&r=g\",\"caption\":\"admin\"}}]}<\/script>\n<!-- \/ Yoast SEO plugin. -->","yoast_head_json":{"title":"Gobierno de Ozumba inicia programa de retiro de escombros en las calles\u00a0 - Volcanes","robots":{"index":"index","follow":"follow","max-snippet":"max-snippet:-1","max-image-preview":"max-image-preview:large","max-video-preview":"max-video-preview:-1"},"canonical":"https:\/\/volcanes.net\/?p=7986","og_locale":"es_MX","og_type":"article","og_title":"Gobierno de Ozumba inicia programa de retiro de escombros en las calles\u00a0 - Volcanes","og_description":"Ozumba, Estado de M\u00e9xico. &#8211; Con la finalidad de dar continuidad a la iniciativa sendero","og_url":"https:\/\/volcanes.net\/?p=7986","og_site_name":"Volcanes","article_publisher":"https:\/\/www.facebook.com\/volcanes.net\/","article_published_time":"2020-08-19T23:47:40+00:00","og_image":[{"width":552,"height":311,"url":"https:\/\/volcanes.net\/wp-content\/uploads\/2020\/08\/FB_IMG_1597880746159.jpg","type":"image\/jpeg"}],"author":"admin","twitter_card":"summary_large_image","twitter_misc":{"Escrito por":"admin","Tiempo de lectura":"2 minutos"},"schema":{"@context":"https:\/\/schema.org","@graph":[{"@type":"Article","@id":"https:\/\/volcanes.net\/?p=7986#article","isPartOf":{"@id":"https:\/\/volcanes.net\/?p=7986"},"author":{"name":"admin","@id":"https:\/\/volcanes.net\/#\/schema\/person\/4bf0f383940966a4abd53f5048c0e6b9"},"headline":"Gobierno de Ozumba inicia programa de retiro de escombros en las calles\u00a0","datePublished":"2020-08-19T23:47:40+00:00","mainEntityOfPage":{"@id":"https:\/\/volcanes.net\/?p=7986"},"wordCount":326,"commentCount":0,"publisher":{"@id":"https:\/\/volcanes.net\/#organization"},"image":{"@id":"https:\/\/volcanes.net\/?p=7986#primaryimage"},"thumbnailUrl":"https:\/\/volcanes.net\/wp-content\/uploads\/2020\/08\/FB_IMG_1597880746159.jpg","keywords":["Ozumba"],"articleSection":["Municipales"],"inLanguage":"es","potentialAction":[{"@type":"CommentAction","name":"Comment","target":["https:\/\/volcanes.net\/?p=7986#respond"]}]},{"@type":"WebPage","@id":"https:\/\/volcanes.net\/?p=7986","url":"https:\/\/volcanes.net\/?p=7986","name":"Gobierno de Ozumba inicia programa de retiro de escombros en las calles\u00a0 - Volcanes","isPartOf":{"@id":"https:\/\/volcanes.net\/#website"},"primaryImageOfPage":{"@id":"https:\/\/volcanes.net\/?p=7986#primaryimage"},"image":{"@id":"https:\/\/volcanes.net\/?p=7986#primaryimage"},"thumbnailUrl":"https:\/\/volcanes.net\/wp-content\/uploads\/2020\/08\/FB_IMG_1597880746159.jpg","datePublished":"2020-08-19T23:47:40+00:00","breadcrumb":{"@id":"https:\/\/volcanes.net\/?p=7986#breadcrumb"},"inLanguage":"es","potentialAction":[{"@type":"ReadAction","target":["https:\/\/volcanes.net\/?p=7986"]}]},{"@type":"ImageObject","inLanguage":"es","@id":"https:\/\/volcanes.net\/?p=7986#primaryimage","url":"https:\/\/volcanes.net\/wp-content\/uploads\/2020\/08\/FB_IMG_1597880746159.jpg","contentUrl":"https:\/\/volcanes.net\/wp-content\/uploads\/2020\/08\/FB_IMG_1597880746159.jpg","width":552,"height":311},{"@type":"BreadcrumbList","@id":"https:\/\/volcanes.net\/?p=7986#breadcrumb","itemListElement":[{"@type":"ListItem","position":1,"name":"Portada","item":"https:\/\/volcanes.net\/"},{"@type":"ListItem","position":2,"name":"Gobierno de Ozumba inicia programa de retiro de escombros en las calles\u00a0"}]},{"@type":"WebSite","@id":"https:\/\/volcanes.net\/#website","url":"https:\/\/volcanes.net\/","name":"Volcanes.Net","description":"Periodismo Profesional","publisher":{"@id":"https:\/\/volcanes.net\/#organization"},"potentialAction":[{"@type":"SearchAction","target":{"@type":"EntryPoint","urlTemplate":"https:\/\/volcanes.net\/?s={search_term_string}"},"query-input":{"@type":"PropertyValueSpecification","valueRequired":true,"valueName":"search_term_string"}}],"inLanguage":"es"},{"@type":"Organization","@id":"https:\/\/volcanes.net\/#organization","name":"Grupo Volcanes","url":"https:\/\/volcanes.net\/","logo":{"@type":"ImageObject","inLanguage":"es","@id":"https:\/\/volcanes.net\/#\/schema\/logo\/image\/","url":"http:\/\/volcanes.net\/wp-content\/uploads\/2017\/12\/Avatar2.jpg","contentUrl":"http:\/\/volcanes.net\/wp-content\/uploads\/2017\/12\/Avatar2.jpg","width":378,"height":378,"caption":"Grupo Volcanes"},"image":{"@id":"https:\/\/volcanes.net\/#\/schema\/logo\/image\/"},"sameAs":["https:\/\/www.facebook.com\/volcanes.net\/"]},{"@type":"Person","@id":"https:\/\/volcanes.net\/#\/schema\/person\/4bf0f383940966a4abd53f5048c0e6b9","name":"admin","image":{"@type":"ImageObject","inLanguage":"es","@id":"https:\/\/volcanes.net\/#\/schema\/person\/image\/","url":"https:\/\/secure.gravatar.com\/avatar\/ca004e6cba8462b8cb7abc86e382930c?s=96&d=mm&r=g","contentUrl":"https:\/\/secure.gravatar.com\/avatar\/ca004e6cba8462b8cb7abc86e382930c?s=96&d=mm&r=g","caption":"admin"}}]}},"_links":{"self":[{"href":"https:\/\/volcanes.net\/index.php?rest_route=\/wp\/v2\/posts\/7986"}],"collection":[{"href":"https:\/\/volcanes.net\/index.php?rest_route=\/wp\/v2\/posts"}],"about":[{"href":"https:\/\/volcanes.net\/index.php?rest_route=\/wp\/v2\/types\/post"}],"author":[{"embeddable":true,"href":"https:\/\/volcanes.net\/index.php?rest_route=\/wp\/v2\/users\/1"}],"replies":[{"embeddable":true,"href":"https:\/\/volcanes.net\/index.php?rest_route=%2Fwp%2Fv2%2Fcomments&post=7986"}],"version-history":[{"count":1,"href":"https:\/\/volcanes.net\/index.php?rest_route=\/wp\/v2\/posts\/7986\/revisions"}],"predecessor-version":[{"id":7988,"href":"https:\/\/volcanes.net\/index.php?rest_route=\/wp\/v2\/posts\/7986\/revisions\/7988"}],"wp:featuredmedia":[{"embeddable":true,"href":"https:\/\/volcanes.net\/index.php?rest_route=\/wp\/v2\/media\/7987"}],"wp:attachment":[{"href":"https:\/\/volcanes.net\/index.php?rest_route=%2Fwp%2Fv2%2Fmedia&parent=7986"}],"wp:term":[{"taxonomy":"category","embeddable":true,"href":"https:\/\/volcanes.net\/index.php?rest_route=%2Fwp%2Fv2%2Fcategories&post=7986"},{"taxonomy":"post_tag","embeddable":true,"href":"https:\/\/volcanes.net\/index.php?rest_route=%2Fwp%2Fv2%2Ftags&post=7986"}],"curies":[{"name":"wp","href":"https:\/\/api.w.org\/{rel}","templated":true}]}}