{"id":8001,"date":"2020-08-20T14:19:50","date_gmt":"2020-08-20T20:19:50","guid":{"rendered":"http:\/\/volcanes.net\/?p=8001"},"modified":"2020-08-20T14:19:50","modified_gmt":"2020-08-20T20:19:50","slug":"estas-son-las-inhumaciones-que-se-tuvieron-en-el-municipio-de-atlautla-por-covid-19","status":"publish","type":"post","link":"https:\/\/volcanes.net\/?p=8001","title":{"rendered":"Estas son las inhumaciones que se tuvieron en el municipio de Atlautla por COVID-19"},"content":{"rendered":"<div style=\"margin-top: 0px; margin-bottom: 0px;\" class=\"sharethis-inline-share-buttons\" ><\/div><p>Atlautla, Estado de M\u00e9xico. \u2013 Desde que inici\u00f3 la pandemia provocada por el virus SARS-CoV-2 mejor conocido como COVID-19 en nuestro pa\u00eds, el Ayuntamiento de Atlautla, a trav\u00e9s de las diferentes \u00e1reas de la administraci\u00f3n municipal aplicaron diferentes medidas preventivas para prevenir\u00a0 contagios entre la poblaci\u00f3n, adem\u00e1s de mantener\u00a0 informados de manera constante a los habitantes de la demarcaci\u00f3n.<\/p>\n<p>Sin embargo, pese a las cifras presentadas por el Gobierno de M\u00e9xico sobre enfermos y defunciones, algunos sectores de la poblaci\u00f3n dudaban sobre la presencia de la enfermedad en nuestra comunidad, hecho que provocaba entre los habitantes escepticismo y al mismo tiempo dudas sobre el n\u00famero de personas afectadas por el virus.<\/p>\n<p>Por lo que el Ayuntamiento present\u00f3 las cifras recabadas a trav\u00e9s de la base de datos que resguarda el \u00e1rea de la s\u00e9ptima regidur\u00eda y que mostrando el n\u00famero de defunciones provocadas por la enfermedad del Covid-19.<\/p>\n<p>Ante ello se cuenta con informaci\u00f3n actualizada sobre el n\u00famero de inhumaciones de personas que presentaron entre las causas de su muerte la enfermedad Covid-19 y que fueron inhumados en panteones del municipio\u00a0 hasta el mes de agosto.<\/p>\n<p>Cabe mencionar que los datos que se muestran en la tabla y las\u00a0gr\u00e1ficas se obtuvieron del acta de defunci\u00f3n y\/o certificado de defunci\u00f3n durante el periodo de tiempo, en donde se mencionan las cifras de inhumaciones por probable Covid-19 y por Covid-19 confirmado.<\/p>\n<p>Por otra parte durante esste periodo en los panteones del municipio se han aplicado las medidas sanitarias establecidas por el Consejo de Salubridad General para la inhumaci\u00f3n, y en algunos momentos se ha restringido el acceso para evitar el incremento de contagios.<\/p>\n<p>Recordemos que a\u00fan nos encontramos en sem\u00e1foro naranja por lo que\u00a0 no debemos bajar la guardia, continuar con el uso de cubre bocas, mantener la sana distancia, lavar constantemente las manos y la aplicaci\u00f3n de gel antibacterial.<\/p>\n","protected":false},"excerpt":{"rendered":"<p>Atlautla, Estado de M\u00e9xico. \u2013 Desde que inici\u00f3 la pandemia provocada por el virus SARS-CoV-2<\/p>\n","protected":false},"author":1,"featured_media":8002,"comment_status":"open","ping_status":"open","sticky":false,"template":"","format":"standard","meta":{"footnotes":""},"categories":[1],"tags":[80],"class_list":["post-8001","post","type-post","status-publish","format-standard","has-post-thumbnail","hentry","category-municipales","tag-atlautla"],"yoast_head":"<!-- This site is optimized with the Yoast SEO plugin v25.3 - https:\/\/yoast.com\/wordpress\/plugins\/seo\/ -->\n<title>Estas son las inhumaciones que se tuvieron en el municipio de Atlautla por COVID-19 - Volcanes<\/title>\n<meta name=\"robots\" content=\"index, follow, max-snippet:-1, max-image-preview:large, max-video-preview:-1\" \/>\n<link rel=\"canonical\" href=\"https:\/\/volcanes.net\/?p=8001\" \/>\n<meta property=\"og:locale\" content=\"es_MX\" \/>\n<meta property=\"og:type\" content=\"article\" \/>\n<meta property=\"og:title\" content=\"Estas son las inhumaciones que se tuvieron en el municipio de Atlautla por COVID-19 - Volcanes\" \/>\n<meta property=\"og:description\" content=\"Atlautla, Estado de M\u00e9xico. \u2013 Desde que inici\u00f3 la pandemia provocada por el virus SARS-CoV-2\" \/>\n<meta property=\"og:url\" content=\"https:\/\/volcanes.net\/?p=8001\" \/>\n<meta property=\"og:site_name\" content=\"Volcanes\" \/>\n<meta property=\"article:publisher\" content=\"https:\/\/www.facebook.com\/volcanes.net\/\" \/>\n<meta property=\"article:published_time\" content=\"2020-08-20T20:19:50+00:00\" \/>\n<meta property=\"og:image\" content=\"https:\/\/volcanes.net\/wp-content\/uploads\/2020\/08\/20200820_151049.png\" \/>\n\t<meta property=\"og:image:width\" content=\"540\" \/>\n\t<meta property=\"og:image:height\" content=\"306\" \/>\n\t<meta property=\"og:image:type\" content=\"image\/png\" \/>\n<meta name=\"author\" content=\"admin\" \/>\n<meta name=\"twitter:card\" content=\"summary_large_image\" \/>\n<meta name=\"twitter:label1\" content=\"Escrito por\" \/>\n\t<meta name=\"twitter:data1\" content=\"admin\" \/>\n\t<meta name=\"twitter:label2\" content=\"Tiempo de lectura\" \/>\n\t<meta name=\"twitter:data2\" content=\"2 minutos\" \/>\n<script type=\"application\/ld+json\" class=\"yoast-schema-graph\">{\"@context\":\"https:\/\/schema.org\",\"@graph\":[{\"@type\":\"Article\",\"@id\":\"https:\/\/volcanes.net\/?p=8001#article\",\"isPartOf\":{\"@id\":\"https:\/\/volcanes.net\/?p=8001\"},\"author\":{\"name\":\"admin\",\"@id\":\"https:\/\/volcanes.net\/#\/schema\/person\/4bf0f383940966a4abd53f5048c0e6b9\"},\"headline\":\"Estas son las inhumaciones que se tuvieron en el municipio de Atlautla por COVID-19\",\"datePublished\":\"2020-08-20T20:19:50+00:00\",\"mainEntityOfPage\":{\"@id\":\"https:\/\/volcanes.net\/?p=8001\"},\"wordCount\":346,\"commentCount\":0,\"publisher\":{\"@id\":\"https:\/\/volcanes.net\/#organization\"},\"image\":{\"@id\":\"https:\/\/volcanes.net\/?p=8001#primaryimage\"},\"thumbnailUrl\":\"https:\/\/volcanes.net\/wp-content\/uploads\/2020\/08\/20200820_151049.png\",\"keywords\":[\"Atlautla\"],\"articleSection\":[\"Municipales\"],\"inLanguage\":\"es\",\"potentialAction\":[{\"@type\":\"CommentAction\",\"name\":\"Comment\",\"target\":[\"https:\/\/volcanes.net\/?p=8001#respond\"]}]},{\"@type\":\"WebPage\",\"@id\":\"https:\/\/volcanes.net\/?p=8001\",\"url\":\"https:\/\/volcanes.net\/?p=8001\",\"name\":\"Estas son las inhumaciones que se tuvieron en el municipio de Atlautla por COVID-19 - Volcanes\",\"isPartOf\":{\"@id\":\"https:\/\/volcanes.net\/#website\"},\"primaryImageOfPage\":{\"@id\":\"https:\/\/volcanes.net\/?p=8001#primaryimage\"},\"image\":{\"@id\":\"https:\/\/volcanes.net\/?p=8001#primaryimage\"},\"thumbnailUrl\":\"https:\/\/volcanes.net\/wp-content\/uploads\/2020\/08\/20200820_151049.png\",\"datePublished\":\"2020-08-20T20:19:50+00:00\",\"breadcrumb\":{\"@id\":\"https:\/\/volcanes.net\/?p=8001#breadcrumb\"},\"inLanguage\":\"es\",\"potentialAction\":[{\"@type\":\"ReadAction\",\"target\":[\"https:\/\/volcanes.net\/?p=8001\"]}]},{\"@type\":\"ImageObject\",\"inLanguage\":\"es\",\"@id\":\"https:\/\/volcanes.net\/?p=8001#primaryimage\",\"url\":\"https:\/\/volcanes.net\/wp-content\/uploads\/2020\/08\/20200820_151049.png\",\"contentUrl\":\"https:\/\/volcanes.net\/wp-content\/uploads\/2020\/08\/20200820_151049.png\",\"width\":540,\"height\":306},{\"@type\":\"BreadcrumbList\",\"@id\":\"https:\/\/volcanes.net\/?p=8001#breadcrumb\",\"itemListElement\":[{\"@type\":\"ListItem\",\"position\":1,\"name\":\"Portada\",\"item\":\"https:\/\/volcanes.net\/\"},{\"@type\":\"ListItem\",\"position\":2,\"name\":\"Estas son las inhumaciones que se tuvieron en el municipio de Atlautla por COVID-19\"}]},{\"@type\":\"WebSite\",\"@id\":\"https:\/\/volcanes.net\/#website\",\"url\":\"https:\/\/volcanes.net\/\",\"name\":\"Volcanes.Net\",\"description\":\"Periodismo Profesional\",\"publisher\":{\"@id\":\"https:\/\/volcanes.net\/#organization\"},\"potentialAction\":[{\"@type\":\"SearchAction\",\"target\":{\"@type\":\"EntryPoint\",\"urlTemplate\":\"https:\/\/volcanes.net\/?s={search_term_string}\"},\"query-input\":{\"@type\":\"PropertyValueSpecification\",\"valueRequired\":true,\"valueName\":\"search_term_string\"}}],\"inLanguage\":\"es\"},{\"@type\":\"Organization\",\"@id\":\"https:\/\/volcanes.net\/#organization\",\"name\":\"Grupo Volcanes\",\"url\":\"https:\/\/volcanes.net\/\",\"logo\":{\"@type\":\"ImageObject\",\"inLanguage\":\"es\",\"@id\":\"https:\/\/volcanes.net\/#\/schema\/logo\/image\/\",\"url\":\"http:\/\/volcanes.net\/wp-content\/uploads\/2017\/12\/Avatar2.jpg\",\"contentUrl\":\"http:\/\/volcanes.net\/wp-content\/uploads\/2017\/12\/Avatar2.jpg\",\"width\":378,\"height\":378,\"caption\":\"Grupo Volcanes\"},\"image\":{\"@id\":\"https:\/\/volcanes.net\/#\/schema\/logo\/image\/\"},\"sameAs\":[\"https:\/\/www.facebook.com\/volcanes.net\/\"]},{\"@type\":\"Person\",\"@id\":\"https:\/\/volcanes.net\/#\/schema\/person\/4bf0f383940966a4abd53f5048c0e6b9\",\"name\":\"admin\",\"image\":{\"@type\":\"ImageObject\",\"inLanguage\":\"es\",\"@id\":\"https:\/\/volcanes.net\/#\/schema\/person\/image\/\",\"url\":\"https:\/\/secure.gravatar.com\/avatar\/ca004e6cba8462b8cb7abc86e382930c?s=96&d=mm&r=g\",\"contentUrl\":\"https:\/\/secure.gravatar.com\/avatar\/ca004e6cba8462b8cb7abc86e382930c?s=96&d=mm&r=g\",\"caption\":\"admin\"}}]}<\/script>\n<!-- \/ Yoast SEO plugin. -->","yoast_head_json":{"title":"Estas son las inhumaciones que se tuvieron en el municipio de Atlautla por COVID-19 - Volcanes","robots":{"index":"index","follow":"follow","max-snippet":"max-snippet:-1","max-image-preview":"max-image-preview:large","max-video-preview":"max-video-preview:-1"},"canonical":"https:\/\/volcanes.net\/?p=8001","og_locale":"es_MX","og_type":"article","og_title":"Estas son las inhumaciones que se tuvieron en el municipio de Atlautla por COVID-19 - Volcanes","og_description":"Atlautla, Estado de M\u00e9xico. \u2013 Desde que inici\u00f3 la pandemia provocada por el virus SARS-CoV-2","og_url":"https:\/\/volcanes.net\/?p=8001","og_site_name":"Volcanes","article_publisher":"https:\/\/www.facebook.com\/volcanes.net\/","article_published_time":"2020-08-20T20:19:50+00:00","og_image":[{"width":540,"height":306,"url":"https:\/\/volcanes.net\/wp-content\/uploads\/2020\/08\/20200820_151049.png","type":"image\/png"}],"author":"admin","twitter_card":"summary_large_image","twitter_misc":{"Escrito por":"admin","Tiempo de lectura":"2 minutos"},"schema":{"@context":"https:\/\/schema.org","@graph":[{"@type":"Article","@id":"https:\/\/volcanes.net\/?p=8001#article","isPartOf":{"@id":"https:\/\/volcanes.net\/?p=8001"},"author":{"name":"admin","@id":"https:\/\/volcanes.net\/#\/schema\/person\/4bf0f383940966a4abd53f5048c0e6b9"},"headline":"Estas son las inhumaciones que se tuvieron en el municipio de Atlautla por COVID-19","datePublished":"2020-08-20T20:19:50+00:00","mainEntityOfPage":{"@id":"https:\/\/volcanes.net\/?p=8001"},"wordCount":346,"commentCount":0,"publisher":{"@id":"https:\/\/volcanes.net\/#organization"},"image":{"@id":"https:\/\/volcanes.net\/?p=8001#primaryimage"},"thumbnailUrl":"https:\/\/volcanes.net\/wp-content\/uploads\/2020\/08\/20200820_151049.png","keywords":["Atlautla"],"articleSection":["Municipales"],"inLanguage":"es","potentialAction":[{"@type":"CommentAction","name":"Comment","target":["https:\/\/volcanes.net\/?p=8001#respond"]}]},{"@type":"WebPage","@id":"https:\/\/volcanes.net\/?p=8001","url":"https:\/\/volcanes.net\/?p=8001","name":"Estas son las inhumaciones que se tuvieron en el municipio de Atlautla por COVID-19 - Volcanes","isPartOf":{"@id":"https:\/\/volcanes.net\/#website"},"primaryImageOfPage":{"@id":"https:\/\/volcanes.net\/?p=8001#primaryimage"},"image":{"@id":"https:\/\/volcanes.net\/?p=8001#primaryimage"},"thumbnailUrl":"https:\/\/volcanes.net\/wp-content\/uploads\/2020\/08\/20200820_151049.png","datePublished":"2020-08-20T20:19:50+00:00","breadcrumb":{"@id":"https:\/\/volcanes.net\/?p=8001#breadcrumb"},"inLanguage":"es","potentialAction":[{"@type":"ReadAction","target":["https:\/\/volcanes.net\/?p=8001"]}]},{"@type":"ImageObject","inLanguage":"es","@id":"https:\/\/volcanes.net\/?p=8001#primaryimage","url":"https:\/\/volcanes.net\/wp-content\/uploads\/2020\/08\/20200820_151049.png","contentUrl":"https:\/\/volcanes.net\/wp-content\/uploads\/2020\/08\/20200820_151049.png","width":540,"height":306},{"@type":"BreadcrumbList","@id":"https:\/\/volcanes.net\/?p=8001#breadcrumb","itemListElement":[{"@type":"ListItem","position":1,"name":"Portada","item":"https:\/\/volcanes.net\/"},{"@type":"ListItem","position":2,"name":"Estas son las inhumaciones que se tuvieron en el municipio de Atlautla por COVID-19"}]},{"@type":"WebSite","@id":"https:\/\/volcanes.net\/#website","url":"https:\/\/volcanes.net\/","name":"Volcanes.Net","description":"Periodismo Profesional","publisher":{"@id":"https:\/\/volcanes.net\/#organization"},"potentialAction":[{"@type":"SearchAction","target":{"@type":"EntryPoint","urlTemplate":"https:\/\/volcanes.net\/?s={search_term_string}"},"query-input":{"@type":"PropertyValueSpecification","valueRequired":true,"valueName":"search_term_string"}}],"inLanguage":"es"},{"@type":"Organization","@id":"https:\/\/volcanes.net\/#organization","name":"Grupo Volcanes","url":"https:\/\/volcanes.net\/","logo":{"@type":"ImageObject","inLanguage":"es","@id":"https:\/\/volcanes.net\/#\/schema\/logo\/image\/","url":"http:\/\/volcanes.net\/wp-content\/uploads\/2017\/12\/Avatar2.jpg","contentUrl":"http:\/\/volcanes.net\/wp-content\/uploads\/2017\/12\/Avatar2.jpg","width":378,"height":378,"caption":"Grupo Volcanes"},"image":{"@id":"https:\/\/volcanes.net\/#\/schema\/logo\/image\/"},"sameAs":["https:\/\/www.facebook.com\/volcanes.net\/"]},{"@type":"Person","@id":"https:\/\/volcanes.net\/#\/schema\/person\/4bf0f383940966a4abd53f5048c0e6b9","name":"admin","image":{"@type":"ImageObject","inLanguage":"es","@id":"https:\/\/volcanes.net\/#\/schema\/person\/image\/","url":"https:\/\/secure.gravatar.com\/avatar\/ca004e6cba8462b8cb7abc86e382930c?s=96&d=mm&r=g","contentUrl":"https:\/\/secure.gravatar.com\/avatar\/ca004e6cba8462b8cb7abc86e382930c?s=96&d=mm&r=g","caption":"admin"}}]}},"_links":{"self":[{"href":"https:\/\/volcanes.net\/index.php?rest_route=\/wp\/v2\/posts\/8001"}],"collection":[{"href":"https:\/\/volcanes.net\/index.php?rest_route=\/wp\/v2\/posts"}],"about":[{"href":"https:\/\/volcanes.net\/index.php?rest_route=\/wp\/v2\/types\/post"}],"author":[{"embeddable":true,"href":"https:\/\/volcanes.net\/index.php?rest_route=\/wp\/v2\/users\/1"}],"replies":[{"embeddable":true,"href":"https:\/\/volcanes.net\/index.php?rest_route=%2Fwp%2Fv2%2Fcomments&post=8001"}],"version-history":[{"count":1,"href":"https:\/\/volcanes.net\/index.php?rest_route=\/wp\/v2\/posts\/8001\/revisions"}],"predecessor-version":[{"id":8003,"href":"https:\/\/volcanes.net\/index.php?rest_route=\/wp\/v2\/posts\/8001\/revisions\/8003"}],"wp:featuredmedia":[{"embeddable":true,"href":"https:\/\/volcanes.net\/index.php?rest_route=\/wp\/v2\/media\/8002"}],"wp:attachment":[{"href":"https:\/\/volcanes.net\/index.php?rest_route=%2Fwp%2Fv2%2Fmedia&parent=8001"}],"wp:term":[{"taxonomy":"category","embeddable":true,"href":"https:\/\/volcanes.net\/index.php?rest_route=%2Fwp%2Fv2%2Fcategories&post=8001"},{"taxonomy":"post_tag","embeddable":true,"href":"https:\/\/volcanes.net\/index.php?rest_route=%2Fwp%2Fv2%2Ftags&post=8001"}],"curies":[{"name":"wp","href":"https:\/\/api.w.org\/{rel}","templated":true}]}}