{"id":8007,"date":"2020-08-21T07:35:43","date_gmt":"2020-08-21T13:35:43","guid":{"rendered":"http:\/\/volcanes.net\/?p=8007"},"modified":"2020-08-21T07:35:43","modified_gmt":"2020-08-21T13:35:43","slug":"feminicida-de-ixtapaluca-es-condenado-a-60-anos-en-prision","status":"publish","type":"post","link":"https:\/\/volcanes.net\/?p=8007","title":{"rendered":"Feminicida de Ixtapaluca es condenado a 60 a\u00f1os en prisi\u00f3n"},"content":{"rendered":"<div style=\"margin-top: 0px; margin-bottom: 0px;\" class=\"sharethis-inline-share-buttons\" ><\/div><p>Ixtapaluca, Estado de M\u00e9xico. &#8211; El Representante Social de la Fiscal\u00eda Especializada de Feminicidio de la Fiscal\u00eda General de Justicia del Estado de M\u00e9xico (FGJEM) consigui\u00f3 una sentencia condenatoria de 60 a\u00f1os y seis meses de prisi\u00f3n en contra de Filiberto Juli\u00e1n Hern\u00e1ndez, tras acreditar su probable participaci\u00f3n en los delitos de feminicidio en agravio de quien fuera su esposa y lesiones agravadas contra su hija menor de 12 a\u00f1os.<\/p>\n<p class=\"has-text-align-justify\">Luego de revisar los elementos de prueba recabados y aportados por el Agente del Ministerio P\u00fablico, un Juez con sede en Chalco le dict\u00f3 a este sujeto una condena de 47 a\u00f1os y seis meses de c\u00e1rcel por el delito de feminicidio y 13 a\u00f1os y 22 d\u00edas de prisi\u00f3n por el il\u00edcito de lesiones agravadas, lo que suman 60 a\u00f1os y seis meses de prisi\u00f3n.<\/p>\n<p class=\"has-text-align-justify\">La Autoridad Judicial de igual forma le fij\u00f3 multas de 182 mil 257 pesos y 1 mill\u00f3n 671 mil 347 pesos como reparaci\u00f3n del da\u00f1o, aunado a que sus derechos civiles y pol\u00edticos quedaron suspendidos.<\/p>\n<p class=\"has-text-align-justify\">Estos hechos ocurrieron el d\u00eda 5 de enero del a\u00f1o pasado, al interior de una vivienda ubicada en la Unidad Habitacional Cuatro Vientos, en el municipio de Ixtapaluca, donde este sujeto se encontraba con su esposa y los dos hijos de ambos, menores de edad.<\/p>\n<p>Las indagatorias realizadas por elementos de la FGJEM permitieron establecer que ese d\u00eda la pareja inici\u00f3 una discusi\u00f3n que se torn\u00f3 violenta. Juli\u00e1n Hern\u00e1ndez dispar\u00f3 un arma de fuego en contra de su esposa y una de sus hijas, ocasionando la muerte de la primera. En tanto que la menor de edad result\u00f3 lesionada y fue llevada a un hospital donde recibi\u00f3 atenci\u00f3n m\u00e9dica.<\/p>\n<p>Este sujeto fue detenido por elementos de la Polic\u00eda Municipal de Ixtapaluca, quienes lo presentaron ante el Agente del Ministerio P\u00fablico, autoridad que inici\u00f3 la carpeta de investigaci\u00f3n respectiva por los delitos de feminicidio y lesiones agravadas, y despu\u00e9s fue ingresado al Centro Penitenciario y de Reinserci\u00f3n Social de Chalco, en donde la Autoridad Judicial lo vincul\u00f3 a proceso.<\/p>\n<p>La Fiscal\u00eda General de Justicia estatal hace un llamado a la ciudadan\u00eda para que denuncie cualquier hecho delictivo a trav\u00e9s del correo electr\u00f3nico cerotolerancia@edomex.gob.mx, al n\u00famero telef\u00f3nico 800 7028770, o bien, por medio de la aplicaci\u00f3n FGJEdomex, la cual est\u00e1 disponible de manera gratuita para todos los tel\u00e9fonos inteligentes de los sistemas iOS y Android.<\/p>\n","protected":false},"excerpt":{"rendered":"<p>Ixtapaluca, Estado de M\u00e9xico. &#8211; El Representante Social de la Fiscal\u00eda Especializada de Feminicidio de<\/p>\n","protected":false},"author":1,"featured_media":8008,"comment_status":"open","ping_status":"open","sticky":false,"template":"","format":"standard","meta":{"footnotes":""},"categories":[1],"tags":[6],"class_list":["post-8007","post","type-post","status-publish","format-standard","has-post-thumbnail","hentry","category-municipales","tag-ixtapaluca"],"yoast_head":"<!-- This site is optimized with the Yoast SEO plugin v25.3 - https:\/\/yoast.com\/wordpress\/plugins\/seo\/ -->\n<title>Feminicida de Ixtapaluca es condenado a 60 a\u00f1os en prisi\u00f3n - Volcanes<\/title>\n<meta name=\"robots\" content=\"index, follow, max-snippet:-1, max-image-preview:large, max-video-preview:-1\" \/>\n<link rel=\"canonical\" href=\"https:\/\/volcanes.net\/?p=8007\" \/>\n<meta property=\"og:locale\" content=\"es_MX\" \/>\n<meta property=\"og:type\" content=\"article\" \/>\n<meta property=\"og:title\" content=\"Feminicida de Ixtapaluca es condenado a 60 a\u00f1os en prisi\u00f3n - Volcanes\" \/>\n<meta property=\"og:description\" content=\"Ixtapaluca, Estado de M\u00e9xico. &#8211; El Representante Social de la Fiscal\u00eda Especializada de Feminicidio de\" \/>\n<meta property=\"og:url\" content=\"https:\/\/volcanes.net\/?p=8007\" \/>\n<meta property=\"og:site_name\" content=\"Volcanes\" \/>\n<meta property=\"article:publisher\" content=\"https:\/\/www.facebook.com\/volcanes.net\/\" \/>\n<meta property=\"article:published_time\" content=\"2020-08-21T13:35:43+00:00\" \/>\n<meta property=\"og:image\" content=\"https:\/\/volcanes.net\/wp-content\/uploads\/2020\/08\/20200821_083250_opt.jpg\" \/>\n\t<meta property=\"og:image:width\" content=\"400\" \/>\n\t<meta property=\"og:image:height\" content=\"539\" \/>\n\t<meta property=\"og:image:type\" content=\"image\/jpeg\" \/>\n<meta name=\"author\" content=\"admin\" \/>\n<meta name=\"twitter:card\" content=\"summary_large_image\" \/>\n<meta name=\"twitter:label1\" content=\"Escrito por\" \/>\n\t<meta name=\"twitter:data1\" content=\"admin\" \/>\n\t<meta name=\"twitter:label2\" content=\"Tiempo de lectura\" \/>\n\t<meta name=\"twitter:data2\" content=\"2 minutos\" \/>\n<script type=\"application\/ld+json\" class=\"yoast-schema-graph\">{\"@context\":\"https:\/\/schema.org\",\"@graph\":[{\"@type\":\"Article\",\"@id\":\"https:\/\/volcanes.net\/?p=8007#article\",\"isPartOf\":{\"@id\":\"https:\/\/volcanes.net\/?p=8007\"},\"author\":{\"name\":\"admin\",\"@id\":\"https:\/\/volcanes.net\/#\/schema\/person\/4bf0f383940966a4abd53f5048c0e6b9\"},\"headline\":\"Feminicida de Ixtapaluca es condenado a 60 a\u00f1os en prisi\u00f3n\",\"datePublished\":\"2020-08-21T13:35:43+00:00\",\"mainEntityOfPage\":{\"@id\":\"https:\/\/volcanes.net\/?p=8007\"},\"wordCount\":438,\"commentCount\":0,\"publisher\":{\"@id\":\"https:\/\/volcanes.net\/#organization\"},\"image\":{\"@id\":\"https:\/\/volcanes.net\/?p=8007#primaryimage\"},\"thumbnailUrl\":\"https:\/\/volcanes.net\/wp-content\/uploads\/2020\/08\/20200821_083250_opt.jpg\",\"keywords\":[\"Ixtapaluca\"],\"articleSection\":[\"Municipales\"],\"inLanguage\":\"es\",\"potentialAction\":[{\"@type\":\"CommentAction\",\"name\":\"Comment\",\"target\":[\"https:\/\/volcanes.net\/?p=8007#respond\"]}]},{\"@type\":\"WebPage\",\"@id\":\"https:\/\/volcanes.net\/?p=8007\",\"url\":\"https:\/\/volcanes.net\/?p=8007\",\"name\":\"Feminicida de Ixtapaluca es condenado a 60 a\u00f1os en prisi\u00f3n - Volcanes\",\"isPartOf\":{\"@id\":\"https:\/\/volcanes.net\/#website\"},\"primaryImageOfPage\":{\"@id\":\"https:\/\/volcanes.net\/?p=8007#primaryimage\"},\"image\":{\"@id\":\"https:\/\/volcanes.net\/?p=8007#primaryimage\"},\"thumbnailUrl\":\"https:\/\/volcanes.net\/wp-content\/uploads\/2020\/08\/20200821_083250_opt.jpg\",\"datePublished\":\"2020-08-21T13:35:43+00:00\",\"breadcrumb\":{\"@id\":\"https:\/\/volcanes.net\/?p=8007#breadcrumb\"},\"inLanguage\":\"es\",\"potentialAction\":[{\"@type\":\"ReadAction\",\"target\":[\"https:\/\/volcanes.net\/?p=8007\"]}]},{\"@type\":\"ImageObject\",\"inLanguage\":\"es\",\"@id\":\"https:\/\/volcanes.net\/?p=8007#primaryimage\",\"url\":\"https:\/\/volcanes.net\/wp-content\/uploads\/2020\/08\/20200821_083250_opt.jpg\",\"contentUrl\":\"https:\/\/volcanes.net\/wp-content\/uploads\/2020\/08\/20200821_083250_opt.jpg\",\"width\":400,\"height\":539},{\"@type\":\"BreadcrumbList\",\"@id\":\"https:\/\/volcanes.net\/?p=8007#breadcrumb\",\"itemListElement\":[{\"@type\":\"ListItem\",\"position\":1,\"name\":\"Portada\",\"item\":\"https:\/\/volcanes.net\/\"},{\"@type\":\"ListItem\",\"position\":2,\"name\":\"Feminicida de Ixtapaluca es condenado a 60 a\u00f1os en prisi\u00f3n\"}]},{\"@type\":\"WebSite\",\"@id\":\"https:\/\/volcanes.net\/#website\",\"url\":\"https:\/\/volcanes.net\/\",\"name\":\"Volcanes.Net\",\"description\":\"Periodismo Profesional\",\"publisher\":{\"@id\":\"https:\/\/volcanes.net\/#organization\"},\"potentialAction\":[{\"@type\":\"SearchAction\",\"target\":{\"@type\":\"EntryPoint\",\"urlTemplate\":\"https:\/\/volcanes.net\/?s={search_term_string}\"},\"query-input\":{\"@type\":\"PropertyValueSpecification\",\"valueRequired\":true,\"valueName\":\"search_term_string\"}}],\"inLanguage\":\"es\"},{\"@type\":\"Organization\",\"@id\":\"https:\/\/volcanes.net\/#organization\",\"name\":\"Grupo Volcanes\",\"url\":\"https:\/\/volcanes.net\/\",\"logo\":{\"@type\":\"ImageObject\",\"inLanguage\":\"es\",\"@id\":\"https:\/\/volcanes.net\/#\/schema\/logo\/image\/\",\"url\":\"http:\/\/volcanes.net\/wp-content\/uploads\/2017\/12\/Avatar2.jpg\",\"contentUrl\":\"http:\/\/volcanes.net\/wp-content\/uploads\/2017\/12\/Avatar2.jpg\",\"width\":378,\"height\":378,\"caption\":\"Grupo Volcanes\"},\"image\":{\"@id\":\"https:\/\/volcanes.net\/#\/schema\/logo\/image\/\"},\"sameAs\":[\"https:\/\/www.facebook.com\/volcanes.net\/\"]},{\"@type\":\"Person\",\"@id\":\"https:\/\/volcanes.net\/#\/schema\/person\/4bf0f383940966a4abd53f5048c0e6b9\",\"name\":\"admin\",\"image\":{\"@type\":\"ImageObject\",\"inLanguage\":\"es\",\"@id\":\"https:\/\/volcanes.net\/#\/schema\/person\/image\/\",\"url\":\"https:\/\/secure.gravatar.com\/avatar\/ca004e6cba8462b8cb7abc86e382930c?s=96&d=mm&r=g\",\"contentUrl\":\"https:\/\/secure.gravatar.com\/avatar\/ca004e6cba8462b8cb7abc86e382930c?s=96&d=mm&r=g\",\"caption\":\"admin\"}}]}<\/script>\n<!-- \/ Yoast SEO plugin. -->","yoast_head_json":{"title":"Feminicida de Ixtapaluca es condenado a 60 a\u00f1os en prisi\u00f3n - Volcanes","robots":{"index":"index","follow":"follow","max-snippet":"max-snippet:-1","max-image-preview":"max-image-preview:large","max-video-preview":"max-video-preview:-1"},"canonical":"https:\/\/volcanes.net\/?p=8007","og_locale":"es_MX","og_type":"article","og_title":"Feminicida de Ixtapaluca es condenado a 60 a\u00f1os en prisi\u00f3n - Volcanes","og_description":"Ixtapaluca, Estado de M\u00e9xico. &#8211; El Representante Social de la Fiscal\u00eda Especializada de Feminicidio de","og_url":"https:\/\/volcanes.net\/?p=8007","og_site_name":"Volcanes","article_publisher":"https:\/\/www.facebook.com\/volcanes.net\/","article_published_time":"2020-08-21T13:35:43+00:00","og_image":[{"width":400,"height":539,"url":"https:\/\/volcanes.net\/wp-content\/uploads\/2020\/08\/20200821_083250_opt.jpg","type":"image\/jpeg"}],"author":"admin","twitter_card":"summary_large_image","twitter_misc":{"Escrito por":"admin","Tiempo de lectura":"2 minutos"},"schema":{"@context":"https:\/\/schema.org","@graph":[{"@type":"Article","@id":"https:\/\/volcanes.net\/?p=8007#article","isPartOf":{"@id":"https:\/\/volcanes.net\/?p=8007"},"author":{"name":"admin","@id":"https:\/\/volcanes.net\/#\/schema\/person\/4bf0f383940966a4abd53f5048c0e6b9"},"headline":"Feminicida de Ixtapaluca es condenado a 60 a\u00f1os en prisi\u00f3n","datePublished":"2020-08-21T13:35:43+00:00","mainEntityOfPage":{"@id":"https:\/\/volcanes.net\/?p=8007"},"wordCount":438,"commentCount":0,"publisher":{"@id":"https:\/\/volcanes.net\/#organization"},"image":{"@id":"https:\/\/volcanes.net\/?p=8007#primaryimage"},"thumbnailUrl":"https:\/\/volcanes.net\/wp-content\/uploads\/2020\/08\/20200821_083250_opt.jpg","keywords":["Ixtapaluca"],"articleSection":["Municipales"],"inLanguage":"es","potentialAction":[{"@type":"CommentAction","name":"Comment","target":["https:\/\/volcanes.net\/?p=8007#respond"]}]},{"@type":"WebPage","@id":"https:\/\/volcanes.net\/?p=8007","url":"https:\/\/volcanes.net\/?p=8007","name":"Feminicida de Ixtapaluca es condenado a 60 a\u00f1os en prisi\u00f3n - Volcanes","isPartOf":{"@id":"https:\/\/volcanes.net\/#website"},"primaryImageOfPage":{"@id":"https:\/\/volcanes.net\/?p=8007#primaryimage"},"image":{"@id":"https:\/\/volcanes.net\/?p=8007#primaryimage"},"thumbnailUrl":"https:\/\/volcanes.net\/wp-content\/uploads\/2020\/08\/20200821_083250_opt.jpg","datePublished":"2020-08-21T13:35:43+00:00","breadcrumb":{"@id":"https:\/\/volcanes.net\/?p=8007#breadcrumb"},"inLanguage":"es","potentialAction":[{"@type":"ReadAction","target":["https:\/\/volcanes.net\/?p=8007"]}]},{"@type":"ImageObject","inLanguage":"es","@id":"https:\/\/volcanes.net\/?p=8007#primaryimage","url":"https:\/\/volcanes.net\/wp-content\/uploads\/2020\/08\/20200821_083250_opt.jpg","contentUrl":"https:\/\/volcanes.net\/wp-content\/uploads\/2020\/08\/20200821_083250_opt.jpg","width":400,"height":539},{"@type":"BreadcrumbList","@id":"https:\/\/volcanes.net\/?p=8007#breadcrumb","itemListElement":[{"@type":"ListItem","position":1,"name":"Portada","item":"https:\/\/volcanes.net\/"},{"@type":"ListItem","position":2,"name":"Feminicida de Ixtapaluca es condenado a 60 a\u00f1os en prisi\u00f3n"}]},{"@type":"WebSite","@id":"https:\/\/volcanes.net\/#website","url":"https:\/\/volcanes.net\/","name":"Volcanes.Net","description":"Periodismo Profesional","publisher":{"@id":"https:\/\/volcanes.net\/#organization"},"potentialAction":[{"@type":"SearchAction","target":{"@type":"EntryPoint","urlTemplate":"https:\/\/volcanes.net\/?s={search_term_string}"},"query-input":{"@type":"PropertyValueSpecification","valueRequired":true,"valueName":"search_term_string"}}],"inLanguage":"es"},{"@type":"Organization","@id":"https:\/\/volcanes.net\/#organization","name":"Grupo Volcanes","url":"https:\/\/volcanes.net\/","logo":{"@type":"ImageObject","inLanguage":"es","@id":"https:\/\/volcanes.net\/#\/schema\/logo\/image\/","url":"http:\/\/volcanes.net\/wp-content\/uploads\/2017\/12\/Avatar2.jpg","contentUrl":"http:\/\/volcanes.net\/wp-content\/uploads\/2017\/12\/Avatar2.jpg","width":378,"height":378,"caption":"Grupo Volcanes"},"image":{"@id":"https:\/\/volcanes.net\/#\/schema\/logo\/image\/"},"sameAs":["https:\/\/www.facebook.com\/volcanes.net\/"]},{"@type":"Person","@id":"https:\/\/volcanes.net\/#\/schema\/person\/4bf0f383940966a4abd53f5048c0e6b9","name":"admin","image":{"@type":"ImageObject","inLanguage":"es","@id":"https:\/\/volcanes.net\/#\/schema\/person\/image\/","url":"https:\/\/secure.gravatar.com\/avatar\/ca004e6cba8462b8cb7abc86e382930c?s=96&d=mm&r=g","contentUrl":"https:\/\/secure.gravatar.com\/avatar\/ca004e6cba8462b8cb7abc86e382930c?s=96&d=mm&r=g","caption":"admin"}}]}},"_links":{"self":[{"href":"https:\/\/volcanes.net\/index.php?rest_route=\/wp\/v2\/posts\/8007"}],"collection":[{"href":"https:\/\/volcanes.net\/index.php?rest_route=\/wp\/v2\/posts"}],"about":[{"href":"https:\/\/volcanes.net\/index.php?rest_route=\/wp\/v2\/types\/post"}],"author":[{"embeddable":true,"href":"https:\/\/volcanes.net\/index.php?rest_route=\/wp\/v2\/users\/1"}],"replies":[{"embeddable":true,"href":"https:\/\/volcanes.net\/index.php?rest_route=%2Fwp%2Fv2%2Fcomments&post=8007"}],"version-history":[{"count":1,"href":"https:\/\/volcanes.net\/index.php?rest_route=\/wp\/v2\/posts\/8007\/revisions"}],"predecessor-version":[{"id":8009,"href":"https:\/\/volcanes.net\/index.php?rest_route=\/wp\/v2\/posts\/8007\/revisions\/8009"}],"wp:featuredmedia":[{"embeddable":true,"href":"https:\/\/volcanes.net\/index.php?rest_route=\/wp\/v2\/media\/8008"}],"wp:attachment":[{"href":"https:\/\/volcanes.net\/index.php?rest_route=%2Fwp%2Fv2%2Fmedia&parent=8007"}],"wp:term":[{"taxonomy":"category","embeddable":true,"href":"https:\/\/volcanes.net\/index.php?rest_route=%2Fwp%2Fv2%2Fcategories&post=8007"},{"taxonomy":"post_tag","embeddable":true,"href":"https:\/\/volcanes.net\/index.php?rest_route=%2Fwp%2Fv2%2Ftags&post=8007"}],"curies":[{"name":"wp","href":"https:\/\/api.w.org\/{rel}","templated":true}]}}